{"id":3931,"date":"2022-01-03T11:05:57","date_gmt":"2022-01-03T10:05:57","guid":{"rendered":"http:\/\/collectifmdm-idf.org\/?p=3931"},"modified":"2022-03-28T09:31:21","modified_gmt":"2022-03-28T07:31:21","slug":"15eme-edition-du-festival-au-fil-des-voix-a-paris-75","status":"publish","type":"post","link":"https:\/\/collectifmdm-idf.org\/annuaire5\/15eme-edition-du-festival-au-fil-des-voix-a-paris-75\/","title":{"rendered":"15\u00e8me \u00e9dition du Festival AU FIL DES VOIX \u00e0 Paris (75)"},"content":{"rendered":"\n<h2 class=\"wp-block-heading\"><\/h2>\n\n\n\n<p>15\u00e8me \u00e9dition du Festival&nbsp;<strong>Au Fil des Voix 2022<\/strong><br>du 30 janvier au 18 f\u00e9vrier 2022<br>au 360 Paris Music Factory, au Trianon et \u00e0 la Cigale<br>17 soir\u00e9es en compagnie d&#8217;artistes d&#8217;exception.<\/p>\n\n\n\n<p><strong>OUVERTURE \u00c0 LA CIGALE<\/strong><br>31\/01 \u00b7 Salvador Sobral<\/p>\n\n\n\n<p><strong>FESTIVAL AU 360 PARIS MUSIC FACTORY<\/strong><br>01\/02 \u00b7 Thierry Peala &amp; Verioca Lherm<br>02\/02 \u00b7 Diana Baroni &amp; Simon Drappier &#8220;Pan Atlantico&#8221;<br>03\/02 \u00b7 Kavkazz<br>04\/02 \u00b7 The Buttshakers<br>05\/02 \u00b7 Kady Diarra (19h)<br>05\/02 \u00b7 Dowdelin (21h)<br>07\/02 \u00b7 La Mal Coiff\u00e9e | Adar<br>08\/02 \u00b7 Katerina Fotinaki<br>09\/02 \u00b7 Luna Silva &amp; The Wonders<br>11\/02 \u00b7 Lucia De Carvalho<br>12\/02 \u00b7 Kandy Guira<br>14\/02 \u00b7 Las Lloronas<br>15\/02 \u00b7 Rusan Filiztek<br>16\/02 \u00b7 Aguamadera<br>17\/02 \u00b7 Dan Gharibian Trio<\/p>\n\n\n\n<p><strong>CL\u00d4TURE AU TRIANON<\/strong><br>18\/02 \u00b7 De Kaboul \u00e0 Bamako (Sowal-Diabi)<\/p>\n\n\n\n<p>Site web :&nbsp;<a href=\"https:\/\/www.aufildesvoix.com\/\"><strong>www.aufildesvoix.com<\/strong><\/a><\/p>\n\n\n\n<p>Facebook :&nbsp;<a href=\"https:\/\/www.facebook.com\/aufildesvoix\/\"><strong>www.facebook.com\/aufildesvoix\/<\/strong><\/a><br>Twitter :&nbsp;<a href=\"https:\/\/twitter.com\/aufildesvoix\"><strong>twitter.com\/aufildesvoix<\/strong><\/a><\/p>\n\n\n\n<h2 class=\"wp-block-heading\"><\/h2>\n\n\n\n<h2 class=\"has-text-align-center has-luminous-vivid-amber-color has-text-color wp-block-heading\"><strong>&#8212;o&#8212;<\/strong><\/h2>\n\n\n\n<h2 class=\"wp-block-heading\"><\/h2>\n\n\n\n<p><\/p>\n","protected":false},"excerpt":{"rendered":"<p>15\u00e8me \u00e9dition du Festival\u00a0Au Fil des Voix \u00e0 Paris (75)<br \/>\ndu 30 janvier au 18 f\u00e9vrier 2022 au 360 Paris Music Factory, au Trianon et \u00e0 la Cigale<\/p>\n","protected":false},"author":1,"featured_media":3933,"comment_status":"open","ping_status":"open","sticky":false,"template":"","format":"standard","meta":{"_rtcl_gb_attr":"","footnotes":""},"categories":[7,6],"tags":[],"class_list":["post-3931","post","type-post","status-publish","format-standard","has-post-thumbnail","hentry","category-concert","category-festival"],"_links":{"self":[{"href":"https:\/\/collectifmdm-idf.org\/annuaire5\/wp-json\/wp\/v2\/posts\/3931","targetHints":{"allow":["GET"]}}],"collection":[{"href":"https:\/\/collectifmdm-idf.org\/annuaire5\/wp-json\/wp\/v2\/posts"}],"about":[{"href":"https:\/\/collectifmdm-idf.org\/annuaire5\/wp-json\/wp\/v2\/types\/post"}],"author":[{"embeddable":true,"href":"https:\/\/collectifmdm-idf.org\/annuaire5\/wp-json\/wp\/v2\/users\/1"}],"replies":[{"embeddable":true,"href":"https:\/\/collectifmdm-idf.org\/annuaire5\/wp-json\/wp\/v2\/comments?post=3931"}],"version-history":[{"count":0,"href":"https:\/\/collectifmdm-idf.org\/annuaire5\/wp-json\/wp\/v2\/posts\/3931\/revisions"}],"wp:featuredmedia":[{"embeddable":true,"href":"https:\/\/collectifmdm-idf.org\/annuaire5\/wp-json\/wp\/v2\/media\/3933"}],"wp:attachment":[{"href":"https:\/\/collectifmdm-idf.org\/annuaire5\/wp-json\/wp\/v2\/media?parent=3931"}],"wp:term":[{"taxonomy":"category","embeddable":true,"href":"https:\/\/collectifmdm-idf.org\/annuaire5\/wp-json\/wp\/v2\/categories?post=3931"},{"taxonomy":"post_tag","embeddable":true,"href":"https:\/\/collectifmdm-idf.org\/annuaire5\/wp-json\/wp\/v2\/tags?post=3931"}],"curies":[{"name":"wp","href":"https:\/\/api.w.org\/{rel}","templated":true}]}}