{"id":3919,"date":"2021-08-04T12:00:00","date_gmt":"2021-08-04T10:00:00","guid":{"rendered":"http:\/\/collectifmdm-idf.org\/?p=3919"},"modified":"2022-01-04T14:18:58","modified_gmt":"2022-01-04T13:18:58","slug":"la-newsletter-daout-2021-du-collectif-mdm-idf","status":"publish","type":"post","link":"https:\/\/collectifmdm-idf.org\/annuaire5\/la-newsletter-daout-2021-du-collectif-mdm-idf\/","title":{"rendered":"La Newsletter d&#8217;ao\u00fbt 2021 du Collectif MDM IDF"},"content":{"rendered":"\n<h2 class=\"wp-block-heading\"><\/h2>\n\n\n\n<p class=\"has-text-align-center has-medium-font-size\">avec ce mois-ci :<\/p>\n\n\n\n<h2 class=\"has-text-align-center has-medium-font-size wp-block-heading\"><a href=\"https:\/\/mailchi.mp\/dc0b0230e654\/newsletter-aout-2021-du-collectif-mdm-idf?e=[UNIQID]#mctoc1\">NAWAL<\/a><li><a href=\"https:\/\/mailchi.mp\/dc0b0230e654\/newsletter-aout-2021-du-collectif-mdm-idf?e=[UNIQID]#mctoc2\">NINON VALDER<\/a><\/li><li><a href=\"https:\/\/mailchi.mp\/dc0b0230e654\/newsletter-aout-2021-du-collectif-mdm-idf?e=[UNIQID]#mctoc3\">CENTRE CULTUREL FRANCO-BERBERE<\/a><\/li><li><a href=\"https:\/\/mailchi.mp\/dc0b0230e654\/newsletter-aout-2021-du-collectif-mdm-idf?e=[UNIQID]#mctoc4\">ALTAN-ART&nbsp;<\/a><\/li><li><a href=\"https:\/\/mailchi.mp\/dc0b0230e654\/newsletter-aout-2021-du-collectif-mdm-idf?e=[UNIQID]#mctoc5\">FONDATION ROYAUMONT<\/a><\/li><li><a href=\"https:\/\/mailchi.mp\/dc0b0230e654\/newsletter-aout-2021-du-collectif-mdm-idf?e=[UNIQID]#mctoc6\">TAO RAVAO<\/a><\/li><li><a href=\"https:\/\/mailchi.mp\/dc0b0230e654\/newsletter-aout-2021-du-collectif-mdm-idf?e=[UNIQID]#mctoc7\">MAISON DE LA MUSIQUE &#8211; NANTERRE<\/a><\/li><li><a href=\"https:\/\/mailchi.mp\/dc0b0230e654\/newsletter-aout-2021-du-collectif-mdm-idf?e=[UNIQID]#mctoc8\">AFRISSON.COM<\/a><\/li><li><a href=\"https:\/\/mailchi.mp\/dc0b0230e654\/newsletter-aout-2021-du-collectif-mdm-idf?e=[UNIQID]#mctoc9\">JAH NOOL<\/a><\/li><li><a href=\"https:\/\/mailchi.mp\/dc0b0230e654\/newsletter-aout-2021-du-collectif-mdm-idf?e=[UNIQID]#mctoc10\">AZAWAN<\/a><\/li><li><a href=\"https:\/\/mailchi.mp\/dc0b0230e654\/newsletter-aout-2021-du-collectif-mdm-idf?e=[UNIQID]#mctoc11\">NATACHA &amp; NUITS DE PRINCES<\/a><\/li><li><a href=\"https:\/\/mailchi.mp\/dc0b0230e654\/newsletter-aout-2021-du-collectif-mdm-idf?e=[UNIQID]#mctoc12\">KRISTO NUMPUBY<\/a><\/li><li><a href=\"https:\/\/mailchi.mp\/dc0b0230e654\/newsletter-aout-2021-du-collectif-mdm-idf?e=[UNIQID]#mctoc13\">FRANCOIS ESSINDI<\/a><\/li><li><a href=\"https:\/\/mailchi.mp\/dc0b0230e654\/newsletter-aout-2021-du-collectif-mdm-idf?e=[UNIQID]#mctoc14\">SISSI IMAZITEN<\/a><\/li><li><a href=\"https:\/\/mailchi.mp\/dc0b0230e654\/newsletter-aout-2021-du-collectif-mdm-idf?e=[UNIQID]#mctoc15\">TRY PARADISE<\/a><\/li><li><a href=\"https:\/\/mailchi.mp\/dc0b0230e654\/newsletter-aout-2021-du-collectif-mdm-idf?e=[UNIQID]#mctoc16\">LIOUANE<\/a><\/li><\/h2>\n\n\n\n<p class=\"has-text-align-center has-medium-font-size\"><br><\/p>\n\n\n\n<h2 class=\"wp-block-heading\"><\/h2>\n\n\n\n<p class=\"has-text-align-center has-medium-font-size\"><strong>Pour acc\u00e9der \u00e0 la newsletter&nbsp;&lt;&gt;<\/strong><\/p>\n\n\n\n<h2 class=\"wp-block-heading\"><\/h2>\n\n\n\n<p class=\"has-text-align-center has-medium-font-size\"><strong>Pour lire les newsletters d\u00e9j\u00e0 publi\u00e9es<\/strong> <br>&lt;<strong><a href=\"https:\/\/collectifmdm-idf.org\/category\/newsletter\/\">CLIQUER ICI<\/a><\/strong>&gt;<\/p>\n\n\n\n<p class=\"has-text-align-center has-medium-font-size\"><strong>Pour vous abonner \u00e0 la Newsletter<\/strong> <strong>du Collectif MDM IDF <\/strong><br><strong>&lt;<a href=\"https:\/\/collectifmdm-idf.org\/newsletter\/\">CLIQUER ICI<\/a>&gt;<\/strong><\/p>\n\n\n\n<h2 class=\"wp-block-heading\"><\/h2>\n\n\n\n<p class=\"has-text-align-center has-luminous-vivid-orange-color has-text-color has-medium-font-size\"><strong>&#8212;o&#8212;<\/strong><\/p>\n\n\n\n<h2 class=\"wp-block-heading\"><\/h2>\n\n\n\n<p><\/p>\n","protected":false},"excerpt":{"rendered":"<p>avec ce mois-ci : NAWAL NINON VALDER CENTRE CULTUREL FRANCO-BERBERE ALTAN-ART&nbsp; FONDATION ROYAUMONT TAO RAVAO MAISON DE LA MUSIQUE &#8211; NANTERRE AFRISSON.COM JAH NOOL AZAWAN NATACHA &amp; NUITS DE PRINCES KRISTO NUMPUBY FRANCOIS ESSINDI SISSI IMAZITEN TRY PARADISE LIOUANE Pour acc\u00e9der \u00e0<\/p>\n<p class=\"link-more\"><a class=\"myButt \" href=\"https:\/\/collectifmdm-idf.org\/annuaire5\/la-newsletter-daout-2021-du-collectif-mdm-idf\/\">EN SAVOIR +<\/a><\/p>\n","protected":false},"author":1,"featured_media":3961,"comment_status":"open","ping_status":"open","sticky":false,"template":"","format":"standard","meta":{"_rtcl_gb_attr":"","footnotes":""},"categories":[4],"tags":[],"class_list":["post-3919","post","type-post","status-publish","format-standard","has-post-thumbnail","hentry","category-newsletter"],"_links":{"self":[{"href":"https:\/\/collectifmdm-idf.org\/annuaire5\/wp-json\/wp\/v2\/posts\/3919","targetHints":{"allow":["GET"]}}],"collection":[{"href":"https:\/\/collectifmdm-idf.org\/annuaire5\/wp-json\/wp\/v2\/posts"}],"about":[{"href":"https:\/\/collectifmdm-idf.org\/annuaire5\/wp-json\/wp\/v2\/types\/post"}],"author":[{"embeddable":true,"href":"https:\/\/collectifmdm-idf.org\/annuaire5\/wp-json\/wp\/v2\/users\/1"}],"replies":[{"embeddable":true,"href":"https:\/\/collectifmdm-idf.org\/annuaire5\/wp-json\/wp\/v2\/comments?post=3919"}],"version-history":[{"count":0,"href":"https:\/\/collectifmdm-idf.org\/annuaire5\/wp-json\/wp\/v2\/posts\/3919\/revisions"}],"wp:featuredmedia":[{"embeddable":true,"href":"https:\/\/collectifmdm-idf.org\/annuaire5\/wp-json\/wp\/v2\/media\/3961"}],"wp:attachment":[{"href":"https:\/\/collectifmdm-idf.org\/annuaire5\/wp-json\/wp\/v2\/media?parent=3919"}],"wp:term":[{"taxonomy":"category","embeddable":true,"href":"https:\/\/collectifmdm-idf.org\/annuaire5\/wp-json\/wp\/v2\/categories?post=3919"},{"taxonomy":"post_tag","embeddable":true,"href":"https:\/\/collectifmdm-idf.org\/annuaire5\/wp-json\/wp\/v2\/tags?post=3919"}],"curies":[{"name":"wp","href":"https:\/\/api.w.org\/{rel}","templated":true}]}}