{"id":3875,"date":"2021-07-01T11:10:00","date_gmt":"2021-07-01T09:10:00","guid":{"rendered":"http:\/\/collectifmdm-idf.org\/?p=3875"},"modified":"2021-07-03T11:11:36","modified_gmt":"2021-07-03T09:11:36","slug":"la-newsletter-de-juillet-2021-du-collectif-mdm-idf","status":"publish","type":"post","link":"https:\/\/collectifmdm-idf.org\/annuaire5\/la-newsletter-de-juillet-2021-du-collectif-mdm-idf\/","title":{"rendered":"La Newsletter de juillet 2021 du Collectif MDM IDF"},"content":{"rendered":"\n<h2 class=\"wp-block-heading\"><\/h2>\n\n\n\n<p class=\"has-text-align-center has-medium-font-size\">avec ce mois-ci :<\/p>\n\n\n\n<h3 class=\"has-text-align-center wp-block-heading\"><a href=\"https:\/\/mailchi.mp\/cc1b8cac4caa\/newsletter-de-juillet-2021-du-collectif-mdm-idf-la-vie-continue-saison-2?e=[UNIQID]&amp;fbclid=IwAR2VzN-OAf-P8kOfzIN8_ICxZ47ou4wge7tR2YT3eOx1gZiYyY5JmhPWZB0#mctoc1\">COLLECTIF MDM IdF \/\u00a0 La Vie Continue &#8211; Saison 2<\/a><br><a href=\"https:\/\/mailchi.mp\/cc1b8cac4caa\/newsletter-de-juillet-2021-du-collectif-mdm-idf-la-vie-continue-saison-2?e=[UNIQID]&amp;fbclid=IwAR2VzN-OAf-P8kOfzIN8_ICxZ47ou4wge7tR2YT3eOx1gZiYyY5JmhPWZB0#mctoc2\">Festival\u00a0LES GUINGUETTES DU MONDE<\/a><br><a href=\"https:\/\/mailchi.mp\/cc1b8cac4caa\/newsletter-de-juillet-2021-du-collectif-mdm-idf-la-vie-continue-saison-2?e=[UNIQID]&amp;fbclid=IwAR2VzN-OAf-P8kOfzIN8_ICxZ47ou4wge7tR2YT3eOx1gZiYyY5JmhPWZB0#mctoc3\">LA MAGGESE<\/a><br><a href=\"https:\/\/mailchi.mp\/cc1b8cac4caa\/newsletter-de-juillet-2021-du-collectif-mdm-idf-la-vie-continue-saison-2?e=[UNIQID]&amp;fbclid=IwAR2VzN-OAf-P8kOfzIN8_ICxZ47ou4wge7tR2YT3eOx1gZiYyY5JmhPWZB0#mctoc4\">HAYEA<\/a><br><a href=\"https:\/\/mailchi.mp\/cc1b8cac4caa\/newsletter-de-juillet-2021-du-collectif-mdm-idf-la-vie-continue-saison-2?e=[UNIQID]&amp;fbclid=IwAR2VzN-OAf-P8kOfzIN8_ICxZ47ou4wge7tR2YT3eOx1gZiYyY5JmhPWZB0#mctoc5\">MAISON DES CULTURES DU MONDE<\/a><br><a href=\"https:\/\/mailchi.mp\/cc1b8cac4caa\/newsletter-de-juillet-2021-du-collectif-mdm-idf-la-vie-continue-saison-2?e=[UNIQID]&amp;fbclid=IwAR2VzN-OAf-P8kOfzIN8_ICxZ47ou4wge7tR2YT3eOx1gZiYyY5JmhPWZB0#mctoc6\">NAWAL &#8211; Voix des Comores<\/a><br><a href=\"https:\/\/mailchi.mp\/cc1b8cac4caa\/newsletter-de-juillet-2021-du-collectif-mdm-idf-la-vie-continue-saison-2?e=[UNIQID]&amp;fbclid=IwAR2VzN-OAf-P8kOfzIN8_ICxZ47ou4wge7tR2YT3eOx1gZiYyY5JmhPWZB0#mctoc7\">NAWAL &amp; Catherine BRASLAVSKY<\/a><br><a href=\"https:\/\/mailchi.mp\/cc1b8cac4caa\/newsletter-de-juillet-2021-du-collectif-mdm-idf-la-vie-continue-saison-2?e=[UNIQID]&amp;fbclid=IwAR2VzN-OAf-P8kOfzIN8_ICxZ47ou4wge7tR2YT3eOx1gZiYyY5JmhPWZB0#mctoc8\">Helena RECALDE<\/a><br><a href=\"https:\/\/mailchi.mp\/cc1b8cac4caa\/newsletter-de-juillet-2021-du-collectif-mdm-idf-la-vie-continue-saison-2?e=[UNIQID]&amp;fbclid=IwAR2VzN-OAf-P8kOfzIN8_ICxZ47ou4wge7tR2YT3eOx1gZiYyY5JmhPWZB0#mctoc9\">Fran\u00e7ois ESSINDI Tag \u00c9kang Music Exp\u00e9rience<\/a><br><a href=\"https:\/\/mailchi.mp\/cc1b8cac4caa\/newsletter-de-juillet-2021-du-collectif-mdm-idf-la-vie-continue-saison-2?e=[UNIQID]&amp;fbclid=IwAR2VzN-OAf-P8kOfzIN8_ICxZ47ou4wge7tR2YT3eOx1gZiYyY5JmhPWZB0#mctoc10\">AFRISSON.COM<\/a><br><a href=\"https:\/\/mailchi.mp\/cc1b8cac4caa\/newsletter-de-juillet-2021-du-collectif-mdm-idf-la-vie-continue-saison-2?e=[UNIQID]&amp;fbclid=IwAR2VzN-OAf-P8kOfzIN8_ICxZ47ou4wge7tR2YT3eOx1gZiYyY5JmhPWZB0#mctoc11\">LE POINT FORT D&#8217;AUBERVILLIERS<\/a><br><a href=\"https:\/\/mailchi.mp\/cc1b8cac4caa\/newsletter-de-juillet-2021-du-collectif-mdm-idf-la-vie-continue-saison-2?e=[UNIQID]&amp;fbclid=IwAR2VzN-OAf-P8kOfzIN8_ICxZ47ou4wge7tR2YT3eOx1gZiYyY5JmhPWZB0#mctoc12\">NINON VALDER \/ LAS FAMATINAS<\/a><br><a href=\"https:\/\/mailchi.mp\/cc1b8cac4caa\/newsletter-de-juillet-2021-du-collectif-mdm-idf-la-vie-continue-saison-2?e=[UNIQID]&amp;fbclid=IwAR2VzN-OAf-P8kOfzIN8_ICxZ47ou4wge7tR2YT3eOx1gZiYyY5JmhPWZB0#mctoc13\">Thomas\u00a0LAURENT &#8211; LIOUANE<\/a><br><a href=\"https:\/\/mailchi.mp\/cc1b8cac4caa\/newsletter-de-juillet-2021-du-collectif-mdm-idf-la-vie-continue-saison-2?e=[UNIQID]&amp;fbclid=IwAR2VzN-OAf-P8kOfzIN8_ICxZ47ou4wge7tR2YT3eOx1gZiYyY5JmhPWZB0#mctoc14\">MADAGASCAR-MUSIQUES.NET<\/a><\/h3>\n\n\n\n<p class=\"has-text-align-center has-medium-font-size\"><br><\/p>\n\n\n\n<h2 class=\"wp-block-heading\"><\/h2>\n\n\n\n<p class=\"has-text-align-center has-medium-font-size\"><strong>Pour acc\u00e9der \u00e0 la newsletter\u00a0&lt;><\/strong><\/p>\n\n\n\n<h2 class=\"wp-block-heading\"><\/h2>\n\n\n\n<p class=\"has-text-align-center has-medium-font-size\"><strong>Pour lire les newsletters d\u00e9j\u00e0 publi\u00e9es<\/strong> <br>&lt;<strong><a href=\"https:\/\/collectifmdm-idf.org\/category\/newsletter\/\">CLIQUER ICI<\/a><\/strong>&gt;<\/p>\n\n\n\n<p class=\"has-text-align-center has-medium-font-size\"><strong>Pour vous abonner \u00e0 la Newsletter<\/strong> <strong>du Collectif MDM IDF <\/strong><br><strong>&lt;<a href=\"https:\/\/collectifmdm-idf.org\/newsletter\/\">CLIQUER ICI<\/a>&gt;<\/strong><\/p>\n\n\n\n<h2 class=\"wp-block-heading\"><\/h2>\n\n\n\n<p class=\"has-text-align-center has-luminous-vivid-orange-color has-text-color has-medium-font-size\"><strong>&#8212;o&#8212;<\/strong><\/p>\n\n\n\n<h2 class=\"wp-block-heading\"><\/h2>\n\n\n\n<p><\/p>\n","protected":false},"excerpt":{"rendered":"<p>avec ce mois-ci : COLLECTIF MDM IdF \/\u00a0 La Vie Continue &#8211; Saison 2Festival\u00a0LES GUINGUETTES DU MONDELA MAGGESEHAYEAMAISON DES CULTURES DU MONDENAWAL &#8211; Voix des ComoresNAWAL &amp; Catherine BRASLAVSKYHelena RECALDEFran\u00e7ois ESSINDI Tag \u00c9kang Music Exp\u00e9rienceAFRISSON.COMLE POINT FORT D&#8217;AUBERVILLIERSNINON VALDER \/ LAS FAMATINASThomas\u00a0LAURENT<\/p>\n<p class=\"link-more\"><a class=\"myButt \" href=\"https:\/\/collectifmdm-idf.org\/annuaire5\/la-newsletter-de-juillet-2021-du-collectif-mdm-idf\/\">EN SAVOIR +<\/a><\/p>\n","protected":false},"author":1,"featured_media":3877,"comment_status":"open","ping_status":"open","sticky":false,"template":"","format":"standard","meta":{"_rtcl_gb_attr":"","footnotes":""},"categories":[4],"tags":[],"class_list":["post-3875","post","type-post","status-publish","format-standard","has-post-thumbnail","hentry","category-newsletter"],"_links":{"self":[{"href":"https:\/\/collectifmdm-idf.org\/annuaire5\/wp-json\/wp\/v2\/posts\/3875","targetHints":{"allow":["GET"]}}],"collection":[{"href":"https:\/\/collectifmdm-idf.org\/annuaire5\/wp-json\/wp\/v2\/posts"}],"about":[{"href":"https:\/\/collectifmdm-idf.org\/annuaire5\/wp-json\/wp\/v2\/types\/post"}],"author":[{"embeddable":true,"href":"https:\/\/collectifmdm-idf.org\/annuaire5\/wp-json\/wp\/v2\/users\/1"}],"replies":[{"embeddable":true,"href":"https:\/\/collectifmdm-idf.org\/annuaire5\/wp-json\/wp\/v2\/comments?post=3875"}],"version-history":[{"count":0,"href":"https:\/\/collectifmdm-idf.org\/annuaire5\/wp-json\/wp\/v2\/posts\/3875\/revisions"}],"wp:featuredmedia":[{"embeddable":true,"href":"https:\/\/collectifmdm-idf.org\/annuaire5\/wp-json\/wp\/v2\/media\/3877"}],"wp:attachment":[{"href":"https:\/\/collectifmdm-idf.org\/annuaire5\/wp-json\/wp\/v2\/media?parent=3875"}],"wp:term":[{"taxonomy":"category","embeddable":true,"href":"https:\/\/collectifmdm-idf.org\/annuaire5\/wp-json\/wp\/v2\/categories?post=3875"},{"taxonomy":"post_tag","embeddable":true,"href":"https:\/\/collectifmdm-idf.org\/annuaire5\/wp-json\/wp\/v2\/tags?post=3875"}],"curies":[{"name":"wp","href":"https:\/\/api.w.org\/{rel}","templated":true}]}}