{"id":3866,"date":"2021-07-03T10:36:26","date_gmt":"2021-07-03T08:36:26","guid":{"rendered":"http:\/\/collectifmdm-idf.org\/?p=3866"},"modified":"2021-07-03T10:53:27","modified_gmt":"2021-07-03T08:53:27","slug":"festival-les-guinguettes-du-monde-3-et-4-juillet-2021-a-corbeil-essonnes-91","status":"publish","type":"post","link":"https:\/\/collectifmdm-idf.org\/annuaire5\/festival-les-guinguettes-du-monde-3-et-4-juillet-2021-a-corbeil-essonnes-91\/","title":{"rendered":"Festival LES GUINGUETTES DU MONDE &#8211; 3 et 4 juillet 2021 &#8211; \u00e0 Corbeil-Essonnes (91)"},"content":{"rendered":"\n<h2 class=\"wp-block-heading\"><\/h2>\n\n\n\n<p class=\"has-medium-font-size\">Les&nbsp;<strong>3 et 4 juillet 2021<\/strong>&nbsp;verront \u00e9clore sur les bords de Seine \u00e0 Corbeil-Essonnes un nouveau festival, baptis\u00e9 \u00ab&nbsp;<strong>Guinguettes du monde<\/strong>&nbsp;\u00bb.<\/p>\n\n\n\n<p class=\"has-medium-font-size\">L\u2019histoire des guinguettes est li\u00e9e aux loisirs ouvriers et aux \u00ab\u00a0<strong>dimanches au bord de l\u2019eau<\/strong>\u00a0\u00bb. Les faire refleurir \u00e0 Corbeil-Essonnes ressemble fort \u00e0 une \u00e9vidence tant ces derni\u00e8res ont marqu\u00e9 l\u2019histoire ouvri\u00e8re de la ville.<br><strong>Quatre sc\u00e8nes<\/strong>\u00a0se partagent une programmation \u00e9clectique, dont\u00a0<strong>3 escales<\/strong>\u00a0repr\u00e9sent\u00e9es par\u00a0<strong>des planchers de danses<\/strong>\u00a0rive gauche jouant en simultan\u00e9, et un d\u00e9ambulatoire rive droite.<\/p>\n\n\n\n<p class=\"has-medium-font-size\"><strong>Avec notamment les membres suivants\u00a0du Collectif MDM IdF<\/strong><\/p>\n\n\n\n<p class=\"has-medium-font-size\">Samedi 3 juillet\u00a0<\/p>\n\n\n\n<ul class=\"has-medium-font-size wp-block-list\"><li><strong>14h00 Helena RECALDE\u00a0<\/strong>dans l&#8217;\u00e9mission<strong>\u00a0Ocora couleurs du monde <\/strong>de<strong> Fran\u00e7oise Degeorges<\/strong><\/li><li><strong>15h45 LA MAGGESE &#8211; Chants de Rage et de R\u00e9volte<\/strong>\u00a0Polyphonies engag\u00e9es<\/li><\/ul>\n\n\n\n<p class=\"has-medium-font-size\">Dimanche 4 juillet<\/p>\n\n\n\n<ul class=\"has-medium-font-size wp-block-list\"><li><strong>13h00 LAS FAMATINAS<\/strong>\u00a0Rythmes et po\u00e9sie d\u2019Argentine avec <strong>Ninon VALDER<\/strong><\/li><li><strong>16h00 Corentin BOIZOT-BLAIZE duo<\/strong>. Bal Folk<\/li><li><strong>18h15 BALAPHONICS<\/strong>. Afro Beat, Brass Band.<\/li><\/ul>\n\n\n\n<h2 class=\"wp-block-heading\"><\/h2>\n\n\n\n<p class=\"has-text-align-center has-medium-font-size\"><strong>Dates\/horaires et infos pratiques<\/strong><br>Sam. 3 juil. \u2013 de 12h00 \u00e0 23h00<br>Dim. 4 juil. &#8211; de 12h00 \u00e0 20h00<br><strong>Entr\u00e9e libre<\/strong><br>Quai Jacques Bourgoin + Quai Maurice Riquiez \u2013&nbsp;<strong>Corbeil-Essonnes<\/strong><\/p>\n\n\n\n<h2 class=\"wp-block-heading\"><\/h2>\n\n\n\n<h3 class=\"has-text-align-center wp-block-heading\"><a href=\"https:\/\/www.corbeil-essonnes.fr\/actualites\/festival-les-guinguettes-du-monde-les-3-et-4-juillet-2021\/\" target=\"_blank\" rel=\"noreferrer noopener\"><strong>Toutes les infos sur le site de Corbeil-Essonnes<\/strong><\/a><\/h3>\n\n\n\n<div class=\"wp-block-image\"><figure class=\"aligncenter size-large is-resized\"><a href=\"https:\/\/www.corbeil-essonnes.fr\/actualites\/festival-les-guinguettes-du-monde-les-3-et-4-juillet-2021\/\"><img fetchpriority=\"high\" decoding=\"async\" src=\"https:\/\/collectifmdm-idf.org\/wp-content\/uploads\/2021\/07\/Affiche_GUINGUETTES_2021-686x1024.jpg\" alt=\"\" class=\"wp-image-3871\" width=\"498\" height=\"743\" srcset=\"https:\/\/collectifmdm-idf.org\/annuaire5\/wp-content\/uploads\/2021\/07\/Affiche_GUINGUETTES_2021-686x1024.jpg 686w, https:\/\/collectifmdm-idf.org\/annuaire5\/wp-content\/uploads\/2021\/07\/Affiche_GUINGUETTES_2021-201x300.jpg 201w, https:\/\/collectifmdm-idf.org\/annuaire5\/wp-content\/uploads\/2021\/07\/Affiche_GUINGUETTES_2021-768x1147.jpg 768w, https:\/\/collectifmdm-idf.org\/annuaire5\/wp-content\/uploads\/2021\/07\/Affiche_GUINGUETTES_2021.jpg 800w\" sizes=\"(max-width: 498px) 100vw, 498px\" \/><\/a><\/figure><\/div>\n\n\n\n<h2 class=\"wp-block-heading\"><\/h2>\n\n\n\n<h3 class=\"has-text-align-center has-luminous-vivid-amber-color has-text-color wp-block-heading\"><strong>&#8212;o&#8212;<\/strong><\/h3>\n\n\n\n<h2 class=\"wp-block-heading\"><\/h2>\n","protected":false},"excerpt":{"rendered":"<p>Les&nbsp;3 et 4 juillet 2021&nbsp;verront \u00e9clore sur les bords de Seine \u00e0 Corbeil-Essonnes un nouveau festival, baptis\u00e9 \u00ab&nbsp;Guinguettes du monde&nbsp;\u00bb. L\u2019histoire des guinguettes est li\u00e9e aux loisirs ouvriers et aux \u00ab\u00a0dimanches au bord de l\u2019eau\u00a0\u00bb. Les faire refleurir \u00e0 Corbeil-Essonnes ressemble fort<\/p>\n<p class=\"link-more\"><a class=\"myButt \" href=\"https:\/\/collectifmdm-idf.org\/annuaire5\/festival-les-guinguettes-du-monde-3-et-4-juillet-2021-a-corbeil-essonnes-91\/\">EN SAVOIR +<\/a><\/p>\n","protected":false},"author":1,"featured_media":3870,"comment_status":"open","ping_status":"open","sticky":false,"template":"","format":"standard","meta":{"_rtcl_gb_attr":"","footnotes":""},"categories":[7,6],"tags":[],"class_list":["post-3866","post","type-post","status-publish","format-standard","has-post-thumbnail","hentry","category-concert","category-festival"],"_links":{"self":[{"href":"https:\/\/collectifmdm-idf.org\/annuaire5\/wp-json\/wp\/v2\/posts\/3866","targetHints":{"allow":["GET"]}}],"collection":[{"href":"https:\/\/collectifmdm-idf.org\/annuaire5\/wp-json\/wp\/v2\/posts"}],"about":[{"href":"https:\/\/collectifmdm-idf.org\/annuaire5\/wp-json\/wp\/v2\/types\/post"}],"author":[{"embeddable":true,"href":"https:\/\/collectifmdm-idf.org\/annuaire5\/wp-json\/wp\/v2\/users\/1"}],"replies":[{"embeddable":true,"href":"https:\/\/collectifmdm-idf.org\/annuaire5\/wp-json\/wp\/v2\/comments?post=3866"}],"version-history":[{"count":0,"href":"https:\/\/collectifmdm-idf.org\/annuaire5\/wp-json\/wp\/v2\/posts\/3866\/revisions"}],"wp:featuredmedia":[{"embeddable":true,"href":"https:\/\/collectifmdm-idf.org\/annuaire5\/wp-json\/wp\/v2\/media\/3870"}],"wp:attachment":[{"href":"https:\/\/collectifmdm-idf.org\/annuaire5\/wp-json\/wp\/v2\/media?parent=3866"}],"wp:term":[{"taxonomy":"category","embeddable":true,"href":"https:\/\/collectifmdm-idf.org\/annuaire5\/wp-json\/wp\/v2\/categories?post=3866"},{"taxonomy":"post_tag","embeddable":true,"href":"https:\/\/collectifmdm-idf.org\/annuaire5\/wp-json\/wp\/v2\/tags?post=3866"}],"curies":[{"name":"wp","href":"https:\/\/api.w.org\/{rel}","templated":true}]}}