{"id":3836,"date":"2021-06-18T17:51:36","date_gmt":"2021-06-18T15:51:36","guid":{"rendered":"http:\/\/collectifmdm-idf.org\/?p=3836"},"modified":"2021-06-18T17:54:13","modified_gmt":"2021-06-18T15:54:13","slug":"salon-de-musique-la-vie-continue-saison-2-sur-zoom-en-direct-du-centre-mandapa-le-22-juin-2021-a-19h00","status":"publish","type":"post","link":"https:\/\/collectifmdm-idf.org\/annuaire5\/salon-de-musique-la-vie-continue-saison-2-sur-zoom-en-direct-du-centre-mandapa-le-22-juin-2021-a-19h00\/","title":{"rendered":"SALON DE MUSIQUE &#8211; La Vie Continue &#8211; Saison 2 &#8211; sur ZOOM (en direct du Centre Mandapa ) &#8211; le 22 juin 2021 \u00e0 19h00"},"content":{"rendered":"\n<h2 class=\"wp-block-heading\"><\/h2>\n\n\n\n<p class=\"has-medium-font-size\">Propos\u00e9s cette ann\u00e9e encore dans le cadre de l\u2019op\u00e9ration\u00a0<strong>La Vie Continue<\/strong> du\u00a0Collectif Musiques et Danses du monde en \u00cele de France, et sous l\u2019impulsion de l\u2019artiste\u00a0<strong>Ninon Valder, <\/strong>les\u00a0<strong>Salons de Musiques, <\/strong>fen\u00eatres ouvertes sur le monde, sont des lieux de partage et d\u2019\u00e9change, o\u00f9 l\u2019on cr\u00e9e de nouveaux rituels\u00a0: de la musique, des pens\u00e9es, des po\u00e8mes, tous les ingr\u00e9dients d\u2019une recette joyeuse pour r\u00eaver et cr\u00e9er demain.<\/p>\n\n\n\n<p class=\"has-text-align-center has-medium-font-size\">Le prochain <strong>Salon de Musiques La Vie Continue &#8211; Saison 2<\/strong> aura lieu sur <strong><\/strong><br><\/p>\n\n\n\n<p class=\"has-text-align-center has-medium-font-size\"><strong>en direct du Centre MANDAPA \u00e0 Paris<\/strong><\/p>\n\n\n\n<p class=\"has-text-align-center has-medium-font-size\"><br><strong>MARDI 22 JUIN 2021 \u00e0 19h00<\/strong><\/p>\n\n\n\n<p><\/p>\n\n\n\n<p class=\"has-text-align-center has-normal-font-size\"><strong>(ouverture du ZOOM \u00e0 18h45)<\/strong><\/p>\n\n\n\n<p class=\"has-text-align-center\"><br><strong>anim\u00e9 par\u00a0 :<\/strong><\/p>\n\n\n\n<p class=\"has-text-align-center has-medium-font-size\"><strong><a href=\"https:\/\/collectifmdm-idf.org\/2021\/05\/10\/las-famatinas\/\" target=\"_blank\" rel=\"noreferrer noopener\">Ninon VALDER <\/a>&#8211; <a href=\"https:\/\/collectifmdm-idf.org\/2021\/05\/06\/sanacore\/\" target=\"_blank\" rel=\"noreferrer noopener\">Tania PIVIDORI<\/a> &#8211; <a href=\"https:\/\/collectifmdm-idf.org\/2021\/05\/07\/passio\/\" target=\"_blank\" rel=\"noreferrer noopener\">Margherita TREFOLONI<\/a><\/strong><\/p>\n\n\n\n<p class=\"has-text-align-center\"><strong>avec :<\/strong><\/p>\n\n\n\n<p class=\"has-text-align-center has-medium-font-size\"><strong><a href=\"https:\/\/collectifmdm-idf.org\/2021\/05\/14\/helena-recalde\/\" target=\"_blank\" rel=\"noreferrer noopener\">Helena RECALDE<\/a> &#8211; <a href=\"https:\/\/collectifmdm-idf.org\/2021\/05\/08\/nawal\/\" target=\"_blank\" rel=\"noreferrer noopener\">NAWAL<\/a>&#8211; <a href=\"https:\/\/collectifmdm-idf.org\/2021\/05\/17\/corentin-boizot-blaise\/\" target=\"_blank\" rel=\"noreferrer noopener\">Corentin BOIZOT-BLAISE<\/a><\/strong><\/p>\n\n\n\n<h2 class=\"wp-block-heading\"><\/h2>\n\n\n\n<p class=\"has-text-align-center has-medium-font-size\"><br><br>ID de r\u00e9union : 832 7964 2361<br>Code secret : 829725<\/p>\n\n\n\n<p class=\"has-text-align-center has-black-color has-text-color has-medium-font-size\"><br><strong>SOYEZ NOMBREUX avec nous<br>INVITEZ VOS AMIS, VOTRE FAMILLE &#8230;<\/strong><\/p>\n\n\n\n<p><\/p>\n\n\n\n<p class=\"has-text-align-center has-black-color has-text-color has-medium-font-size\"><strong>A\u00a0 DIFFUSER et PARTAGER LARGEMENT<\/strong><\/p>\n\n\n\n<h2 class=\"wp-block-heading\"><\/h2>\n\n\n\n<p class=\"has-text-align-center has-luminous-vivid-amber-color has-text-color\"><strong>&#8212;o&#8212;<\/strong><\/p>\n\n\n\n<h2 class=\"wp-block-heading\"><\/h2>\n","protected":false},"excerpt":{"rendered":"<p>Propos\u00e9s cette ann\u00e9e encore dans le cadre de l\u2019op\u00e9ration\u00a0La Vie Continue du\u00a0Collectif Musiques et Danses du monde en \u00cele de France, et sous l\u2019impulsion de l\u2019artiste\u00a0Ninon Valder, les\u00a0Salons de Musiques, fen\u00eatres ouvertes sur le monde, sont des lieux de partage et d\u2019\u00e9change,<\/p>\n<p class=\"link-more\"><a class=\"myButt \" href=\"https:\/\/collectifmdm-idf.org\/annuaire5\/salon-de-musique-la-vie-continue-saison-2-sur-zoom-en-direct-du-centre-mandapa-le-22-juin-2021-a-19h00\/\">EN SAVOIR +<\/a><\/p>\n","protected":false},"author":1,"featured_media":3842,"comment_status":"open","ping_status":"open","sticky":false,"template":"","format":"standard","meta":{"_rtcl_gb_attr":"","footnotes":""},"categories":[7,9],"tags":[],"class_list":["post-3836","post","type-post","status-publish","format-standard","has-post-thumbnail","hentry","category-concert","category-rencontres"],"_links":{"self":[{"href":"https:\/\/collectifmdm-idf.org\/annuaire5\/wp-json\/wp\/v2\/posts\/3836","targetHints":{"allow":["GET"]}}],"collection":[{"href":"https:\/\/collectifmdm-idf.org\/annuaire5\/wp-json\/wp\/v2\/posts"}],"about":[{"href":"https:\/\/collectifmdm-idf.org\/annuaire5\/wp-json\/wp\/v2\/types\/post"}],"author":[{"embeddable":true,"href":"https:\/\/collectifmdm-idf.org\/annuaire5\/wp-json\/wp\/v2\/users\/1"}],"replies":[{"embeddable":true,"href":"https:\/\/collectifmdm-idf.org\/annuaire5\/wp-json\/wp\/v2\/comments?post=3836"}],"version-history":[{"count":0,"href":"https:\/\/collectifmdm-idf.org\/annuaire5\/wp-json\/wp\/v2\/posts\/3836\/revisions"}],"wp:featuredmedia":[{"embeddable":true,"href":"https:\/\/collectifmdm-idf.org\/annuaire5\/wp-json\/wp\/v2\/media\/3842"}],"wp:attachment":[{"href":"https:\/\/collectifmdm-idf.org\/annuaire5\/wp-json\/wp\/v2\/media?parent=3836"}],"wp:term":[{"taxonomy":"category","embeddable":true,"href":"https:\/\/collectifmdm-idf.org\/annuaire5\/wp-json\/wp\/v2\/categories?post=3836"},{"taxonomy":"post_tag","embeddable":true,"href":"https:\/\/collectifmdm-idf.org\/annuaire5\/wp-json\/wp\/v2\/tags?post=3836"}],"curies":[{"name":"wp","href":"https:\/\/api.w.org\/{rel}","templated":true}]}}