{"id":3830,"date":"2021-06-16T09:26:40","date_gmt":"2021-06-16T07:26:40","guid":{"rendered":"http:\/\/collectifmdm-idf.org\/?p=3830"},"modified":"2021-09-18T15:23:38","modified_gmt":"2021-09-18T13:23:38","slug":"la-vie-continue-saison-2","status":"publish","type":"post","link":"https:\/\/collectifmdm-idf.org\/annuaire5\/la-vie-continue-saison-2\/","title":{"rendered":"La Vie Continue &#8211; Saison 2"},"content":{"rendered":"\n<div class=\"wp-block-columns is-layout-flex wp-container-core-columns-is-layout-9d6595d7 wp-block-columns-is-layout-flex\">\n<div class=\"wp-block-column is-layout-flow wp-block-column-is-layout-flow\">\n<h1 class=\"h1_Lvc2 wp-block-heading\">\u00c9dito<\/h1>\n\n\n\n<p class=\"txt_Lvc2\">En cette \u00e9t\u00e9 2021, plus que jamais, les artistes ont besoin de la sc\u00e8ne et le public a soif de musique.<\/p>\n\n\n\n<p class=\"txt_Lvc2\">L\u2019\u00e9t\u00e9 pass\u00e9, le Collectif MDM IdF organisait la premi\u00e8re \u00e9dition de son op\u00e9ration La Vie Continue. Plus d\u2019une vingtaine d\u2019artistes et groupes pr\u00e9sentant la diversit\u00e9 des cultures du monde donnaient plus de quarante spectacles en Ile-de-France, dans des lieux insolites, en plein air, au plus pr\u00e8s des quartiers et de leurs habitants.<\/p>\n\n\n\n<p class=\"txt_Lvc2\"><strong>Surfant sur le succ\u00e8s de cette premi\u00e8re \u00e9dition, La Vie Continue &#8211; Saison 2 propose pas moins de 80 propositions artistiques.<\/strong> Conte, Danse, Bal ou D\u00e9ambulation, et surtout des Musiques de tous les points du globe : chanson kabyle, danses des Balkans, voix a cappella, rythmes latinos, fusion jazz ou groove africain. Tous ces artistes d\u2019Ile-de-France d\u00e9montrent la splendeur cr\u00e9ative de notre r\u00e9gion monde. \u00c0 vous de choisir dans ce copieux programme !<\/p>\n\n\n\n<p class=\"has-text-align-right txt_Lvc2\">Fran\u00e7ois Bensignor, pr\u00e9sident du <strong><a href=\"https:\/\/collectifmdm-idf.org\/le-collectif-et-ses-partenaires\/\">Collectif MDM IdF<\/a><\/strong>.<\/p>\n\n\n\n<div style=\"height:60px\" aria-hidden=\"true\" class=\"wp-block-spacer\"><\/div>\n\n\n\n<h2 class=\"h1_Lvc2 wp-block-heading\">Retrouvez toutes les propositions synth\u00e9tis\u00e9es dans l&#8217;Annuaire 2021 de La Vie Continue, \u00e0 t\u00e9l\u00e9charger ici :<\/h2>\n\n\n\n<div class=\"wp-block-buttons is-content-justification-center is-layout-flex wp-block-buttons-is-layout-flex\">\n<div class=\"wp-block-button is-style-fill\"><a class=\"wp-block-button__link has-background\" href=\"https:\/\/collectifmdm-idf.org\/wp-content\/uploads\/2021\/05\/Annuaire_LaVieContinue2_2021.pdf\" style=\"background:linear-gradient(135deg,rgb(227,164,203) 0%,rgb(152,150,240) 100%)\" target=\"_blank\" rel=\"noreferrer noopener\">T\u00e9l\u00e9charger l\u2019annuaire La Vie Continue &#8211; Saison 2<\/a><\/div>\n<\/div>\n\n\n\n<div style=\"height:60px\" aria-hidden=\"true\" class=\"wp-block-spacer\"><\/div>\n\n\n\n<h2 class=\"h1_Lvc2 wp-block-heading\">Consultez chaque proposition d\u00e9taill\u00e9e en acc\u00e9dant aux fiches compl\u00e8tes avec contacts, infos, sons et vid\u00e9os.<\/h2>\n\n\n\n<p><\/p>\n<\/div>\n<\/div>\n\n\n\n<div class=\"wp-block-columns is-layout-flex wp-container-core-columns-is-layout-9d6595d7 wp-block-columns-is-layout-flex\">\n<div class=\"wp-block-column is-layout-flow wp-block-column-is-layout-flow\">\n<div class=\"wp-block-buttons is-content-justification-center is-layout-flex wp-block-buttons-is-layout-flex\">\n<div class=\"wp-block-button is-style-fill\"><a class=\"wp-block-button__link has-background\" href=\"#liste80\" style=\"background:linear-gradient(135deg,rgb(242,171,215) 0%,rgb(152,150,240) 100%)\">Voir la liste compl\u00e8te des propositions artistiques<\/a><\/div>\n<\/div>\n<\/div>\n\n\n\n<div class=\"wp-block-column is-layout-flow wp-block-column-is-layout-flow\">\n<div class=\"wp-block-buttons is-layout-flex wp-block-buttons-is-layout-flex\">\n<div class=\"wp-block-button has-custom-width wp-block-button__width-100\"><a class=\"wp-block-button__link has-background\" href=\"https:\/\/collectifmdm-idf.org\/les-tarifs-des-prestations-la-vie-continue-s2\/\" style=\"background:linear-gradient(135deg,rgb(186,250,83) 0%,rgb(30,167,48) 70%)\">Les tarifs des prestations<\/a><\/div>\n<\/div>\n<\/div>\n<\/div>\n\n\n\n<div style=\"height:60px\" aria-hidden=\"true\" class=\"wp-block-spacer\"><\/div>\n\n\n\n<h2 class=\"h1_Lvc2 wp-block-heading\">S\u00e9lectionnez les propositions selon l&#8217;aire culturelle ou le domaine artistique de votre choix <\/h2>\n\n\n\n<div class=\"wp-block-buttons is-content-justification-center is-layout-flex wp-block-buttons-is-layout-flex\">\n<div class=\"wp-block-button has-custom-width wp-block-button__width-25\"><a class=\"wp-block-button__link has-vivid-cyan-blue-background-color has-background\" href=\"https:\/\/collectifmdm-idf.org\/category\/la-vie-continue-s2\/musique-lvc2\/afrique\/\">AFRIQUE<\/a><\/div>\n\n\n\n<div class=\"wp-block-button has-custom-width wp-block-button__width-25 is-style-fill\"><a class=\"wp-block-button__link has-white-color has-luminous-vivid-amber-background-color has-text-color has-background\" href=\"https:\/\/collectifmdm-idf.org\/category\/la-vie-continue-s2\/musique-lvc2\/amerique\/\">AM\u00c9RIQUE<\/a><\/div>\n\n\n\n<div class=\"wp-block-button has-custom-width wp-block-button__width-25 is-style-fill\"><a class=\"wp-block-button__link has-vivid-red-background-color has-background\" href=\"https:\/\/collectifmdm-idf.org\/category\/la-vie-continue-s2\/musique-lvc2\/asie\/\">      ASIE        <\/a><\/div>\n<\/div>\n\n\n\n<div class=\"wp-block-buttons is-content-justification-center is-layout-flex wp-block-buttons-is-layout-flex\">\n<div class=\"wp-block-button has-custom-width wp-block-button__width-25 is-style-fill\"><a class=\"wp-block-button__link has-vivid-purple-background-color has-background\" href=\"https:\/\/collectifmdm-idf.org\/category\/la-vie-continue-s2\/musique-lvc2\/europe\/\">EUROPE<\/a><\/div>\n\n\n\n<div class=\"wp-block-button has-custom-width wp-block-button__width-25 is-style-fill\"><a class=\"wp-block-button__link has-background\" href=\"https:\/\/collectifmdm-idf.org\/category\/la-vie-continue-s2\/musique-lvc2\/maghreb\/\" style=\"background-color:#ef9c62\">MAGHREB<\/a><\/div>\n\n\n\n<div class=\"wp-block-button has-custom-width wp-block-button__width-25 is-style-fill\"><a class=\"wp-block-button__link has-luminous-vivid-orange-background-color has-background\" href=\"https:\/\/collectifmdm-idf.org\/category\/la-vie-continue-s2\/musique-lvc2\/orient\/\">ORIENT<\/a><\/div>\n<\/div>\n\n\n\n<div class=\"wp-block-buttons is-content-justification-center is-layout-flex wp-block-buttons-is-layout-flex\">\n<div class=\"wp-block-button is-style-fill\"><a class=\"wp-block-button__link has-electric-grass-gradient-background has-background\" href=\"https:\/\/collectifmdm-idf.org\/category\/la-vie-continue-s2\/spectacles\/jazz\/\">      JAZZ        <\/a><\/div>\n\n\n\n<div class=\"wp-block-button\"><a class=\"wp-block-button__link has-electric-grass-gradient-background has-background\" href=\"https:\/\/collectifmdm-idf.org\/category\/la-vie-continue-s2\/spectacles\/danse-spectacles\/\">DANSE<\/a><\/div>\n\n\n\n<div class=\"wp-block-button is-style-fill\"><a class=\"wp-block-button__link has-electric-grass-gradient-background has-background\" href=\"https:\/\/collectifmdm-idf.org\/category\/la-vie-continue-s2\/spectacles\/deambulation\/\">D\u00c9AMBULATION<\/a><\/div>\n\n\n\n<div class=\"wp-block-button is-style-fill\"><a class=\"wp-block-button__link has-electric-grass-gradient-background has-background\" href=\"https:\/\/collectifmdm-idf.org\/category\/la-vie-continue-s2\/spectacles\/bal\/\">    BAL    <\/a><\/div>\n<\/div>\n\n\n\n<div class=\"wp-block-buttons is-content-justification-center is-layout-flex wp-block-buttons-is-layout-flex\">\n<div class=\"wp-block-button is-style-fill\"><a class=\"wp-block-button__link has-electric-grass-gradient-background has-background\" href=\"https:\/\/collectifmdm-idf.org\/category\/la-vie-continue-s2\/spectacles\/conte\/\">CONTE<\/a><\/div>\n\n\n\n<div class=\"wp-block-button is-style-fill\"><a class=\"wp-block-button__link has-electric-grass-gradient-background has-background\" href=\"https:\/\/collectifmdm-idf.org\/category\/la-vie-continue-s2\/spectacles\/electro\/\">\u00c9LECTRO<\/a><\/div>\n\n\n\n<div class=\"wp-block-button is-style-fill\"><a class=\"wp-block-button__link has-electric-grass-gradient-background has-background\" href=\"https:\/\/collectifmdm-idf.org\/category\/la-vie-continue-s2\/spectacles\/conference\/\">CONF\u00c9RENCE<\/a><\/div>\n<\/div>\n\n\n\n<div style=\"height:60px\" aria-hidden=\"true\" class=\"wp-block-spacer\"><\/div>\n\n\n\n<div style=\"height:15px\" aria-hidden=\"true\" class=\"wp-block-spacer\"><\/div>\n\n\n\n<h2 class=\"h2_Lvc2 wp-block-heading\" id=\"liste\">Toutes les propositions artistiques par aires culturelles : <br><span class=\"has-inline-color has-vivid-cyan-blue-color\"><strong>Afrique<\/strong><\/span><\/h2>\n\n\n\n<div class=\"wp-block-columns is-layout-flex wp-container-core-columns-is-layout-9d6595d7 wp-block-columns-is-layout-flex\">\n<div class=\"wp-block-column is-layout-flow wp-block-column-is-layout-flow\">\n<p class=\"txt_Lvc2\"><a href=\"https:\/\/collectifmdm-idf.org\/2021\/05\/17\/babacar-faye-bayefall-toubab\/\">BABACAR FAYE &amp; BAYEFALL TOUBAB<\/a><br><a href=\"https:\/\/collectifmdm-idf.org\/2021\/05\/18\/balaphonics\">BALAPHONICS<\/a><br><a href=\"https:\/\/collectifmdm-idf.org\/2021\/05\/18\/barhan\">BARHAN<\/a><br><a href=\"https:\/\/collectifmdm-idf.org\/2021\/05\/15\/francois-essindi\">FRAN\u00c7OIS ESSINDI<\/a><br><a href=\"https:\/\/collectifmdm-idf.org\/2021\/05\/14\/hiembi-kristo-numpuby\">HIEMBI &#8211; KRISTO NUMPUBY<\/a><br><a href=\"https:\/\/collectifmdm-idf.org\/2021\/05\/13\/ignacio-maria-gomez\">IGNACIO MARIA GOMEZ<\/a><br><a href=\"https:\/\/collectifmdm-idf.org\/2021\/05\/12\/jah-nool-et-le-beytafoh-systeme\">JAH NOOL ET LE BEYTAFOH SYSTEME<\/a><br><a href=\"https:\/\/collectifmdm-idf.org\/2021\/05\/12\/juvency-riche\">JUVENCY RICHE<\/a><br><a href=\"https:\/\/collectifmdm-idf.org\/2021\/05\/11\/kacekode\">KACEKODE<\/a><br><a href=\"https:\/\/collectifmdm-idf.org\/2021\/05\/11\/komasi\">KOMASI<\/a><br><a href=\"https:\/\/collectifmdm-idf.org\/2021\/05\/11\/kristy-diamond\">KRISTY DIAMOND<\/a><br><a href=\"https:\/\/collectifmdm-idf.org\/2021\/05\/10\/le-petit-orchestre-de-poche\">LE PETIT ORCHESTRE DE POCHE<\/a><\/p>\n<\/div>\n\n\n\n<div class=\"wp-block-column is-layout-flow wp-block-column-is-layout-flow\">\n<p class=\"txt_Lvc2\"><a href=\"https:\/\/collectifmdm-idf.org\/2021\/05\/08\/natascha-rogers\">NATASCHA ROGERS<\/a><br><a href=\"https:\/\/collectifmdm-idf.org\/2021\/05\/08\/nawal\">NAWAL<\/a><br><a href=\"https:\/\/collectifmdm-idf.org\/2021\/05\/07\/oumarou-bambara\">OUMAROU BAMBARA<\/a><br><a href=\"https:\/\/collectifmdm-idf.org\/2021\/05\/06\/senny-camara\">SENNY CAMARA<\/a><br><a href=\"https:\/\/collectifmdm-idf.org\/2021\/05\/05\/simbou-vili\">SIMBOU VILI<\/a><br><a href=\"https:\/\/collectifmdm-idf.org\/2021\/05\/05\/sodia\">SODIA<\/a><br><a href=\"https:\/\/collectifmdm-idf.org\/2021\/05\/05\/sonni-alexia-traore-bakary-diarra\">S\u00d6NNI &#8211; ALEXIA TRAORE &amp; BAKARY DIARRA<\/a><br><a href=\"https:\/\/collectifmdm-idf.org\/2021\/05\/04\/tafel-kristo-numpuby\">TAFEL &#8211; KRISTO NUMPUBY<\/a><br><a href=\"https:\/\/collectifmdm-idf.org\/2021\/05\/04\/tao-ravao-vincent-bucher\">TAO RAVAO &amp; VINCENT BUCHER<\/a><br><a href=\"https:\/\/collectifmdm-idf.org\/2021\/05\/04\/tio-percussion\">TIO PERCUSSION<\/a><br><a href=\"https:\/\/collectifmdm-idf.org\/2021\/05\/03\/trio-dafrique\">TRIO D&#8217;AFRIQUE<\/a><br><a href=\"https:\/\/collectifmdm-idf.org\/2021\/05\/03\/trio-nawal-ninon-valder-tania-pividori\">TRIO NAWAL, NINON VALDER, TANIA PIVIDORI<\/a><\/p>\n<\/div>\n<\/div>\n\n\n\n<h2 class=\"h2_Lvc2 wp-block-heading\"><span class=\"has-inline-color has-luminous-vivid-amber-color\"> <strong>Am\u00e9rique<\/strong><\/span><\/h2>\n\n\n\n<div class=\"wp-block-columns is-layout-flex wp-container-core-columns-is-layout-9d6595d7 wp-block-columns-is-layout-flex\">\n<div class=\"wp-block-column is-layout-flow wp-block-column-is-layout-flow\">\n<p class=\"txt_Lvc2\"><a href=\"https:\/\/collectifmdm-idf.org\/2021\/05\/19\/abraham-reunion\">ABRAHAM R\u00c9UNION<\/a><br><a href=\"https:\/\/collectifmdm-idf.org\/2021\/05\/19\/alfonz-band\">ALFONZ BAND<\/a><br><a href=\"https:\/\/collectifmdm-idf.org\/2021\/05\/18\/bakoso\">BAKOSO<\/a><br><a href=\"https:\/\/collectifmdm-idf.org\/2021\/05\/17\/camerata-de-renato-velasco\">CAMERATA DE RENATO VELASCO<\/a><br><a href=\"https:\/\/collectifmdm-idf.org\/2021\/05\/17\/cie-ona-tourna-fanny-vignals\">Cie ONA TOURNA &#8211; FANNY VIGNALS<\/a><br><a href=\"https:\/\/collectifmdm-idf.org\/2021\/05\/17\/corentin-boizot-blaise\">CORENTIN BOIZOT-BLAISE<\/a><br><a href=\"https:\/\/collectifmdm-idf.org\/2021\/05\/17\/coreysan\">COREYSAN<\/a><br><a href=\"https:\/\/collectifmdm-idf.org\/2021\/05\/16\/duo-chiron-stromboni\">DUO CHIRON STROMBONI<\/a><br><a href=\"https:\/\/collectifmdm-idf.org\/2021\/05\/14\/helena-recalde\">HELENA RECALDE<\/a><br><a href=\"https:\/\/collectifmdm-idf.org\/2021\/05\/13\/ignacio-maria-gomez\" rel=\"nofollow\">IGNACIO MARIA GOMEZ<\/a><br><a href=\"https:\/\/collectifmdm-idf.org\/2021\/05\/11\/k-leaf-et-son-group\">K-LEAF ET SON GROUPE<\/a><br><a href=\"https:\/\/collectifmdm-idf.org\/2021\/05\/11\/karine-huet-thomas-laurent-yesser-oliveira-trio\">KARINE HUET, THOMAS LAURENT &amp; YESSER OLIVEIRA<\/a><\/p>\n<\/div>\n\n\n\n<div class=\"wp-block-column is-layout-flow wp-block-column-is-layout-flow\">\n<p class=\"txt_Lvc2\"><a href=\"https:\/\/collectifmdm-idf.org\/2021\/05\/11\/komasi\">KOMASI<\/a><br><a href=\"https:\/\/collectifmdm-idf.org\/2021\/05\/11\/korinn\">K\u00d6RINN<\/a><br><a href=\"https:\/\/collectifmdm-idf.org\/2021\/05\/10\/las-famatinas\">LAS FAMATINAS<\/a><br><a href=\"https:\/\/collectifmdm-idf.org\/2021\/05\/10\/le-petit-orchestre-de-poche\">LE PETIT ORCHESTRE DE POCHE<\/a><br><a href=\"https:\/\/collectifmdm-idf.org\/2021\/05\/09\/mordrouz\">MORDROUZ<\/a><br><a href=\"https:\/\/collectifmdm-idf.org\/2021\/05\/09\/msieur-balde\">M&#8217;SIEUR BALD\u00c9<\/a><br><a href=\"https:\/\/collectifmdm-idf.org\/2021\/05\/08\/natascha-rogers\">NATASCHA ROGERS<\/a><br><a href=\"https:\/\/collectifmdm-idf.org\/2021\/05\/06\/sabrosalsa-duo\">SABROSALSA DUO<\/a><br><a href=\"https:\/\/collectifmdm-idf.org\/2021\/05\/05\/stepping-out\">STEPPING OUT<\/a><br><a href=\"https:\/\/collectifmdm-idf.org\/2021\/05\/04\/tao-ravao-vincent-bucher\">TAO RAVAO &amp; VINCENT BUCHER<\/a><br><a href=\"https:\/\/collectifmdm-idf.org\/2021\/05\/03\/trio-nawal-ninon-valder-tania-pividori\">TRIO NAWAL, NINON VALDER, TANIA PIVIDORI<\/a><\/p>\n<\/div>\n<\/div>\n\n\n\n<h2 class=\"h2_Lvc2 wp-block-heading\"><span class=\"has-inline-color has-vivid-red-color\"> <strong>Asie<\/strong><\/span><\/h2>\n\n\n\n<div class=\"wp-block-columns is-layout-flex wp-container-core-columns-is-layout-9d6595d7 wp-block-columns-is-layout-flex\">\n<div class=\"wp-block-column is-layout-flow wp-block-column-is-layout-flow\">\n<p class=\"txt_Lvc2\"><a href=\"https:\/\/collectifmdm-idf.org\/2021\/05\/19\/argusan\">ARGUSAN<\/a><br><a href=\"https:\/\/collectifmdm-idf.org\/2021\/05\/19\/arshid-azarine-trio\">ARSHID AZARINE TRIO<\/a><br><a href=\"https:\/\/collectifmdm-idf.org\/2021\/05\/17\/contes-dasie-isabelle-genlis\">CONTES D&#8217;ASIE &#8211; ISABELLE GENLIS<\/a><br><a href=\"https:\/\/collectifmdm-idf.org\/2021\/05\/16\/duo-chiron-stromboni\">DUO CHIRON STROMBOLI<\/a><\/p>\n<\/div>\n\n\n\n<div class=\"wp-block-column is-layout-flow wp-block-column-is-layout-flow\">\n<p class=\"txt_Lvc2\"><a href=\"https:\/\/collectifmdm-idf.org\/2021\/05\/13\/isabelle-anna-cie-kaleidansscop\">ISABELLE ANNA &#8211; Cie KALEIDANS&#8217;SCOP<\/a><br><a href=\"https:\/\/collectifmdm-idf.org\/2021\/05\/09\/manushan\">MANUSHAN<\/a><br><a href=\"https:\/\/collectifmdm-idf.org\/2021\/05\/04\/tatiana-lambolez\">TATIANA LAMBOLEZ<\/a><br><a href=\"https:\/\/collectifmdm-idf.org\/2021\/05\/03\/try-paradise\">TRY PARADISE<\/a><\/p>\n<\/div>\n<\/div>\n\n\n\n<h2 class=\"h2_Lvc2 wp-block-heading\"><span class=\"has-inline-color has-vivid-red-color\"> <\/span><strong><span class=\"has-inline-color has-vivid-purple-color\">Europe<\/span><\/strong><\/h2>\n\n\n\n<div class=\"wp-block-columns is-layout-flex wp-container-core-columns-is-layout-9d6595d7 wp-block-columns-is-layout-flex\">\n<div class=\"wp-block-column is-layout-flow wp-block-column-is-layout-flow\">\n<p class=\"txt_Lvc2\"><a href=\"https:\/\/collectifmdm-idf.org\/2021\/05\/19\/alfonz-band\">ALFONZ BAND<\/a><br><a href=\"https:\/\/collectifmdm-idf.org\/2021\/05\/17\/corentin-boizot-blaise\">CORENTIN BOIZOT-BLAISE<\/a><br><a href=\"https:\/\/collectifmdm-idf.org\/2021\/05\/16\/delicatessen-duo\">DELICATESSEN DUO<\/a><br><a href=\"https:\/\/collectifmdm-idf.org\/2021\/05\/14\/hayea\">HAYEA<\/a><br><a href=\"https:\/\/collectifmdm-idf.org\/2021\/05\/13\/il-suffirait-dun-jour-de-soleil\">IL SUFFIRAIT D&#8217;UN JOUR DE SOLEIL<\/a><br><a href=\"https:\/\/collectifmdm-idf.org\/2021\/05\/11\/kantaliso\">KANTALISO<\/a><br><a href=\"https:\/\/collectifmdm-idf.org\/2021\/05\/11\/komasi\">KOMASI<\/a><br><a href=\"https:\/\/collectifmdm-idf.org\/2021\/05\/10\/le-petit-orchestre-de-poche\">LE PETIT ORCHESTRE DE POCHE<\/a><br><a href=\"https:\/\/collectifmdm-idf.org\/2021\/05\/10\/ludivine-issambourg-francois-poitou\">LUDIVINE ISSAMBOURG &amp; FRAN\u00c7OIS POITOU<\/a><br><a href=\"https:\/\/collectifmdm-idf.org\/2021\/05\/09\/msieur-balde\">M&#8217;SIEUR BALD\u00c9<\/a><br><a href=\"https:\/\/collectifmdm-idf.org\/2021\/05\/09\/manushan\">MANUSHAN<\/a><br><a href=\"https:\/\/collectifmdm-idf.org\/2021\/05\/09\/marx-sisters\">MARX SISTERS<\/a><br><a href=\"https:\/\/collectifmdm-idf.org\/2021\/05\/09\/mordrouz\">MORDROUZ<\/a><\/p>\n<\/div>\n\n\n\n<div class=\"wp-block-column is-layout-flow wp-block-column-is-layout-flow\">\n<p class=\"txt_Lvc2\"><a href=\"https:\/\/collectifmdm-idf.org\/2021\/05\/08\/natacha-nuits-de-princes\">NATACHA &amp; NUITS DE PRINCES<\/a><br><a href=\"https:\/\/collectifmdm-idf.org\/2021\/05\/08\/natascha-rogers\">NATASCHA ROGERS<\/a><br><a href=\"https:\/\/collectifmdm-idf.org\/2021\/05\/08\/nico-marjo\">NICO MARJO<\/a><br><a href=\"https:\/\/collectifmdm-idf.org\/2021\/05\/07\/oulitsa\">OULITSA<\/a><br><a href=\"https:\/\/collectifmdm-idf.org\/2021\/05\/07\/passio\">PASSIO<\/a><br><a href=\"https:\/\/collectifmdm-idf.org\/2021\/05\/06\/sanacore\">SANACORE<\/a><br><a href=\"https:\/\/collectifmdm-idf.org\/2021\/05\/04\/tricord\">TRICORD&#8217;<\/a><br><a href=\"https:\/\/collectifmdm-idf.org\/2021\/05\/03\/trio-lalezar\">TRIO L\u00c2LEZAR<\/a><br><a href=\"https:\/\/collectifmdm-idf.org\/2021\/05\/03\/trio-nawal-ninon-valder-tania-pividori\">TRIO NAWAL, NINON VALDER, TANIA PIVIDORI<\/a><br><a href=\"https:\/\/collectifmdm-idf.org\/2021\/05\/03\/trio-tsuica\">TRIO TSUICA<\/a><br><a href=\"https:\/\/collectifmdm-idf.org\/2021\/05\/02\/vernis-rouge\">VERNIS ROUGE<\/a><br><a href=\"https:\/\/collectifmdm-idf.org\/2021\/05\/02\/vixa\">VIXA<\/a><br><a href=\"https:\/\/collectifmdm-idf.org\/2021\/05\/01\/ziveli-orkestar\">ZIVELI ORKESTAR<\/a><\/p>\n<\/div>\n<\/div>\n\n\n\n<h2 class=\"h2_Lvc2 has-text-color wp-block-heading\" style=\"color:#ef9c62\"><span class=\"has-inline-color has-vivid-red-color\"> <\/span><strong><span style=\"color:#ef9c62\" class=\"has-inline-color\">Maghreb<\/span><\/strong><\/h2>\n\n\n\n<div class=\"wp-block-columns is-layout-flex wp-container-core-columns-is-layout-9d6595d7 wp-block-columns-is-layout-flex\">\n<div class=\"wp-block-column is-layout-flow wp-block-column-is-layout-flow\">\n<p class=\"txt_Lvc2\"><a href=\"https:\/\/collectifmdm-idf.org\/2021\/05\/19\/amzik\">AMZIK<\/a><br><a href=\"https:\/\/collectifmdm-idf.org\/2021\/05\/19\/azawan\">AZAWAN<\/a><br><a href=\"https:\/\/collectifmdm-idf.org\/2021\/05\/15\/fanfarai-street-band\">FANFARA\u00cf STREET BAND<\/a><br><a href=\"https:\/\/collectifmdm-idf.org\/2021\/05\/15\/faouzi-abdennour-groupe\">FAOUZI ABDENNOUR &amp; SON GROUPE<\/a><br><a href=\"https:\/\/collectifmdm-idf.org\/2021\/05\/10\/le-petit-orchestre-de-poche\">LE PETIT ORCHESTRE DE POCHE<\/a><\/p>\n<\/div>\n\n\n\n<div class=\"wp-block-column is-layout-flow wp-block-column-is-layout-flow\">\n<p class=\"txt_Lvc2\"><a href=\"https:\/\/collectifmdm-idf.org\/2021\/05\/06\/sakina-alexia-traore-bouabdellah-khelifi\">SAKINA &#8211; ALEXIA TRAORE &amp; BOUABDELLAH KHELIFI<\/a><br><a href=\"https:\/\/collectifmdm-idf.org\/2021\/05\/06\/samira-brahmia\">SAMIRA BRAHMIA<\/a><br><a href=\"https:\/\/collectifmdm-idf.org\/2021\/05\/05\/sissi-imaziten\">SISSI IMAZITEN<\/a><br><a href=\"https:\/\/collectifmdm-idf.org\/2021\/05\/01\/wissal-alexia-traore-ramz\">WISSAL &#8211; ALEXIA TRAORE &amp; RAMZ<\/a><br><a href=\"https:\/\/collectifmdm-idf.org\/2021\/05\/01\/ziyara\">ZIYARA<\/a><\/p>\n<\/div>\n<\/div>\n\n\n\n<h2 class=\"h2_Lvc2 wp-block-heading\"><span class=\"has-inline-color has-vivid-red-color\"> <\/span><strong><span class=\"has-inline-color has-luminous-vivid-orange-color\">Orient <\/span><\/strong><\/h2>\n\n\n\n<div class=\"wp-block-columns is-layout-flex wp-container-core-columns-is-layout-9d6595d7 wp-block-columns-is-layout-flex\">\n<div class=\"wp-block-column is-layout-flow wp-block-column-is-layout-flow\">\n<p class=\"txt_Lvc2\"><a href=\"https:\/\/collectifmdm-idf.org\/2021\/05\/18\/bedouin-burger\">BEDOUIN BURGER<\/a><br><a href=\"https:\/\/collectifmdm-idf.org\/2021\/05\/16\/duo-chiron-stromboni\">DUO CHIRON STROMBONI<\/a><br><a href=\"https:\/\/collectifmdm-idf.org\/2021\/05\/15\/fanfarai-street-band\">FANFARA\u00cf STREET BAND<\/a><br><a href=\"https:\/\/collectifmdm-idf.org\/2021\/05\/14\/hayea\">HAYEA<\/a><br><a href=\"https:\/\/collectifmdm-idf.org\/2021\/05\/14\/hussam-aliwat\">HUSSAM ALIWAT<\/a><\/p>\n<\/div>\n\n\n\n<div class=\"wp-block-column is-layout-flow wp-block-column-is-layout-flow\">\n<p class=\"txt_Lvc2\"><a href=\"https:\/\/collectifmdm-idf.org\/2021\/05\/10\/le-petit-orchestre-de-poche\">LE PETIT ORCHESTRE DE POCHE<\/a><br><a href=\"https:\/\/collectifmdm-idf.org\/2021\/05\/07\/rusan-filiztek\">RUSAN FILIZTEK<\/a><br><a href=\"https:\/\/collectifmdm-idf.org\/2021\/05\/03\/trio-lalezar\">TRIO L\u00c2LEZAR<\/a><br><a href=\"https:\/\/collectifmdm-idf.org\/2021\/05\/01\/ziyara\">ZIYARA<\/a><\/p>\n<\/div>\n<\/div>\n\n\n\n<h2 class=\"h2_Lvc2 has-light-green-cyan-color has-text-color wp-block-heading\"><span class=\"has-inline-color has-vivid-red-color\"> <\/span><span class=\"has-inline-color has-vivid-green-cyan-color\">Jazz <\/span><\/h2>\n\n\n\n<div class=\"wp-block-columns is-layout-flex wp-container-core-columns-is-layout-9d6595d7 wp-block-columns-is-layout-flex\">\n<div class=\"wp-block-column is-layout-flow wp-block-column-is-layout-flow\">\n<p class=\"txt_Lvc2\"><a href=\"https:\/\/collectifmdm-idf.org\/2021\/05\/19\/abraham-reunion\">ABRAHAM R\u00c9UNION<\/a><br><a href=\"https:\/\/collectifmdm-idf.org\/2021\/05\/19\/arshid-azarine-trio\">ARSHID AZARINE TRIO<\/a><br><a href=\"https:\/\/collectifmdm-idf.org\/2021\/05\/19\/azawan\">AZAWAN<\/a><br><a href=\"https:\/\/collectifmdm-idf.org\/2021\/05\/18\/barhan\">BARHAN<\/a><br><a href=\"https:\/\/collectifmdm-idf.org\/2021\/05\/16\/duo-chiron-stromboni\">DUO CHIRON STROMBOLI<\/a><br><a href=\"https:\/\/collectifmdm-idf.org\/2021\/05\/15\/francois-poitou\">FRAN\u00c7OIS POITOU QUINTET<\/a><br><a href=\"https:\/\/collectifmdm-idf.org\/2021\/05\/14\/helena-recalde\">HELENA RECALDE<\/a><\/p>\n<\/div>\n\n\n\n<div class=\"wp-block-column is-layout-flow wp-block-column-is-layout-flow\">\n<p class=\"txt_Lvc2\"><a href=\"https:\/\/collectifmdm-idf.org\/2021\/05\/14\/hussam-aliwat\">HUSSAM ALIWAT<\/a><br><a href=\"https:\/\/collectifmdm-idf.org\/2021\/05\/11\/komasi\">KOMASI<\/a><br><a href=\"https:\/\/collectifmdm-idf.org\/2021\/05\/11\/korinn\">K\u00d6RINN<\/a><br><a href=\"https:\/\/collectifmdm-idf.org\/2021\/05\/10\/ludivine-issambourg-francois-poitou\">LUDIVINE ISSAMBOURG &amp; FRAN\u00c7OIS POITOU<\/a><br><a href=\"https:\/\/collectifmdm-idf.org\/2021\/05\/09\/manushan\">MANUSHAN<\/a><br><a href=\"https:\/\/collectifmdm-idf.org\/2021\/05\/08\/noe-clerc-trio\">NO\u00c9 CLERC TRIO<\/a><br><a href=\"https:\/\/collectifmdm-idf.org\/2021\/05\/02\/vixa\">VIXA<\/a><\/p>\n<\/div>\n<\/div>\n\n\n\n<div class=\"wp-block-columns is-layout-flex wp-container-core-columns-is-layout-9d6595d7 wp-block-columns-is-layout-flex\">\n<div class=\"wp-block-column is-layout-flow wp-block-column-is-layout-flow\">\n<h2 class=\"h2_Lvc2 wp-block-heading\"><span class=\"has-inline-color has-vivid-green-cyan-color\">Danse<\/span><\/h2>\n\n\n\n<p class=\"txt_Lvc2\"><a href=\"https:\/\/collectifmdm-idf.org\/2021\/05\/17\/cie-ona-tourna-fanny-vignals\">Cie ONA TOURNA &#8211; FANNY VIGNALS<\/a><br><a href=\"https:\/\/collectifmdm-idf.org\/2021\/05\/13\/isabelle-anna-cie-kaleidansscop\">ISABELLE ANNA &#8211; Cie KALEIDANS&#8217;SCOP<\/a><br><a href=\"https:\/\/collectifmdm-idf.org\/2021\/05\/06\/sakina-alexia-traore-bouabdellah-khelifi\">SAKINA &#8211; ALEXIA TRAORE &amp; BOUABDELLAH KHELIFI<\/a><br><a href=\"https:\/\/collectifmdm-idf.org\/2021\/05\/05\/sonni-alexia-traore-bakary-diarra\">S\u00d6NNI &#8211; ALEXIA TRAORE &amp; BAKARY DIARRA<\/a><br><a href=\"https:\/\/collectifmdm-idf.org\/2021\/05\/04\/tio-percussion\">TIO PERCUSSION<\/a><br><a href=\"https:\/\/collectifmdm-idf.org\/2021\/05\/03\/trio-dafrique\">TRIO D&#8217;AFRIQUE<\/a><br><a href=\"https:\/\/collectifmdm-idf.org\/2021\/05\/01\/wissal-alexia-traore-ramz\">WISSAL &#8211; ALEXIA TRAORE &amp; RAMZ<\/a><\/p>\n<\/div>\n\n\n\n<div class=\"wp-block-column is-layout-flow wp-block-column-is-layout-flow\">\n<h2 class=\"h2_Lvc2 wp-block-heading\"><span class=\"has-inline-color has-vivid-green-cyan-color\">D\u00e9ambulation<\/span><\/h2>\n\n\n\n<p class=\"txt_Lvc2\"><a href=\"https:\/\/collectifmdm-idf.org\/2021\/05\/18\/balaphonics\">BALAPHONICS<\/a><br><a href=\"https:\/\/collectifmdm-idf.org\/2021\/05\/15\/fanfarai-street-band\">FANFARA\u00cf STREET BAND<\/a><br><a href=\"https:\/\/collectifmdm-idf.org\/2021\/05\/05\/sonni-alexia-traore-bakary-diarra\">S\u00d6NNI &#8211; ALEXIA TRAORE &amp; BAKARY DIARRA<\/a><br><a href=\"https:\/\/collectifmdm-idf.org\/2021\/05\/05\/stepping-out\">STEPPING OUT<\/a><br><a href=\"https:\/\/collectifmdm-idf.org\/2021\/05\/01\/ziyara\">ZIYARA<\/a><\/p>\n<\/div>\n<\/div>\n\n\n\n<div class=\"wp-block-columns is-layout-flex wp-container-core-columns-is-layout-9d6595d7 wp-block-columns-is-layout-flex\">\n<div class=\"wp-block-column is-layout-flow wp-block-column-is-layout-flow\">\n<h2 class=\"h2_Lvc2 wp-block-heading\"><span class=\"has-inline-color has-vivid-green-cyan-color\">Bal <\/span><\/h2>\n\n\n\n<p class=\"txt_Lvc2\"><a href=\"https:\/\/collectifmdm-idf.org\/2021\/05\/17\/corentin-boizot-blaise\">CORENTIN BOIZOT-BLAISE<\/a><br><a href=\"https:\/\/collectifmdm-idf.org\/2021\/05\/10\/le-petit-orchestre-de-poche\">LE PETIT ORCHESTRE DE POCHE<\/a><br><a href=\"https:\/\/collectifmdm-idf.org\/2021\/05\/09\/mordrouz\">MORDROUZ<\/a><\/p>\n<\/div>\n\n\n\n<div class=\"wp-block-column is-layout-flow wp-block-column-is-layout-flow\">\n<h2 class=\"h2_Lvc2 wp-block-heading\"><span class=\"has-inline-color has-vivid-green-cyan-color\">Conte<\/span><\/h2>\n\n\n\n<p class=\"txt_Lvc2\"><a href=\"https:\/\/collectifmdm-idf.org\/2021\/05\/17\/contes-dasie-isabelle-genlis\">CONTES D&#8217;ASIE &#8211; ISABELLE GENLIS<\/a><br><a href=\"https:\/\/collectifmdm-idf.org\/2021\/05\/14\/hiembi-kristo-numpuby\">HIEMBI &#8211; KRISTO NUMPUBY<\/a><br><a href=\"https:\/\/collectifmdm-idf.org\/2021\/05\/05\/sylvie-mombo\">SYLVIE MOMBO<\/a><\/p>\n<\/div>\n<\/div>\n\n\n\n<div class=\"wp-block-columns is-layout-flex wp-container-core-columns-is-layout-9d6595d7 wp-block-columns-is-layout-flex\">\n<div class=\"wp-block-column is-layout-flow wp-block-column-is-layout-flow\">\n<h2 class=\"h2_Lvc2 wp-block-heading\"><span class=\"has-inline-color has-vivid-green-cyan-color\">\u00c9lectro<\/span><\/h2>\n\n\n\n<p class=\"txt_Lvc2\"><a href=\"https:\/\/collectifmdm-idf.org\/2021\/05\/18\/bedouin-burger\">BEDOUIN BURGER<\/a><br><a href=\"https:\/\/collectifmdm-idf.org\/2021\/05\/17\/coreysan\">COREYSAN<\/a><\/p>\n<\/div>\n\n\n\n<div class=\"wp-block-column is-layout-flow wp-block-column-is-layout-flow\">\n<h2 class=\"h2_Lvc2 wp-block-heading\"><span class=\"has-inline-color has-vivid-green-cyan-color\">Conf\u00e9rence<\/span><\/h2>\n\n\n\n<p class=\"txt_Lvc2\"><a href=\"https:\/\/collectifmdm-idf.org\/2021\/05\/04\/tatiana-lambolez\">TATIANA LAMBOLEZ<\/a><\/p>\n<\/div>\n<\/div>\n\n\n\n<h2 class=\"h2_Lvc2 wp-block-heading\" id=\"liste80\">D\u00e9couvrez les 80 propositions  artistiques<\/h2>\n\n\n\n<div class=\"wp-block-columns is-layout-flex wp-container-core-columns-is-layout-9d6595d7 wp-block-columns-is-layout-flex\">\n<div class=\"wp-block-column is-layout-flow wp-block-column-is-layout-flow\">\n<div class=\"wp-block-media-text alignwide is-stacked-on-mobile\" style=\"grid-template-columns:28% auto\"><figure class=\"wp-block-media-text__media\"><img fetchpriority=\"high\" decoding=\"async\" width=\"1024\" height=\"587\" src=\"https:\/\/collectifmdm-idf.org\/wp-content\/uploads\/2021\/05\/Abraham_Reunion-1_gd-1024x587.jpg\" alt=\"Abraham Reunion\" class=\"wp-image-2695 size-full\" srcset=\"https:\/\/collectifmdm-idf.org\/annuaire5\/wp-content\/uploads\/2021\/05\/Abraham_Reunion-1_gd-1024x587.jpg 1024w, https:\/\/collectifmdm-idf.org\/annuaire5\/wp-content\/uploads\/2021\/05\/Abraham_Reunion-1_gd-300x172.jpg 300w, https:\/\/collectifmdm-idf.org\/annuaire5\/wp-content\/uploads\/2021\/05\/Abraham_Reunion-1_gd-768x440.jpg 768w, https:\/\/collectifmdm-idf.org\/annuaire5\/wp-content\/uploads\/2021\/05\/Abraham_Reunion-1_gd.jpg 1153w\" sizes=\"(max-width: 1024px) 100vw, 1024px\" \/><\/figure><div class=\"wp-block-media-text__content\">\n<div class=\"wp-block-buttons is-layout-flex wp-block-buttons-is-layout-flex\">\n<div class=\"wp-block-button has-custom-width wp-block-button__width-100 is-style-fill txt_Lvc2\"><a class=\"wp-block-button__link has-background\" href=\"https:\/\/collectifmdm-idf.org\/2021\/05\/19\/abraham-reunion\" style=\"border-radius:25px;background:linear-gradient(135deg,rgb(252,185,0) 0%,rgb(255,232,0) 100%)\">ABRAHAM R\u00c9UNION<br>Jazz carib\u00e9en<\/a><\/div>\n<\/div>\n<\/div><\/div>\n<\/div>\n\n\n\n<div class=\"wp-block-column is-layout-flow wp-block-column-is-layout-flow\">\n<div class=\"wp-block-media-text alignwide is-stacked-on-mobile\" style=\"grid-template-columns:28% auto\"><figure class=\"wp-block-media-text__media\"><img decoding=\"async\" width=\"1024\" height=\"576\" src=\"https:\/\/collectifmdm-idf.org\/wp-content\/uploads\/2021\/05\/Alfonz_Band-01_gd-1024x576.jpg\" alt=\"ALFONZ BAND\" class=\"wp-image-2896 size-full\" srcset=\"https:\/\/collectifmdm-idf.org\/annuaire5\/wp-content\/uploads\/2021\/05\/Alfonz_Band-01_gd-1024x576.jpg 1024w, https:\/\/collectifmdm-idf.org\/annuaire5\/wp-content\/uploads\/2021\/05\/Alfonz_Band-01_gd-300x169.jpg 300w, https:\/\/collectifmdm-idf.org\/annuaire5\/wp-content\/uploads\/2021\/05\/Alfonz_Band-01_gd-768x432.jpg 768w, https:\/\/collectifmdm-idf.org\/annuaire5\/wp-content\/uploads\/2021\/05\/Alfonz_Band-01_gd.jpg 1200w\" sizes=\"(max-width: 1024px) 100vw, 1024px\" \/><\/figure><div class=\"wp-block-media-text__content\">\n<div class=\"wp-block-buttons is-layout-flex wp-block-buttons-is-layout-flex\">\n<div class=\"wp-block-button has-custom-width wp-block-button__width-100 is-style-fill txt_Lvc2\"><a class=\"wp-block-button__link has-blush-light-purple-gradient-background has-background\" href=\"https:\/\/collectifmdm-idf.org\/2021\/05\/19\/alfonz-band\" style=\"border-radius:25px\">ALFONZ BAND<br>Fiesta vagabonde<\/a><\/div>\n<\/div>\n<\/div><\/div>\n<\/div>\n<\/div>\n\n\n\n<div class=\"wp-block-columns is-layout-flex wp-container-core-columns-is-layout-9d6595d7 wp-block-columns-is-layout-flex\">\n<div class=\"wp-block-column is-layout-flow wp-block-column-is-layout-flow\">\n<div class=\"wp-block-media-text alignwide is-stacked-on-mobile\" style=\"grid-template-columns:28% auto\"><figure class=\"wp-block-media-text__media\"><img decoding=\"async\" width=\"1024\" height=\"501\" src=\"https:\/\/collectifmdm-idf.org\/wp-content\/uploads\/2021\/05\/Amzik_01_gd-1-1024x501.jpg\" alt=\"AMZIK\" class=\"wp-image-2797 size-full\" srcset=\"https:\/\/collectifmdm-idf.org\/annuaire5\/wp-content\/uploads\/2021\/05\/Amzik_01_gd-1-1024x501.jpg 1024w, https:\/\/collectifmdm-idf.org\/annuaire5\/wp-content\/uploads\/2021\/05\/Amzik_01_gd-1-300x147.jpg 300w, https:\/\/collectifmdm-idf.org\/annuaire5\/wp-content\/uploads\/2021\/05\/Amzik_01_gd-1-768x376.jpg 768w, https:\/\/collectifmdm-idf.org\/annuaire5\/wp-content\/uploads\/2021\/05\/Amzik_01_gd-1.jpg 1200w\" sizes=\"(max-width: 1024px) 100vw, 1024px\" \/><\/figure><div class=\"wp-block-media-text__content\">\n<div class=\"wp-block-buttons is-layout-flex wp-block-buttons-is-layout-flex\">\n<div class=\"wp-block-button has-custom-width wp-block-button__width-100 is-style-fill txt_Lvc2\"><a class=\"wp-block-button__link has-luminous-vivid-amber-to-luminous-vivid-orange-gradient-background has-background\" href=\"https:\/\/collectifmdm-idf.org\/2021\/05\/19\/amzik\" style=\"border-radius:25px\">AMZIK<br>Chanson folk kabyle<\/a><\/div>\n<\/div>\n<\/div><\/div>\n<\/div>\n\n\n\n<div class=\"wp-block-column is-layout-flow wp-block-column-is-layout-flow\">\n<div class=\"wp-block-media-text alignwide is-stacked-on-mobile\" style=\"grid-template-columns:28% auto\"><figure class=\"wp-block-media-text__media\"><img loading=\"lazy\" decoding=\"async\" width=\"1024\" height=\"683\" src=\"https:\/\/collectifmdm-idf.org\/wp-content\/uploads\/2021\/05\/ARGUSAN-04_gd-1024x683.jpg\" alt=\"ARGUSAN\" class=\"wp-image-2751 size-full\" srcset=\"https:\/\/collectifmdm-idf.org\/annuaire5\/wp-content\/uploads\/2021\/05\/ARGUSAN-04_gd-1024x683.jpg 1024w, https:\/\/collectifmdm-idf.org\/annuaire5\/wp-content\/uploads\/2021\/05\/ARGUSAN-04_gd-300x200.jpg 300w, https:\/\/collectifmdm-idf.org\/annuaire5\/wp-content\/uploads\/2021\/05\/ARGUSAN-04_gd-768x512.jpg 768w, https:\/\/collectifmdm-idf.org\/annuaire5\/wp-content\/uploads\/2021\/05\/ARGUSAN-04_gd.jpg 1200w\" sizes=\"(max-width: 1024px) 100vw, 1024px\" \/><\/figure><div class=\"wp-block-media-text__content\">\n<div class=\"wp-block-buttons is-layout-flex wp-block-buttons-is-layout-flex\">\n<div class=\"wp-block-button has-custom-width wp-block-button__width-100 is-style-fill txt_Lvc2\"><a class=\"wp-block-button__link has-blush-bordeaux-gradient-background has-background\" href=\"https:\/\/collectifmdm-idf.org\/2021\/05\/19\/argusan\" style=\"border-radius:25px\">ARGUSAN<br>Magie de la Mongolie<\/a><\/div>\n<\/div>\n<\/div><\/div>\n<\/div>\n<\/div>\n\n\n\n<div class=\"wp-block-columns is-layout-flex wp-container-core-columns-is-layout-9d6595d7 wp-block-columns-is-layout-flex\">\n<div class=\"wp-block-column is-layout-flow wp-block-column-is-layout-flow\">\n<div class=\"wp-block-media-text alignwide is-stacked-on-mobile\" style=\"grid-template-columns:28% auto\"><figure class=\"wp-block-media-text__media\"><img loading=\"lazy\" decoding=\"async\" width=\"1024\" height=\"565\" src=\"https:\/\/collectifmdm-idf.org\/wp-content\/uploads\/2021\/05\/ARSHID_AZARDINE-1_gd-1024x565.jpg\" alt=\"ARSHID AZARINE TRIO\" class=\"wp-image-2898 size-full\" srcset=\"https:\/\/collectifmdm-idf.org\/annuaire5\/wp-content\/uploads\/2021\/05\/ARSHID_AZARDINE-1_gd-1024x565.jpg 1024w, https:\/\/collectifmdm-idf.org\/annuaire5\/wp-content\/uploads\/2021\/05\/ARSHID_AZARDINE-1_gd-300x166.jpg 300w, https:\/\/collectifmdm-idf.org\/annuaire5\/wp-content\/uploads\/2021\/05\/ARSHID_AZARDINE-1_gd-768x424.jpg 768w, https:\/\/collectifmdm-idf.org\/annuaire5\/wp-content\/uploads\/2021\/05\/ARSHID_AZARDINE-1_gd.jpg 1200w\" sizes=\"(max-width: 1024px) 100vw, 1024px\" \/><\/figure><div class=\"wp-block-media-text__content\">\n<div class=\"wp-block-buttons is-layout-flex wp-block-buttons-is-layout-flex\">\n<div class=\"wp-block-button has-custom-width wp-block-button__width-100 is-style-fill txt_Lvc2\"><a class=\"wp-block-button__link has-luminous-vivid-amber-to-luminous-vivid-orange-gradient-background has-background\" href=\"https:\/\/collectifmdm-idf.org\/2021\/05\/19\/arshid-azarine-trio\" style=\"border-radius:25px\">ARSHID AZARINE TRIO<br>Jazz iranien<\/a><\/div>\n<\/div>\n<\/div><\/div>\n<\/div>\n\n\n\n<div class=\"wp-block-column is-layout-flow wp-block-column-is-layout-flow\">\n<div class=\"wp-block-media-text alignwide is-stacked-on-mobile\" style=\"grid-template-columns:28% auto\"><figure class=\"wp-block-media-text__media\"><img loading=\"lazy\" decoding=\"async\" width=\"1024\" height=\"683\" src=\"https:\/\/collectifmdm-idf.org\/wp-content\/uploads\/2021\/05\/AZAWAN-01_gd-1024x683.jpg\" alt=\"Azawan\" class=\"wp-image-2864 size-full\" srcset=\"https:\/\/collectifmdm-idf.org\/annuaire5\/wp-content\/uploads\/2021\/05\/AZAWAN-01_gd-1024x683.jpg 1024w, https:\/\/collectifmdm-idf.org\/annuaire5\/wp-content\/uploads\/2021\/05\/AZAWAN-01_gd-300x200.jpg 300w, https:\/\/collectifmdm-idf.org\/annuaire5\/wp-content\/uploads\/2021\/05\/AZAWAN-01_gd-768x512.jpg 768w, https:\/\/collectifmdm-idf.org\/annuaire5\/wp-content\/uploads\/2021\/05\/AZAWAN-01_gd.jpg 1200w\" sizes=\"(max-width: 1024px) 100vw, 1024px\" \/><\/figure><div class=\"wp-block-media-text__content\">\n<div class=\"wp-block-buttons is-layout-flex wp-block-buttons-is-layout-flex\">\n<div class=\"wp-block-button has-custom-width wp-block-button__width-100 is-style-fill txt_Lvc2\"><a class=\"wp-block-button__link has-luminous-vivid-amber-to-luminous-vivid-orange-gradient-background has-background\" href=\"https:\/\/collectifmdm-idf.org\/2021\/05\/19\/azawan\" style=\"border-radius:25px\">AZAWAN<br>Jazz &amp; cha\u00e2bi<\/a><\/div>\n<\/div>\n<\/div><\/div>\n<\/div>\n<\/div>\n\n\n\n<div class=\"wp-block-columns is-layout-flex wp-container-core-columns-is-layout-9d6595d7 wp-block-columns-is-layout-flex\">\n<div class=\"wp-block-column is-layout-flow wp-block-column-is-layout-flow\">\n<div class=\"wp-block-media-text alignwide is-stacked-on-mobile\" style=\"grid-template-columns:28% auto\"><figure class=\"wp-block-media-text__media\"><img loading=\"lazy\" decoding=\"async\" width=\"1024\" height=\"768\" src=\"https:\/\/collectifmdm-idf.org\/wp-content\/uploads\/2021\/05\/BABACAR_FAYE-01_gd-1024x768.jpg\" alt=\"\" class=\"wp-image-2538 size-full\" srcset=\"https:\/\/collectifmdm-idf.org\/annuaire5\/wp-content\/uploads\/2021\/05\/BABACAR_FAYE-01_gd-1024x768.jpg 1024w, https:\/\/collectifmdm-idf.org\/annuaire5\/wp-content\/uploads\/2021\/05\/BABACAR_FAYE-01_gd-300x225.jpg 300w, https:\/\/collectifmdm-idf.org\/annuaire5\/wp-content\/uploads\/2021\/05\/BABACAR_FAYE-01_gd-768x576.jpg 768w, https:\/\/collectifmdm-idf.org\/annuaire5\/wp-content\/uploads\/2021\/05\/BABACAR_FAYE-01_gd.jpg 1200w\" sizes=\"(max-width: 1024px) 100vw, 1024px\" \/><\/figure><div class=\"wp-block-media-text__content\">\n<div class=\"wp-block-buttons is-layout-flex wp-block-buttons-is-layout-flex\">\n<div class=\"wp-block-button has-custom-width wp-block-button__width-100 is-style-fill txt_Lvc2\"><a class=\"wp-block-button__link has-midnight-gradient-background has-background\" href=\"https:\/\/collectifmdm-idf.org\/2021\/05\/18\/babacar-faye-bayefall-toubab\/\" style=\"border-radius:25px\">BABACAR FAYE &amp; BAYEFALL TOUBAB Afro Mix Cit\u00e9<\/a><\/div>\n<\/div>\n<\/div><\/div>\n<\/div>\n\n\n\n<div class=\"wp-block-column is-layout-flow wp-block-column-is-layout-flow\">\n<div class=\"wp-block-media-text alignwide is-stacked-on-mobile\" style=\"grid-template-columns:28% auto\"><figure class=\"wp-block-media-text__media\"><img loading=\"lazy\" decoding=\"async\" width=\"750\" height=\"350\" src=\"https:\/\/collectifmdm-idf.org\/wp-content\/uploads\/2021\/05\/BAKOSO-1-e1621266574227.jpg\" alt=\"Bakoso - VOIX ET RYTHMES LATINOS\" class=\"wp-image-2481 size-full\" srcset=\"https:\/\/collectifmdm-idf.org\/annuaire5\/wp-content\/uploads\/2021\/05\/BAKOSO-1-e1621266574227.jpg 750w, https:\/\/collectifmdm-idf.org\/annuaire5\/wp-content\/uploads\/2021\/05\/BAKOSO-1-e1621266574227-300x140.jpg 300w, https:\/\/collectifmdm-idf.org\/annuaire5\/wp-content\/uploads\/2021\/05\/BAKOSO-1-e1621266574227-642x300.jpg 642w\" sizes=\"(max-width: 750px) 100vw, 750px\" \/><\/figure><div class=\"wp-block-media-text__content\">\n<div class=\"wp-block-buttons is-layout-flex wp-block-buttons-is-layout-flex\">\n<div class=\"wp-block-button has-custom-width wp-block-button__width-100 is-style-fill txt_Lvc2\"><a class=\"wp-block-button__link has-background\" href=\"https:\/\/collectifmdm-idf.org\/2021\/05\/18\/bakoso\" style=\"border-radius:25px;background:linear-gradient(135deg,rgb(252,185,0) 0%,rgb(255,232,0) 100%)\">BAKOSO<br>Rythmes latinos<\/a><\/div>\n<\/div>\n<\/div><\/div>\n<\/div>\n<\/div>\n\n\n\n<div class=\"wp-block-columns is-layout-flex wp-container-core-columns-is-layout-9d6595d7 wp-block-columns-is-layout-flex\">\n<div class=\"wp-block-column is-layout-flow wp-block-column-is-layout-flow\">\n<div class=\"wp-block-media-text alignwide is-stacked-on-mobile\" style=\"grid-template-columns:28% auto\"><figure class=\"wp-block-media-text__media\"><img loading=\"lazy\" decoding=\"async\" width=\"1024\" height=\"622\" src=\"https:\/\/collectifmdm-idf.org\/wp-content\/uploads\/2021\/05\/BALAPHONICS-01.jpeg_gd-1024x622.jpg\" alt=\"BALAPHONICS\" class=\"wp-image-3032 size-full\" srcset=\"https:\/\/collectifmdm-idf.org\/annuaire5\/wp-content\/uploads\/2021\/05\/BALAPHONICS-01.jpeg_gd-1024x622.jpg 1024w, https:\/\/collectifmdm-idf.org\/annuaire5\/wp-content\/uploads\/2021\/05\/BALAPHONICS-01.jpeg_gd-300x182.jpg 300w, https:\/\/collectifmdm-idf.org\/annuaire5\/wp-content\/uploads\/2021\/05\/BALAPHONICS-01.jpeg_gd-768x467.jpg 768w, https:\/\/collectifmdm-idf.org\/annuaire5\/wp-content\/uploads\/2021\/05\/BALAPHONICS-01.jpeg_gd.jpg 1200w\" sizes=\"(max-width: 1024px) 100vw, 1024px\" \/><\/figure><div class=\"wp-block-media-text__content\">\n<div class=\"wp-block-buttons is-layout-flex wp-block-buttons-is-layout-flex\">\n<div class=\"wp-block-button has-custom-width wp-block-button__width-100 is-style-fill txt_Lvc2\"><a class=\"wp-block-button__link has-light-green-cyan-to-vivid-green-cyan-gradient-background has-background\" href=\"https:\/\/collectifmdm-idf.org\/2021\/05\/18\/balaphonics\" style=\"border-radius:25px\">BALAPHONICS <br> Fanfare Afro-fusion<\/a><\/div>\n<\/div>\n<\/div><\/div>\n<\/div>\n\n\n\n<div class=\"wp-block-column is-layout-flow wp-block-column-is-layout-flow\">\n<div class=\"wp-block-media-text alignwide is-stacked-on-mobile\" style=\"grid-template-columns:28% auto\"><figure class=\"wp-block-media-text__media\"><img loading=\"lazy\" decoding=\"async\" width=\"1024\" height=\"650\" src=\"https:\/\/collectifmdm-idf.org\/wp-content\/uploads\/2021\/05\/BARHAN-01_band_gd-1024x650.jpg\" alt=\"BARHAN\" class=\"wp-image-2779 size-full\" srcset=\"https:\/\/collectifmdm-idf.org\/annuaire5\/wp-content\/uploads\/2021\/05\/BARHAN-01_band_gd-1024x650.jpg 1024w, https:\/\/collectifmdm-idf.org\/annuaire5\/wp-content\/uploads\/2021\/05\/BARHAN-01_band_gd-300x191.jpg 300w, https:\/\/collectifmdm-idf.org\/annuaire5\/wp-content\/uploads\/2021\/05\/BARHAN-01_band_gd-768x488.jpg 768w, https:\/\/collectifmdm-idf.org\/annuaire5\/wp-content\/uploads\/2021\/05\/BARHAN-01_band_gd.jpg 1200w\" sizes=\"(max-width: 1024px) 100vw, 1024px\" \/><\/figure><div class=\"wp-block-media-text__content\">\n<div class=\"wp-block-buttons is-layout-flex wp-block-buttons-is-layout-flex\">\n<div class=\"wp-block-button has-custom-width wp-block-button__width-100 is-style-fill txt_Lvc2\"><a class=\"wp-block-button__link has-midnight-gradient-background has-background\" href=\"https:\/\/collectifmdm-idf.org\/2021\/05\/18\/barhan\" style=\"border-radius:25px\">BARHAN<br>Afro-funk jazzy<\/a><\/div>\n<\/div>\n<\/div><\/div>\n<\/div>\n<\/div>\n\n\n\n<div class=\"wp-block-columns is-layout-flex wp-container-core-columns-is-layout-9d6595d7 wp-block-columns-is-layout-flex\">\n<div class=\"wp-block-column is-layout-flow wp-block-column-is-layout-flow\">\n<div class=\"wp-block-media-text alignwide is-stacked-on-mobile\" style=\"grid-template-columns:28% auto\"><figure class=\"wp-block-media-text__media\"><img loading=\"lazy\" decoding=\"async\" width=\"1024\" height=\"680\" src=\"https:\/\/collectifmdm-idf.org\/wp-content\/uploads\/2021\/05\/Bedouin_Burger-1_gd-1024x680.jpg\" alt=\"Bedouin Burger\" class=\"wp-image-2851 size-full\" srcset=\"https:\/\/collectifmdm-idf.org\/annuaire5\/wp-content\/uploads\/2021\/05\/Bedouin_Burger-1_gd-1024x680.jpg 1024w, https:\/\/collectifmdm-idf.org\/annuaire5\/wp-content\/uploads\/2021\/05\/Bedouin_Burger-1_gd-300x199.jpg 300w, https:\/\/collectifmdm-idf.org\/annuaire5\/wp-content\/uploads\/2021\/05\/Bedouin_Burger-1_gd-768x510.jpg 768w, https:\/\/collectifmdm-idf.org\/annuaire5\/wp-content\/uploads\/2021\/05\/Bedouin_Burger-1_gd.jpg 1200w\" sizes=\"(max-width: 1024px) 100vw, 1024px\" \/><\/figure><div class=\"wp-block-media-text__content\">\n<div class=\"wp-block-buttons is-layout-flex wp-block-buttons-is-layout-flex\">\n<div class=\"wp-block-button has-custom-width wp-block-button__width-100 is-style-fill txt_Lvc2\"><a class=\"wp-block-button__link has-luminous-vivid-amber-to-luminous-vivid-orange-gradient-background has-background\" href=\"https:\/\/collectifmdm-idf.org\/2021\/05\/18\/bedouin-burger\" style=\"border-radius:25px\">BEDOUIN BURGER<br> M\u00e9lodies \u00e9lectrorientales<\/a><\/div>\n<\/div>\n<\/div><\/div>\n<\/div>\n\n\n\n<div class=\"wp-block-column is-layout-flow wp-block-column-is-layout-flow\">\n<div class=\"wp-block-media-text alignwide is-stacked-on-mobile\" style=\"grid-template-columns:28% auto\"><figure class=\"wp-block-media-text__media\"><img loading=\"lazy\" decoding=\"async\" width=\"1024\" height=\"650\" src=\"https:\/\/collectifmdm-idf.org\/wp-content\/uploads\/2021\/05\/BARHAN-01_band_gd-1024x650.jpg\" alt=\"BARHAN\" class=\"wp-image-2779 size-full\" srcset=\"https:\/\/collectifmdm-idf.org\/annuaire5\/wp-content\/uploads\/2021\/05\/BARHAN-01_band_gd-1024x650.jpg 1024w, https:\/\/collectifmdm-idf.org\/annuaire5\/wp-content\/uploads\/2021\/05\/BARHAN-01_band_gd-300x191.jpg 300w, https:\/\/collectifmdm-idf.org\/annuaire5\/wp-content\/uploads\/2021\/05\/BARHAN-01_band_gd-768x488.jpg 768w, https:\/\/collectifmdm-idf.org\/annuaire5\/wp-content\/uploads\/2021\/05\/BARHAN-01_band_gd.jpg 1200w\" sizes=\"(max-width: 1024px) 100vw, 1024px\" \/><\/figure><div class=\"wp-block-media-text__content\">\n<div class=\"wp-block-buttons is-layout-flex wp-block-buttons-is-layout-flex\">\n<div class=\"wp-block-button has-custom-width wp-block-button__width-100 is-style-fill txt_Lvc2\"><a class=\"wp-block-button__link has-background\" href=\"https:\/\/collectifmdm-idf.org\/2021\/05\/17\/camerata-de-renato-velasco\" style=\"border-radius:25px;background:linear-gradient(135deg,rgb(252,185,0) 0%,rgb(255,232,0) 100%)\">CAMERATA DE RENATO VELASCO<br>Guitare br\u00e9silienne<\/a><\/div>\n<\/div>\n<\/div><\/div>\n<\/div>\n<\/div>\n\n\n\n<div class=\"wp-block-columns is-layout-flex wp-container-core-columns-is-layout-9d6595d7 wp-block-columns-is-layout-flex\">\n<div class=\"wp-block-column is-layout-flow wp-block-column-is-layout-flow\">\n<div class=\"wp-block-media-text alignwide is-stacked-on-mobile\" style=\"grid-template-columns:28% auto\"><figure class=\"wp-block-media-text__media\"><img loading=\"lazy\" decoding=\"async\" width=\"1024\" height=\"579\" src=\"https:\/\/collectifmdm-idf.org\/wp-content\/uploads\/2021\/05\/Ona_Tourna-05_gd-1024x579.jpg\" alt=\"Cie Ona Tourna - FANNY VIGNALS\" class=\"wp-image-2541 size-full\" srcset=\"https:\/\/collectifmdm-idf.org\/annuaire5\/wp-content\/uploads\/2021\/05\/Ona_Tourna-05_gd-1024x579.jpg 1024w, https:\/\/collectifmdm-idf.org\/annuaire5\/wp-content\/uploads\/2021\/05\/Ona_Tourna-05_gd-300x170.jpg 300w, https:\/\/collectifmdm-idf.org\/annuaire5\/wp-content\/uploads\/2021\/05\/Ona_Tourna-05_gd-768x435.jpg 768w, https:\/\/collectifmdm-idf.org\/annuaire5\/wp-content\/uploads\/2021\/05\/Ona_Tourna-05_gd.jpg 1200w\" sizes=\"(max-width: 1024px) 100vw, 1024px\" \/><\/figure><div class=\"wp-block-media-text__content\">\n<div class=\"wp-block-buttons is-layout-flex wp-block-buttons-is-layout-flex\">\n<div class=\"wp-block-button has-custom-width wp-block-button__width-100 is-style-fill txt_Lvc2\"><a class=\"wp-block-button__link has-light-green-cyan-to-vivid-green-cyan-gradient-background has-background\" href=\"https:\/\/collectifmdm-idf.org\/2021\/05\/17\/cie-ona-tourna-fanny-vignals\" style=\"border-radius:25px\">Cie ONA TOURNA &#8211; FANNY VIGNALS Danse camdomble<\/a><\/div>\n<\/div>\n<\/div><\/div>\n<\/div>\n\n\n\n<div class=\"wp-block-column is-layout-flow wp-block-column-is-layout-flow\">\n<div class=\"wp-block-media-text alignwide is-stacked-on-mobile\" style=\"grid-template-columns:28% auto\"><figure class=\"wp-block-media-text__media\"><img loading=\"lazy\" decoding=\"async\" width=\"1024\" height=\"667\" src=\"https:\/\/collectifmdm-idf.org\/wp-content\/uploads\/2021\/05\/Isabelle_GENLIS-01-et-Fumie_gd-1024x667.jpg\" alt=\"ISABELLE GENLIS - CONTES D'ASIE\" class=\"wp-image-2787 size-full\" srcset=\"https:\/\/collectifmdm-idf.org\/annuaire5\/wp-content\/uploads\/2021\/05\/Isabelle_GENLIS-01-et-Fumie_gd-1024x667.jpg 1024w, https:\/\/collectifmdm-idf.org\/annuaire5\/wp-content\/uploads\/2021\/05\/Isabelle_GENLIS-01-et-Fumie_gd-300x196.jpg 300w, https:\/\/collectifmdm-idf.org\/annuaire5\/wp-content\/uploads\/2021\/05\/Isabelle_GENLIS-01-et-Fumie_gd-768x500.jpg 768w, https:\/\/collectifmdm-idf.org\/annuaire5\/wp-content\/uploads\/2021\/05\/Isabelle_GENLIS-01-et-Fumie_gd.jpg 1200w\" sizes=\"(max-width: 1024px) 100vw, 1024px\" \/><\/figure><div class=\"wp-block-media-text__content\">\n<div class=\"wp-block-buttons is-layout-flex wp-block-buttons-is-layout-flex\">\n<div class=\"wp-block-button has-custom-width wp-block-button__width-100 is-style-fill txt_Lvc2\"><a class=\"wp-block-button__link has-light-green-cyan-to-vivid-green-cyan-gradient-background has-background\" href=\"https:\/\/collectifmdm-idf.org\/2021\/05\/17\/contes-dasie-isabelle-genlis\" style=\"border-radius:25px\">CONTES &amp; SONS D&#8217;ASIE<br>Isabelle Genlis<\/a><\/div>\n<\/div>\n<\/div><\/div>\n<\/div>\n<\/div>\n\n\n\n<div class=\"wp-block-columns is-layout-flex wp-container-core-columns-is-layout-9d6595d7 wp-block-columns-is-layout-flex\">\n<div class=\"wp-block-column is-layout-flow wp-block-column-is-layout-flow\">\n<div class=\"wp-block-media-text alignwide is-stacked-on-mobile\" style=\"grid-template-columns:28% auto\"><figure class=\"wp-block-media-text__media\"><img loading=\"lazy\" decoding=\"async\" width=\"1024\" height=\"701\" src=\"https:\/\/collectifmdm-idf.org\/wp-content\/uploads\/2021\/05\/Corentin_BB-01_gd-e1621855809990-1024x701.jpg\" alt=\"CORENTIN BOIZOT-BLAISE\" class=\"wp-image-2781 size-full\" srcset=\"https:\/\/collectifmdm-idf.org\/annuaire5\/wp-content\/uploads\/2021\/05\/Corentin_BB-01_gd-e1621855809990-1024x701.jpg 1024w, https:\/\/collectifmdm-idf.org\/annuaire5\/wp-content\/uploads\/2021\/05\/Corentin_BB-01_gd-e1621855809990-300x205.jpg 300w, https:\/\/collectifmdm-idf.org\/annuaire5\/wp-content\/uploads\/2021\/05\/Corentin_BB-01_gd-e1621855809990-768x526.jpg 768w, https:\/\/collectifmdm-idf.org\/annuaire5\/wp-content\/uploads\/2021\/05\/Corentin_BB-01_gd-e1621855809990.jpg 1170w\" sizes=\"(max-width: 1024px) 100vw, 1024px\" \/><\/figure><div class=\"wp-block-media-text__content\">\n<div class=\"wp-block-buttons is-layout-flex wp-block-buttons-is-layout-flex\">\n<div class=\"wp-block-button has-custom-width wp-block-button__width-100 is-style-fill txt_Lvc2\"><a class=\"wp-block-button__link has-light-green-cyan-to-vivid-green-cyan-gradient-background has-background\" href=\"https:\/\/collectifmdm-idf.org\/2021\/05\/17\/corentin-boizot-blaise\" style=\"border-radius:25px\">CORENTIN BOIZOT-BLAISE<br> Violoneux du Qu\u00e9bec et Poitou<\/a><\/div>\n<\/div>\n<\/div><\/div>\n<\/div>\n\n\n\n<div class=\"wp-block-column is-layout-flow wp-block-column-is-layout-flow\">\n<div class=\"wp-block-media-text alignwide is-stacked-on-mobile\" style=\"grid-template-columns:28% auto\"><figure class=\"wp-block-media-text__media\"><img loading=\"lazy\" decoding=\"async\" width=\"1024\" height=\"683\" src=\"https:\/\/collectifmdm-idf.org\/wp-content\/uploads\/2021\/05\/COREYSAN_1_gd-1024x683.jpg\" alt=\"Coreysan\" class=\"wp-image-2846 size-full\" srcset=\"https:\/\/collectifmdm-idf.org\/annuaire5\/wp-content\/uploads\/2021\/05\/COREYSAN_1_gd-1024x683.jpg 1024w, https:\/\/collectifmdm-idf.org\/annuaire5\/wp-content\/uploads\/2021\/05\/COREYSAN_1_gd-300x200.jpg 300w, https:\/\/collectifmdm-idf.org\/annuaire5\/wp-content\/uploads\/2021\/05\/COREYSAN_1_gd-768x512.jpg 768w, https:\/\/collectifmdm-idf.org\/annuaire5\/wp-content\/uploads\/2021\/05\/COREYSAN_1_gd.jpg 1200w\" sizes=\"(max-width: 1024px) 100vw, 1024px\" \/><\/figure><div class=\"wp-block-media-text__content\">\n<div class=\"wp-block-buttons is-layout-flex wp-block-buttons-is-layout-flex\">\n<div class=\"wp-block-button has-custom-width wp-block-button__width-100 is-style-fill txt_Lvc2\"><a class=\"wp-block-button__link has-light-green-cyan-to-vivid-green-cyan-gradient-background has-background\" href=\"https:\/\/collectifmdm-idf.org\/2021\/05\/17\/coreysan\" style=\"border-radius:25px\">COREYSAN<br>\u00c9lectro Cara\u00efbe Alternative<\/a><\/div>\n<\/div>\n<\/div><\/div>\n<\/div>\n<\/div>\n\n\n\n<div class=\"wp-block-columns is-layout-flex wp-container-core-columns-is-layout-9d6595d7 wp-block-columns-is-layout-flex\">\n<div class=\"wp-block-column is-layout-flow wp-block-column-is-layout-flow\">\n<div class=\"wp-block-media-text alignwide is-stacked-on-mobile\" style=\"grid-template-columns:28% auto\"><figure class=\"wp-block-media-text__media\"><img loading=\"lazy\" decoding=\"async\" width=\"1024\" height=\"683\" src=\"https:\/\/collectifmdm-idf.org\/wp-content\/uploads\/2021\/05\/Delicatessen_01_gd-1024x683.jpg\" alt=\"Delicatessen\" class=\"wp-image-2868 size-full\" srcset=\"https:\/\/collectifmdm-idf.org\/annuaire5\/wp-content\/uploads\/2021\/05\/Delicatessen_01_gd-1024x683.jpg 1024w, https:\/\/collectifmdm-idf.org\/annuaire5\/wp-content\/uploads\/2021\/05\/Delicatessen_01_gd-300x200.jpg 300w, https:\/\/collectifmdm-idf.org\/annuaire5\/wp-content\/uploads\/2021\/05\/Delicatessen_01_gd-768x512.jpg 768w, https:\/\/collectifmdm-idf.org\/annuaire5\/wp-content\/uploads\/2021\/05\/Delicatessen_01_gd.jpg 1200w\" sizes=\"(max-width: 1024px) 100vw, 1024px\" \/><\/figure><div class=\"wp-block-media-text__content\">\n<div class=\"wp-block-buttons is-layout-flex wp-block-buttons-is-layout-flex\">\n<div class=\"wp-block-button has-custom-width wp-block-button__width-100 is-style-fill txt_Lvc2\"><a class=\"wp-block-button__link has-blush-light-purple-gradient-background has-background\" href=\"https:\/\/collectifmdm-idf.org\/2021\/05\/16\/delicatessen-duo\" style=\"border-radius:25px\">DELICATESSEN DUO<br> Un banjo &amp; un violon<\/a><\/div>\n<\/div>\n<\/div><\/div>\n<\/div>\n\n\n\n<div class=\"wp-block-column is-layout-flow wp-block-column-is-layout-flow\">\n<div class=\"wp-block-media-text alignwide is-stacked-on-mobile\" style=\"grid-template-columns:28% auto\"><figure class=\"wp-block-media-text__media\"><img loading=\"lazy\" decoding=\"async\" width=\"1024\" height=\"564\" src=\"https:\/\/collectifmdm-idf.org\/wp-content\/uploads\/2021\/05\/Duo_CHIRON_STROMBONI-01-1024x564.jpg\" alt=\"DUO CHIRON STROMBONI\" class=\"wp-image-3034 size-full\" srcset=\"https:\/\/collectifmdm-idf.org\/annuaire5\/wp-content\/uploads\/2021\/05\/Duo_CHIRON_STROMBONI-01-1024x564.jpg 1024w, https:\/\/collectifmdm-idf.org\/annuaire5\/wp-content\/uploads\/2021\/05\/Duo_CHIRON_STROMBONI-01-300x165.jpg 300w, https:\/\/collectifmdm-idf.org\/annuaire5\/wp-content\/uploads\/2021\/05\/Duo_CHIRON_STROMBONI-01-768x423.jpg 768w, https:\/\/collectifmdm-idf.org\/annuaire5\/wp-content\/uploads\/2021\/05\/Duo_CHIRON_STROMBONI-01.jpg 1200w\" sizes=\"(max-width: 1024px) 100vw, 1024px\" \/><\/figure><div class=\"wp-block-media-text__content\">\n<div class=\"wp-block-buttons is-layout-flex wp-block-buttons-is-layout-flex\">\n<div class=\"wp-block-button has-custom-width wp-block-button__width-100 is-style-fill txt_Lvc2\"><a class=\"wp-block-button__link has-luminous-vivid-amber-to-luminous-vivid-orange-gradient-background has-background\" href=\"https:\/\/collectifmdm-idf.org\/2021\/05\/16\/duo-chiron-stromboni\" style=\"border-radius:25px\">DUO CHIRON STROMBONI<br>Accord\u00e9on, bandon\u00e9on &amp; contrebasse<\/a><\/div>\n<\/div>\n<\/div><\/div>\n<\/div>\n<\/div>\n\n\n\n<div class=\"wp-block-columns is-layout-flex wp-container-core-columns-is-layout-9d6595d7 wp-block-columns-is-layout-flex\">\n<div class=\"wp-block-column is-layout-flow wp-block-column-is-layout-flow\">\n<div class=\"wp-block-media-text alignwide is-stacked-on-mobile\" style=\"grid-template-columns:28% auto\"><figure class=\"wp-block-media-text__media\"><img loading=\"lazy\" decoding=\"async\" width=\"1024\" height=\"638\" src=\"https:\/\/collectifmdm-idf.org\/wp-content\/uploads\/2021\/05\/FANFARAI\u0308-STREET-BAND-01-Claire-Curt_gd-1024x638.jpg\" alt=\"FANFARA\u00cf STREET BAND\" class=\"wp-image-2783 size-full\" srcset=\"https:\/\/collectifmdm-idf.org\/annuaire5\/wp-content\/uploads\/2021\/05\/FANFARAI\u0308-STREET-BAND-01-Claire-Curt_gd-1024x638.jpg 1024w, https:\/\/collectifmdm-idf.org\/annuaire5\/wp-content\/uploads\/2021\/05\/FANFARAI\u0308-STREET-BAND-01-Claire-Curt_gd-300x187.jpg 300w, https:\/\/collectifmdm-idf.org\/annuaire5\/wp-content\/uploads\/2021\/05\/FANFARAI\u0308-STREET-BAND-01-Claire-Curt_gd-768x479.jpg 768w, https:\/\/collectifmdm-idf.org\/annuaire5\/wp-content\/uploads\/2021\/05\/FANFARAI\u0308-STREET-BAND-01-Claire-Curt_gd.jpg 1200w\" sizes=\"(max-width: 1024px) 100vw, 1024px\" \/><\/figure><div class=\"wp-block-media-text__content\">\n<div class=\"wp-block-buttons is-layout-flex wp-block-buttons-is-layout-flex\">\n<div class=\"wp-block-button has-custom-width wp-block-button__width-100 is-style-fill txt_Lvc2\"><a class=\"wp-block-button__link has-light-green-cyan-to-vivid-green-cyan-gradient-background has-background\" href=\"https:\/\/collectifmdm-idf.org\/2021\/05\/15\/fanfarai-street-band\" style=\"border-radius:25px\">FANFARA\u00cf STREET BAND<br> Cuivres en mouvement<\/a><\/div>\n<\/div>\n<\/div><\/div>\n<\/div>\n\n\n\n<div class=\"wp-block-column is-layout-flow wp-block-column-is-layout-flow\">\n<div class=\"wp-block-media-text alignwide is-stacked-on-mobile\" style=\"grid-template-columns:28% auto\"><figure class=\"wp-block-media-text__media\"><img loading=\"lazy\" decoding=\"async\" width=\"750\" height=\"500\" src=\"https:\/\/collectifmdm-idf.org\/wp-content\/uploads\/2021\/05\/FAOUZI-1.jpg\" alt=\"Musicien ma\u00eetre du malouf\" class=\"wp-image-2226 size-full\" srcset=\"https:\/\/collectifmdm-idf.org\/annuaire5\/wp-content\/uploads\/2021\/05\/FAOUZI-1.jpg 750w, https:\/\/collectifmdm-idf.org\/annuaire5\/wp-content\/uploads\/2021\/05\/FAOUZI-1-300x200.jpg 300w\" sizes=\"(max-width: 750px) 100vw, 750px\" \/><\/figure><div class=\"wp-block-media-text__content\">\n<div class=\"wp-block-buttons is-layout-flex wp-block-buttons-is-layout-flex\">\n<div class=\"wp-block-button has-custom-width wp-block-button__width-100 is-style-fill txt_Lvc2\"><a class=\"wp-block-button__link has-luminous-vivid-amber-to-luminous-vivid-orange-gradient-background has-background\" href=\"https:\/\/collectifmdm-idf.org\/2021\/05\/15\/faouzi-abdennour-groupe\" style=\"border-radius:25px\">FAOUZI ABDENNOUR &amp; SON GROUPE Le Malouf en plein air<\/a><\/div>\n<\/div>\n<\/div><\/div>\n<\/div>\n<\/div>\n\n\n\n<div class=\"wp-block-columns is-layout-flex wp-container-core-columns-is-layout-9d6595d7 wp-block-columns-is-layout-flex\">\n<div class=\"wp-block-column is-layout-flow wp-block-column-is-layout-flow\">\n<div class=\"wp-block-media-text alignwide is-stacked-on-mobile\" style=\"grid-template-columns:28% auto\"><figure class=\"wp-block-media-text__media\"><img loading=\"lazy\" decoding=\"async\" width=\"1024\" height=\"676\" src=\"https:\/\/collectifmdm-idf.org\/wp-content\/uploads\/2021\/05\/ESSINDI-01_gd-1024x676.jpg\" alt=\"FRAN\u00c7OIS ESSINDI\" class=\"wp-image-2542 size-full\" srcset=\"https:\/\/collectifmdm-idf.org\/annuaire5\/wp-content\/uploads\/2021\/05\/ESSINDI-01_gd-1024x676.jpg 1024w, https:\/\/collectifmdm-idf.org\/annuaire5\/wp-content\/uploads\/2021\/05\/ESSINDI-01_gd-300x198.jpg 300w, https:\/\/collectifmdm-idf.org\/annuaire5\/wp-content\/uploads\/2021\/05\/ESSINDI-01_gd-768x507.jpg 768w, https:\/\/collectifmdm-idf.org\/annuaire5\/wp-content\/uploads\/2021\/05\/ESSINDI-01_gd.jpg 1200w\" sizes=\"(max-width: 1024px) 100vw, 1024px\" \/><\/figure><div class=\"wp-block-media-text__content\">\n<div class=\"wp-block-buttons is-layout-flex wp-block-buttons-is-layout-flex\">\n<div class=\"wp-block-button has-custom-width wp-block-button__width-100 is-style-fill txt_Lvc2\"><a class=\"wp-block-button__link has-midnight-gradient-background has-background\" href=\"https:\/\/collectifmdm-idf.org\/2021\/05\/15\/francois-essindi\" style=\"border-radius:25px\">FRAN\u00c7OIS ESSINDI<br> Traditions du Cameroun<\/a><\/div>\n<\/div>\n<\/div><\/div>\n<\/div>\n\n\n\n<div class=\"wp-block-column is-layout-flow wp-block-column-is-layout-flow\">\n<div class=\"wp-block-media-text alignwide is-stacked-on-mobile\" style=\"grid-template-columns:28% auto\"><figure class=\"wp-block-media-text__media\"><img loading=\"lazy\" decoding=\"async\" width=\"1024\" height=\"721\" src=\"https:\/\/collectifmdm-idf.org\/wp-content\/uploads\/2021\/05\/Francois_POITOU_Quintet-01_gd-1024x721.jpg\" alt=\"Fran\u00e7ois Poitou\" class=\"wp-image-2988 size-full\" srcset=\"https:\/\/collectifmdm-idf.org\/annuaire5\/wp-content\/uploads\/2021\/05\/Francois_POITOU_Quintet-01_gd-1024x721.jpg 1024w, https:\/\/collectifmdm-idf.org\/annuaire5\/wp-content\/uploads\/2021\/05\/Francois_POITOU_Quintet-01_gd-300x211.jpg 300w, https:\/\/collectifmdm-idf.org\/annuaire5\/wp-content\/uploads\/2021\/05\/Francois_POITOU_Quintet-01_gd-768x541.jpg 768w, https:\/\/collectifmdm-idf.org\/annuaire5\/wp-content\/uploads\/2021\/05\/Francois_POITOU_Quintet-01_gd.jpg 1200w\" sizes=\"(max-width: 1024px) 100vw, 1024px\" \/><\/figure><div class=\"wp-block-media-text__content\">\n<div class=\"wp-block-buttons is-layout-flex wp-block-buttons-is-layout-flex\">\n<div class=\"wp-block-button has-custom-width wp-block-button__width-100 is-style-fill txt_Lvc2\"><a class=\"wp-block-button__link has-light-green-cyan-to-vivid-green-cyan-gradient-background has-background\" href=\"https:\/\/collectifmdm-idf.org\/2021\/05\/15\/francois-poitou\" style=\"border-radius:25px\">FRAN\u00c7OIS POITOU QUINTET <br>Jazz de chambre<\/a><\/div>\n<\/div>\n<\/div><\/div>\n<\/div>\n<\/div>\n\n\n\n<div class=\"wp-block-columns is-layout-flex wp-container-core-columns-is-layout-9d6595d7 wp-block-columns-is-layout-flex\">\n<div class=\"wp-block-column is-layout-flow wp-block-column-is-layout-flow\">\n<div class=\"wp-block-media-text alignwide is-stacked-on-mobile\" style=\"grid-template-columns:28% auto\"><figure class=\"wp-block-media-text__media\"><img loading=\"lazy\" decoding=\"async\" width=\"1024\" height=\"591\" src=\"https:\/\/collectifmdm-idf.org\/wp-content\/uploads\/2021\/05\/HAYEA-01_gd-e1621342838532-1024x591.jpg\" alt=\"HAYEA\" class=\"wp-image-2544 size-full\" srcset=\"https:\/\/collectifmdm-idf.org\/annuaire5\/wp-content\/uploads\/2021\/05\/HAYEA-01_gd-e1621342838532-1024x591.jpg 1024w, https:\/\/collectifmdm-idf.org\/annuaire5\/wp-content\/uploads\/2021\/05\/HAYEA-01_gd-e1621342838532-300x173.jpg 300w, https:\/\/collectifmdm-idf.org\/annuaire5\/wp-content\/uploads\/2021\/05\/HAYEA-01_gd-e1621342838532-768x444.jpg 768w, https:\/\/collectifmdm-idf.org\/annuaire5\/wp-content\/uploads\/2021\/05\/HAYEA-01_gd-e1621342838532.jpg 1200w\" sizes=\"(max-width: 1024px) 100vw, 1024px\" \/><\/figure><div class=\"wp-block-media-text__content\">\n<div class=\"wp-block-buttons is-layout-flex wp-block-buttons-is-layout-flex\">\n<div class=\"wp-block-button has-custom-width wp-block-button__width-100 is-style-fill txt_Lvc2\"><a class=\"wp-block-button__link has-luminous-vivid-amber-to-luminous-vivid-orange-gradient-background has-background\" href=\"https:\/\/collectifmdm-idf.org\/2021\/05\/14\/hayea\" style=\"border-radius:25px\">HAYEA<br> Chants s\u00e9farades<\/a><\/div>\n<\/div>\n<\/div><\/div>\n<\/div>\n\n\n\n<div class=\"wp-block-column is-layout-flow wp-block-column-is-layout-flow\">\n<div class=\"wp-block-media-text alignwide is-stacked-on-mobile\" style=\"grid-template-columns:28% auto\"><figure class=\"wp-block-media-text__media\"><img loading=\"lazy\" decoding=\"async\" width=\"1024\" height=\"680\" src=\"https:\/\/collectifmdm-idf.org\/wp-content\/uploads\/2021\/05\/Helena_Recalde-02_gd-1024x680.jpg\" alt=\"Helena Recalde - MUSIQUE AFRO-ANDINE ET LATIN-JAZZ\" class=\"wp-image-2485 size-full\" srcset=\"https:\/\/collectifmdm-idf.org\/annuaire5\/wp-content\/uploads\/2021\/05\/Helena_Recalde-02_gd-1024x680.jpg 1024w, https:\/\/collectifmdm-idf.org\/annuaire5\/wp-content\/uploads\/2021\/05\/Helena_Recalde-02_gd-300x199.jpg 300w, https:\/\/collectifmdm-idf.org\/annuaire5\/wp-content\/uploads\/2021\/05\/Helena_Recalde-02_gd-768x510.jpg 768w, https:\/\/collectifmdm-idf.org\/annuaire5\/wp-content\/uploads\/2021\/05\/Helena_Recalde-02_gd.jpg 1200w\" sizes=\"(max-width: 1024px) 100vw, 1024px\" \/><\/figure><div class=\"wp-block-media-text__content\">\n<div class=\"wp-block-buttons is-layout-flex wp-block-buttons-is-layout-flex\">\n<div class=\"wp-block-button has-custom-width wp-block-button__width-100 is-style-fill txt_Lvc2\"><a class=\"wp-block-button__link has-light-green-cyan-to-vivid-green-cyan-gradient-background has-background\" href=\"https:\/\/collectifmdm-idf.org\/2021\/05\/14\/helena-recalde\" style=\"border-radius:25px\">HELENA RECALDE <br>Musique afro-andine &amp; latin-jazz<\/a><\/div>\n<\/div>\n<\/div><\/div>\n<\/div>\n<\/div>\n\n\n\n<div class=\"wp-block-columns is-layout-flex wp-container-core-columns-is-layout-9d6595d7 wp-block-columns-is-layout-flex\">\n<div class=\"wp-block-column is-layout-flow wp-block-column-is-layout-flow\">\n<div class=\"wp-block-media-text alignwide is-stacked-on-mobile\" style=\"grid-template-columns:28% auto\"><figure class=\"wp-block-media-text__media\"><img loading=\"lazy\" decoding=\"async\" width=\"1024\" height=\"576\" src=\"https:\/\/collectifmdm-idf.org\/wp-content\/uploads\/2021\/05\/KRISTO_NUMPUBY-01-CONTE_gd-1024x576.jpg\" alt=\"HIEMBI - KRISTO NUMPUBY\" class=\"wp-image-2785 size-full\" srcset=\"https:\/\/collectifmdm-idf.org\/annuaire5\/wp-content\/uploads\/2021\/05\/KRISTO_NUMPUBY-01-CONTE_gd-1024x576.jpg 1024w, https:\/\/collectifmdm-idf.org\/annuaire5\/wp-content\/uploads\/2021\/05\/KRISTO_NUMPUBY-01-CONTE_gd-300x169.jpg 300w, https:\/\/collectifmdm-idf.org\/annuaire5\/wp-content\/uploads\/2021\/05\/KRISTO_NUMPUBY-01-CONTE_gd-768x432.jpg 768w, https:\/\/collectifmdm-idf.org\/annuaire5\/wp-content\/uploads\/2021\/05\/KRISTO_NUMPUBY-01-CONTE_gd.jpg 1200w\" sizes=\"(max-width: 1024px) 100vw, 1024px\" \/><\/figure><div class=\"wp-block-media-text__content\">\n<div class=\"wp-block-buttons is-layout-flex wp-block-buttons-is-layout-flex\">\n<div class=\"wp-block-button has-custom-width wp-block-button__width-100 is-style-fill txt_Lvc2\"><a class=\"wp-block-button__link has-light-green-cyan-to-vivid-green-cyan-gradient-background has-background\" href=\"https:\/\/collectifmdm-idf.org\/2021\/05\/14\/hiembi-kristo-numpuby\" style=\"border-radius:25px\">HIEMBI &#8211; KRISTO NUMPUBY<br> Conte musical<\/a><\/div>\n<\/div>\n<\/div><\/div>\n<\/div>\n\n\n\n<div class=\"wp-block-column is-layout-flow wp-block-column-is-layout-flow\">\n<div class=\"wp-block-media-text alignwide is-stacked-on-mobile\" style=\"grid-template-columns:28% auto\"><figure class=\"wp-block-media-text__media\"><img loading=\"lazy\" decoding=\"async\" width=\"1024\" height=\"645\" src=\"https:\/\/collectifmdm-idf.org\/wp-content\/uploads\/2021\/05\/Hussam_Aliwat-by-Clara_Abi_Nader01_gd-1024x645.jpg\" alt=\"HUSSAM ALIWAT\" class=\"wp-image-2903 size-full\" srcset=\"https:\/\/collectifmdm-idf.org\/annuaire5\/wp-content\/uploads\/2021\/05\/Hussam_Aliwat-by-Clara_Abi_Nader01_gd-1024x645.jpg 1024w, https:\/\/collectifmdm-idf.org\/annuaire5\/wp-content\/uploads\/2021\/05\/Hussam_Aliwat-by-Clara_Abi_Nader01_gd-300x189.jpg 300w, https:\/\/collectifmdm-idf.org\/annuaire5\/wp-content\/uploads\/2021\/05\/Hussam_Aliwat-by-Clara_Abi_Nader01_gd-768x484.jpg 768w, https:\/\/collectifmdm-idf.org\/annuaire5\/wp-content\/uploads\/2021\/05\/Hussam_Aliwat-by-Clara_Abi_Nader01_gd.jpg 1200w\" sizes=\"(max-width: 1024px) 100vw, 1024px\" \/><\/figure><div class=\"wp-block-media-text__content\">\n<div class=\"wp-block-buttons is-layout-flex wp-block-buttons-is-layout-flex\">\n<div class=\"wp-block-button has-custom-width wp-block-button__width-100 is-style-fill txt_Lvc2\"><a class=\"wp-block-button__link has-luminous-vivid-amber-to-luminous-vivid-orange-gradient-background has-background\" href=\"https:\/\/collectifmdm-idf.org\/2021\/05\/14\/hussam-aliwat\" style=\"border-radius:25px\">HUSSAM ALIWAT <br>Un oud passionn\u00e9<\/a><\/div>\n<\/div>\n<\/div><\/div>\n<\/div>\n<\/div>\n\n\n\n<div class=\"wp-block-columns is-layout-flex wp-container-core-columns-is-layout-9d6595d7 wp-block-columns-is-layout-flex\">\n<div class=\"wp-block-column is-layout-flow wp-block-column-is-layout-flow\">\n<div class=\"wp-block-media-text alignwide is-stacked-on-mobile\" style=\"grid-template-columns:28% auto\"><figure class=\"wp-block-media-text__media\"><img loading=\"lazy\" decoding=\"async\" width=\"1024\" height=\"807\" src=\"https:\/\/collectifmdm-idf.org\/wp-content\/uploads\/2021\/05\/Ignacio_Maria_Gomez-01-photo-Jessie_Notola_gd-1024x807.jpg\" alt=\"Ignacio Maria Gomez\" class=\"wp-image-2993 size-full\" srcset=\"https:\/\/collectifmdm-idf.org\/annuaire5\/wp-content\/uploads\/2021\/05\/Ignacio_Maria_Gomez-01-photo-Jessie_Notola_gd-1024x807.jpg 1024w, https:\/\/collectifmdm-idf.org\/annuaire5\/wp-content\/uploads\/2021\/05\/Ignacio_Maria_Gomez-01-photo-Jessie_Notola_gd-300x237.jpg 300w, https:\/\/collectifmdm-idf.org\/annuaire5\/wp-content\/uploads\/2021\/05\/Ignacio_Maria_Gomez-01-photo-Jessie_Notola_gd-768x605.jpg 768w, https:\/\/collectifmdm-idf.org\/annuaire5\/wp-content\/uploads\/2021\/05\/Ignacio_Maria_Gomez-01-photo-Jessie_Notola_gd.jpg 1200w\" sizes=\"(max-width: 1024px) 100vw, 1024px\" \/><\/figure><div class=\"wp-block-media-text__content\">\n<div class=\"wp-block-buttons is-layout-flex wp-block-buttons-is-layout-flex\">\n<div class=\"wp-block-button has-custom-width wp-block-button__width-100 is-style-fill txt_Lvc2\"><a class=\"wp-block-button__link has-background\" href=\"https:\/\/collectifmdm-idf.org\/2021\/05\/13\/ignacio-maria-gomez\" style=\"border-radius:25px;background:linear-gradient(135deg,rgb(252,185,0) 0%,rgb(255,232,0) 100%)\">IGNACIO MARIA GOMEZ<br>Voyage afro-descendant<\/a><\/div>\n<\/div>\n<\/div><\/div>\n<\/div>\n\n\n\n<div class=\"wp-block-column is-layout-flow wp-block-column-is-layout-flow\">\n<div class=\"wp-block-media-text alignwide is-stacked-on-mobile\" style=\"grid-template-columns:28% auto\"><figure class=\"wp-block-media-text__media\"><img loading=\"lazy\" decoding=\"async\" width=\"1024\" height=\"612\" src=\"https:\/\/collectifmdm-idf.org\/wp-content\/uploads\/2021\/05\/Il_suffirait_1jour_de_soleil_gd-e1621338285514-1024x612.jpg\" alt=\"IL SUFFIRAIT D'UN JOUR DE SOLEIL\" class=\"wp-image-2546 size-full\" srcset=\"https:\/\/collectifmdm-idf.org\/annuaire5\/wp-content\/uploads\/2021\/05\/Il_suffirait_1jour_de_soleil_gd-e1621338285514-1024x612.jpg 1024w, https:\/\/collectifmdm-idf.org\/annuaire5\/wp-content\/uploads\/2021\/05\/Il_suffirait_1jour_de_soleil_gd-e1621338285514-300x179.jpg 300w, https:\/\/collectifmdm-idf.org\/annuaire5\/wp-content\/uploads\/2021\/05\/Il_suffirait_1jour_de_soleil_gd-e1621338285514-768x459.jpg 768w, https:\/\/collectifmdm-idf.org\/annuaire5\/wp-content\/uploads\/2021\/05\/Il_suffirait_1jour_de_soleil_gd-e1621338285514.jpg 1200w\" sizes=\"(max-width: 1024px) 100vw, 1024px\" \/><\/figure><div class=\"wp-block-media-text__content\">\n<div class=\"wp-block-buttons is-layout-flex wp-block-buttons-is-layout-flex\">\n<div class=\"wp-block-button has-custom-width wp-block-button__width-100 is-style-fill txt_Lvc2\"><a class=\"wp-block-button__link has-blush-light-purple-gradient-background has-background\" href=\"https:\/\/collectifmdm-idf.org\/2021\/05\/13\/il-suffirait-dun-jour-de-soleil\" style=\"border-radius:25px\">IL SUFFIRAIT D&#8217;UN JOUR DE SOLEIL Chants &amp; po\u00e8mes d&#8217;Italie<\/a><\/div>\n<\/div>\n<\/div><\/div>\n<\/div>\n<\/div>\n\n\n\n<div class=\"wp-block-columns is-layout-flex wp-container-core-columns-is-layout-9d6595d7 wp-block-columns-is-layout-flex\">\n<div class=\"wp-block-column is-layout-flow wp-block-column-is-layout-flow\">\n<div class=\"wp-block-media-text alignwide is-stacked-on-mobile\" style=\"grid-template-columns:28% auto\"><figure class=\"wp-block-media-text__media\"><img loading=\"lazy\" decoding=\"async\" width=\"1024\" height=\"683\" src=\"https:\/\/collectifmdm-idf.org\/wp-content\/uploads\/2021\/05\/Isabelle_Anna-01_Photo_Anais_Cailleau_gd-1024x683.jpg\" alt=\"Isabelle Anna\" class=\"wp-image-2721 size-full\" srcset=\"https:\/\/collectifmdm-idf.org\/annuaire5\/wp-content\/uploads\/2021\/05\/Isabelle_Anna-01_Photo_Anais_Cailleau_gd-1024x683.jpg 1024w, https:\/\/collectifmdm-idf.org\/annuaire5\/wp-content\/uploads\/2021\/05\/Isabelle_Anna-01_Photo_Anais_Cailleau_gd-300x200.jpg 300w, https:\/\/collectifmdm-idf.org\/annuaire5\/wp-content\/uploads\/2021\/05\/Isabelle_Anna-01_Photo_Anais_Cailleau_gd-768x512.jpg 768w, https:\/\/collectifmdm-idf.org\/annuaire5\/wp-content\/uploads\/2021\/05\/Isabelle_Anna-01_Photo_Anais_Cailleau_gd.jpg 1200w\" sizes=\"(max-width: 1024px) 100vw, 1024px\" \/><\/figure><div class=\"wp-block-media-text__content\">\n<div class=\"wp-block-buttons is-layout-flex wp-block-buttons-is-layout-flex\">\n<div class=\"wp-block-button has-custom-width wp-block-button__width-100 is-style-fill txt_Lvc2\"><a class=\"wp-block-button__link has-light-green-cyan-to-vivid-green-cyan-gradient-background has-background\" href=\"https:\/\/collectifmdm-idf.org\/2021\/05\/13\/isabelle-anna-cie-kaleidansscop\" style=\"border-radius:25px\">ISABELLE ANNA &#8211; Cie KALEIDANS&#8217;SCOP  Kathak : Danse indienne<\/a><\/div>\n<\/div>\n<\/div><\/div>\n<\/div>\n\n\n\n<div class=\"wp-block-column is-layout-flow wp-block-column-is-layout-flow\">\n<div class=\"wp-block-media-text alignwide is-stacked-on-mobile\" style=\"grid-template-columns:28% auto\"><figure class=\"wp-block-media-text__media\"><img loading=\"lazy\" decoding=\"async\" width=\"1024\" height=\"684\" src=\"https:\/\/collectifmdm-idf.org\/wp-content\/uploads\/2021\/05\/Jah_Nool-1_gd-1024x684.jpg\" alt=\"JAH NOOL ET LE BEYTAFOH SYSTEME\" class=\"wp-image-2904 size-full\" srcset=\"https:\/\/collectifmdm-idf.org\/annuaire5\/wp-content\/uploads\/2021\/05\/Jah_Nool-1_gd-1024x684.jpg 1024w, https:\/\/collectifmdm-idf.org\/annuaire5\/wp-content\/uploads\/2021\/05\/Jah_Nool-1_gd-300x200.jpg 300w, https:\/\/collectifmdm-idf.org\/annuaire5\/wp-content\/uploads\/2021\/05\/Jah_Nool-1_gd-768x513.jpg 768w, https:\/\/collectifmdm-idf.org\/annuaire5\/wp-content\/uploads\/2021\/05\/Jah_Nool-1_gd.jpg 1200w\" sizes=\"(max-width: 1024px) 100vw, 1024px\" \/><\/figure><div class=\"wp-block-media-text__content\">\n<div class=\"wp-block-buttons is-layout-flex wp-block-buttons-is-layout-flex\">\n<div class=\"wp-block-button has-custom-width wp-block-button__width-100 is-style-fill txt_Lvc2\"><a class=\"wp-block-button__link has-midnight-gradient-background has-background\" href=\"https:\/\/collectifmdm-idf.org\/2021\/05\/12\/jah-nool-et-le-beytafoh-systeme\" style=\"border-radius:25px\">JAH NOOL ET LE BEYTAFOH SYSTEME Afro-reggae ivoirien<\/a><\/div>\n<\/div>\n<\/div><\/div>\n<\/div>\n<\/div>\n\n\n\n<div class=\"wp-block-columns is-layout-flex wp-container-core-columns-is-layout-9d6595d7 wp-block-columns-is-layout-flex\">\n<div class=\"wp-block-column is-layout-flow wp-block-column-is-layout-flow\">\n<div class=\"wp-block-media-text alignwide is-stacked-on-mobile\" style=\"grid-template-columns:28% auto\"><figure class=\"wp-block-media-text__media\"><img loading=\"lazy\" decoding=\"async\" width=\"1024\" height=\"702\" src=\"https:\/\/collectifmdm-idf.org\/wp-content\/uploads\/2021\/05\/Juvency_01_gd-1024x702.jpg\" alt=\"JUVENCY RICHE\" class=\"wp-image-2752 size-full\" srcset=\"https:\/\/collectifmdm-idf.org\/annuaire5\/wp-content\/uploads\/2021\/05\/Juvency_01_gd-1024x702.jpg 1024w, https:\/\/collectifmdm-idf.org\/annuaire5\/wp-content\/uploads\/2021\/05\/Juvency_01_gd-300x206.jpg 300w, https:\/\/collectifmdm-idf.org\/annuaire5\/wp-content\/uploads\/2021\/05\/Juvency_01_gd-768x527.jpg 768w, https:\/\/collectifmdm-idf.org\/annuaire5\/wp-content\/uploads\/2021\/05\/Juvency_01_gd.jpg 1200w\" sizes=\"(max-width: 1024px) 100vw, 1024px\" \/><\/figure><div class=\"wp-block-media-text__content\">\n<div class=\"wp-block-buttons is-layout-flex wp-block-buttons-is-layout-flex\">\n<div class=\"wp-block-button has-custom-width wp-block-button__width-100 is-style-fill txt_Lvc2\"><a class=\"wp-block-button__link has-midnight-gradient-background has-background\" href=\"https:\/\/collectifmdm-idf.org\/2021\/05\/12\/juvency-riche\" style=\"border-radius:25px\">JUVENCY RICHE <br> Nouvelle sc\u00e8ne congolaise<\/a><\/div>\n<\/div>\n<\/div><\/div>\n<\/div>\n\n\n\n<div class=\"wp-block-column is-layout-flow wp-block-column-is-layout-flow\">\n<div class=\"wp-block-media-text alignwide is-stacked-on-mobile\" style=\"grid-template-columns:28% auto\"><figure class=\"wp-block-media-text__media\"><img loading=\"lazy\" decoding=\"async\" width=\"1024\" height=\"1024\" src=\"https:\/\/collectifmdm-idf.org\/wp-content\/uploads\/2021\/05\/2_K_LEAF_gd-1024x1024.jpg\" alt=\"K-leaf\" class=\"wp-image-2856 size-full\" srcset=\"https:\/\/collectifmdm-idf.org\/annuaire5\/wp-content\/uploads\/2021\/05\/2_K_LEAF_gd-1024x1024.jpg 1024w, https:\/\/collectifmdm-idf.org\/annuaire5\/wp-content\/uploads\/2021\/05\/2_K_LEAF_gd-300x300.jpg 300w, https:\/\/collectifmdm-idf.org\/annuaire5\/wp-content\/uploads\/2021\/05\/2_K_LEAF_gd-150x150.jpg 150w, https:\/\/collectifmdm-idf.org\/annuaire5\/wp-content\/uploads\/2021\/05\/2_K_LEAF_gd-768x769.jpg 768w, https:\/\/collectifmdm-idf.org\/annuaire5\/wp-content\/uploads\/2021\/05\/2_K_LEAF_gd-270x270.jpg 270w, https:\/\/collectifmdm-idf.org\/annuaire5\/wp-content\/uploads\/2021\/05\/2_K_LEAF_gd-230x230.jpg 230w, https:\/\/collectifmdm-idf.org\/annuaire5\/wp-content\/uploads\/2021\/05\/2_K_LEAF_gd.jpg 1200w\" sizes=\"(max-width: 1024px) 100vw, 1024px\" \/><\/figure><div class=\"wp-block-media-text__content\">\n<div class=\"wp-block-buttons is-layout-flex wp-block-buttons-is-layout-flex\">\n<div class=\"wp-block-button has-custom-width wp-block-button__width-100 is-style-fill txt_Lvc2\"><a class=\"wp-block-button__link has-background\" href=\"https:\/\/collectifmdm-idf.org\/2021\/05\/11\/k-leaf-et-son-group\" style=\"border-radius:25px;background:linear-gradient(135deg,rgb(252,185,0) 0%,rgb(255,232,0) 100%)\">K-LEAF ET SON GROUPE <br>Soul-blues \u00e0 la cr\u00e9ole<\/a><\/div>\n<\/div>\n<\/div><\/div>\n<\/div>\n<\/div>\n\n\n\n<div class=\"wp-block-columns is-layout-flex wp-container-core-columns-is-layout-9d6595d7 wp-block-columns-is-layout-flex\">\n<div class=\"wp-block-column is-layout-flow wp-block-column-is-layout-flow\">\n<div class=\"wp-block-media-text alignwide is-stacked-on-mobile\" style=\"grid-template-columns:28% auto\"><figure class=\"wp-block-media-text__media\"><img loading=\"lazy\" decoding=\"async\" width=\"1024\" height=\"683\" src=\"https:\/\/collectifmdm-idf.org\/wp-content\/uploads\/2021\/05\/KaceKode-01-1024x683.jpg\" alt=\"KACEKODE\" class=\"wp-image-2548 size-full\" srcset=\"https:\/\/collectifmdm-idf.org\/annuaire5\/wp-content\/uploads\/2021\/05\/KaceKode-01-1024x683.jpg 1024w, https:\/\/collectifmdm-idf.org\/annuaire5\/wp-content\/uploads\/2021\/05\/KaceKode-01-300x200.jpg 300w, https:\/\/collectifmdm-idf.org\/annuaire5\/wp-content\/uploads\/2021\/05\/KaceKode-01-768x512.jpg 768w, https:\/\/collectifmdm-idf.org\/annuaire5\/wp-content\/uploads\/2021\/05\/KaceKode-01.jpg 1200w\" sizes=\"(max-width: 1024px) 100vw, 1024px\" \/><\/figure><div class=\"wp-block-media-text__content\">\n<div class=\"wp-block-buttons is-layout-flex wp-block-buttons-is-layout-flex\">\n<div class=\"wp-block-button has-custom-width wp-block-button__width-100 is-style-fill txt_Lvc2\"><a class=\"wp-block-button__link has-midnight-gradient-background has-background\" href=\"https:\/\/collectifmdm-idf.org\/2021\/05\/11\/kacekode\" style=\"border-radius:25px\">KACEKODE <br>Afro-rock en exil<\/a><\/div>\n<\/div>\n<\/div><\/div>\n<\/div>\n\n\n\n<div class=\"wp-block-column is-layout-flow wp-block-column-is-layout-flow\">\n<div class=\"wp-block-media-text alignwide is-stacked-on-mobile\" style=\"grid-template-columns:28% auto\"><figure class=\"wp-block-media-text__media\"><img loading=\"lazy\" decoding=\"async\" width=\"1024\" height=\"684\" src=\"https:\/\/collectifmdm-idf.org\/wp-content\/uploads\/2021\/05\/Kantaliso_1_Jazz-Cafe_gd-1024x684.jpg\" alt=\"Kantaliso\" class=\"wp-image-2726 size-full\" srcset=\"https:\/\/collectifmdm-idf.org\/annuaire5\/wp-content\/uploads\/2021\/05\/Kantaliso_1_Jazz-Cafe_gd-1024x684.jpg 1024w, https:\/\/collectifmdm-idf.org\/annuaire5\/wp-content\/uploads\/2021\/05\/Kantaliso_1_Jazz-Cafe_gd-300x200.jpg 300w, https:\/\/collectifmdm-idf.org\/annuaire5\/wp-content\/uploads\/2021\/05\/Kantaliso_1_Jazz-Cafe_gd-768x513.jpg 768w, https:\/\/collectifmdm-idf.org\/annuaire5\/wp-content\/uploads\/2021\/05\/Kantaliso_1_Jazz-Cafe_gd.jpg 1200w\" sizes=\"(max-width: 1024px) 100vw, 1024px\" \/><\/figure><div class=\"wp-block-media-text__content\">\n<div class=\"wp-block-buttons is-layout-flex wp-block-buttons-is-layout-flex\">\n<div class=\"wp-block-button has-custom-width wp-block-button__width-100 is-style-fill txt_Lvc2\"><a class=\"wp-block-button__link has-blush-light-purple-gradient-background has-background\" href=\"https:\/\/collectifmdm-idf.org\/2021\/05\/11\/kantaliso\" style=\"border-radius:25px\">KANTALISO<br>Chants d&#8217;amour d\u2019Italie<\/a><\/div>\n<\/div>\n<\/div><\/div>\n<\/div>\n<\/div>\n\n\n\n<div class=\"wp-block-columns is-layout-flex wp-container-core-columns-is-layout-9d6595d7 wp-block-columns-is-layout-flex\">\n<div class=\"wp-block-column is-layout-flow wp-block-column-is-layout-flow\">\n<div class=\"wp-block-media-text alignwide is-stacked-on-mobile\" style=\"grid-template-columns:28% auto\"><figure class=\"wp-block-media-text__media\"><img decoding=\"async\" src=\"https:\/\/collectifmdm-idf.org\/wp-content\/uploads\/2021\/05\/KarineHuet_trio_gd-1024x738.jpg\" alt=\"Karine Huet trio\" class=\"wp-image-2978 size-full\"\/><\/figure><div class=\"wp-block-media-text__content\">\n<div class=\"wp-block-buttons is-layout-flex wp-block-buttons-is-layout-flex\">\n<div class=\"wp-block-button has-custom-width wp-block-button__width-100 is-style-fill txt_Lvc2\"><a class=\"wp-block-button__link has-background\" href=\"https:\/\/collectifmdm-idf.org\/2021\/05\/11\/karine-huet-thomas-laurent-yesser-oliveira-trio\" style=\"border-radius:25px;background:linear-gradient(135deg,rgb(252,185,0) 0%,rgb(255,232,0) 100%)\">KARINE HUET, THOMAS LAURENT &amp; YESSER OLIVEIRA <br> Accord\u00e9on, harmonica &amp; pandeiro<\/a><\/div>\n<\/div>\n<\/div><\/div>\n<\/div>\n\n\n\n<div class=\"wp-block-column is-layout-flow wp-block-column-is-layout-flow\">\n<div class=\"wp-block-media-text alignwide is-stacked-on-mobile\" style=\"grid-template-columns:28% auto\"><figure class=\"wp-block-media-text__media\"><img loading=\"lazy\" decoding=\"async\" width=\"1024\" height=\"631\" src=\"https:\/\/collectifmdm-idf.org\/wp-content\/uploads\/2021\/05\/KOMASI-01_gd-1024x631.jpg\" alt=\"Komasi TRIO AFRO-LATIN-SWING\" class=\"wp-image-2487 size-full\" srcset=\"https:\/\/collectifmdm-idf.org\/annuaire5\/wp-content\/uploads\/2021\/05\/KOMASI-01_gd-1024x631.jpg 1024w, https:\/\/collectifmdm-idf.org\/annuaire5\/wp-content\/uploads\/2021\/05\/KOMASI-01_gd-300x185.jpg 300w, https:\/\/collectifmdm-idf.org\/annuaire5\/wp-content\/uploads\/2021\/05\/KOMASI-01_gd-768x474.jpg 768w, https:\/\/collectifmdm-idf.org\/annuaire5\/wp-content\/uploads\/2021\/05\/KOMASI-01_gd.jpg 1200w\" sizes=\"(max-width: 1024px) 100vw, 1024px\" \/><\/figure><div class=\"wp-block-media-text__content\">\n<div class=\"wp-block-buttons is-layout-flex wp-block-buttons-is-layout-flex\">\n<div class=\"wp-block-button has-custom-width wp-block-button__width-100 is-style-fill txt_Lvc2\"><a class=\"wp-block-button__link has-midnight-gradient-background has-background\" href=\"https:\/\/collectifmdm-idf.org\/2021\/05\/11\/komasi\" style=\"border-radius:25px\">KOMASI<br>Trois continents, trois voix<\/a><\/div>\n<\/div>\n<\/div><\/div>\n<\/div>\n<\/div>\n\n\n\n<div class=\"wp-block-columns is-layout-flex wp-container-core-columns-is-layout-9d6595d7 wp-block-columns-is-layout-flex\">\n<div class=\"wp-block-column is-layout-flow wp-block-column-is-layout-flow\">\n<div class=\"wp-block-media-text alignwide is-stacked-on-mobile\" style=\"grid-template-columns:28% auto\"><figure class=\"wp-block-media-text__media\"><img loading=\"lazy\" decoding=\"async\" width=\"1024\" height=\"614\" src=\"https:\/\/collectifmdm-idf.org\/wp-content\/uploads\/2021\/05\/Korinn_01_gd-e1621337943702-1024x614.jpg\" alt=\"K\u00f6rinn - DES MOTS SENSIBLES, EN CREOLE OU FRAN\u00c7AIS\" class=\"wp-image-2483 size-full\" srcset=\"https:\/\/collectifmdm-idf.org\/annuaire5\/wp-content\/uploads\/2021\/05\/Korinn_01_gd-e1621337943702-1024x614.jpg 1024w, https:\/\/collectifmdm-idf.org\/annuaire5\/wp-content\/uploads\/2021\/05\/Korinn_01_gd-e1621337943702-300x180.jpg 300w, https:\/\/collectifmdm-idf.org\/annuaire5\/wp-content\/uploads\/2021\/05\/Korinn_01_gd-e1621337943702-768x461.jpg 768w, https:\/\/collectifmdm-idf.org\/annuaire5\/wp-content\/uploads\/2021\/05\/Korinn_01_gd-e1621337943702.jpg 1200w\" sizes=\"(max-width: 1024px) 100vw, 1024px\" \/><\/figure><div class=\"wp-block-media-text__content\">\n<div class=\"wp-block-buttons is-layout-flex wp-block-buttons-is-layout-flex\">\n<div class=\"wp-block-button has-custom-width wp-block-button__width-100 is-style-fill txt_Lvc2\"><a class=\"wp-block-button__link has-background\" href=\"https:\/\/collectifmdm-idf.org\/2021\/05\/11\/korinn\" style=\"border-radius:25px;background:linear-gradient(135deg,rgb(252,185,0) 0%,rgb(255,232,0) 100%)\">K\u00d6RINN <br> N\u00e9o-soul cr\u00e9ole<\/a><\/div>\n<\/div>\n<\/div><\/div>\n<\/div>\n\n\n\n<div class=\"wp-block-column is-layout-flow wp-block-column-is-layout-flow\">\n<div class=\"wp-block-media-text alignwide is-stacked-on-mobile\" style=\"grid-template-columns:28% auto\"><figure class=\"wp-block-media-text__media\"><img loading=\"lazy\" decoding=\"async\" width=\"1024\" height=\"684\" src=\"https:\/\/collectifmdm-idf.org\/wp-content\/uploads\/2021\/05\/Kristy_DIAMOND-04_gd-1024x684.jpg\" alt=\"KRISTY DIAMOND, VOIX VELOUT\u00c9E SUR AFRO-POP ET RUMBA CONGOLAISE\" class=\"wp-image-2755 size-full\" srcset=\"https:\/\/collectifmdm-idf.org\/annuaire5\/wp-content\/uploads\/2021\/05\/Kristy_DIAMOND-04_gd-1024x684.jpg 1024w, https:\/\/collectifmdm-idf.org\/annuaire5\/wp-content\/uploads\/2021\/05\/Kristy_DIAMOND-04_gd-300x201.jpg 300w, https:\/\/collectifmdm-idf.org\/annuaire5\/wp-content\/uploads\/2021\/05\/Kristy_DIAMOND-04_gd-768x513.jpg 768w, https:\/\/collectifmdm-idf.org\/annuaire5\/wp-content\/uploads\/2021\/05\/Kristy_DIAMOND-04_gd.jpg 1200w\" sizes=\"(max-width: 1024px) 100vw, 1024px\" \/><\/figure><div class=\"wp-block-media-text__content\">\n<div class=\"wp-block-buttons is-layout-flex wp-block-buttons-is-layout-flex\">\n<div class=\"wp-block-button has-custom-width wp-block-button__width-100 is-style-fill txt_Lvc2\"><a class=\"wp-block-button__link has-midnight-gradient-background has-background\" href=\"https:\/\/collectifmdm-idf.org\/2021\/05\/11\/kristy-diamond\" style=\"border-radius:25px\">KRISTY DIAMOND<br>Afro-pop &amp; rumba congolaise<\/a><\/div>\n<\/div>\n<\/div><\/div>\n<\/div>\n<\/div>\n\n\n\n<div class=\"wp-block-columns is-layout-flex wp-container-core-columns-is-layout-9d6595d7 wp-block-columns-is-layout-flex\">\n<div class=\"wp-block-column is-layout-flow wp-block-column-is-layout-flow\">\n<div class=\"wp-block-media-text alignwide is-stacked-on-mobile\" style=\"grid-template-columns:28% auto\"><figure class=\"wp-block-media-text__media\"><img loading=\"lazy\" decoding=\"async\" width=\"1024\" height=\"683\" src=\"https:\/\/collectifmdm-idf.org\/wp-content\/uploads\/2021\/05\/LAS_FAMATINAS-01_gd-1024x683.jpg\" alt=\"LAS FAMATINAS\" class=\"wp-image-3036 size-full\" srcset=\"https:\/\/collectifmdm-idf.org\/annuaire5\/wp-content\/uploads\/2021\/05\/LAS_FAMATINAS-01_gd-1024x683.jpg 1024w, https:\/\/collectifmdm-idf.org\/annuaire5\/wp-content\/uploads\/2021\/05\/LAS_FAMATINAS-01_gd-300x200.jpg 300w, https:\/\/collectifmdm-idf.org\/annuaire5\/wp-content\/uploads\/2021\/05\/LAS_FAMATINAS-01_gd-768x512.jpg 768w, https:\/\/collectifmdm-idf.org\/annuaire5\/wp-content\/uploads\/2021\/05\/LAS_FAMATINAS-01_gd.jpg 1200w\" sizes=\"(max-width: 1024px) 100vw, 1024px\" \/><\/figure><div class=\"wp-block-media-text__content\">\n<div class=\"wp-block-buttons is-layout-flex wp-block-buttons-is-layout-flex\">\n<div class=\"wp-block-button has-custom-width wp-block-button__width-100 is-style-fill txt_Lvc2\"><a class=\"wp-block-button__link has-background\" href=\"https:\/\/collectifmdm-idf.org\/2021\/05\/10\/las-famatinas\" style=\"border-radius:25px;background:linear-gradient(135deg,rgb(252,185,0) 0%,rgb(255,232,0) 100%)\">LAS FAMATINAS<br>M\u00e9lodies d&#8217;Argentine<\/a><\/div>\n<\/div>\n<\/div><\/div>\n<\/div>\n\n\n\n<div class=\"wp-block-column is-layout-flow wp-block-column-is-layout-flow\">\n<div class=\"wp-block-media-text alignwide is-stacked-on-mobile\" style=\"grid-template-columns:28% auto\"><figure class=\"wp-block-media-text__media\"><img loading=\"lazy\" decoding=\"async\" width=\"1024\" height=\"684\" src=\"https:\/\/collectifmdm-idf.org\/wp-content\/uploads\/2021\/05\/PETIT_ORCHESTRE_DE_-POCHE-01_gd-1024x684.jpg\" alt=\"LE PETIT ORCHESTRE DE POCHE\" class=\"wp-image-2550 size-full\" srcset=\"https:\/\/collectifmdm-idf.org\/annuaire5\/wp-content\/uploads\/2021\/05\/PETIT_ORCHESTRE_DE_-POCHE-01_gd-1024x684.jpg 1024w, https:\/\/collectifmdm-idf.org\/annuaire5\/wp-content\/uploads\/2021\/05\/PETIT_ORCHESTRE_DE_-POCHE-01_gd-300x200.jpg 300w, https:\/\/collectifmdm-idf.org\/annuaire5\/wp-content\/uploads\/2021\/05\/PETIT_ORCHESTRE_DE_-POCHE-01_gd-768x513.jpg 768w, https:\/\/collectifmdm-idf.org\/annuaire5\/wp-content\/uploads\/2021\/05\/PETIT_ORCHESTRE_DE_-POCHE-01_gd.jpg 1200w\" sizes=\"(max-width: 1024px) 100vw, 1024px\" \/><\/figure><div class=\"wp-block-media-text__content\">\n<div class=\"wp-block-buttons is-layout-flex wp-block-buttons-is-layout-flex\">\n<div class=\"wp-block-button has-custom-width wp-block-button__width-100 is-style-fill txt_Lvc2\"><a class=\"wp-block-button__link has-light-green-cyan-to-vivid-green-cyan-gradient-background has-background\" href=\"https:\/\/collectifmdm-idf.org\/2021\/05\/10\/le-petit-orchestre-de-poche\" style=\"border-radius:25px\">LE PETIT ORCHESTRE DE POCHE<br>Le Bal en chanson<\/a><\/div>\n<\/div>\n<\/div><\/div>\n<\/div>\n<\/div>\n\n\n\n<div class=\"wp-block-columns is-layout-flex wp-container-core-columns-is-layout-9d6595d7 wp-block-columns-is-layout-flex\">\n<div class=\"wp-block-column is-layout-flow wp-block-column-is-layout-flow\">\n<div class=\"wp-block-media-text alignwide is-stacked-on-mobile\" style=\"grid-template-columns:28% auto\"><figure class=\"wp-block-media-text__media\"><img loading=\"lazy\" decoding=\"async\" width=\"1024\" height=\"573\" src=\"https:\/\/collectifmdm-idf.org\/wp-content\/uploads\/2021\/05\/Issambourg_Poitou_1_gd-1024x573.jpg\" alt=\"Issambourg Poitou\" class=\"wp-image-2981 size-full\" srcset=\"https:\/\/collectifmdm-idf.org\/annuaire5\/wp-content\/uploads\/2021\/05\/Issambourg_Poitou_1_gd-1024x573.jpg 1024w, https:\/\/collectifmdm-idf.org\/annuaire5\/wp-content\/uploads\/2021\/05\/Issambourg_Poitou_1_gd-300x168.jpg 300w, https:\/\/collectifmdm-idf.org\/annuaire5\/wp-content\/uploads\/2021\/05\/Issambourg_Poitou_1_gd-768x429.jpg 768w, https:\/\/collectifmdm-idf.org\/annuaire5\/wp-content\/uploads\/2021\/05\/Issambourg_Poitou_1_gd.jpg 1200w\" sizes=\"(max-width: 1024px) 100vw, 1024px\" \/><\/figure><div class=\"wp-block-media-text__content\">\n<div class=\"wp-block-buttons is-layout-flex wp-block-buttons-is-layout-flex\">\n<div class=\"wp-block-button has-custom-width wp-block-button__width-100 is-style-fill txt_Lvc2\"><a class=\"wp-block-button__link has-blush-light-purple-gradient-background has-background\" href=\"https:\/\/collectifmdm-idf.org\/2021\/05\/10\/ludivine-issambourg-francois-poitou\" style=\"border-radius:25px\">LUDIVINE ISSAMBOURG &amp; FRAN\u00c7OIS POITOU<br> Une fl\u00fbtes, une  contrebasse<\/a><\/div>\n<\/div>\n<\/div><\/div>\n<\/div>\n\n\n\n<div class=\"wp-block-column is-layout-flow wp-block-column-is-layout-flow\">\n<div class=\"wp-block-media-text alignwide is-stacked-on-mobile\" style=\"grid-template-columns:28% auto\"><figure class=\"wp-block-media-text__media\"><img loading=\"lazy\" decoding=\"async\" width=\"1024\" height=\"423\" src=\"https:\/\/collectifmdm-idf.org\/wp-content\/uploads\/2021\/05\/MSIEUR_BALDE-01_gd-1024x423.jpg\" alt=\"M'SIEUR BALDE\" class=\"wp-image-2906 size-full\" srcset=\"https:\/\/collectifmdm-idf.org\/annuaire5\/wp-content\/uploads\/2021\/05\/MSIEUR_BALDE-01_gd-1024x423.jpg 1024w, https:\/\/collectifmdm-idf.org\/annuaire5\/wp-content\/uploads\/2021\/05\/MSIEUR_BALDE-01_gd-300x124.jpg 300w, https:\/\/collectifmdm-idf.org\/annuaire5\/wp-content\/uploads\/2021\/05\/MSIEUR_BALDE-01_gd-768x317.jpg 768w, https:\/\/collectifmdm-idf.org\/annuaire5\/wp-content\/uploads\/2021\/05\/MSIEUR_BALDE-01_gd.jpg 1200w\" sizes=\"(max-width: 1024px) 100vw, 1024px\" \/><\/figure><div class=\"wp-block-media-text__content\">\n<div class=\"wp-block-buttons is-layout-flex wp-block-buttons-is-layout-flex\">\n<div class=\"wp-block-button has-custom-width wp-block-button__width-100 is-style-fill txt_Lvc2\"><a class=\"wp-block-button__link has-blush-light-purple-gradient-background has-background\" href=\"https:\/\/collectifmdm-idf.org\/2021\/05\/09\/msieur-balde\" style=\"border-radius:25px\">M&#8217;SIEUR BALD\u00c9<br>Chansons pop, reggae, soul<\/a><\/div>\n<\/div>\n<\/div><\/div>\n<\/div>\n<\/div>\n\n\n\n<div class=\"wp-block-columns is-layout-flex wp-container-core-columns-is-layout-9d6595d7 wp-block-columns-is-layout-flex\">\n<div class=\"wp-block-column is-layout-flow wp-block-column-is-layout-flow\">\n<div class=\"wp-block-media-text alignwide is-stacked-on-mobile\" style=\"grid-template-columns:28% auto\"><figure class=\"wp-block-media-text__media\"><img loading=\"lazy\" decoding=\"async\" width=\"1024\" height=\"683\" src=\"https:\/\/collectifmdm-idf.org\/wp-content\/uploads\/2021\/05\/MANUSHAN-01-Ai\u0308da_BabakQuartet_@David_Kadoule_gd-1024x683.jpg\" alt=\"MANUSHAN\" class=\"wp-image-3038 size-full\" srcset=\"https:\/\/collectifmdm-idf.org\/annuaire5\/wp-content\/uploads\/2021\/05\/MANUSHAN-01-Ai\u0308da_BabakQuartet_@David_Kadoule_gd-1024x683.jpg 1024w, https:\/\/collectifmdm-idf.org\/annuaire5\/wp-content\/uploads\/2021\/05\/MANUSHAN-01-Ai\u0308da_BabakQuartet_@David_Kadoule_gd-300x200.jpg 300w, https:\/\/collectifmdm-idf.org\/annuaire5\/wp-content\/uploads\/2021\/05\/MANUSHAN-01-Ai\u0308da_BabakQuartet_@David_Kadoule_gd-768x512.jpg 768w, https:\/\/collectifmdm-idf.org\/annuaire5\/wp-content\/uploads\/2021\/05\/MANUSHAN-01-Ai\u0308da_BabakQuartet_@David_Kadoule_gd.jpg 1200w\" sizes=\"(max-width: 1024px) 100vw, 1024px\" \/><\/figure><div class=\"wp-block-media-text__content\">\n<div class=\"wp-block-buttons is-layout-flex wp-block-buttons-is-layout-flex\">\n<div class=\"wp-block-button has-custom-width wp-block-button__width-100 is-style-fill txt_Lvc2\"><a class=\"wp-block-button__link has-blush-light-purple-gradient-background has-background\" href=\"https:\/\/collectifmdm-idf.org\/2021\/05\/09\/manushan\" style=\"border-radius:25px\">MANUSHAN<br> Jazz persan, flamenco-manouche<\/a><\/div>\n<\/div>\n<\/div><\/div>\n<\/div>\n\n\n\n<div class=\"wp-block-column is-layout-flow wp-block-column-is-layout-flow\">\n<div class=\"wp-block-media-text alignwide is-stacked-on-mobile\" style=\"grid-template-columns:28% auto\"><figure class=\"wp-block-media-text__media\"><img loading=\"lazy\" decoding=\"async\" width=\"1024\" height=\"683\" src=\"https:\/\/collectifmdm-idf.org\/wp-content\/uploads\/2021\/05\/Marx_Sister-01_gd-1024x683.jpg\" alt=\"MARX SISTERS\" class=\"wp-image-3040 size-full\" srcset=\"https:\/\/collectifmdm-idf.org\/annuaire5\/wp-content\/uploads\/2021\/05\/Marx_Sister-01_gd-1024x683.jpg 1024w, https:\/\/collectifmdm-idf.org\/annuaire5\/wp-content\/uploads\/2021\/05\/Marx_Sister-01_gd-300x200.jpg 300w, https:\/\/collectifmdm-idf.org\/annuaire5\/wp-content\/uploads\/2021\/05\/Marx_Sister-01_gd-768x512.jpg 768w, https:\/\/collectifmdm-idf.org\/annuaire5\/wp-content\/uploads\/2021\/05\/Marx_Sister-01_gd.jpg 1200w\" sizes=\"(max-width: 1024px) 100vw, 1024px\" \/><\/figure><div class=\"wp-block-media-text__content\">\n<div class=\"wp-block-buttons is-layout-flex wp-block-buttons-is-layout-flex\">\n<div class=\"wp-block-button has-custom-width wp-block-button__width-100 is-style-fill txt_Lvc2\"><a class=\"wp-block-button__link has-blush-light-purple-gradient-background has-background\" href=\"https:\/\/collectifmdm-idf.org\/2021\/05\/09\/marx-sisters\" style=\"border-radius:25px\">MARX SISTERS<br>Chansons du Yiddishland<\/a><\/div>\n<\/div>\n<\/div><\/div>\n<\/div>\n<\/div>\n\n\n\n<div class=\"wp-block-columns is-layout-flex wp-container-core-columns-is-layout-9d6595d7 wp-block-columns-is-layout-flex\">\n<div class=\"wp-block-column is-layout-flow wp-block-column-is-layout-flow\">\n<div class=\"wp-block-media-text alignwide is-stacked-on-mobile\" style=\"grid-template-columns:28% auto\"><figure class=\"wp-block-media-text__media\"><img loading=\"lazy\" decoding=\"async\" width=\"1024\" height=\"581\" src=\"https:\/\/collectifmdm-idf.org\/wp-content\/uploads\/2021\/05\/MORDROUZ-01_gd-1024x581.jpg\" alt=\"MORDROUZ\" class=\"wp-image-2909 size-full\" srcset=\"https:\/\/collectifmdm-idf.org\/annuaire5\/wp-content\/uploads\/2021\/05\/MORDROUZ-01_gd-1024x581.jpg 1024w, https:\/\/collectifmdm-idf.org\/annuaire5\/wp-content\/uploads\/2021\/05\/MORDROUZ-01_gd-300x170.jpg 300w, https:\/\/collectifmdm-idf.org\/annuaire5\/wp-content\/uploads\/2021\/05\/MORDROUZ-01_gd-768x436.jpg 768w, https:\/\/collectifmdm-idf.org\/annuaire5\/wp-content\/uploads\/2021\/05\/MORDROUZ-01_gd.jpg 1200w\" sizes=\"(max-width: 1024px) 100vw, 1024px\" \/><\/figure><div class=\"wp-block-media-text__content\">\n<div class=\"wp-block-buttons is-layout-flex wp-block-buttons-is-layout-flex\">\n<div class=\"wp-block-button has-custom-width wp-block-button__width-100 is-style-fill txt_Lvc2\"><a class=\"wp-block-button__link has-blush-light-purple-gradient-background has-background\" href=\"https:\/\/collectifmdm-idf.org\/2021\/05\/09\/mordrouz\" style=\"border-radius:25px\">MORDROUZ<br>La valse trotteuse<\/a><\/div>\n<\/div>\n<\/div><\/div>\n<\/div>\n\n\n\n<div class=\"wp-block-column is-layout-flow wp-block-column-is-layout-flow\">\n<div class=\"wp-block-media-text alignwide is-stacked-on-mobile\" style=\"grid-template-columns:28% auto\"><figure class=\"wp-block-media-text__media\"><img loading=\"lazy\" decoding=\"async\" width=\"1024\" height=\"694\" src=\"https:\/\/collectifmdm-idf.org\/wp-content\/uploads\/2021\/05\/NatachaNdP-3_gd-1024x694.jpg\" alt=\"Natacha &amp; Nuits de Princes, peuples de l'Est\" class=\"wp-image-2490 size-full\" srcset=\"https:\/\/collectifmdm-idf.org\/annuaire5\/wp-content\/uploads\/2021\/05\/NatachaNdP-3_gd-1024x694.jpg 1024w, https:\/\/collectifmdm-idf.org\/annuaire5\/wp-content\/uploads\/2021\/05\/NatachaNdP-3_gd-300x203.jpg 300w, https:\/\/collectifmdm-idf.org\/annuaire5\/wp-content\/uploads\/2021\/05\/NatachaNdP-3_gd-768x520.jpg 768w, https:\/\/collectifmdm-idf.org\/annuaire5\/wp-content\/uploads\/2021\/05\/NatachaNdP-3_gd.jpg 1200w\" sizes=\"(max-width: 1024px) 100vw, 1024px\" \/><\/figure><div class=\"wp-block-media-text__content\">\n<div class=\"wp-block-buttons is-layout-flex wp-block-buttons-is-layout-flex\">\n<div class=\"wp-block-button has-custom-width wp-block-button__width-100 is-style-fill txt_Lvc2\"><a class=\"wp-block-button__link has-blush-light-purple-gradient-background has-background\" href=\"https:\/\/collectifmdm-idf.org\/2021\/05\/08\/natacha-nuits-de-princes\" style=\"border-radius:25px\">NATACHA &amp; NUITS DE PRINCES<br>Chant, balala\u00efka, guitare, domra<\/a><\/div>\n<\/div>\n<\/div><\/div>\n<\/div>\n<\/div>\n\n\n\n<div class=\"wp-block-columns is-layout-flex wp-container-core-columns-is-layout-9d6595d7 wp-block-columns-is-layout-flex\">\n<div class=\"wp-block-column is-layout-flow wp-block-column-is-layout-flow\">\n<div class=\"wp-block-media-text alignwide is-stacked-on-mobile\" style=\"grid-template-columns:28% auto\"><figure class=\"wp-block-media-text__media\"><img loading=\"lazy\" decoding=\"async\" width=\"1024\" height=\"683\" src=\"https:\/\/collectifmdm-idf.org\/wp-content\/uploads\/2021\/05\/Natascha_ROGERS-03_gd-1024x683.jpg\" alt=\"NATASCHA ROGERS\" class=\"wp-image-2554 size-full\" srcset=\"https:\/\/collectifmdm-idf.org\/annuaire5\/wp-content\/uploads\/2021\/05\/Natascha_ROGERS-03_gd-1024x683.jpg 1024w, https:\/\/collectifmdm-idf.org\/annuaire5\/wp-content\/uploads\/2021\/05\/Natascha_ROGERS-03_gd-300x200.jpg 300w, https:\/\/collectifmdm-idf.org\/annuaire5\/wp-content\/uploads\/2021\/05\/Natascha_ROGERS-03_gd-768x512.jpg 768w, https:\/\/collectifmdm-idf.org\/annuaire5\/wp-content\/uploads\/2021\/05\/Natascha_ROGERS-03_gd.jpg 1200w\" sizes=\"(max-width: 1024px) 100vw, 1024px\" \/><\/figure><div class=\"wp-block-media-text__content\">\n<div class=\"wp-block-buttons is-layout-flex wp-block-buttons-is-layout-flex\">\n<div class=\"wp-block-button has-custom-width wp-block-button__width-100 is-style-fill txt_Lvc2\"><a class=\"wp-block-button__link has-background\" href=\"https:\/\/collectifmdm-idf.org\/2021\/05\/08\/natascha-rogers\" style=\"border-radius:25px;background:linear-gradient(135deg,rgb(252,185,0) 0%,rgb(255,232,0) 100%)\">NATASCHA ROGERS<br> Voix douce &amp; rythmes transe<\/a><\/div>\n<\/div>\n<\/div><\/div>\n<\/div>\n\n\n\n<div class=\"wp-block-column is-layout-flow wp-block-column-is-layout-flow\">\n<div class=\"wp-block-media-text alignwide is-stacked-on-mobile\" style=\"grid-template-columns:28% auto\"><figure class=\"wp-block-media-text__media\"><img loading=\"lazy\" decoding=\"async\" width=\"1024\" height=\"524\" src=\"https:\/\/collectifmdm-idf.org\/wp-content\/uploads\/2021\/05\/Nawal-01_gd-1024x524.jpg\" alt=\"NAWAL\" class=\"wp-image-2910 size-full\" srcset=\"https:\/\/collectifmdm-idf.org\/annuaire5\/wp-content\/uploads\/2021\/05\/Nawal-01_gd-1024x524.jpg 1024w, https:\/\/collectifmdm-idf.org\/annuaire5\/wp-content\/uploads\/2021\/05\/Nawal-01_gd-300x154.jpg 300w, https:\/\/collectifmdm-idf.org\/annuaire5\/wp-content\/uploads\/2021\/05\/Nawal-01_gd-768x393.jpg 768w, https:\/\/collectifmdm-idf.org\/annuaire5\/wp-content\/uploads\/2021\/05\/Nawal-01_gd.jpg 1200w\" sizes=\"(max-width: 1024px) 100vw, 1024px\" \/><\/figure><div class=\"wp-block-media-text__content\">\n<div class=\"wp-block-buttons is-layout-flex wp-block-buttons-is-layout-flex\">\n<div class=\"wp-block-button has-custom-width wp-block-button__width-100 is-style-fill txt_Lvc2\"><a class=\"wp-block-button__link has-midnight-gradient-background has-background\" href=\"https:\/\/collectifmdm-idf.org\/2021\/05\/08\/nawal\" style=\"border-radius:25px\">NAWAL<br>Une grande voix des Comores<\/a><\/div>\n<\/div>\n<\/div><\/div>\n<\/div>\n<\/div>\n\n\n\n<div class=\"wp-block-columns is-layout-flex wp-container-core-columns-is-layout-9d6595d7 wp-block-columns-is-layout-flex\">\n<div class=\"wp-block-column is-layout-flow wp-block-column-is-layout-flow\">\n<div class=\"wp-block-media-text alignwide is-stacked-on-mobile\" style=\"grid-template-columns:28% auto\"><figure class=\"wp-block-media-text__media\"><img loading=\"lazy\" decoding=\"async\" width=\"1024\" height=\"683\" src=\"https:\/\/collectifmdm-idf.org\/wp-content\/uploads\/2021\/05\/Nico_Marjo-01_gd-1024x683.jpg\" alt=\"NICO MARJO\" class=\"wp-image-2912 size-full\" srcset=\"https:\/\/collectifmdm-idf.org\/annuaire5\/wp-content\/uploads\/2021\/05\/Nico_Marjo-01_gd-1024x683.jpg 1024w, https:\/\/collectifmdm-idf.org\/annuaire5\/wp-content\/uploads\/2021\/05\/Nico_Marjo-01_gd-300x200.jpg 300w, https:\/\/collectifmdm-idf.org\/annuaire5\/wp-content\/uploads\/2021\/05\/Nico_Marjo-01_gd-768x512.jpg 768w, https:\/\/collectifmdm-idf.org\/annuaire5\/wp-content\/uploads\/2021\/05\/Nico_Marjo-01_gd.jpg 1200w\" sizes=\"(max-width: 1024px) 100vw, 1024px\" \/><\/figure><div class=\"wp-block-media-text__content\">\n<div class=\"wp-block-buttons is-layout-flex wp-block-buttons-is-layout-flex\">\n<div class=\"wp-block-button has-custom-width wp-block-button__width-100 is-style-fill txt_Lvc2\"><a class=\"wp-block-button__link has-blush-light-purple-gradient-background has-background\" href=\"https:\/\/collectifmdm-idf.org\/2021\/05\/08\/nico-marjo\" style=\"border-radius:25px\">NICO MARJO<br> Du cabaret au th\u00e9\u00e2tre de rue<\/a><\/div>\n<\/div>\n<\/div><\/div>\n<\/div>\n\n\n\n<div class=\"wp-block-column is-layout-flow wp-block-column-is-layout-flow\">\n<div class=\"wp-block-media-text alignwide is-stacked-on-mobile\" style=\"grid-template-columns:28% auto\"><figure class=\"wp-block-media-text__media\"><img loading=\"lazy\" decoding=\"async\" width=\"1024\" height=\"496\" src=\"https:\/\/collectifmdm-idf.org\/wp-content\/uploads\/2021\/05\/NOE_CLERC_Jazz_Trio-01.jpeg_gd-1024x496.jpg\" alt=\"NOE CLERC TRIO\" class=\"wp-image-3042 size-full\" srcset=\"https:\/\/collectifmdm-idf.org\/annuaire5\/wp-content\/uploads\/2021\/05\/NOE_CLERC_Jazz_Trio-01.jpeg_gd-1024x496.jpg 1024w, https:\/\/collectifmdm-idf.org\/annuaire5\/wp-content\/uploads\/2021\/05\/NOE_CLERC_Jazz_Trio-01.jpeg_gd-300x145.jpg 300w, https:\/\/collectifmdm-idf.org\/annuaire5\/wp-content\/uploads\/2021\/05\/NOE_CLERC_Jazz_Trio-01.jpeg_gd-768x372.jpg 768w, https:\/\/collectifmdm-idf.org\/annuaire5\/wp-content\/uploads\/2021\/05\/NOE_CLERC_Jazz_Trio-01.jpeg_gd.jpg 1200w\" sizes=\"(max-width: 1024px) 100vw, 1024px\" \/><\/figure><div class=\"wp-block-media-text__content\">\n<div class=\"wp-block-buttons is-layout-flex wp-block-buttons-is-layout-flex\">\n<div class=\"wp-block-button has-custom-width wp-block-button__width-100 is-style-fill txt_Lvc2\"><a class=\"wp-block-button__link has-light-green-cyan-to-vivid-green-cyan-gradient-background has-background\" href=\"https:\/\/collectifmdm-idf.org\/2021\/05\/08\/noe-clerc-trio\" style=\"border-radius:25px\">NO\u00c9 CLERC TRIO<br>Un accord\u00e9on jazz<\/a><\/div>\n<\/div>\n<\/div><\/div>\n<\/div>\n<\/div>\n\n\n\n<div class=\"wp-block-columns is-layout-flex wp-container-core-columns-is-layout-9d6595d7 wp-block-columns-is-layout-flex\">\n<div class=\"wp-block-column is-layout-flow wp-block-column-is-layout-flow\">\n<div class=\"wp-block-media-text alignwide is-stacked-on-mobile\" style=\"grid-template-columns:28% auto\"><figure class=\"wp-block-media-text__media\"><img loading=\"lazy\" decoding=\"async\" width=\"1024\" height=\"732\" src=\"https:\/\/collectifmdm-idf.org\/wp-content\/uploads\/2021\/05\/Oulista_01_gd-1024x732.jpg\" alt=\"Oulitsa\" class=\"wp-image-2737 size-full\" srcset=\"https:\/\/collectifmdm-idf.org\/annuaire5\/wp-content\/uploads\/2021\/05\/Oulista_01_gd-1024x732.jpg 1024w, https:\/\/collectifmdm-idf.org\/annuaire5\/wp-content\/uploads\/2021\/05\/Oulista_01_gd-300x215.jpg 300w, https:\/\/collectifmdm-idf.org\/annuaire5\/wp-content\/uploads\/2021\/05\/Oulista_01_gd-768x549.jpg 768w, https:\/\/collectifmdm-idf.org\/annuaire5\/wp-content\/uploads\/2021\/05\/Oulista_01_gd.jpg 1200w\" sizes=\"(max-width: 1024px) 100vw, 1024px\" \/><\/figure><div class=\"wp-block-media-text__content\">\n<div class=\"wp-block-buttons is-layout-flex wp-block-buttons-is-layout-flex\">\n<div class=\"wp-block-button has-custom-width wp-block-button__width-100 is-style-fill txt_Lvc2\"><a class=\"wp-block-button__link has-blush-light-purple-gradient-background has-background\" href=\"https:\/\/collectifmdm-idf.org\/2021\/05\/07\/oulitsa\" style=\"border-radius:25px\">OULITSA<br> M\u00e9lodies russes et tziganes<\/a><\/div>\n<\/div>\n<\/div><\/div>\n<\/div>\n\n\n\n<div class=\"wp-block-column is-layout-flow wp-block-column-is-layout-flow\">\n<div class=\"wp-block-media-text alignwide is-stacked-on-mobile\" style=\"grid-template-columns:28% auto\"><figure class=\"wp-block-media-text__media\"><img loading=\"lazy\" decoding=\"async\" width=\"1024\" height=\"745\" src=\"https:\/\/collectifmdm-idf.org\/wp-content\/uploads\/2021\/05\/OUMAROU_BAMBARA-01-FolieCaddie.jpeg_pt-1024x745.jpg\" alt=\"OUMAROU BAMBARA\" class=\"wp-image-3044 size-full\" srcset=\"https:\/\/collectifmdm-idf.org\/annuaire5\/wp-content\/uploads\/2021\/05\/OUMAROU_BAMBARA-01-FolieCaddie.jpeg_pt-1024x745.jpg 1024w, https:\/\/collectifmdm-idf.org\/annuaire5\/wp-content\/uploads\/2021\/05\/OUMAROU_BAMBARA-01-FolieCaddie.jpeg_pt-300x218.jpg 300w, https:\/\/collectifmdm-idf.org\/annuaire5\/wp-content\/uploads\/2021\/05\/OUMAROU_BAMBARA-01-FolieCaddie.jpeg_pt-768x559.jpg 768w, https:\/\/collectifmdm-idf.org\/annuaire5\/wp-content\/uploads\/2021\/05\/OUMAROU_BAMBARA-01-FolieCaddie.jpeg_pt.jpg 1200w\" sizes=\"(max-width: 1024px) 100vw, 1024px\" \/><\/figure><div class=\"wp-block-media-text__content\">\n<div class=\"wp-block-buttons is-layout-flex wp-block-buttons-is-layout-flex\">\n<div class=\"wp-block-button has-custom-width wp-block-button__width-100 is-style-fill txt_Lvc2\"><a class=\"wp-block-button__link has-midnight-gradient-background has-background\" href=\"https:\/\/collectifmdm-idf.org\/2021\/05\/07\/oumarou-bambara\" style=\"border-radius:25px\">OUMAROU BAMBARA<br>Balafon du Burkina Faso<\/a><\/div>\n<\/div>\n<\/div><\/div>\n<\/div>\n<\/div>\n\n\n\n<div class=\"wp-block-columns is-layout-flex wp-container-core-columns-is-layout-9d6595d7 wp-block-columns-is-layout-flex\">\n<div class=\"wp-block-column is-layout-flow wp-block-column-is-layout-flow\">\n<div class=\"wp-block-media-text alignwide is-stacked-on-mobile\" style=\"grid-template-columns:28% auto\"><figure class=\"wp-block-media-text__media\"><img loading=\"lazy\" decoding=\"async\" width=\"1024\" height=\"519\" src=\"https:\/\/collectifmdm-idf.org\/wp-content\/uploads\/2021\/05\/PASSIO_03_pt-1024x519.jpg\" alt=\"PASSIO\" class=\"wp-image-2557 size-full\" srcset=\"https:\/\/collectifmdm-idf.org\/annuaire5\/wp-content\/uploads\/2021\/05\/PASSIO_03_pt-1024x519.jpg 1024w, https:\/\/collectifmdm-idf.org\/annuaire5\/wp-content\/uploads\/2021\/05\/PASSIO_03_pt-300x152.jpg 300w, https:\/\/collectifmdm-idf.org\/annuaire5\/wp-content\/uploads\/2021\/05\/PASSIO_03_pt-768x389.jpg 768w, https:\/\/collectifmdm-idf.org\/annuaire5\/wp-content\/uploads\/2021\/05\/PASSIO_03_pt.jpg 1200w\" sizes=\"(max-width: 1024px) 100vw, 1024px\" \/><\/figure><div class=\"wp-block-media-text__content\">\n<div class=\"wp-block-buttons is-layout-flex wp-block-buttons-is-layout-flex\">\n<div class=\"wp-block-button has-custom-width wp-block-button__width-100 is-style-fill txt_Lvc2\"><a class=\"wp-block-button__link has-blush-light-purple-gradient-background has-background\" href=\"https:\/\/collectifmdm-idf.org\/2021\/05\/07\/passio\" style=\"border-radius:25px\">PASSIO<br> Chants sacr\u00e9s d\u2019Italie<\/a><\/div>\n<\/div>\n<\/div><\/div>\n<\/div>\n\n\n\n<div class=\"wp-block-column is-layout-flow wp-block-column-is-layout-flow\">\n<div class=\"wp-block-media-text alignwide is-stacked-on-mobile\" style=\"grid-template-columns:28% auto\"><figure class=\"wp-block-media-text__media\"><img loading=\"lazy\" decoding=\"async\" width=\"1024\" height=\"683\" src=\"https:\/\/collectifmdm-idf.org\/wp-content\/uploads\/2021\/05\/Rusan_FILIZTEK-1.jpeg_gd-1024x683.jpg\" alt=\"RUSAN FILIZTEK\" class=\"wp-image-2914 size-full\" srcset=\"https:\/\/collectifmdm-idf.org\/annuaire5\/wp-content\/uploads\/2021\/05\/Rusan_FILIZTEK-1.jpeg_gd-1024x683.jpg 1024w, https:\/\/collectifmdm-idf.org\/annuaire5\/wp-content\/uploads\/2021\/05\/Rusan_FILIZTEK-1.jpeg_gd-300x200.jpg 300w, https:\/\/collectifmdm-idf.org\/annuaire5\/wp-content\/uploads\/2021\/05\/Rusan_FILIZTEK-1.jpeg_gd-768x512.jpg 768w, https:\/\/collectifmdm-idf.org\/annuaire5\/wp-content\/uploads\/2021\/05\/Rusan_FILIZTEK-1.jpeg_gd.jpg 1200w\" sizes=\"(max-width: 1024px) 100vw, 1024px\" \/><\/figure><div class=\"wp-block-media-text__content\">\n<div class=\"wp-block-buttons is-layout-flex wp-block-buttons-is-layout-flex\">\n<div class=\"wp-block-button has-custom-width wp-block-button__width-100 is-style-fill txt_Lvc2\"><a class=\"wp-block-button__link has-luminous-vivid-amber-to-luminous-vivid-orange-gradient-background has-background\" href=\"https:\/\/collectifmdm-idf.org\/2021\/05\/07\/rusan-filiztek\" style=\"border-radius:25px\">RUSAN FILIZTEK<br>Un virtuose du saz<\/a><\/div>\n<\/div>\n<\/div><\/div>\n<\/div>\n<\/div>\n\n\n\n<div class=\"wp-block-columns is-layout-flex wp-container-core-columns-is-layout-9d6595d7 wp-block-columns-is-layout-flex\">\n<div class=\"wp-block-column is-layout-flow wp-block-column-is-layout-flow\">\n<div class=\"wp-block-media-text alignwide is-stacked-on-mobile\" style=\"grid-template-columns:28% auto\"><figure class=\"wp-block-media-text__media\"><img loading=\"lazy\" decoding=\"async\" width=\"750\" height=\"500\" src=\"https:\/\/collectifmdm-idf.org\/wp-content\/uploads\/2021\/05\/sabrosalsa-1.jpg\" alt=\"Deux musiciens passionn\u00e9s de Salsa\" class=\"wp-image-2208 size-full\" srcset=\"https:\/\/collectifmdm-idf.org\/annuaire5\/wp-content\/uploads\/2021\/05\/sabrosalsa-1.jpg 750w, https:\/\/collectifmdm-idf.org\/annuaire5\/wp-content\/uploads\/2021\/05\/sabrosalsa-1-300x200.jpg 300w\" sizes=\"(max-width: 750px) 100vw, 750px\" \/><\/figure><div class=\"wp-block-media-text__content\">\n<div class=\"wp-block-buttons is-layout-flex wp-block-buttons-is-layout-flex\">\n<div class=\"wp-block-button has-custom-width wp-block-button__width-100 is-style-fill txt_Lvc2\"><a class=\"wp-block-button__link has-background\" href=\"https:\/\/collectifmdm-idf.org\/2021\/05\/06\/sabrosalsa-duo\" style=\"border-radius:25px;background:linear-gradient(135deg,rgb(252,185,0) 0%,rgb(255,232,0) 100%)\">SABROSALSA DUO<br> Entre salsa &amp; bossa-nova<\/a><\/div>\n<\/div>\n<\/div><\/div>\n<\/div>\n\n\n\n<div class=\"wp-block-column is-layout-flow wp-block-column-is-layout-flow\">\n<div class=\"wp-block-media-text alignwide is-stacked-on-mobile\" style=\"grid-template-columns:28% auto\"><figure class=\"wp-block-media-text__media\"><img loading=\"lazy\" decoding=\"async\" width=\"1024\" height=\"644\" src=\"https:\/\/collectifmdm-idf.org\/wp-content\/uploads\/2021\/05\/SAKINA-01_gd-1024x644.jpg\" alt=\"SAKINA - ALEXIA TRAORE \/ BOUABDELLAH KHELIFI\" class=\"wp-image-2558 size-full\" srcset=\"https:\/\/collectifmdm-idf.org\/annuaire5\/wp-content\/uploads\/2021\/05\/SAKINA-01_gd-1024x644.jpg 1024w, https:\/\/collectifmdm-idf.org\/annuaire5\/wp-content\/uploads\/2021\/05\/SAKINA-01_gd-300x189.jpg 300w, https:\/\/collectifmdm-idf.org\/annuaire5\/wp-content\/uploads\/2021\/05\/SAKINA-01_gd-768x483.jpg 768w, https:\/\/collectifmdm-idf.org\/annuaire5\/wp-content\/uploads\/2021\/05\/SAKINA-01_gd.jpg 1200w\" sizes=\"(max-width: 1024px) 100vw, 1024px\" \/><\/figure><div class=\"wp-block-media-text__content\">\n<div class=\"wp-block-buttons is-layout-flex wp-block-buttons-is-layout-flex\">\n<div class=\"wp-block-button has-custom-width wp-block-button__width-100 is-style-fill txt_Lvc2\"><a class=\"wp-block-button__link has-light-green-cyan-to-vivid-green-cyan-gradient-background has-background\" href=\"https:\/\/collectifmdm-idf.org\/2021\/05\/06\/sakina-alexia-traore-bouabdellah-khelifi\" style=\"border-radius:25px\">SAKINA &#8211; ALEXIA TRAORE &amp; BOUABDELLAH KHELIFI<br>Danseuse de cordes<\/a><\/div>\n<\/div>\n<\/div><\/div>\n<\/div>\n<\/div>\n\n\n\n<div class=\"wp-block-columns is-layout-flex wp-container-core-columns-is-layout-9d6595d7 wp-block-columns-is-layout-flex\">\n<div class=\"wp-block-column is-layout-flow wp-block-column-is-layout-flow\">\n<div class=\"wp-block-media-text alignwide is-stacked-on-mobile\" style=\"grid-template-columns:28% auto\"><figure class=\"wp-block-media-text__media\"><img loading=\"lazy\" decoding=\"async\" width=\"1024\" height=\"691\" src=\"https:\/\/collectifmdm-idf.org\/wp-content\/uploads\/2021\/05\/SAMIRA_BRAHMIA-02_gd-1024x691.jpg\" alt=\"SAMIRA BRAHMIA onorit\u00e9s africaines, tagnaouites, andalouses\" class=\"wp-image-2492 size-full\" srcset=\"https:\/\/collectifmdm-idf.org\/annuaire5\/wp-content\/uploads\/2021\/05\/SAMIRA_BRAHMIA-02_gd-1024x691.jpg 1024w, https:\/\/collectifmdm-idf.org\/annuaire5\/wp-content\/uploads\/2021\/05\/SAMIRA_BRAHMIA-02_gd-300x203.jpg 300w, https:\/\/collectifmdm-idf.org\/annuaire5\/wp-content\/uploads\/2021\/05\/SAMIRA_BRAHMIA-02_gd-768x518.jpg 768w, https:\/\/collectifmdm-idf.org\/annuaire5\/wp-content\/uploads\/2021\/05\/SAMIRA_BRAHMIA-02_gd.jpg 1200w\" sizes=\"(max-width: 1024px) 100vw, 1024px\" \/><\/figure><div class=\"wp-block-media-text__content\">\n<div class=\"wp-block-buttons is-layout-flex wp-block-buttons-is-layout-flex\">\n<div class=\"wp-block-button has-custom-width wp-block-button__width-100 is-style-fill txt_Lvc2\"><a class=\"wp-block-button__link has-luminous-vivid-amber-to-luminous-vivid-orange-gradient-background has-background\" href=\"https:\/\/collectifmdm-idf.org\/2021\/05\/06\/samira-brahmia\" style=\"border-radius:25px\">SAMIRA BRAHMIA<br> Une grande voix du Maghreb<\/a><\/div>\n<\/div>\n<\/div><\/div>\n<\/div>\n\n\n\n<div class=\"wp-block-column is-layout-flow wp-block-column-is-layout-flow\">\n<div class=\"wp-block-media-text alignwide is-stacked-on-mobile\" style=\"grid-template-columns:28% auto\"><figure class=\"wp-block-media-text__media\"><img loading=\"lazy\" decoding=\"async\" width=\"1024\" height=\"683\" src=\"https:\/\/collectifmdm-idf.org\/wp-content\/uploads\/2021\/05\/Sanacore-01_gd-1024x683.jpg\" alt=\"SANACORE\" class=\"wp-image-2789 size-full\" srcset=\"https:\/\/collectifmdm-idf.org\/annuaire5\/wp-content\/uploads\/2021\/05\/Sanacore-01_gd-1024x683.jpg 1024w, https:\/\/collectifmdm-idf.org\/annuaire5\/wp-content\/uploads\/2021\/05\/Sanacore-01_gd-300x200.jpg 300w, https:\/\/collectifmdm-idf.org\/annuaire5\/wp-content\/uploads\/2021\/05\/Sanacore-01_gd-768x512.jpg 768w, https:\/\/collectifmdm-idf.org\/annuaire5\/wp-content\/uploads\/2021\/05\/Sanacore-01_gd.jpg 1200w\" sizes=\"(max-width: 1024px) 100vw, 1024px\" \/><\/figure><div class=\"wp-block-media-text__content\">\n<div class=\"wp-block-buttons is-layout-flex wp-block-buttons-is-layout-flex\">\n<div class=\"wp-block-button has-custom-width wp-block-button__width-100 is-style-fill txt_Lvc2\"><a class=\"wp-block-button__link has-blush-light-purple-gradient-background has-background\" href=\"https:\/\/collectifmdm-idf.org\/2021\/05\/06\/sanacore\" style=\"border-radius:25px\">SANACORE<br>Chants italiens a capella<\/a><\/div>\n<\/div>\n<\/div><\/div>\n<\/div>\n<\/div>\n\n\n\n<div class=\"wp-block-columns is-layout-flex wp-container-core-columns-is-layout-9d6595d7 wp-block-columns-is-layout-flex\">\n<div class=\"wp-block-column is-layout-flow wp-block-column-is-layout-flow\">\n<div class=\"wp-block-media-text alignwide is-stacked-on-mobile\" style=\"grid-template-columns:28% auto\"><figure class=\"wp-block-media-text__media\"><img loading=\"lazy\" decoding=\"async\" width=\"1024\" height=\"577\" src=\"https:\/\/collectifmdm-idf.org\/wp-content\/uploads\/2021\/05\/Senny_Camara-1_gd-1024x577.jpg\" alt=\"Senny Camara\" class=\"wp-image-2860 size-full\" srcset=\"https:\/\/collectifmdm-idf.org\/annuaire5\/wp-content\/uploads\/2021\/05\/Senny_Camara-1_gd-1024x577.jpg 1024w, https:\/\/collectifmdm-idf.org\/annuaire5\/wp-content\/uploads\/2021\/05\/Senny_Camara-1_gd-300x169.jpg 300w, https:\/\/collectifmdm-idf.org\/annuaire5\/wp-content\/uploads\/2021\/05\/Senny_Camara-1_gd-768x433.jpg 768w, https:\/\/collectifmdm-idf.org\/annuaire5\/wp-content\/uploads\/2021\/05\/Senny_Camara-1_gd.jpg 1200w\" sizes=\"(max-width: 1024px) 100vw, 1024px\" \/><\/figure><div class=\"wp-block-media-text__content\">\n<div class=\"wp-block-buttons is-layout-flex wp-block-buttons-is-layout-flex\">\n<div class=\"wp-block-button has-custom-width wp-block-button__width-100 is-style-fill txt_Lvc2\"><a class=\"wp-block-button__link has-midnight-gradient-background has-background\" href=\"https:\/\/collectifmdm-idf.org\/2021\/05\/06\/senny-camara\" style=\"border-radius:25px\">SENNY CAMARA<br> Kora et voix au f\u00e9minin<\/a><\/div>\n<\/div>\n<\/div><\/div>\n<\/div>\n\n\n\n<div class=\"wp-block-column is-layout-flow wp-block-column-is-layout-flow\">\n<div class=\"wp-block-media-text alignwide is-stacked-on-mobile\" style=\"grid-template-columns:28% auto\"><figure class=\"wp-block-media-text__media\"><img loading=\"lazy\" decoding=\"async\" width=\"1024\" height=\"686\" src=\"https:\/\/collectifmdm-idf.org\/wp-content\/uploads\/2021\/05\/simbou-vili-1-1024x686.jpg\" alt=\"SIMBOU VILI\" class=\"wp-image-2756 size-full\" srcset=\"https:\/\/collectifmdm-idf.org\/annuaire5\/wp-content\/uploads\/2021\/05\/simbou-vili-1-1024x686.jpg 1024w, https:\/\/collectifmdm-idf.org\/annuaire5\/wp-content\/uploads\/2021\/05\/simbou-vili-1-300x201.jpg 300w, https:\/\/collectifmdm-idf.org\/annuaire5\/wp-content\/uploads\/2021\/05\/simbou-vili-1-768x515.jpg 768w, https:\/\/collectifmdm-idf.org\/annuaire5\/wp-content\/uploads\/2021\/05\/simbou-vili-1.jpg 1200w\" sizes=\"(max-width: 1024px) 100vw, 1024px\" \/><\/figure><div class=\"wp-block-media-text__content\">\n<div class=\"wp-block-buttons is-layout-flex wp-block-buttons-is-layout-flex\">\n<div class=\"wp-block-button has-custom-width wp-block-button__width-100 is-style-fill txt_Lvc2\"><a class=\"wp-block-button__link has-midnight-gradient-background has-background\" href=\"https:\/\/collectifmdm-idf.org\/2021\/05\/05\/simbou-vili\" style=\"border-radius:25px\">SIMBOU VILI<br>Afro-groove congolais<\/a><\/div>\n<\/div>\n<\/div><\/div>\n<\/div>\n<\/div>\n\n\n\n<div class=\"wp-block-columns is-layout-flex wp-container-core-columns-is-layout-9d6595d7 wp-block-columns-is-layout-flex\">\n<div class=\"wp-block-column is-layout-flow wp-block-column-is-layout-flow\">\n<div class=\"wp-block-media-text alignwide is-stacked-on-mobile\" style=\"grid-template-columns:28% auto\"><figure class=\"wp-block-media-text__media\"><img decoding=\"async\" src=\"https:\/\/collectifmdm-idf.org\/wp-content\/uploads\/2021\/05\/Sissi_Imaziten_01.jpg\" alt=\"SISSI IMAZITEN\" class=\"wp-image-2758 size-full\"\/><\/figure><div class=\"wp-block-media-text__content\">\n<div class=\"wp-block-buttons is-layout-flex wp-block-buttons-is-layout-flex\">\n<div class=\"wp-block-button has-custom-width wp-block-button__width-100 is-style-fill txt_Lvc2\"><a class=\"wp-block-button__link has-luminous-vivid-amber-to-luminous-vivid-orange-gradient-background has-background\" href=\"https:\/\/collectifmdm-idf.org\/2021\/05\/05\/sissi-imaziten\" style=\"border-radius:25px\">SISSI IMAZITEN<br>Traditions de Kabylie<\/a><\/div>\n<\/div>\n<\/div><\/div>\n<\/div>\n\n\n\n<div class=\"wp-block-column is-layout-flow wp-block-column-is-layout-flow\">\n<div class=\"wp-block-media-text alignwide is-stacked-on-mobile\" style=\"grid-template-columns:28% auto\"><figure class=\"wp-block-media-text__media\"><img loading=\"lazy\" decoding=\"async\" width=\"1024\" height=\"594\" src=\"https:\/\/collectifmdm-idf.org\/wp-content\/uploads\/2021\/05\/Sodia-1_gd-1024x594.jpg\" alt=\"SODIA\" class=\"wp-image-3046 size-full\" srcset=\"https:\/\/collectifmdm-idf.org\/annuaire5\/wp-content\/uploads\/2021\/05\/Sodia-1_gd-1024x594.jpg 1024w, https:\/\/collectifmdm-idf.org\/annuaire5\/wp-content\/uploads\/2021\/05\/Sodia-1_gd-300x174.jpg 300w, https:\/\/collectifmdm-idf.org\/annuaire5\/wp-content\/uploads\/2021\/05\/Sodia-1_gd-768x445.jpg 768w, https:\/\/collectifmdm-idf.org\/annuaire5\/wp-content\/uploads\/2021\/05\/Sodia-1_gd.jpg 1200w\" sizes=\"(max-width: 1024px) 100vw, 1024px\" \/><\/figure><div class=\"wp-block-media-text__content\">\n<div class=\"wp-block-buttons is-layout-flex wp-block-buttons-is-layout-flex\">\n<div class=\"wp-block-button has-custom-width wp-block-button__width-100 is-style-fill txt_Lvc2\"><a class=\"wp-block-button__link has-midnight-gradient-background has-background\" href=\"https:\/\/collectifmdm-idf.org\/2021\/05\/05\/sodia\" style=\"border-radius:25px\">SODIA<br>Percussions de Guin\u00e9e<\/a><\/div>\n<\/div>\n<\/div><\/div>\n<\/div>\n<\/div>\n\n\n\n<div class=\"wp-block-columns is-layout-flex wp-container-core-columns-is-layout-9d6595d7 wp-block-columns-is-layout-flex\">\n<div class=\"wp-block-column is-layout-flow wp-block-column-is-layout-flow\">\n<div class=\"wp-block-media-text alignwide is-stacked-on-mobile\" style=\"grid-template-columns:28% auto\"><figure class=\"wp-block-media-text__media\"><img loading=\"lazy\" decoding=\"async\" width=\"1024\" height=\"664\" src=\"https:\/\/collectifmdm-idf.org\/wp-content\/uploads\/2021\/05\/Sonni-Alexia_Traore-photo_Joe_Belia_3_gd-1024x664.jpg\" alt=\"SONNI - ALEXIA TRAORE \/ BAKARY DIARRA\" class=\"wp-image-2561 size-full\" srcset=\"https:\/\/collectifmdm-idf.org\/annuaire5\/wp-content\/uploads\/2021\/05\/Sonni-Alexia_Traore-photo_Joe_Belia_3_gd-1024x664.jpg 1024w, https:\/\/collectifmdm-idf.org\/annuaire5\/wp-content\/uploads\/2021\/05\/Sonni-Alexia_Traore-photo_Joe_Belia_3_gd-300x195.jpg 300w, https:\/\/collectifmdm-idf.org\/annuaire5\/wp-content\/uploads\/2021\/05\/Sonni-Alexia_Traore-photo_Joe_Belia_3_gd-768x498.jpg 768w, https:\/\/collectifmdm-idf.org\/annuaire5\/wp-content\/uploads\/2021\/05\/Sonni-Alexia_Traore-photo_Joe_Belia_3_gd.jpg 1200w\" sizes=\"(max-width: 1024px) 100vw, 1024px\" \/><\/figure><div class=\"wp-block-media-text__content\">\n<div class=\"wp-block-buttons is-layout-flex wp-block-buttons-is-layout-flex\">\n<div class=\"wp-block-button has-custom-width wp-block-button__width-100 is-style-fill txt_Lvc2\"><a class=\"wp-block-button__link has-light-green-cyan-to-vivid-green-cyan-gradient-background has-background\" href=\"https:\/\/collectifmdm-idf.org\/2021\/05\/05\/sonni-alexia-traore-bakary-diarra\" style=\"border-radius:25px\">S\u00d6NNI &#8211; ALEXIA TRAORE &amp; BAKARY DIARRA<br> Danse &amp; kora<\/a><\/div>\n<\/div>\n<\/div><\/div>\n<\/div>\n\n\n\n<div class=\"wp-block-column is-layout-flow wp-block-column-is-layout-flow\">\n<div class=\"wp-block-media-text alignwide is-stacked-on-mobile\" style=\"grid-template-columns:28% auto\"><figure class=\"wp-block-media-text__media\"><img loading=\"lazy\" decoding=\"async\" width=\"1024\" height=\"576\" src=\"https:\/\/collectifmdm-idf.org\/wp-content\/uploads\/2021\/05\/Stepping-Out_gd-1024x576.jpg\" alt=\"STEPPING OUT\" class=\"wp-image-3048 size-full\" srcset=\"https:\/\/collectifmdm-idf.org\/annuaire5\/wp-content\/uploads\/2021\/05\/Stepping-Out_gd-1024x576.jpg 1024w, https:\/\/collectifmdm-idf.org\/annuaire5\/wp-content\/uploads\/2021\/05\/Stepping-Out_gd-300x169.jpg 300w, https:\/\/collectifmdm-idf.org\/annuaire5\/wp-content\/uploads\/2021\/05\/Stepping-Out_gd-768x432.jpg 768w, https:\/\/collectifmdm-idf.org\/annuaire5\/wp-content\/uploads\/2021\/05\/Stepping-Out_gd.jpg 1200w\" sizes=\"(max-width: 1024px) 100vw, 1024px\" \/><\/figure><div class=\"wp-block-media-text__content\">\n<div class=\"wp-block-buttons is-layout-flex wp-block-buttons-is-layout-flex\">\n<div class=\"wp-block-button has-custom-width wp-block-button__width-100 is-style-fill txt_Lvc2\"><a class=\"wp-block-button__link has-light-green-cyan-to-vivid-green-cyan-gradient-background has-background\" href=\"https:\/\/collectifmdm-idf.org\/2021\/05\/05\/stepping-out\" style=\"border-radius:25px\">STEPPING OUT<br>Fanfare reggae<\/a><\/div>\n<\/div>\n<\/div><\/div>\n<\/div>\n<\/div>\n\n\n\n<div class=\"wp-block-columns is-layout-flex wp-container-core-columns-is-layout-9d6595d7 wp-block-columns-is-layout-flex\">\n<div class=\"wp-block-column is-layout-flow wp-block-column-is-layout-flow\">\n<div class=\"wp-block-media-text alignwide is-stacked-on-mobile\" style=\"grid-template-columns:28% auto\"><figure class=\"wp-block-media-text__media\"><img decoding=\"async\" src=\"https:\/\/collectifmdm-idf.org\/wp-content\/uploads\/2021\/05\/Sylvie_Mombo-01_conte_gd-1024x626.jpg\" alt=\"SYLVIE MOMBO\" class=\"wp-image-2562 size-full\"\/><\/figure><div class=\"wp-block-media-text__content\">\n<div class=\"wp-block-buttons is-layout-flex wp-block-buttons-is-layout-flex\">\n<div class=\"wp-block-button has-custom-width wp-block-button__width-100 is-style-fill txt_Lvc2\"><a class=\"wp-block-button__link has-light-green-cyan-to-vivid-green-cyan-gradient-background has-background\" href=\"https:\/\/collectifmdm-idf.org\/2021\/05\/05\/sylvie-mombo\" style=\"border-radius:25px\">SYLVIE MOMBO<br> Contes des quatre horizons<\/a><\/div>\n<\/div>\n<\/div><\/div>\n<\/div>\n\n\n\n<div class=\"wp-block-column is-layout-flow wp-block-column-is-layout-flow\">\n<div class=\"wp-block-media-text alignwide is-stacked-on-mobile\" style=\"grid-template-columns:28% auto\"><figure class=\"wp-block-media-text__media\"><img decoding=\"async\" src=\"https:\/\/collectifmdm-idf.org\/wp-content\/uploads\/2021\/05\/Tafel-KRISTO_NUMPUBYTAFEL_\u00a9Ampey_Lapee_01_gd-1024x576.jpg\" alt=\"TAFEL - KRISTO NUMPUBY\" class=\"wp-image-2792 size-full\"\/><\/figure><div class=\"wp-block-media-text__content\">\n<div class=\"wp-block-buttons is-layout-flex wp-block-buttons-is-layout-flex\">\n<div class=\"wp-block-button has-custom-width wp-block-button__width-100 is-style-fill txt_Lvc2\"><a class=\"wp-block-button__link has-midnight-gradient-background has-background\" href=\"https:\/\/collectifmdm-idf.org\/2021\/05\/04\/tafel-kristo-numpuby\" style=\"border-radius:25px\">TAFEL &#8211; KRISTO NUMPUBY<br>Afro-folk<\/a><\/div>\n<\/div>\n<\/div><\/div>\n<\/div>\n<\/div>\n\n\n\n<div class=\"wp-block-columns is-layout-flex wp-container-core-columns-is-layout-9d6595d7 wp-block-columns-is-layout-flex\">\n<div class=\"wp-block-column is-layout-flow wp-block-column-is-layout-flow\">\n<div class=\"wp-block-media-text alignwide is-stacked-on-mobile\" style=\"grid-template-columns:28% auto\"><figure class=\"wp-block-media-text__media\"><img loading=\"lazy\" decoding=\"async\" width=\"1024\" height=\"644\" src=\"https:\/\/collectifmdm-idf.org\/wp-content\/uploads\/2021\/05\/Tao-Ravao_01-1024x644.jpg\" alt=\"TAO RAVAO &amp; VINCENT BUCHER\" class=\"wp-image-2916 size-full\" srcset=\"https:\/\/collectifmdm-idf.org\/annuaire5\/wp-content\/uploads\/2021\/05\/Tao-Ravao_01-1024x644.jpg 1024w, https:\/\/collectifmdm-idf.org\/annuaire5\/wp-content\/uploads\/2021\/05\/Tao-Ravao_01-300x189.jpg 300w, https:\/\/collectifmdm-idf.org\/annuaire5\/wp-content\/uploads\/2021\/05\/Tao-Ravao_01-768x483.jpg 768w, https:\/\/collectifmdm-idf.org\/annuaire5\/wp-content\/uploads\/2021\/05\/Tao-Ravao_01.jpg 1200w\" sizes=\"(max-width: 1024px) 100vw, 1024px\" \/><\/figure><div class=\"wp-block-media-text__content\">\n<div class=\"wp-block-buttons is-layout-flex wp-block-buttons-is-layout-flex\">\n<div class=\"wp-block-button has-custom-width wp-block-button__width-100 is-style-fill txt_Lvc2\"><a class=\"wp-block-button__link has-midnight-gradient-background has-background\" href=\"https:\/\/collectifmdm-idf.org\/2021\/05\/04\/tao-ravao-vincent-bucher\" style=\"border-radius:25px\">TAO RAVAO &amp; VINCENT BUCHER<br> Afro blues transe malgache<\/a><\/div>\n<\/div>\n<\/div><\/div>\n<\/div>\n\n\n\n<div class=\"wp-block-column is-layout-flow wp-block-column-is-layout-flow\">\n<div class=\"wp-block-media-text alignwide is-stacked-on-mobile\" style=\"grid-template-columns:28% auto\"><figure class=\"wp-block-media-text__media\"><img loading=\"lazy\" decoding=\"async\" width=\"1024\" height=\"683\" src=\"https:\/\/collectifmdm-idf.org\/wp-content\/uploads\/2021\/05\/Tatiana_rencontre_1_gd-1024x683.jpg\" alt=\"TATIANA LAMBOLEZ\" class=\"wp-image-2760 size-full\" srcset=\"https:\/\/collectifmdm-idf.org\/annuaire5\/wp-content\/uploads\/2021\/05\/Tatiana_rencontre_1_gd-1024x683.jpg 1024w, https:\/\/collectifmdm-idf.org\/annuaire5\/wp-content\/uploads\/2021\/05\/Tatiana_rencontre_1_gd-300x200.jpg 300w, https:\/\/collectifmdm-idf.org\/annuaire5\/wp-content\/uploads\/2021\/05\/Tatiana_rencontre_1_gd-768x512.jpg 768w, https:\/\/collectifmdm-idf.org\/annuaire5\/wp-content\/uploads\/2021\/05\/Tatiana_rencontre_1_gd.jpg 1200w\" sizes=\"(max-width: 1024px) 100vw, 1024px\" \/><\/figure><div class=\"wp-block-media-text__content\">\n<div class=\"wp-block-buttons is-layout-flex wp-block-buttons-is-layout-flex\">\n<div class=\"wp-block-button has-custom-width wp-block-button__width-100 is-style-fill txt_Lvc2\"><a class=\"wp-block-button__link has-blush-bordeaux-gradient-background has-background\" href=\"https:\/\/collectifmdm-idf.org\/2021\/05\/04\/tatiana-lambolez\" style=\"border-radius:25px\">TATIANA LAMBOLEZ<br>\u00c0 la rencontre des Bouriates<\/a><\/div>\n<\/div>\n<\/div><\/div>\n<\/div>\n<\/div>\n\n\n\n<div class=\"wp-block-columns is-layout-flex wp-container-core-columns-is-layout-9d6595d7 wp-block-columns-is-layout-flex\">\n<div class=\"wp-block-column is-layout-flow wp-block-column-is-layout-flow\">\n<div class=\"wp-block-media-text alignwide is-stacked-on-mobile\" style=\"grid-template-columns:28% auto\"><figure class=\"wp-block-media-text__media\"><img loading=\"lazy\" decoding=\"async\" width=\"1024\" height=\"683\" src=\"https:\/\/collectifmdm-idf.org\/wp-content\/uploads\/2021\/05\/TIO_PERCUSSION-01_gd-1024x683.jpg\" alt=\"TIO PERCUSSION\" class=\"wp-image-2918 size-full\" srcset=\"https:\/\/collectifmdm-idf.org\/annuaire5\/wp-content\/uploads\/2021\/05\/TIO_PERCUSSION-01_gd-1024x683.jpg 1024w, https:\/\/collectifmdm-idf.org\/annuaire5\/wp-content\/uploads\/2021\/05\/TIO_PERCUSSION-01_gd-300x200.jpg 300w, https:\/\/collectifmdm-idf.org\/annuaire5\/wp-content\/uploads\/2021\/05\/TIO_PERCUSSION-01_gd-768x512.jpg 768w, https:\/\/collectifmdm-idf.org\/annuaire5\/wp-content\/uploads\/2021\/05\/TIO_PERCUSSION-01_gd.jpg 1200w\" sizes=\"(max-width: 1024px) 100vw, 1024px\" \/><\/figure><div class=\"wp-block-media-text__content\">\n<div class=\"wp-block-buttons is-layout-flex wp-block-buttons-is-layout-flex\">\n<div class=\"wp-block-button has-custom-width wp-block-button__width-100 is-style-fill txt_Lvc2\"><a class=\"wp-block-button__link has-light-green-cyan-to-vivid-green-cyan-gradient-background has-background\" href=\"https:\/\/collectifmdm-idf.org\/2021\/05\/04\/tio-percussion\" style=\"border-radius:25px\">TIO PERCUSSION<br> Percussions d&#8217;Afrique de l&#8217;Ouest<\/a><\/div>\n<\/div>\n<\/div><\/div>\n<\/div>\n\n\n\n<div class=\"wp-block-column is-layout-flow wp-block-column-is-layout-flow\">\n<div class=\"wp-block-media-text alignwide is-stacked-on-mobile\" style=\"grid-template-columns:28% auto\"><figure class=\"wp-block-media-text__media\"><img loading=\"lazy\" decoding=\"async\" width=\"1024\" height=\"580\" src=\"https:\/\/collectifmdm-idf.org\/wp-content\/uploads\/2021\/05\/TRICORD-1-Triquatre_gd-1024x580.jpg\" alt=\"Tricord\" class=\"wp-image-2873 size-full\" srcset=\"https:\/\/collectifmdm-idf.org\/annuaire5\/wp-content\/uploads\/2021\/05\/TRICORD-1-Triquatre_gd-1024x580.jpg 1024w, https:\/\/collectifmdm-idf.org\/annuaire5\/wp-content\/uploads\/2021\/05\/TRICORD-1-Triquatre_gd-300x170.jpg 300w, https:\/\/collectifmdm-idf.org\/annuaire5\/wp-content\/uploads\/2021\/05\/TRICORD-1-Triquatre_gd-768x435.jpg 768w, https:\/\/collectifmdm-idf.org\/annuaire5\/wp-content\/uploads\/2021\/05\/TRICORD-1-Triquatre_gd.jpg 1200w\" sizes=\"(max-width: 1024px) 100vw, 1024px\" \/><\/figure><div class=\"wp-block-media-text__content\">\n<div class=\"wp-block-buttons is-layout-flex wp-block-buttons-is-layout-flex\">\n<div class=\"wp-block-button has-custom-width wp-block-button__width-100 is-style-fill txt_Lvc2\"><a class=\"wp-block-button__link has-blush-light-purple-gradient-background has-background\" href=\"https:\/\/collectifmdm-idf.org\/2021\/05\/04\/tricord\" style=\"border-radius:25px\">TRICORD&#8217;<br>Cordes d&#8217;Europe de l&#8217;Est<\/a><\/div>\n<\/div>\n<\/div><\/div>\n<\/div>\n<\/div>\n\n\n\n<div class=\"wp-block-columns is-layout-flex wp-container-core-columns-is-layout-9d6595d7 wp-block-columns-is-layout-flex\">\n<div class=\"wp-block-column is-layout-flow wp-block-column-is-layout-flow\">\n<div class=\"wp-block-media-text alignwide is-stacked-on-mobile\" style=\"grid-template-columns:28% auto\"><figure class=\"wp-block-media-text__media\"><img loading=\"lazy\" decoding=\"async\" width=\"1024\" height=\"538\" src=\"https:\/\/collectifmdm-idf.org\/wp-content\/uploads\/2021\/05\/Trio_d_Afrique-1-Soumaila_Tounkara\u00a9Anne_Volery_gd-e1622025658656-1024x538.jpg\" alt=\"TRIO D'AFRIQUE\" class=\"wp-image-2920 size-full\" srcset=\"https:\/\/collectifmdm-idf.org\/annuaire5\/wp-content\/uploads\/2021\/05\/Trio_d_Afrique-1-Soumaila_Tounkara\u00a9Anne_Volery_gd-e1622025658656-1024x538.jpg 1024w, https:\/\/collectifmdm-idf.org\/annuaire5\/wp-content\/uploads\/2021\/05\/Trio_d_Afrique-1-Soumaila_Tounkara\u00a9Anne_Volery_gd-e1622025658656-300x158.jpg 300w, https:\/\/collectifmdm-idf.org\/annuaire5\/wp-content\/uploads\/2021\/05\/Trio_d_Afrique-1-Soumaila_Tounkara\u00a9Anne_Volery_gd-e1622025658656-768x403.jpg 768w, https:\/\/collectifmdm-idf.org\/annuaire5\/wp-content\/uploads\/2021\/05\/Trio_d_Afrique-1-Soumaila_Tounkara\u00a9Anne_Volery_gd-e1622025658656.jpg 1200w\" sizes=\"(max-width: 1024px) 100vw, 1024px\" \/><\/figure><div class=\"wp-block-media-text__content\">\n<div class=\"wp-block-buttons is-layout-flex wp-block-buttons-is-layout-flex\">\n<div class=\"wp-block-button has-custom-width wp-block-button__width-100 is-style-fill txt_Lvc2\"><a class=\"wp-block-button__link has-light-green-cyan-to-vivid-green-cyan-gradient-background has-background\" href=\"https:\/\/collectifmdm-idf.org\/2021\/05\/03\/trio-dafrique\" style=\"border-radius:25px\">TRIO D&#8217;AFRIQUE<br> Danse afro hip-hop <\/a><\/div>\n<\/div>\n<\/div><\/div>\n<\/div>\n\n\n\n<div class=\"wp-block-column is-layout-flow wp-block-column-is-layout-flow\">\n<div class=\"wp-block-media-text alignwide is-stacked-on-mobile\" style=\"grid-template-columns:28% auto\"><figure class=\"wp-block-media-text__media\"><img loading=\"lazy\" decoding=\"async\" width=\"1024\" height=\"678\" src=\"https:\/\/collectifmdm-idf.org\/wp-content\/uploads\/2021\/05\/Trio-La\u0302lezar1_gd-1024x678.jpg\" alt=\"TRIO LALEZAR\" class=\"wp-image-2922 size-full\" srcset=\"https:\/\/collectifmdm-idf.org\/annuaire5\/wp-content\/uploads\/2021\/05\/Trio-La\u0302lezar1_gd-1024x678.jpg 1024w, https:\/\/collectifmdm-idf.org\/annuaire5\/wp-content\/uploads\/2021\/05\/Trio-La\u0302lezar1_gd-300x199.jpg 300w, https:\/\/collectifmdm-idf.org\/annuaire5\/wp-content\/uploads\/2021\/05\/Trio-La\u0302lezar1_gd-768x509.jpg 768w, https:\/\/collectifmdm-idf.org\/annuaire5\/wp-content\/uploads\/2021\/05\/Trio-La\u0302lezar1_gd.jpg 1200w\" sizes=\"(max-width: 1024px) 100vw, 1024px\" \/><\/figure><div class=\"wp-block-media-text__content\">\n<div class=\"wp-block-buttons is-layout-flex wp-block-buttons-is-layout-flex\">\n<div class=\"wp-block-button has-custom-width wp-block-button__width-100 is-style-fill txt_Lvc2\"><a class=\"wp-block-button__link has-blush-light-purple-gradient-background has-background\" href=\"https:\/\/collectifmdm-idf.org\/2021\/05\/03\/trio-lalezar\" style=\"border-radius:25px\">TRIO L\u00c2LEZAR<br>Traditions revisit\u00e9es de M\u00e9diterran\u00e9e<\/a><\/div>\n<\/div>\n<\/div><\/div>\n<\/div>\n<\/div>\n\n\n\n<div class=\"wp-block-columns is-layout-flex wp-container-core-columns-is-layout-9d6595d7 wp-block-columns-is-layout-flex\">\n<div class=\"wp-block-column is-layout-flow wp-block-column-is-layout-flow\">\n<div class=\"wp-block-media-text alignwide is-stacked-on-mobile\" style=\"grid-template-columns:28% auto\"><figure class=\"wp-block-media-text__media\"><img loading=\"lazy\" decoding=\"async\" width=\"1024\" height=\"498\" src=\"https:\/\/collectifmdm-idf.org\/wp-content\/uploads\/2021\/05\/Trio_Nawal_Ninon_Valder_Tania_Pividori-01_gd-1024x498.jpg\" alt=\"TRIO NAWAL, NINON VALDER, TANIA PIVIDORI\" class=\"wp-image-3050 size-full\" srcset=\"https:\/\/collectifmdm-idf.org\/annuaire5\/wp-content\/uploads\/2021\/05\/Trio_Nawal_Ninon_Valder_Tania_Pividori-01_gd-1024x498.jpg 1024w, https:\/\/collectifmdm-idf.org\/annuaire5\/wp-content\/uploads\/2021\/05\/Trio_Nawal_Ninon_Valder_Tania_Pividori-01_gd-300x146.jpg 300w, https:\/\/collectifmdm-idf.org\/annuaire5\/wp-content\/uploads\/2021\/05\/Trio_Nawal_Ninon_Valder_Tania_Pividori-01_gd-768x374.jpg 768w, https:\/\/collectifmdm-idf.org\/annuaire5\/wp-content\/uploads\/2021\/05\/Trio_Nawal_Ninon_Valder_Tania_Pividori-01_gd.jpg 1200w\" sizes=\"(max-width: 1024px) 100vw, 1024px\" \/><\/figure><div class=\"wp-block-media-text__content\">\n<div class=\"wp-block-buttons is-layout-flex wp-block-buttons-is-layout-flex\">\n<div class=\"wp-block-button has-custom-width wp-block-button__width-100 is-style-fill txt_Lvc2\"><a class=\"wp-block-button__link has-blush-light-purple-gradient-background has-background\" href=\"https:\/\/collectifmdm-idf.org\/2021\/05\/03\/trio-nawal-ninon-valder-tania-pividori\" style=\"border-radius:25px\">TRIO NAWAL, NINON VALDER, TANIA PIVIDORI<br> Voix des Comores, d\u2019Argentine et d\u2019Italie<\/a><\/div>\n<\/div>\n<\/div><\/div>\n<\/div>\n\n\n\n<div class=\"wp-block-column is-layout-flow wp-block-column-is-layout-flow\">\n<div class=\"wp-block-media-text alignwide is-stacked-on-mobile\" style=\"grid-template-columns:28% auto\"><figure class=\"wp-block-media-text__media\"><img loading=\"lazy\" decoding=\"async\" width=\"1024\" height=\"682\" src=\"https:\/\/collectifmdm-idf.org\/wp-content\/uploads\/2021\/05\/Trio_Tsuica_01-tzigane_gd-1024x682.jpg\" alt=\"TRIO TSUICA\" class=\"wp-image-2793 size-full\" srcset=\"https:\/\/collectifmdm-idf.org\/annuaire5\/wp-content\/uploads\/2021\/05\/Trio_Tsuica_01-tzigane_gd-1024x682.jpg 1024w, https:\/\/collectifmdm-idf.org\/annuaire5\/wp-content\/uploads\/2021\/05\/Trio_Tsuica_01-tzigane_gd-300x200.jpg 300w, https:\/\/collectifmdm-idf.org\/annuaire5\/wp-content\/uploads\/2021\/05\/Trio_Tsuica_01-tzigane_gd-768x511.jpg 768w, https:\/\/collectifmdm-idf.org\/annuaire5\/wp-content\/uploads\/2021\/05\/Trio_Tsuica_01-tzigane_gd.jpg 1200w\" sizes=\"(max-width: 1024px) 100vw, 1024px\" \/><\/figure><div class=\"wp-block-media-text__content\">\n<div class=\"wp-block-buttons is-layout-flex wp-block-buttons-is-layout-flex\">\n<div class=\"wp-block-button has-custom-width wp-block-button__width-100 is-style-fill txt_Lvc2\"><a class=\"wp-block-button__link has-blush-light-purple-gradient-background has-background\" href=\"https:\/\/collectifmdm-idf.org\/2021\/05\/03\/trio-tsuica\" style=\"border-radius:25px\">TRIO TSUICA<br>Aux sources des traditions tsiganes<\/a><\/div>\n<\/div>\n<\/div><\/div>\n<\/div>\n<\/div>\n\n\n\n<div class=\"wp-block-columns is-layout-flex wp-container-core-columns-is-layout-9d6595d7 wp-block-columns-is-layout-flex\">\n<div class=\"wp-block-column is-layout-flow wp-block-column-is-layout-flow\">\n<div class=\"wp-block-media-text alignwide is-stacked-on-mobile\" style=\"grid-template-columns:28% auto\"><figure class=\"wp-block-media-text__media\"><img loading=\"lazy\" decoding=\"async\" width=\"1024\" height=\"1024\" src=\"https:\/\/collectifmdm-idf.org\/wp-content\/uploads\/2021\/05\/TRY_PARADISE-03-Umadevi-et-le-santour-photo-Jean-Marc-Zelwer_gd-1024x1024.jpg\" alt=\"Try Paradise, un santour du Cachemire et une basse fretless autour d\u2019une chanteuse indienne\" class=\"wp-image-2740 size-full\" srcset=\"https:\/\/collectifmdm-idf.org\/annuaire5\/wp-content\/uploads\/2021\/05\/TRY_PARADISE-03-Umadevi-et-le-santour-photo-Jean-Marc-Zelwer_gd-1024x1024.jpg 1024w, https:\/\/collectifmdm-idf.org\/annuaire5\/wp-content\/uploads\/2021\/05\/TRY_PARADISE-03-Umadevi-et-le-santour-photo-Jean-Marc-Zelwer_gd-300x300.jpg 300w, https:\/\/collectifmdm-idf.org\/annuaire5\/wp-content\/uploads\/2021\/05\/TRY_PARADISE-03-Umadevi-et-le-santour-photo-Jean-Marc-Zelwer_gd-150x150.jpg 150w, https:\/\/collectifmdm-idf.org\/annuaire5\/wp-content\/uploads\/2021\/05\/TRY_PARADISE-03-Umadevi-et-le-santour-photo-Jean-Marc-Zelwer_gd-768x768.jpg 768w, https:\/\/collectifmdm-idf.org\/annuaire5\/wp-content\/uploads\/2021\/05\/TRY_PARADISE-03-Umadevi-et-le-santour-photo-Jean-Marc-Zelwer_gd-270x270.jpg 270w, https:\/\/collectifmdm-idf.org\/annuaire5\/wp-content\/uploads\/2021\/05\/TRY_PARADISE-03-Umadevi-et-le-santour-photo-Jean-Marc-Zelwer_gd-230x230.jpg 230w, https:\/\/collectifmdm-idf.org\/annuaire5\/wp-content\/uploads\/2021\/05\/TRY_PARADISE-03-Umadevi-et-le-santour-photo-Jean-Marc-Zelwer_gd.jpg 1200w\" sizes=\"(max-width: 1024px) 100vw, 1024px\" \/><\/figure><div class=\"wp-block-media-text__content\">\n<div class=\"wp-block-buttons is-layout-flex wp-block-buttons-is-layout-flex\">\n<div class=\"wp-block-button has-custom-width wp-block-button__width-100 is-style-fill txt_Lvc2\"><a class=\"wp-block-button__link has-blush-bordeaux-gradient-background has-background\" href=\"https:\/\/collectifmdm-idf.org\/2021\/05\/03\/try-paradise\" style=\"border-radius:25px\">TRY PARADISE<br> Inspiration idienne<\/a><\/div>\n<\/div>\n<\/div><\/div>\n<\/div>\n\n\n\n<div class=\"wp-block-column is-layout-flow wp-block-column-is-layout-flow\">\n<div class=\"wp-block-media-text alignwide is-stacked-on-mobile\" style=\"grid-template-columns:28% auto\"><figure class=\"wp-block-media-text__media\"><img decoding=\"async\" src=\"https:\/\/collectifmdm-idf.org\/wp-content\/uploads\/2021\/05\/VERNIS_ROUGE_01.jpg\" alt=\"Vernis Rouge\" class=\"wp-image-2700 size-full\"\/><\/figure><div class=\"wp-block-media-text__content\">\n<div class=\"wp-block-buttons is-layout-flex wp-block-buttons-is-layout-flex\">\n<div class=\"wp-block-button has-custom-width wp-block-button__width-100 is-style-fill txt_Lvc2\"><a class=\"wp-block-button__link has-blush-light-purple-gradient-background has-background\" href=\"https:\/\/collectifmdm-idf.org\/2021\/05\/02\/vernis-rouge\" style=\"border-radius:25px\">VERNIS ROUGE<br>Chanson fran\u00e7aise pop<\/a><\/div>\n<\/div>\n<\/div><\/div>\n<\/div>\n<\/div>\n\n\n\n<div class=\"wp-block-columns is-layout-flex wp-container-core-columns-is-layout-9d6595d7 wp-block-columns-is-layout-flex\">\n<div class=\"wp-block-column is-layout-flow wp-block-column-is-layout-flow\">\n<div class=\"wp-block-media-text alignwide is-stacked-on-mobile\" style=\"grid-template-columns:28% auto\"><figure class=\"wp-block-media-text__media\"><img decoding=\"async\" src=\"https:\/\/collectifmdm-idf.org\/wp-content\/uploads\/2021\/05\/Vixa-01-\u00a9Laurent_M_gd-1024x682.jpg\" alt=\"VIXA\" class=\"wp-image-2924 size-full\"\/><\/figure><div class=\"wp-block-media-text__content\">\n<div class=\"wp-block-buttons is-layout-flex wp-block-buttons-is-layout-flex\">\n<div class=\"wp-block-button has-custom-width wp-block-button__width-100 is-style-fill txt_Lvc2\"><a class=\"wp-block-button__link has-blush-light-purple-gradient-background has-background\" href=\"https:\/\/collectifmdm-idf.org\/2021\/05\/02\/vixa\" style=\"border-radius:25px\">VIXA<br> Duo isra\u00e9lo-su\u00e9dois<\/a><\/div>\n<\/div>\n<\/div><\/div>\n<\/div>\n\n\n\n<div class=\"wp-block-column is-layout-flow wp-block-column-is-layout-flow\">\n<div class=\"wp-block-media-text alignwide is-stacked-on-mobile\" style=\"grid-template-columns:28% auto\"><figure class=\"wp-block-media-text__media\"><img loading=\"lazy\" decoding=\"async\" width=\"1024\" height=\"676\" src=\"https:\/\/collectifmdm-idf.org\/wp-content\/uploads\/2021\/04\/Wissal_1-1024x676.jpg\" alt=\"Wissal - spectacle danse et calligraphie\" class=\"wp-image-1954 size-full\" srcset=\"https:\/\/collectifmdm-idf.org\/annuaire5\/wp-content\/uploads\/2021\/04\/Wissal_1-1024x676.jpg 1024w, https:\/\/collectifmdm-idf.org\/annuaire5\/wp-content\/uploads\/2021\/04\/Wissal_1-300x198.jpg 300w, https:\/\/collectifmdm-idf.org\/annuaire5\/wp-content\/uploads\/2021\/04\/Wissal_1-768x507.jpg 768w, https:\/\/collectifmdm-idf.org\/annuaire5\/wp-content\/uploads\/2021\/04\/Wissal_1.jpg 1200w\" sizes=\"(max-width: 1024px) 100vw, 1024px\" \/><\/figure><div class=\"wp-block-media-text__content\">\n<div class=\"wp-block-buttons is-layout-flex wp-block-buttons-is-layout-flex\">\n<div class=\"wp-block-button has-custom-width wp-block-button__width-100 is-style-fill txt_Lvc2\"><a class=\"wp-block-button__link has-light-green-cyan-to-vivid-green-cyan-gradient-background has-background\" href=\"https:\/\/collectifmdm-idf.org\/2021\/05\/01\/wissal-alexia-traore-ramz\" style=\"border-radius:25px\">WISSAL &#8211; ALEXIA TRAORE &amp; RAMZ<br>Danse &amp; calligraphie<\/a><\/div>\n<\/div>\n<\/div><\/div>\n<\/div>\n<\/div>\n\n\n\n<div class=\"wp-block-columns is-layout-flex wp-container-core-columns-is-layout-9d6595d7 wp-block-columns-is-layout-flex\">\n<div class=\"wp-block-column is-layout-flow wp-block-column-is-layout-flow\">\n<div class=\"wp-block-media-text alignwide is-stacked-on-mobile\" style=\"grid-template-columns:28% auto\"><figure class=\"wp-block-media-text__media\"><img loading=\"lazy\" decoding=\"async\" width=\"1024\" height=\"673\" src=\"https:\/\/collectifmdm-idf.org\/wp-content\/uploads\/2021\/05\/Ziveli-Orkestar1\u00a9Edouard-Mare\u0301chal_gd-1024x673.jpg\" alt=\"ZIVELI ORKESTAR\" class=\"wp-image-3052 size-full\" srcset=\"https:\/\/collectifmdm-idf.org\/annuaire5\/wp-content\/uploads\/2021\/05\/Ziveli-Orkestar1\u00a9Edouard-Mare\u0301chal_gd-1024x673.jpg 1024w, https:\/\/collectifmdm-idf.org\/annuaire5\/wp-content\/uploads\/2021\/05\/Ziveli-Orkestar1\u00a9Edouard-Mare\u0301chal_gd-300x197.jpg 300w, https:\/\/collectifmdm-idf.org\/annuaire5\/wp-content\/uploads\/2021\/05\/Ziveli-Orkestar1\u00a9Edouard-Mare\u0301chal_gd-768x505.jpg 768w, https:\/\/collectifmdm-idf.org\/annuaire5\/wp-content\/uploads\/2021\/05\/Ziveli-Orkestar1\u00a9Edouard-Mare\u0301chal_gd.jpg 1200w\" sizes=\"(max-width: 1024px) 100vw, 1024px\" \/><\/figure><div class=\"wp-block-media-text__content\">\n<div class=\"wp-block-buttons is-layout-flex wp-block-buttons-is-layout-flex\">\n<div class=\"wp-block-button has-custom-width wp-block-button__width-100 is-style-fill txt_Lvc2\"><a class=\"wp-block-button__link has-blush-light-purple-gradient-background has-background\" href=\"https:\/\/collectifmdm-idf.org\/2021\/05\/01\/ziveli-orkestar\" style=\"border-radius:25px\">ZIVELI ORKESTAR<br>La f\u00eate balkanique<\/a><\/div>\n<\/div>\n<\/div><\/div>\n<\/div>\n\n\n\n<div class=\"wp-block-column is-layout-flow wp-block-column-is-layout-flow\">\n<div class=\"wp-block-media-text alignwide is-stacked-on-mobile\" style=\"grid-template-columns:28% auto\"><figure class=\"wp-block-media-text__media\"><img loading=\"lazy\" decoding=\"async\" width=\"1024\" height=\"681\" src=\"https:\/\/collectifmdm-idf.org\/wp-content\/uploads\/2021\/05\/ZIYARA-04-@DrissBenMalek-8_gd-1024x681.jpg\" alt=\"ZIYARA\" class=\"wp-image-2796 size-full\" srcset=\"https:\/\/collectifmdm-idf.org\/annuaire5\/wp-content\/uploads\/2021\/05\/ZIYARA-04-@DrissBenMalek-8_gd-1024x681.jpg 1024w, https:\/\/collectifmdm-idf.org\/annuaire5\/wp-content\/uploads\/2021\/05\/ZIYARA-04-@DrissBenMalek-8_gd-300x200.jpg 300w, https:\/\/collectifmdm-idf.org\/annuaire5\/wp-content\/uploads\/2021\/05\/ZIYARA-04-@DrissBenMalek-8_gd-768x511.jpg 768w, https:\/\/collectifmdm-idf.org\/annuaire5\/wp-content\/uploads\/2021\/05\/ZIYARA-04-@DrissBenMalek-8_gd.jpg 1200w\" sizes=\"(max-width: 1024px) 100vw, 1024px\" \/><\/figure><div class=\"wp-block-media-text__content\">\n<div class=\"wp-block-buttons is-layout-flex wp-block-buttons-is-layout-flex\">\n<div class=\"wp-block-button has-custom-width wp-block-button__width-100 is-style-fill txt_Lvc2\"><a class=\"wp-block-button__link has-light-green-cyan-to-vivid-green-cyan-gradient-background has-background\" href=\"https:\/\/collectifmdm-idf.org\/2021\/05\/01\/ziyara\" style=\"border-radius:25px\">ZIYARA<br>Carnaval oriental<\/a><\/div>\n<\/div>\n<\/div><\/div>\n<\/div>\n<\/div>\n\n\n\n<div class=\"wp-block-image is-style-default\"><figure class=\"aligncenter size-large\"><img loading=\"lazy\" decoding=\"async\" width=\"700\" height=\"167\" src=\"https:\/\/collectifmdm-idf.org\/wp-content\/uploads\/2021\/04\/bgfooter700_LCV2.jpg\" alt=\"La vie continue S2 du collectif MDM IdF\" class=\"wp-image-1833\" srcset=\"https:\/\/collectifmdm-idf.org\/annuaire5\/wp-content\/uploads\/2021\/04\/bgfooter700_LCV2.jpg 700w, https:\/\/collectifmdm-idf.org\/annuaire5\/wp-content\/uploads\/2021\/04\/bgfooter700_LCV2-300x72.jpg 300w\" sizes=\"(max-width: 700px) 100vw, 700px\" \/><\/figure><\/div>\n\n\n\n<p><\/p>\n","protected":false},"excerpt":{"rendered":"<p>\u00c9dito En cette \u00e9t\u00e9 2021, plus que jamais, les artistes ont besoin de la sc\u00e8ne et le public a soif de musique. L\u2019\u00e9t\u00e9 pass\u00e9, le Collectif MDM IdF organisait la premi\u00e8re \u00e9dition de son op\u00e9ration La Vie Continue. Plus d\u2019une vingtaine d\u2019artistes<\/p>\n<p class=\"link-more\"><a class=\"myButt \" href=\"https:\/\/collectifmdm-idf.org\/annuaire5\/la-vie-continue-saison-2\/\">EN SAVOIR +<\/a><\/p>\n","protected":false},"author":1,"featured_media":0,"comment_status":"open","ping_status":"open","sticky":false,"template":"","format":"standard","meta":{"_rtcl_gb_attr":"","footnotes":""},"categories":[7],"tags":[],"class_list":["post-3830","post","type-post","status-publish","format-standard","hentry","category-concert"],"_links":{"self":[{"href":"https:\/\/collectifmdm-idf.org\/annuaire5\/wp-json\/wp\/v2\/posts\/3830","targetHints":{"allow":["GET"]}}],"collection":[{"href":"https:\/\/collectifmdm-idf.org\/annuaire5\/wp-json\/wp\/v2\/posts"}],"about":[{"href":"https:\/\/collectifmdm-idf.org\/annuaire5\/wp-json\/wp\/v2\/types\/post"}],"author":[{"embeddable":true,"href":"https:\/\/collectifmdm-idf.org\/annuaire5\/wp-json\/wp\/v2\/users\/1"}],"replies":[{"embeddable":true,"href":"https:\/\/collectifmdm-idf.org\/annuaire5\/wp-json\/wp\/v2\/comments?post=3830"}],"version-history":[{"count":0,"href":"https:\/\/collectifmdm-idf.org\/annuaire5\/wp-json\/wp\/v2\/posts\/3830\/revisions"}],"wp:attachment":[{"href":"https:\/\/collectifmdm-idf.org\/annuaire5\/wp-json\/wp\/v2\/media?parent=3830"}],"wp:term":[{"taxonomy":"category","embeddable":true,"href":"https:\/\/collectifmdm-idf.org\/annuaire5\/wp-json\/wp\/v2\/categories?post=3830"},{"taxonomy":"post_tag","embeddable":true,"href":"https:\/\/collectifmdm-idf.org\/annuaire5\/wp-json\/wp\/v2\/tags?post=3830"}],"curies":[{"name":"wp","href":"https:\/\/api.w.org\/{rel}","templated":true}]}}