{"id":336,"date":"2015-02-12T10:41:18","date_gmt":"2015-02-12T09:41:18","guid":{"rendered":"http:\/\/collectifmdm-idf.org\/?p=336"},"modified":"2020-02-10T11:27:36","modified_gmt":"2020-02-10T10:27:36","slug":"2-fevrier-2015-lintervention-de-jean-michel-lucas","status":"publish","type":"post","link":"https:\/\/collectifmdm-idf.org\/annuaire5\/2-fevrier-2015-lintervention-de-jean-michel-lucas\/","title":{"rendered":"\u00ab Droits culturels : Comment mettre en pratique les Droits culturels dans les politiques publiques ? \u00bb \u2013 2 f\u00e9vrier 2015 \u2013 L\u2019intervention de Jean-Michel Lucas"},"content":{"rendered":"\n<p> 12 f\u00e9vrier 2015 <em>dans Colloque, Slideshow  par Yvon AMBROSI<\/em> <\/p>\n\n\n\n<h2 class=\"wp-block-heading\"><\/h2>\n\n\n\n<p class=\"has-medium-font-size\">Enregistrement audio de l\u2019intervention de <strong>Jean-Michel Lucas<\/strong>, Docteur d\u2019\u00c9tat en sciences \u00e9conomiques et ma\u00eetre de conf\u00e9rence \u00e0 l\u2019Universit\u00e9 Rennes 2, r\u00e9pondant aux questions de <strong>Fran\u00e7ois Mauger<\/strong>, journaliste, ancien directeur adjoint de Mondomix.<\/p>\n\n\n\n<p class=\"has-medium-font-size\">Dans le cadre de la journ\u00e9e Rencontre du 2 f\u00e9vrier 2015 \u00e0 l\u2019Espace Jemmapes organis\u00e9e par le <strong>Collectif Musiques et Danses du Monde en \u00cele-de France<\/strong> et la <strong>FAMDT<\/strong>, sur le th\u00e8me : \u00ab <strong>Droits culturels : Comment mettre en pratique les Droits culturels  dans les politiques publiques ? Autour de quels concepts construire un  manifeste des musiques et danses du monde en \u00cele-de-France ?<\/strong> \u00bb<\/p>\n\n\n\n<h2 class=\"wp-block-heading\"><\/h2>\n\n\n\n<div class=\"wp-block-image\"><figure class=\"aligncenter size-large\"><img fetchpriority=\"high\" decoding=\"async\" width=\"448\" height=\"336\" src=\"https:\/\/collectifmdm-idf.org\/wp-content\/uploads\/2015\/02\/Lucas.jpg\" alt=\"\" class=\"wp-image-338\" srcset=\"https:\/\/collectifmdm-idf.org\/annuaire5\/wp-content\/uploads\/2015\/02\/Lucas.jpg 448w, https:\/\/collectifmdm-idf.org\/annuaire5\/wp-content\/uploads\/2015\/02\/Lucas-300x225.jpg 300w\" sizes=\"(max-width: 448px) 100vw, 448px\" \/><figcaption> <em>Jean-Michel Lucas \u00a9 Patrice Dalmagne<\/em> <\/figcaption><\/figure><\/div>\n\n\n\n<p class=\"has-medium-font-size\"><strong>1) Les \u201cdroits culturels\u201d introduits dans la loi NOTRe par le S\u00e9nat<\/strong><\/p>\n\n\n\n<p class=\"has-medium-font-size\">Le 27 janvier 2015, le S\u00e9nat a vot\u00e9 un amendement portant sur les  droits culturels, dans le cadre du projet de loi portant sur la Nouvelle  Organisation Territoriale de la R\u00e9publique (NOTRe).<\/p>\n\n\n\n<h2 class=\"wp-block-heading\"><\/h2>\n\n\n<p><iframe src=\"https:\/\/w.soundcloud.com\/player\/?url=https%3A\/\/api.soundcloud.com\/tracks\/190770267&amp;color=%23ff5500&amp;auto_play=false&amp;hide_related=false&amp;show_comments=true&amp;show_user=true&amp;show_reposts=false&amp;show_teaser=true\" scrolling=\"no\" frameborder=\"no\" height=\"166\" width=\"100%\"><\/iframe><\/p>\n\n\n<h2 class=\"wp-block-heading\"><\/h2>\n\n\n\n<p class=\"has-medium-font-size\"><strong>2) Quelle diff\u00e9rence entre \u201cdroits culturels\u201d et \u201cdroits \u00e0 la culture\u201d ?<\/strong><\/p>\n\n\n\n<p class=\"has-medium-font-size\">L\u2019id\u00e9e de l\u2019amendement.<\/p>\n\n\n<p><iframe scrolling=\"no\" allow=\"autoplay\" src=\"https:\/\/w.soundcloud.com\/player\/?url=https%3A\/\/api.soundcloud.com\/tracks\/190770504&amp;color=%23ff5500&amp;auto_play=false&amp;hide_related=false&amp;show_comments=true&amp;show_user=true&amp;show_reposts=false&amp;show_teaser=true\" frameborder=\"no\" height=\"166\" width=\"100%\"><\/iframe><\/p>\n\n\n<h2 class=\"wp-block-heading\"><\/h2>\n\n\n\n<p class=\"has-medium-font-size\"><strong>3) L\u2019\u00e9gale dignit\u00e9 face aux probl\u00e9matiques et aux pratiques sp\u00e9cifiques \u00e0 chaque culture<\/strong><\/p>\n\n\n\n<p class=\"has-medium-font-size\">Nous sommes diff\u00e9rents, mais que fait-on ensemble ? Les droits culturels sont une \u00e9thique publique.<\/p>\n\n\n<p><iframe src=\"https:\/\/w.soundcloud.com\/player\/?url=https%3A\/\/api.soundcloud.com\/tracks\/190770898&amp;color=%23ff5500&amp;auto_play=false&amp;hide_related=false&amp;show_comments=true&amp;show_user=true&amp;show_reposts=false&amp;show_teaser=true\" scrolling=\"no\" frameborder=\"no\" height=\"166\" width=\"100%\"><\/iframe><\/p>\n\n\n<h2 class=\"wp-block-heading\"><\/h2>\n\n\n\n<p class=\"has-medium-font-size\"> <strong>4) Qui pourrait s\u2019opposer \u00e0 l\u2019inscription des droits culturels dans la loi ?<\/strong> <\/p>\n\n\n<p><iframe scrolling=\"no\" allow=\"autoplay\" src=\"https:\/\/w.soundcloud.com\/player\/?url=https%3A\/\/api.soundcloud.com\/tracks\/190771201&amp;color=%23ff5500&amp;auto_play=false&amp;hide_related=false&amp;show_comments=true&amp;show_user=true&amp;show_reposts=false&amp;show_teaser=true\" frameborder=\"no\" height=\"166\" width=\"100%\"><\/iframe><\/p>\n\n\n<p><\/p>\n\n\n\n<p class=\"has-medium-font-size\"><strong>5) La notion d\u2019\u201c\u0153uvre\u201d ne peut pas appartenir au vocabulaire des droits culturels <\/strong><\/p>\n\n\n\n<p class=\"has-medium-font-size\">Elle n\u2019existe que dans un cadre circonstanciel, relatif\u2026 La libert\u00e9 \nd\u2019expression artistique et de cr\u00e9ation est le v\u00e9ritable enjeu.<\/p>\n\n\n<p><iframe scrolling=\"no\" allow=\"autoplay\" src=\"https:\/\/w.soundcloud.com\/player\/?url=https%3A\/\/api.soundcloud.com\/tracks\/190771884&amp;color=%23ff5500&amp;auto_play=false&amp;hide_related=false&amp;show_comments=true&amp;show_user=true&amp;show_reposts=false&amp;show_teaser=true\" frameborder=\"no\" height=\"166\" width=\"100%\"><\/iframe><\/p>\n\n\n<p><\/p>\n\n\n\n<p class=\"has-medium-font-size\"><strong>6) Y a-t-il quelque chose de sp\u00e9cifique dans le champ des musiques et danses du monde en termes de droits culturels ?<\/strong><\/p>\n\n\n\n<p class=\"has-medium-font-size\">Comment faire humanit\u00e9 ensemble \u00e0 travers sa pratique ? Il faut se choisir des balises.<\/p>\n\n\n<p><iframe scrolling=\"no\" allow=\"autoplay\" src=\"https:\/\/w.soundcloud.com\/player\/?url=https%3A\/\/api.soundcloud.com\/tracks\/190772104&amp;color=%23ff5500&amp;auto_play=false&amp;hide_related=false&amp;show_comments=true&amp;show_user=true&amp;show_reposts=false&amp;show_teaser=true\" frameborder=\"no\" height=\"166\" width=\"100%\"><\/iframe><\/p>\n\n\n<div class=\"wp-block-image\"><figure class=\"aligncenter size-large\"><img decoding=\"async\" width=\"448\" height=\"278\" src=\"https:\/\/collectifmdm-idf.org\/wp-content\/uploads\/2015\/02\/Lucas1.jpg\" alt=\"\" class=\"wp-image-358\" srcset=\"https:\/\/collectifmdm-idf.org\/annuaire5\/wp-content\/uploads\/2015\/02\/Lucas1.jpg 448w, https:\/\/collectifmdm-idf.org\/annuaire5\/wp-content\/uploads\/2015\/02\/Lucas1-300x186.jpg 300w\" sizes=\"(max-width: 448px) 100vw, 448px\" \/><figcaption> Jean-Michel Lucas et Fran\u00e7ois Mauger \u00a9 Patrice Dalmagne <\/figcaption><\/figure><\/div>\n\n\n\n<p class=\"has-medium-font-size\"><strong>Discussion avec les participants<\/strong><\/p>\n\n\n\n<p>7) <strong>Bernard Guinard (FAMDT)<\/strong><\/p>\n\n\n\n<p class=\"has-medium-font-size\">Les intentions du Collectif sont de mettre en avant des pratiques \nculturelles issues de la diversit\u00e9, mais \u00e0 l\u2019\u00e9gard desquelles se pose un\n probl\u00e8me de reconnaissance. N\u2019y a-t-il pas une v\u00e9ritable in\u00e9galit\u00e9 de \ntraitement et de moyens publics mis \u00e0 disposition entre de tels projets \net ceux qui sont accompagn\u00e9s par les institutions, comme la Philharmonie\n par exemple ?<\/p>\n\n\n<p><iframe scrolling=\"no\" allow=\"autoplay\" src=\"https:\/\/w.soundcloud.com\/player\/?url=https%3A\/\/api.soundcloud.com\/tracks\/190772351&amp;color=%23ff5500&amp;auto_play=false&amp;hide_related=false&amp;show_comments=true&amp;show_user=true&amp;show_reposts=false&amp;show_teaser=true\" frameborder=\"no\" height=\"166\" width=\"100%\"><\/iframe><\/p>\n\n\n<p><\/p>\n\n\n\n<p class=\"has-medium-font-size\">8) <strong>Ricardo Basualdo<\/strong><\/p>\n\n\n\n<p class=\"has-medium-font-size\">L\u2019in\u00e9galit\u00e9 sociale se construit !<\/p>\n\n\n\n<p class=\"has-medium-font-size\">J-M L. : Se nommer dans un r\u00e9f\u00e9rentiel universel des droits humains n\u2019oblige pas \u00e0 changer sa pratique.<\/p>\n\n\n<p><iframe scrolling=\"no\" allow=\"autoplay\" src=\"https:\/\/w.soundcloud.com\/player\/?url=https%3A\/\/api.soundcloud.com\/tracks\/190772495&amp;color=%23ff5500&amp;auto_play=false&amp;hide_related=false&amp;show_comments=true&amp;show_user=true&amp;show_reposts=false&amp;show_teaser=true\" frameborder=\"no\" height=\"166\" width=\"100%\"><\/iframe><\/p>\n\n\n<h2 class=\"wp-block-heading\"><\/h2>\n\n\n\n<p class=\"has-medium-font-size\">9) <strong>Fran\u00e7ois Mauger<\/strong><\/p>\n\n\n\n<p class=\"has-medium-font-size\">Comment les praticiens des musiques et danses du monde en IdF \npeuvent-ils contribuer \u00e0 ce d\u00e9placement des concepts, du \u201cdroit aux \n\u0153uvre majeures de l\u2019humanit\u00e9\u201d cher \u00e0 Malraux aux \u201cdroits culturels\u201d ?<\/p>\n\n\n<p><iframe scrolling=\"no\" allow=\"autoplay\" src=\"https:\/\/w.soundcloud.com\/player\/?url=https%3A\/\/api.soundcloud.com\/tracks\/190772665&amp;color=%23ff5500&amp;auto_play=false&amp;hide_related=false&amp;show_comments=true&amp;show_user=true&amp;show_reposts=false&amp;show_teaser=true\" frameborder=\"no\" height=\"166\" width=\"100%\"><\/iframe><\/p>\n\n\n<h2 class=\"wp-block-heading\"><\/h2>\n\n\n\n<p class=\"has-medium-font-size\">10) <strong>Fabienne Bidou (Zone Franche)<\/strong><\/p>\n\n\n\n<p class=\"has-medium-font-size\">L\u00e0 o\u00f9 la d\u00e9lib\u00e9ration publique devrait int\u00e9grer de l\u2019alt\u00e9rit\u00e9, jusque\n l\u00e0 exclue de la d\u00e9lib\u00e9ration, va amener les porteurs de droits \nculturels en acte \u00e0 se conformer \u00e0 un discours qui est devenu obsol\u00e8te. \nIl n\u2019y a pas de neutralit\u00e9 des experts. La d\u00e9lib\u00e9ration est fauss\u00e9e.<\/p>\n\n\n<p><iframe scrolling=\"no\" allow=\"autoplay\" src=\"https:\/\/w.soundcloud.com\/player\/?url=https%3A\/\/api.soundcloud.com\/tracks\/190772936&amp;color=%23ff5500&amp;auto_play=false&amp;hide_related=false&amp;show_comments=true&amp;show_user=true&amp;show_reposts=false&amp;show_teaser=true\" frameborder=\"no\" height=\"166\" width=\"100%\"><\/iframe><\/p>\n\n\n<p><\/p>\n\n\n\n<p class=\"has-medium-font-size\">11) <strong>Jean-Michel Lucas<\/strong><\/p>\n\n\n\n<p class=\"has-medium-font-size\">La question de la libert\u00e9, de la dignit\u00e9 se pose aussi par rapport au\n march\u00e9. Il s\u2019agit d\u2019\u00e9thique publique. Le collectif devrait \u00e9laborer son\n sch\u00e9ma \u00e9thique autant par rapport au politiques publiques qu\u2019au march\u00e9.<\/p>\n\n\n<p><iframe scrolling=\"no\" allow=\"autoplay\" src=\"https:\/\/w.soundcloud.com\/player\/?url=https%3A\/\/api.soundcloud.com\/tracks\/190773291&amp;color=%23ff5500&amp;auto_play=false&amp;hide_related=false&amp;show_comments=true&amp;show_user=true&amp;show_reposts=false&amp;show_teaser=true\" frameborder=\"no\" height=\"166\" width=\"100%\"><\/iframe><\/p>\n\n\n<h2 class=\"wp-block-heading\"><\/h2>\n\n\n\n<p class=\"has-medium-font-size\">12) <strong>Ricardo Basualdo<\/strong><\/p>\n\n\n\n<p class=\"has-medium-font-size\">Construire le r\u00e9f\u00e9rentiel de ses propres pratiques.<\/p>\n\n\n<p><iframe scrolling=\"no\" allow=\"autoplay\" src=\"https:\/\/w.soundcloud.com\/player\/?url=https%3A\/\/api.soundcloud.com\/tracks\/190773468&amp;color=%23ff5500&amp;auto_play=false&amp;hide_related=false&amp;show_comments=true&amp;show_user=true&amp;show_reposts=false&amp;show_teaser=true\" frameborder=\"no\" height=\"166\" width=\"100%\"><\/iframe><\/p>\n\n\n<h2 class=\"wp-block-heading\"><\/h2>\n\n\n\n<p class=\"has-medium-font-size\">13) <strong>Aziz Djemai (El Mawsili)<\/strong><\/p>\n\n\n\n<p class=\"has-medium-font-size\">La construction de l\u2019in\u00e9galit\u00e9 \u00e9puise.<\/p>\n\n\n\n<p class=\"has-medium-font-size\">J-M Lucas \u00e9voque son travail avec le Conseil \u00e9conomique, social et \nenvironnemental r\u00e9gional (Ceser) de Midi-Pyr\u00e9n\u00e9es sur le th\u00e8me \u201cculture \net lien social\u201d.<\/p>\n\n\n<p><iframe scrolling=\"no\" allow=\"autoplay\" src=\"https:\/\/w.soundcloud.com\/player\/?url=https%3A\/\/api.soundcloud.com\/tracks\/190773724&amp;color=%23ff5500&amp;auto_play=false&amp;hide_related=false&amp;show_comments=true&amp;show_user=true&amp;show_reposts=false&amp;show_teaser=true\" frameborder=\"no\" height=\"166\" width=\"100%\"><\/iframe><\/p>\n\n\n<h2 class=\"wp-block-heading\"><\/h2>\n\n\n\n<p class=\"has-medium-font-size\">14) <strong>Gilles Duval (Mairie de Nanterre)<\/strong><\/p>\n\n\n\n<p class=\"has-medium-font-size\">Les droits culturels permettent de d\u00e9passer nos probl\u00e9matiques de professionnels pour aborder bien d\u2019autres champs.<\/p>\n\n\n<p><iframe scrolling=\"no\" allow=\"autoplay\" src=\"https:\/\/w.soundcloud.com\/player\/?url=https%3A\/\/api.soundcloud.com\/tracks\/190775142&amp;color=%23ff5500&amp;auto_play=false&amp;hide_related=false&amp;show_comments=true&amp;show_user=true&amp;show_reposts=false&amp;show_teaser=true\" frameborder=\"no\" height=\"166\" width=\"100%\"><\/iframe><\/p>\n\n\n<h2 class=\"wp-block-heading\"><\/h2>\n\n\n\n<p class=\"has-medium-font-size\">15) <strong>Marianne Entat (musicienne, Tsuica)<\/strong><\/p>\n\n\n\n<p class=\"has-medium-font-size\">La notion de droits culturels remet la citoyennet\u00e9 dans la culture.<\/p>\n\n\n<p><iframe scrolling=\"no\" allow=\"autoplay\" src=\"https:\/\/w.soundcloud.com\/player\/?url=https%3A\/\/api.soundcloud.com\/tracks\/190775350&amp;color=%23ff5500&amp;auto_play=false&amp;hide_related=false&amp;show_comments=true&amp;show_user=true&amp;show_reposts=false&amp;show_teaser=true\" frameborder=\"no\" height=\"166\" width=\"100%\"><\/iframe><\/p>\n\n\n<p><\/p>\n\n\n\n<p class=\"has-medium-font-size\">16) <strong>Floriane Lambotin (association Auber Breizh)<\/strong><\/p>\n\n\n\n<p class=\"has-medium-font-size\">Exemples d\u2019\u00e9changes culturels.<\/p>\n\n\n<p><iframe scrolling=\"no\" allow=\"autoplay\" src=\"https:\/\/w.soundcloud.com\/player\/?url=https%3A\/\/api.soundcloud.com\/tracks\/190775687&amp;color=%23ff5500&amp;auto_play=false&amp;hide_related=false&amp;show_comments=true&amp;show_user=true&amp;show_reposts=false&amp;show_teaser=true\" frameborder=\"no\" height=\"166\" width=\"100%\"><\/iframe><\/p>\n\n\n<p><\/p>\n\n\n\n<p class=\"has-medium-font-size\">17) <strong>Jean-Michel Lucas<\/strong><\/p>\n\n\n\n<p class=\"has-medium-font-size\">Analyse du concept du \u201cvivre ensemble\u201d.<\/p>\n\n\n<p><iframe scrolling=\"no\" allow=\"autoplay\" src=\"https:\/\/w.soundcloud.com\/player\/?url=https%3A\/\/api.soundcloud.com\/tracks\/190775932&amp;color=%23ff5500&amp;auto_play=false&amp;hide_related=false&amp;show_comments=true&amp;show_user=true&amp;show_reposts=false&amp;show_teaser=true\" frameborder=\"no\" height=\"166\" width=\"100%\"><\/iframe><\/p>\n\n\n<p><\/p>\n\n\n\n<p class=\"has-medium-font-size\">18) <strong>Bernard Guinard (FAMDT)<\/strong><\/p>\n\n\n\n<p class=\"has-medium-font-size\">Situation du secteur des musiques et danses traditionnelles. Les chantiers de la FAMDT.<\/p>\n\n\n<p><iframe scrolling=\"no\" allow=\"autoplay\" src=\"https:\/\/w.soundcloud.com\/player\/?url=https%3A\/\/api.soundcloud.com\/tracks\/190776201&amp;color=%23ff5500&amp;auto_play=false&amp;hide_related=false&amp;show_comments=true&amp;show_user=true&amp;show_reposts=false&amp;show_teaser=true\" frameborder=\"no\" height=\"166\" width=\"100%\"><\/iframe><\/p>\n\n\n<h2 class=\"wp-block-heading\"><\/h2>\n\n\n\n<hr class=\"wp-block-separator\"\/>\n\n\n\n<p class=\"has-text-color has-text-align-center has-luminous-vivid-orange-color\"><strong>&#8212;o&#8212;<\/strong><\/p>\n\n\n\n<hr class=\"wp-block-separator\"\/>\n\n\n\n<p><\/p>\n","protected":false},"excerpt":{"rendered":"<p>12 f\u00e9vrier 2015 dans Colloque, Slideshow par Yvon AMBROSI Enregistrement audio de l\u2019intervention de Jean-Michel Lucas, Docteur d\u2019\u00c9tat en sciences \u00e9conomiques et ma\u00eetre de conf\u00e9rence \u00e0 l\u2019Universit\u00e9 Rennes 2, r\u00e9pondant aux questions de Fran\u00e7ois Mauger, journaliste, ancien directeur adjoint de Mondomix. Dans<\/p>\n<p class=\"link-more\"><a class=\"myButt \" href=\"https:\/\/collectifmdm-idf.org\/annuaire5\/2-fevrier-2015-lintervention-de-jean-michel-lucas\/\">EN SAVOIR +<\/a><\/p>\n","protected":false},"author":1,"featured_media":0,"comment_status":"open","ping_status":"open","sticky":false,"template":"","format":"standard","meta":{"_rtcl_gb_attr":"","footnotes":""},"categories":[11,9],"tags":[],"class_list":["post-336","post","type-post","status-publish","format-standard","hentry","category-colloque","category-rencontres"],"_links":{"self":[{"href":"https:\/\/collectifmdm-idf.org\/annuaire5\/wp-json\/wp\/v2\/posts\/336","targetHints":{"allow":["GET"]}}],"collection":[{"href":"https:\/\/collectifmdm-idf.org\/annuaire5\/wp-json\/wp\/v2\/posts"}],"about":[{"href":"https:\/\/collectifmdm-idf.org\/annuaire5\/wp-json\/wp\/v2\/types\/post"}],"author":[{"embeddable":true,"href":"https:\/\/collectifmdm-idf.org\/annuaire5\/wp-json\/wp\/v2\/users\/1"}],"replies":[{"embeddable":true,"href":"https:\/\/collectifmdm-idf.org\/annuaire5\/wp-json\/wp\/v2\/comments?post=336"}],"version-history":[{"count":0,"href":"https:\/\/collectifmdm-idf.org\/annuaire5\/wp-json\/wp\/v2\/posts\/336\/revisions"}],"wp:attachment":[{"href":"https:\/\/collectifmdm-idf.org\/annuaire5\/wp-json\/wp\/v2\/media?parent=336"}],"wp:term":[{"taxonomy":"category","embeddable":true,"href":"https:\/\/collectifmdm-idf.org\/annuaire5\/wp-json\/wp\/v2\/categories?post=336"},{"taxonomy":"post_tag","embeddable":true,"href":"https:\/\/collectifmdm-idf.org\/annuaire5\/wp-json\/wp\/v2\/tags?post=336"}],"curies":[{"name":"wp","href":"https:\/\/api.w.org\/{rel}","templated":true}]}}