{"id":319,"date":"2015-06-03T10:55:30","date_gmt":"2015-06-03T08:55:30","guid":{"rendered":"http:\/\/collectifmdm-idf.org\/?p=319"},"modified":"2020-02-10T10:33:49","modified_gmt":"2020-02-10T09:33:49","slug":"identite-appartenance-et-diversite-les-contributions-du-collectif-mdm-idf","status":"publish","type":"post","link":"https:\/\/collectifmdm-idf.org\/annuaire5\/identite-appartenance-et-diversite-les-contributions-du-collectif-mdm-idf\/","title":{"rendered":"\u00ab Identit\u00e9, Appartenance et Diversit\u00e9 \u00bb : les contributions du Collectif MDM IdF pour la Rencontre Nationale de la FAMDT du 12 juin 2015"},"content":{"rendered":"\n<p>3 juin 2015 <em>dans Colloque, Slideshow  par Yvon AMBROSI<\/em><\/p>\n\n\n\n<h2 class=\"wp-block-heading\"><\/h2>\n\n\n\n<p class=\"has-medium-font-size\">La Rencontre Nationale<strong> &#8220;Identit\u00e9, Appartenance et Diversit\u00e9<\/strong>&#8221; est organis\u00e9e \u00e0 Nantes par la FAMDT, le vendredi 12 juin 2015.<\/p>\n\n\n\n<p class=\"has-medium-font-size\">Lire le programme de la Rencontre.<\/p>\n\n\n\n<p class=\"has-medium-font-size\">Le Collectif MDM IdF apporte ses contributions : <br>&#8211;<strong>Portrait de Camel Zekri<\/strong>, artiste et intervenant par Fran\u00e7ois Bensignor ; <br>&#8211;<strong>D\u00e9sir d\u2019Identit\u00e9<\/strong>, par La\u00ebtitia Chantrait ; <br>&#8211;<strong>Appartenances<\/strong>, par Milena Salvini ; <br>&#8211;<strong>Le Tango, musique identitaire<\/strong>, par Claude Namer.<\/p>\n\n\n\n<p class=\"has-medium-font-size\"><strong><em>&#8211; Portrait de<\/em><\/strong> <strong><em>Camel Zekri<\/em><\/strong>, artiste et intervenant lors de cette Rencontre, par Fran\u00e7ois Bensignor, journaliste, pr\u00e9sident du Collectif MDM IdF.<\/p>\n\n\n\n<div class=\"wp-block-image\"><figure class=\"aligncenter size-large\"><img fetchpriority=\"high\" decoding=\"async\" width=\"250\" height=\"364\" src=\"https:\/\/collectifmdm-idf.org\/wp-content\/uploads\/2020\/01\/Camel_corps.jpg\" alt=\"\" class=\"wp-image-323\" srcset=\"https:\/\/collectifmdm-idf.org\/annuaire5\/wp-content\/uploads\/2020\/01\/Camel_corps.jpg 250w, https:\/\/collectifmdm-idf.org\/annuaire5\/wp-content\/uploads\/2020\/01\/Camel_corps-206x300.jpg 206w\" sizes=\"(max-width: 250px) 100vw, 250px\" \/><\/figure><\/div>\n\n\n\n<p class=\"has-medium-font-size\">Musicien cr\u00e9ateur, orchestrateur, producteur artistique, Camel Zekri \ns\u2019engage. Le discours artistique de ses cr\u00e9ations rel\u00e8ve d\u2019une identit\u00e9 \nforte, multiple. Les projets musicaux dans lesquels il s\u2019implique, \nprofond\u00e9ment ancr\u00e9s dans des cultures particuli\u00e8res, sont enrichis par \nla rencontre. Son approche gourmande de la diversit\u00e9 reste saine, \nsereine, int\u00e8gre. Sa d\u00e9marche incarne les valeurs d\u2019ouverture aux \ncultures du monde que partagent les membres du Collectif MDM IdF.<\/p>\n\n\n\n<p class=\"has-medium-font-size\">Lire la contribution de Fran\u00e7ois Bensignor<\/p>\n\n\n\n<p class=\"has-medium-font-size\"><em>Fran\u00e7ois Bensignor a fait conna\u00eetre les musiques du monde par ses \narticles (Hommes &amp; Migrations, Mondomix, World, etc.) Co-fondateur \nde Zone Franche, il a g\u00e9r\u00e9 le Centre d\u2019Information des Musiques \nTraditionnelles et du Monde \u00e0 l\u2019Irma, dirigeant l\u2019\u00e9dition de 7 \nguides-annuaires (Sans Visa, Plan\u00e8tes Musiques, Euro World Book). Il est\n l\u2019auteur de 2 documentaires (un sur Papa Wemba, un sur Alan Stivell) et\n de plusieurs ouvrages de r\u00e9f\u00e9rence (Fela, le g\u00e9nie de l\u2019Afrobeat&nbsp;; \nGuide Totem Larousse des Musiques du Monde&nbsp;; Kaneka, musique en \nmouvement).<\/em><\/p>\n\n\n\n<p class=\"has-medium-font-size\"><strong><em>&#8211; D\u00e9sir d\u2019Identit\u00e9, technique d\u2019interaction<\/em><\/strong>,<br> par La\u00ebtitia Chantrait, membre du Collectif MDM IdF.<\/p>\n\n\n\n<div class=\"wp-block-image\"><figure class=\"aligncenter size-large\"><img decoding=\"async\" width=\"250\" height=\"354\" src=\"https:\/\/collectifmdm-idf.org\/wp-content\/uploads\/2020\/01\/Chantrait_corps.jpg\" alt=\"\" class=\"wp-image-325\" srcset=\"https:\/\/collectifmdm-idf.org\/annuaire5\/wp-content\/uploads\/2020\/01\/Chantrait_corps.jpg 250w, https:\/\/collectifmdm-idf.org\/annuaire5\/wp-content\/uploads\/2020\/01\/Chantrait_corps-212x300.jpg 212w\" sizes=\"(max-width: 250px) 100vw, 250px\" \/><\/figure><\/div>\n\n\n\n<p class=\"has-medium-font-size\">De l\u2019\u00e9chelle d\u2019une ville \u00e0 celle du Monde, l\u2019intensification des \n\u00e9changes am\u00e8ne les individus \u00e0 trouver leurs ressemblances et \u00e0 partager\n leurs connaissances. Pourtant, ce ph\u00e9nom\u00e8ne am\u00e8ne aussi la d\u00e9marche \ninverse : cette n\u00e9cessit\u00e9 de se distinguer, de cr\u00e9er l\u2019effet \nd\u2019originalit\u00e9. Dans une soci\u00e9t\u00e9 marqu\u00e9e par la transition technologique,\n o\u00f9 les communaut\u00e9s rivalisent de traditions, les questions de \nl\u2019identit\u00e9 culturelle et de la rencontre artistique comportent des \nenjeux cruciaux.<\/p>\n\n\n\n<p>Lire la contribution de La\u00ebtitia Chantrait<\/p>\n\n\n\n<p class=\"has-medium-font-size\"><em>La\u00ebtitia Chantrait a fait ses premi\u00e8res armes en tant que charg\u00e9e \nde diffusion et tour manager&nbsp;; elle a notamment collabor\u00e9 avec Tour\u00e9 \nKunda, Omar Pene, Kamel El Harrachi ou encore Mehdi Haddab et Smadj dans\n le cadre du projet DuOud. Elle fut \u00e9galement coordinatrice artistique \ndu Festival L\u2019Afrique dans Tous les Sens. Apr\u00e8s une exp\u00e9rience au sein \ndu Bureau R\u00e9gional de l\u2019UNESCO en Afrique de l\u2019Est en 2014, elle m\u00e8ne \nactuellement un projet de recherches sur le r\u00f4le de la musique dans le \nprocessus de pacification au Mali aupr\u00e8s de l\u2019Institut des Diplomaties.<\/em><\/p>\n\n\n\n<p class=\"has-medium-font-size\"><strong><em>&#8211; Appartenances \u2013 Identit\u00e9s \u2013 Vivre ensemble<\/em><\/strong>,<br> par Milena Salvini, directrice et fondatrice du Centre Mandapa, membre du Collectif MDM IdF.<\/p>\n\n\n\n<div class=\"wp-block-image\"><figure class=\"aligncenter size-large\"><img decoding=\"async\" width=\"440\" height=\"330\" src=\"https:\/\/collectifmdm-idf.org\/wp-content\/uploads\/2020\/01\/Mandapa_corps.jpg\" alt=\"\" class=\"wp-image-326\" srcset=\"https:\/\/collectifmdm-idf.org\/annuaire5\/wp-content\/uploads\/2020\/01\/Mandapa_corps.jpg 440w, https:\/\/collectifmdm-idf.org\/annuaire5\/wp-content\/uploads\/2020\/01\/Mandapa_corps-300x225.jpg 300w\" sizes=\"(max-width: 440px) 100vw, 440px\" \/><\/figure><\/div>\n\n\n\n<p class=\"has-medium-font-size\">En France, la soci\u00e9t\u00e9 d\u2019aujourd\u2019hui est \u00e0 l\u2019image d\u2019un kal\u00e9idoscope \nmultiracial. Cette confrontation, devenue notre quotidien, est certes un\n enrichissement. Toutefois, celui-ci peut \u00eatre favoris\u00e9 par une action \nartistique d\u00e9velopp\u00e9e dans le but d\u2019aider \u00e0 une meilleure connaissance \ndes univers culturels qui font notre environnement, de leurs \ndiff\u00e9rences, et des similitudes possibles avec les n\u00f4tres.<\/p>\n\n\n\n<p>Lire la contribution de Milena Salvini<\/p>\n\n\n\n<p class=\"has-medium-font-size\"><em>Cr\u00e9\u00e9 en 1975, le Centre Mandapa offre chaque ann\u00e9e un large \npanorama de spectacles de toutes cultures. La vocation du lieu, outre la\n d\u00e9couverte, est d\u2019encourager les rencontres et \u00e9changes entre artistes \nde diff\u00e9rentes disciplines dans une optique contemporaine et cr\u00e9ative. \nLa vocation du Mandapa est aussi de recommander ces artistes aux lieux \nsusceptibles de les programmer afin de leur donner un maximum de chances\n d\u2019insertion, de se produire et de valoriser leur art.<\/em><\/p>\n\n\n\n<p class=\"has-medium-font-size\"><strong><em>&#8211; Le Tango, musique identitaire<br> <\/em><\/strong>par Claude Namer, auteur, journaliste, cin\u00e9aste et danseur de tango franco-uruguayen, fondateur de l\u2019association Fama \u2014 a.fama@wanadoo.fr, directeur du festival Paris Banlieues Tango \u2014 <a href=\"http:\/\/www.festival-paris-banlieues-tango.fr\/\">www.festival-paris-banlieues-tango.fr<\/a>, membre du Collectif MDM IdF.<\/p>\n\n\n\n<div class=\"wp-block-image\"><figure class=\"aligncenter size-large\"><img loading=\"lazy\" decoding=\"async\" width=\"300\" height=\"377\" src=\"https:\/\/collectifmdm-idf.org\/wp-content\/uploads\/2020\/01\/Carlos-Gardel-DR.jpg\" alt=\"\" class=\"wp-image-328\" srcset=\"https:\/\/collectifmdm-idf.org\/annuaire5\/wp-content\/uploads\/2020\/01\/Carlos-Gardel-DR.jpg 300w, https:\/\/collectifmdm-idf.org\/annuaire5\/wp-content\/uploads\/2020\/01\/Carlos-Gardel-DR-239x300.jpg 239w\" sizes=\"(max-width: 300px) 100vw, 300px\" \/><\/figure><\/div>\n\n\n\n<p class=\"has-medium-font-size\">Le tango est n\u00e9 \u00e0 la fin du 19<sup>e<\/sup> si\u00e8cle au Rio de la Planta\n (Argentine et Uruguay). Le fait qu\u2019il en constitue un \u00e9l\u00e9ment \nidentitaire, sujet de recherche in\u00e9puisable, a \u00e9t\u00e9 abord\u00e9 par des \nmusicologues, ethnologues, historiens, sociologues, philosophes, \nanthropologues, psychanalystes\u2026 La circulation mondiale des musiques \npermet des appropriations de nature diverses \u00e0 travers lesquelles des \nidentit\u00e9s nationales, r\u00e9gionales, politiques, voire g\u00e9n\u00e9rationnelles \nperdurent, se construisent et se d\u00e9font. Aujourd\u2019hui le \u00ab&nbsp;local&nbsp;\u00bb \ns\u2019enchev\u00eatre avec le \u00ab&nbsp;global&nbsp;\u00bb. Cependant les relations entre \nl\u2019identit\u00e9 \u2014&nbsp;nationale, sociale, communautaire, g\u00e9n\u00e9rationnelle, voir \nmilitante&nbsp;\u2014 et les transferts culturels montrent la persistance d\u2019un \nfort d\u00e9sir identitaire. Dans notre r\u00e9flexion sur la dimension \nidentitaire du tango nous aurons une double analyse, collective et \nindividuelle, avec une interaction et des passerelles permanentes entre \n\u00ab&nbsp;l\u2019\u00eatre individuel&nbsp;\u00bb et \u00ab&nbsp;l\u2019\u00eatre social&nbsp;\u00bb.<\/p>\n\n\n\n<p class=\"has-medium-font-size\">Lire la contribution de Claude Namer<\/p>\n\n\n\n<p class=\"has-medium-font-size\"><em>Organis\u00e9 par l\u2019association Fama, le festival Paris-Banlieues-Tango  (PBTa), propose des spectacles, des concerts, des ateliers et des  stages de tango dans\u00e9 et chant\u00e9, des cycles audiovisuels, des  expositions, des d\u00e9bats, des lectures. Attentif aux liens privil\u00e9gi\u00e9s  entre la France, notamment Paris, l\u2019Europe et le tango, il s\u2019int\u00e9resse  aux ph\u00e9nom\u00e8nes culturels, sociaux, identitaires, voire th\u00e9rapeutiques  li\u00e9s \u00e0 cette musique. Convivial, ouvert \u00e0 tous les publics, le festival  PBTa a re\u00e7u le soutien d\u2019environ 300 institutions fran\u00e7aises et  internationales, publiques et priv\u00e9es, depuis sa cr\u00e9ation en 1998.<\/em><\/p>\n\n\n\n<h2 class=\"wp-block-heading\"><\/h2>\n\n\n\n<hr class=\"wp-block-separator\"\/>\n\n\n\n<p class=\"has-text-color has-text-align-center has-medium-font-size has-luminous-vivid-orange-color\"><strong>&#8212;o&#8212;<\/strong><\/p>\n\n\n\n<hr class=\"wp-block-separator\"\/>\n","protected":false},"excerpt":{"rendered":"<p>3 juin 2015 dans Colloque, Slideshow par Yvon AMBROSI La Rencontre Nationale &#8220;Identit\u00e9, Appartenance et Diversit\u00e9&#8221; est organis\u00e9e \u00e0 Nantes par la FAMDT, le vendredi 12 juin 2015. Lire le programme de la Rencontre. Le Collectif MDM IdF apporte ses contributions :<\/p>\n<p class=\"link-more\"><a class=\"myButt \" href=\"https:\/\/collectifmdm-idf.org\/annuaire5\/identite-appartenance-et-diversite-les-contributions-du-collectif-mdm-idf\/\">EN SAVOIR +<\/a><\/p>\n","protected":false},"author":1,"featured_media":634,"comment_status":"open","ping_status":"open","sticky":false,"template":"","format":"standard","meta":{"_rtcl_gb_attr":"","footnotes":""},"categories":[11,9],"tags":[28],"class_list":["post-319","post","type-post","status-publish","format-standard","has-post-thumbnail","hentry","category-colloque","category-rencontres","tag-laetitia-chantrait"],"_links":{"self":[{"href":"https:\/\/collectifmdm-idf.org\/annuaire5\/wp-json\/wp\/v2\/posts\/319","targetHints":{"allow":["GET"]}}],"collection":[{"href":"https:\/\/collectifmdm-idf.org\/annuaire5\/wp-json\/wp\/v2\/posts"}],"about":[{"href":"https:\/\/collectifmdm-idf.org\/annuaire5\/wp-json\/wp\/v2\/types\/post"}],"author":[{"embeddable":true,"href":"https:\/\/collectifmdm-idf.org\/annuaire5\/wp-json\/wp\/v2\/users\/1"}],"replies":[{"embeddable":true,"href":"https:\/\/collectifmdm-idf.org\/annuaire5\/wp-json\/wp\/v2\/comments?post=319"}],"version-history":[{"count":0,"href":"https:\/\/collectifmdm-idf.org\/annuaire5\/wp-json\/wp\/v2\/posts\/319\/revisions"}],"wp:featuredmedia":[{"embeddable":true,"href":"https:\/\/collectifmdm-idf.org\/annuaire5\/wp-json\/wp\/v2\/media\/634"}],"wp:attachment":[{"href":"https:\/\/collectifmdm-idf.org\/annuaire5\/wp-json\/wp\/v2\/media?parent=319"}],"wp:term":[{"taxonomy":"category","embeddable":true,"href":"https:\/\/collectifmdm-idf.org\/annuaire5\/wp-json\/wp\/v2\/categories?post=319"},{"taxonomy":"post_tag","embeddable":true,"href":"https:\/\/collectifmdm-idf.org\/annuaire5\/wp-json\/wp\/v2\/tags?post=319"}],"curies":[{"name":"wp","href":"https:\/\/api.w.org\/{rel}","templated":true}]}}