{"id":315,"date":"2016-01-22T10:50:07","date_gmt":"2016-01-22T09:50:07","guid":{"rendered":"http:\/\/collectifmdm-idf.org\/?p=315"},"modified":"2020-02-10T09:12:19","modified_gmt":"2020-02-10T08:12:19","slug":"rencontre-professionnelle-4-fev-2016","status":"publish","type":"post","link":"https:\/\/collectifmdm-idf.org\/annuaire5\/rencontre-professionnelle-4-fev-2016\/","title":{"rendered":"Rencontre professionnelle \u2013 4 f\u00e9vrier 2016 &#8211; &#8220;Musiques et danses du monde en \u00cele-de-France, de quelle diversit\u00e9 parle-t-on ?&#8221;"},"content":{"rendered":"\n<p> 22 janvier 2016 <em>dans Colloque, Rencontres par Guillaume Bourgeais<\/em> <\/p>\n\n\n\n<h2 class=\"wp-block-heading\"><\/h2>\n\n\n\n<p class=\"has-text-align-center has-medium-font-size\"><strong>RENCONTRE PROFESSIONNELLE<\/strong><\/p>\n\n\n\n<p class=\"has-text-align-center has-medium-font-size\">Jeudi 4 \u00a0f\u00e9vrier 2016, 14h00\u201319h, \u00e0 l\u2019Alhambra \u2013 Paris<\/p>\n\n\n\n<p class=\"has-text-align-center has-medium-font-size\">dans le cadre du festival <a href=\"https:\/\/web.archive.org\/web\/20190306115233\/http:\/\/www.aufildesvoix.com\/paris2016\/\">AU FIL DES VOIX<\/a>\u00a0<\/p>\n\n\n\n<p class=\"has-text-align-center has-medium-font-size\">&#8220;<strong>Musiques et danses du monde en \u00cele-de-France,\u00a0de quelle diversit\u00e9 parle-t-on ?<\/strong>&#8220;<\/p>\n\n\n\n<p class=\"has-text-align-center has-medium-font-size\"><strong>Des actions locales au Grand Paris, comment  les politiques publiques vont-elles prendre en compte, \u00e0 partir de  2016, la diversit\u00e9 et les droits culturels inscrits dans la loi ?<\/strong><\/p>\n\n\n\n<p class=\"has-text-align-center has-medium-font-size\">Organis\u00e9 par le Collectif Musiques et Danses du Monde en IDF et la<a rel=\"noreferrer noopener\" href=\"https:\/\/web.archive.org\/web\/20190306115233\/http:\/\/www.famdt.com\/\" target=\"_blank\"> F\u00e9d\u00e9ration des Associations de Musiques et Danses Traditionnelles<\/a>.<\/p>\n\n\n\n<p class=\"has-medium-font-size\">Mod\u00e9rateur : Fran\u00e7ois Mauger \u2013 op\u00e9rateur culturel (Abbaye de Royaumont, Mondomix, Lusafrica)<\/p>\n\n\n\n<p class=\"has-medium-font-size\"><strong>Grand t\u00e9moin :<\/strong><\/p>\n\n\n\n<p class=\"has-medium-font-size\">Fabrice Raffin \u2013 Socio-anthropologue, directeur de recherches de SEA Europe. Ma\u00eetre de Conf\u00e9rence \u00e0 l\u2019Universit\u00e9 de Picardie Jules Verne et chercheur du laboratoire Habiter-Monde<\/p>\n\n\n\n<p class=\"has-medium-font-size\"><strong>Intervenants :<\/strong><br>\u2014 Patrick Chenu, directeur de la F\u00e9d\u00e9ration R\u00e9gionale des MJC en \u00cele-de-France<br>\u2014 Gilles Duval, Direction du d\u00e9veloppement culturel de Nanterre \u2013 Soutien aux expressions artistiques<br>\u2014 Jean Marc Galtier, directeur de l\u2019Espace Pr\u00e9vert \u2013 Sc\u00e8ne du monde \u00e0 Savigny le Temple<br>\u2014 Thomas Laou-Hap, directeur de Zone Franche<br>\u2014 Franck Michaut, directeur du RIF<br>\u2014 Fabrice Raffin, sociologue<br>\u2014 Ourida Yaker, directrice de Tour\u2019n\u2019Sol Production<br>\u2014 Camel Zekri, artiste, enseignant, m\u00e9diateur, expert D.R.A.C<\/p>\n\n\n\n<p class=\"has-medium-font-size\"><strong>D\u00e9roul\u00e9 : <\/strong><\/p>\n\n\n\n<p class=\"has-medium-font-size\">\u2013 13h30 \u2013 14h30 : Accueil<\/p>\n\n\n\n<p class=\"has-medium-font-size\">\u2013 14h30 \u2013 16h30 : Table ronde 1 :\u00a0<em>Musiques et danses du monde en \u00cele-de-France, de quelle diversit\u00e9 parle-t-on ?<\/em><\/p>\n\n\n\n<p class=\"has-medium-font-size\">Pause<\/p>\n\n\n\n<p class=\"has-medium-font-size\">\u2013 17h \u2013 19h00 : Table ronde 2 :&nbsp;<strong><em>Des\n actions locales au Grand Paris, comment les politiques publiques \nvont-elles, \u00e0 partir de 2016, prendre en compte la diversit\u00e9 et les \ndroits culturels inscrits dans la loi ?<\/em><\/strong><\/p>\n\n\n\n<h2 class=\"wp-block-heading\"><\/h2>\n\n\n\n<p class=\"has-text-color has-text-align-center has-medium-font-size has-luminous-vivid-orange-color\"><strong>&#8212;o&#8212;<\/strong><\/p>\n\n\n\n<hr class=\"wp-block-separator\"\/>\n\n\n\n<hr class=\"wp-block-separator\"\/>\n","protected":false},"excerpt":{"rendered":"<p>22 janvier 2016 dans Colloque, Rencontres par Guillaume Bourgeais RENCONTRE PROFESSIONNELLE Jeudi 4 \u00a0f\u00e9vrier 2016, 14h00\u201319h, \u00e0 l\u2019Alhambra \u2013 Paris dans le cadre du festival AU FIL DES VOIX\u00a0 &#8220;Musiques et danses du monde en \u00cele-de-France,\u00a0de quelle diversit\u00e9 parle-t-on ?&#8220; Des actions<\/p>\n<p class=\"link-more\"><a class=\"myButt \" href=\"https:\/\/collectifmdm-idf.org\/annuaire5\/rencontre-professionnelle-4-fev-2016\/\">EN SAVOIR +<\/a><\/p>\n","protected":false},"author":1,"featured_media":0,"comment_status":"open","ping_status":"open","sticky":false,"template":"","format":"standard","meta":{"_rtcl_gb_attr":"","footnotes":""},"categories":[9],"tags":[],"class_list":["post-315","post","type-post","status-publish","format-standard","hentry","category-rencontres"],"_links":{"self":[{"href":"https:\/\/collectifmdm-idf.org\/annuaire5\/wp-json\/wp\/v2\/posts\/315","targetHints":{"allow":["GET"]}}],"collection":[{"href":"https:\/\/collectifmdm-idf.org\/annuaire5\/wp-json\/wp\/v2\/posts"}],"about":[{"href":"https:\/\/collectifmdm-idf.org\/annuaire5\/wp-json\/wp\/v2\/types\/post"}],"author":[{"embeddable":true,"href":"https:\/\/collectifmdm-idf.org\/annuaire5\/wp-json\/wp\/v2\/users\/1"}],"replies":[{"embeddable":true,"href":"https:\/\/collectifmdm-idf.org\/annuaire5\/wp-json\/wp\/v2\/comments?post=315"}],"version-history":[{"count":0,"href":"https:\/\/collectifmdm-idf.org\/annuaire5\/wp-json\/wp\/v2\/posts\/315\/revisions"}],"wp:attachment":[{"href":"https:\/\/collectifmdm-idf.org\/annuaire5\/wp-json\/wp\/v2\/media?parent=315"}],"wp:term":[{"taxonomy":"category","embeddable":true,"href":"https:\/\/collectifmdm-idf.org\/annuaire5\/wp-json\/wp\/v2\/categories?post=315"},{"taxonomy":"post_tag","embeddable":true,"href":"https:\/\/collectifmdm-idf.org\/annuaire5\/wp-json\/wp\/v2\/tags?post=315"}],"curies":[{"name":"wp","href":"https:\/\/api.w.org\/{rel}","templated":true}]}}