{"id":307,"date":"2016-02-15T10:42:00","date_gmt":"2016-02-15T09:42:00","guid":{"rendered":"http:\/\/collectifmdm-idf.org\/?p=307"},"modified":"2020-02-10T08:43:50","modified_gmt":"2020-02-10T07:43:50","slug":"compte-rendu-rencontre-diversite-culturelle-en-region-idf-du-4fev2016","status":"publish","type":"post","link":"https:\/\/collectifmdm-idf.org\/annuaire5\/compte-rendu-rencontre-diversite-culturelle-en-region-idf-du-4fev2016\/","title":{"rendered":"Compte-Rendu : Rencontre diversit\u00e9 culturelle en r\u00e9gion IDF du 4 f\u00e9vrier 2016"},"content":{"rendered":"\n<p> 15 f\u00e9vrier 2016 <em>dans Rencontres par Guillaume Bourgeais<\/em> <\/p>\n\n\n\n<h2 class=\"wp-block-heading\"><\/h2>\n\n\n\n<p class=\"has-medium-font-size\">Compte-rendu de la Rencontre du\u00a0<em>Jeudi 4 \u00a0f\u00e9vrier 2016, 14h00\u201319h, \u00e0 l\u2019Alhambra \u2013 Paris\u00a0dans le cadre du festival <a href=\"http:\/\/www.aufildesvoix.com\/paris2016\/\">AU FIL DES VOIX<\/a>\u00a0<\/em><\/p>\n\n\n\n<p class=\"has-medium-font-size\"><em>Organis\u00e9 par le <strong>Collectif Musiques et Danses du Monde en IDF<\/strong>\u00a0et la<\/em> <a href=\"http:\/\/www.famdt.com\/\" target=\"_blank\" rel=\"noreferrer noopener\" aria-label=\" (s\u2019ouvre dans un nouvel onglet)\"><em>F\u00e9d\u00e9ration des Associations de Musiques et Danses Traditionnelles<\/em><\/a><em>.<\/em><\/p>\n\n\n\n<p class=\"has-medium-font-size\">Mod\u00e9rateur : Fran\u00e7ois Mauger \u2013 op\u00e9rateur culturel (Abbaye de Royaumont, Mondomix, Lusafrica)<\/p>\n\n\n\n<p class=\"has-medium-font-size\">Grand t\u00e9moin :Fabrice Raffin \u2013 Socio-anthropologue, directeur de recherches. Ma\u00eetre de Conf\u00e9rence et chercheur<\/p>\n\n\n\n<p>\u2014-<\/p>\n\n\n\n<p class=\"has-medium-font-size\"><strong>TABLE RONDE 1 \u00a0: Musiques et Danses du Monde en \u00cele-de-France,\u00a0de quelle Diversit\u00e9 parle-t-on ?<\/strong><\/p>\n\n\n\n<figure class=\"wp-block-image\"><a href=\"https:\/\/web.archive.org\/web\/20190306115233\/http:\/\/collectifmdm-idf.com\/wp-content\/uploads\/2016\/02\/table-ronde-1_46k.jpg\" data-rel=\"lightbox-image-0\" data-rl_title=\"\" data-rl_caption=\"\" title=\"\"><img decoding=\"async\" src=\"https:\/\/web.archive.org\/web\/20190306115233im_\/http:\/\/collectifmdm-idf.com\/wp-content\/uploads\/2016\/02\/table-ronde-1_46k.jpg\" alt=\"\" class=\"wp-image-4328\"\/><\/a><figcaption>photo : Patrice Dalmagne<\/figcaption><\/figure>\n\n\n\n<figure class=\"wp-block-embed-wordpress wp-block-embed is-type-wp-embed is-provider-hearthis-at\"><div class=\"wp-block-embed__wrapper\">\n<div class=\"responsive-container\"><iframe class=\"wp-embedded-content\" sandbox=\"allow-scripts\" security=\"restricted\" title=\"Rencontre 4fev2016 diversit\u00e9 culturelle en r\u00e9gion IDF part1\" scrolling=\"no\" width=\"100%\" height=\"150\" src=\"https:\/\/hearthis.at\/embed\/716034\/transparent\/?style=2&#038;block_size=2&#038;block_space=2&#038;background=1#?secret=Ney4FBJaPd\" data-secret=\"Ney4FBJaPd\" frameborder=\"0\"><\/iframe><\/div>\n<\/div><\/figure>\n\n\n\n<p class=\"has-medium-font-size\"><strong>Intervenants :<\/strong><br><br>\u2014 Ourida Yaker, directrice de Tour\u2019n\u2019Sol Production<br>\u2014 Camel Zekri, artiste, enseignant, m\u00e9diateur, expert D.R.A.C<br>\u2014 Jean Marc Galtier, directeur de l\u2019Espace Pr\u00e9vert \u2013 Sc\u00e8ne du monde \u00e0 Savigny le Temple<\/p>\n\n\n\n<p>\u2014\u2013<\/p>\n\n\n\n<p class=\"has-medium-font-size\"><strong>&nbsp;&nbsp;TABLE RONDE 2 &nbsp; &nbsp;Des actions locales au Grand Paris, <\/strong><strong>comment\n les politiques publiques vont-elles prendre en compte, \u00e0 partir de \n2016, la diversit\u00e9 et les droits culturels inscrits dans la loi ?<\/strong><\/p>\n\n\n\n<figure class=\"wp-block-image\"><a href=\"https:\/\/web.archive.org\/web\/20190306115233\/http:\/\/collectifmdm-idf.com\/wp-content\/uploads\/2016\/02\/table-ronde-2-ok_88k.jpg\" data-rel=\"lightbox-image-1\" data-rl_title=\"\" data-rl_caption=\"\" title=\"\"><img decoding=\"async\" src=\"https:\/\/web.archive.org\/web\/20190306115233im_\/http:\/\/collectifmdm-idf.com\/wp-content\/uploads\/2016\/02\/table-ronde-2-ok_88k.jpg\" alt=\"\" class=\"wp-image-4330\"\/><\/a><figcaption>photo : Patrice Dalmagne<\/figcaption><\/figure>\n\n\n\n<p><\/p>\n\n\n\n<figure class=\"wp-block-embed-wordpress wp-block-embed is-type-wp-embed is-provider-hearthis-at\"><div class=\"wp-block-embed__wrapper\">\n<div class=\"responsive-container\"><iframe class=\"wp-embedded-content\" sandbox=\"allow-scripts\" security=\"restricted\" title=\"Rencontre 4fev2016 diversit\u00e9 culturelle en r\u00e9gion IDF part2\" scrolling=\"no\" width=\"100%\" height=\"150\" src=\"https:\/\/hearthis.at\/embed\/723040\/transparent\/?style=2&#038;block_size=2&#038;block_space=2&#038;background=1#?secret=C0rwKH2Rh1\" data-secret=\"C0rwKH2Rh1\" frameborder=\"0\"><\/iframe><\/div>\n<\/div><\/figure>\n\n\n\n<p class=\"has-medium-font-size\"><strong>Intervenants :<\/strong><br><br>\u2014 Thomas Laou-Hap, directeur de Zone Franche<br>\u2014 Franck Michaut, directeur du RIF<br>\u2014 Patrick Chenu, directeur de la F\u00e9d\u00e9ration R\u00e9gionale des MJC en \u00cele-de-France<br>\u2014 Gilles Duval, Direction du d\u00e9veloppement culturel de Nanterre \u2013 Soutien aux expressions artistiques<\/p>\n\n\n\n<h2 class=\"wp-block-heading\"><\/h2>\n\n\n\n<hr class=\"wp-block-separator\"\/>\n\n\n\n<p class=\"has-text-color has-text-align-center has-medium-font-size has-luminous-vivid-orange-color\"><strong>&#8212;o&#8212;<\/strong><\/p>\n\n\n\n<hr class=\"wp-block-separator\"\/>\n","protected":false},"excerpt":{"rendered":"<p>15 f\u00e9vrier 2016 dans Rencontres par Guillaume Bourgeais Compte-rendu de la Rencontre du\u00a0Jeudi 4 \u00a0f\u00e9vrier 2016, 14h00\u201319h, \u00e0 l\u2019Alhambra \u2013 Paris\u00a0dans le cadre du festival AU FIL DES VOIX\u00a0 Organis\u00e9 par le Collectif Musiques et Danses du Monde en IDF\u00a0et la F\u00e9d\u00e9ration<\/p>\n<p class=\"link-more\"><a class=\"myButt \" href=\"https:\/\/collectifmdm-idf.org\/annuaire5\/compte-rendu-rencontre-diversite-culturelle-en-region-idf-du-4fev2016\/\">EN SAVOIR +<\/a><\/p>\n","protected":false},"author":1,"featured_media":0,"comment_status":"open","ping_status":"open","sticky":false,"template":"","format":"standard","meta":{"_rtcl_gb_attr":"","footnotes":""},"categories":[9],"tags":[],"class_list":["post-307","post","type-post","status-publish","format-standard","hentry","category-rencontres"],"_links":{"self":[{"href":"https:\/\/collectifmdm-idf.org\/annuaire5\/wp-json\/wp\/v2\/posts\/307","targetHints":{"allow":["GET"]}}],"collection":[{"href":"https:\/\/collectifmdm-idf.org\/annuaire5\/wp-json\/wp\/v2\/posts"}],"about":[{"href":"https:\/\/collectifmdm-idf.org\/annuaire5\/wp-json\/wp\/v2\/types\/post"}],"author":[{"embeddable":true,"href":"https:\/\/collectifmdm-idf.org\/annuaire5\/wp-json\/wp\/v2\/users\/1"}],"replies":[{"embeddable":true,"href":"https:\/\/collectifmdm-idf.org\/annuaire5\/wp-json\/wp\/v2\/comments?post=307"}],"version-history":[{"count":0,"href":"https:\/\/collectifmdm-idf.org\/annuaire5\/wp-json\/wp\/v2\/posts\/307\/revisions"}],"wp:attachment":[{"href":"https:\/\/collectifmdm-idf.org\/annuaire5\/wp-json\/wp\/v2\/media?parent=307"}],"wp:term":[{"taxonomy":"category","embeddable":true,"href":"https:\/\/collectifmdm-idf.org\/annuaire5\/wp-json\/wp\/v2\/categories?post=307"},{"taxonomy":"post_tag","embeddable":true,"href":"https:\/\/collectifmdm-idf.org\/annuaire5\/wp-json\/wp\/v2\/tags?post=307"}],"curies":[{"name":"wp","href":"https:\/\/api.w.org\/{rel}","templated":true}]}}