{"id":300,"date":"2016-03-14T10:35:01","date_gmt":"2016-03-14T09:35:01","guid":{"rendered":"http:\/\/collectifmdm-idf.org\/?p=300"},"modified":"2020-02-10T08:28:17","modified_gmt":"2020-02-10T07:28:17","slug":"babel-minots-2016","status":"publish","type":"post","link":"https:\/\/collectifmdm-idf.org\/annuaire5\/babel-minots-2016\/","title":{"rendered":"Babel Minots 2016"},"content":{"rendered":"\n<p> 14 mars 2016 <em>dans Festival, Rencontres par Guillaume Bourgeais<\/em> <\/p>\n\n\n\n<p class=\"has-medium-font-size\">Fort de la r\u00e9ussite de sa 1\u00e8re \u00e9dition en 2015, <a rel=\"noreferrer noopener\" aria-label=\" (s\u2019ouvre dans un nouvel onglet)\" target=\"_blank\" href=\"http:\/\/www.dock-des-suds.org\/babelmedmusic2016\/autour-de-babel\/\">Babel Minots<\/a> revient en 2016 avec de nouveaux projets !\u00a0<\/p>\n\n\n\n<p class=\"has-medium-font-size\">Le COLLECTIF MDM IdF, antenne r\u00e9gionale de la <a href=\"http:\/\/www.famdt.com\/\">FAMDT<\/a>, co-organise une rencontre d\u00e9di\u00e9e au Jeune Public et anim\u00e9e par Fran\u00e7ois Bensignor, pr\u00e9sident du Collectif MDM IdF :\u00a0le 16 mars \u00e0 11h au <a href=\"http:\/\/www.lenomad.com\/\">Nomad Caf\u00e9<\/a>. <\/p>\n\n\n\n<p class=\"has-medium-font-size\">Inscription : bableminots[a]lenomad.com 04 91 62 49 77.<\/p>\n\n\n\n<p class=\"has-medium-font-size\">Le Collectif pr\u00e9sente aussi deux spectacles :<\/p>\n\n\n\n<p class=\"has-medium-font-size\">> 16 mars 15h30 : \u00ab\u00a0JUKEBOX MADE IN E.U\u00a0\u00bb <br>\u2013 en partenariat avec <a rel=\"noreferrer noopener\" aria-label=\" (s\u2019ouvre dans un nouvel onglet)\" target=\"_blank\" href=\"http:\/\/www.aufildesvoix.com\/\">AU FIL DES VOIX<\/a> et ACCORDS CROISES)<\/p>\n\n\n\n<p class=\"has-medium-font-size\">> 18 mars 14h : \u00ab\u00a0CONTES SOUS LA VO\u00dbTE \u00c9TOIL\u00c9E \u00bb <br>\u2013 en partenariat avec le <a rel=\"noreferrer noopener\" aria-label=\" (s\u2019ouvre dans un nouvel onglet)\" target=\"_blank\" href=\"http:\/\/www.centre-mandapa.fr\/\">Centre Mandapa<\/a> \u00e0 Paris.<\/p>\n\n\n\n<p class=\"has-medium-font-size\"><strong>Et vous pourrez retrouver le stand du Collectif MDM IdF et ses membres (dont <\/strong><a href=\"http:\/\/traffixmusic.wix.com\/traffixmusic\" target=\"_blank\" rel=\"noreferrer noopener\" aria-label=\" (s\u2019ouvre dans un nouvel onglet)\"><strong>TRAFFIX MUSIC<\/strong><\/a><strong>, <\/strong><a href=\"http:\/\/www.daymadanses.com\/\" target=\"_blank\" rel=\"noreferrer noopener\" aria-label=\" (s\u2019ouvre dans un nouvel onglet)\"><strong>DAYMA<\/strong><\/a><strong> et <\/strong><a href=\"http:\/\/altan-art.com\/\"><strong>ALTAN ART<\/strong><\/a><strong>) au salon <\/strong><a href=\"http:\/\/www.babelmedmusic.com\/\" target=\"_blank\" rel=\"noreferrer noopener\" aria-label=\" (s\u2019ouvre dans un nouvel onglet)\"><strong>BABEL MED<\/strong><\/a><strong> \u00e0 l\u2019emplacement num\u00e9ro 66 !<\/strong><\/p>\n\n\n\n<h2 class=\"wp-block-heading\"><\/h2>\n\n\n\n<figure class=\"wp-block-image size-large\"><img fetchpriority=\"high\" decoding=\"async\" width=\"571\" height=\"400\" src=\"https:\/\/collectifmdm-idf.org\/wp-content\/uploads\/2020\/01\/babeminotsrectoPETITv32.jpg\" alt=\"\" class=\"wp-image-304\" srcset=\"https:\/\/collectifmdm-idf.org\/annuaire5\/wp-content\/uploads\/2020\/01\/babeminotsrectoPETITv32.jpg 571w, https:\/\/collectifmdm-idf.org\/annuaire5\/wp-content\/uploads\/2020\/01\/babeminotsrectoPETITv32-300x210.jpg 300w\" sizes=\"(max-width: 571px) 100vw, 571px\" \/><\/figure>\n\n\n\n<figure class=\"wp-block-image size-large\"><img decoding=\"async\" width=\"571\" height=\"400\" src=\"https:\/\/collectifmdm-idf.org\/wp-content\/uploads\/2020\/01\/babeminotsversoPETITv32.jpg\" alt=\"\" class=\"wp-image-303\" srcset=\"https:\/\/collectifmdm-idf.org\/annuaire5\/wp-content\/uploads\/2020\/01\/babeminotsversoPETITv32.jpg 571w, https:\/\/collectifmdm-idf.org\/annuaire5\/wp-content\/uploads\/2020\/01\/babeminotsversoPETITv32-300x210.jpg 300w\" sizes=\"(max-width: 571px) 100vw, 571px\" \/><\/figure>\n\n\n\n<h2 class=\"wp-block-heading\"><\/h2>\n\n\n\n<hr class=\"wp-block-separator\"\/>\n\n\n\n<p class=\"has-text-color has-text-align-center has-medium-font-size has-luminous-vivid-orange-color\"><strong>&#8212;o&#8212;<\/strong><\/p>\n\n\n\n<hr class=\"wp-block-separator\"\/>\n","protected":false},"excerpt":{"rendered":"<p>14 mars 2016 dans Festival, Rencontres par Guillaume Bourgeais Fort de la r\u00e9ussite de sa 1\u00e8re \u00e9dition en 2015, Babel Minots revient en 2016 avec de nouveaux projets !\u00a0 Le COLLECTIF MDM IdF, antenne r\u00e9gionale de la FAMDT, co-organise une rencontre d\u00e9di\u00e9e<\/p>\n<p class=\"link-more\"><a class=\"myButt \" href=\"https:\/\/collectifmdm-idf.org\/annuaire5\/babel-minots-2016\/\">EN SAVOIR +<\/a><\/p>\n","protected":false},"author":1,"featured_media":0,"comment_status":"open","ping_status":"open","sticky":false,"template":"","format":"standard","meta":{"_rtcl_gb_attr":"","footnotes":""},"categories":[9],"tags":[],"class_list":["post-300","post","type-post","status-publish","format-standard","hentry","category-rencontres"],"_links":{"self":[{"href":"https:\/\/collectifmdm-idf.org\/annuaire5\/wp-json\/wp\/v2\/posts\/300","targetHints":{"allow":["GET"]}}],"collection":[{"href":"https:\/\/collectifmdm-idf.org\/annuaire5\/wp-json\/wp\/v2\/posts"}],"about":[{"href":"https:\/\/collectifmdm-idf.org\/annuaire5\/wp-json\/wp\/v2\/types\/post"}],"author":[{"embeddable":true,"href":"https:\/\/collectifmdm-idf.org\/annuaire5\/wp-json\/wp\/v2\/users\/1"}],"replies":[{"embeddable":true,"href":"https:\/\/collectifmdm-idf.org\/annuaire5\/wp-json\/wp\/v2\/comments?post=300"}],"version-history":[{"count":0,"href":"https:\/\/collectifmdm-idf.org\/annuaire5\/wp-json\/wp\/v2\/posts\/300\/revisions"}],"wp:attachment":[{"href":"https:\/\/collectifmdm-idf.org\/annuaire5\/wp-json\/wp\/v2\/media?parent=300"}],"wp:term":[{"taxonomy":"category","embeddable":true,"href":"https:\/\/collectifmdm-idf.org\/annuaire5\/wp-json\/wp\/v2\/categories?post=300"},{"taxonomy":"post_tag","embeddable":true,"href":"https:\/\/collectifmdm-idf.org\/annuaire5\/wp-json\/wp\/v2\/tags?post=300"}],"curies":[{"name":"wp","href":"https:\/\/api.w.org\/{rel}","templated":true}]}}