{"id":2972,"date":"2021-05-03T13:00:27","date_gmt":"2021-05-03T11:00:27","guid":{"rendered":"http:\/\/collectifmdm-idf.org\/?p=2972"},"modified":"2022-04-13T06:27:09","modified_gmt":"2022-04-13T04:27:09","slug":"trio-lalezar","status":"publish","type":"post","link":"https:\/\/collectifmdm-idf.org\/annuaire5\/trio-lalezar\/","title":{"rendered":"Trio L\u00e2lezar"},"content":{"rendered":"\n<div class=\"wp-block-image is-style-default\"><figure class=\"aligncenter size-large\"><img fetchpriority=\"high\" decoding=\"async\" width=\"750\" height=\"70\" src=\"https:\/\/collectifmdm-idf.org\/wp-content\/uploads\/2021\/05\/bgtitr_head750_Lvc2.jpg\" alt=\"Le collectif Musiques et danses du Monde vous pr\u00e9sente pour la deuxi\u00e8me ann\u00e9e\" class=\"wp-image-2359\" srcset=\"https:\/\/collectifmdm-idf.org\/annuaire5\/wp-content\/uploads\/2021\/05\/bgtitr_head750_Lvc2.jpg 750w, https:\/\/collectifmdm-idf.org\/annuaire5\/wp-content\/uploads\/2021\/05\/bgtitr_head750_Lvc2-300x28.jpg 300w\" sizes=\"(max-width: 750px) 100vw, 750px\" \/><\/figure><\/div>\n\n\n\n<h1 class=\"titr_art1 wp-block-heading\">Trio L\u00e2lezar<\/h1>\n\n\n\n<div class=\"wp-block-image is-style-default\"><figure class=\"aligncenter size-large\"><img decoding=\"async\" width=\"750\" height=\"101\" src=\"https:\/\/collectifmdm-idf.org\/wp-content\/uploads\/2021\/05\/bgtitr_foot750_Lvc2.jpg\" alt=\"Installez-vous et \u00e9coutez La vie continue S2\" class=\"wp-image-2358\" srcset=\"https:\/\/collectifmdm-idf.org\/annuaire5\/wp-content\/uploads\/2021\/05\/bgtitr_foot750_Lvc2.jpg 750w, https:\/\/collectifmdm-idf.org\/annuaire5\/wp-content\/uploads\/2021\/05\/bgtitr_foot750_Lvc2-300x40.jpg 300w\" sizes=\"(max-width: 750px) 100vw, 750px\" \/><\/figure><\/div>\n\n\n\n<p class=\"has-text-align-center txt_Lvc2 has-luminous-vivid-orange-color has-text-color has-medium-font-size\"><strong>MUSIQUES DE M\u00c9DITERRAN\u00c9E TRAD\u2019, CLASSIQUE &amp; CONTEMPORAINE<\/strong><\/p>\n\n\n\n<div class=\"wp-block-columns is-layout-flex wp-container-core-columns-is-layout-9d6595d7 wp-block-columns-is-layout-flex\">\n<div class=\"wp-block-column is-layout-flow wp-block-column-is-layout-flow\">\n<p class=\"txt_Lvc2\">L\u2019ensemble<strong> L\u00e2lezar, ou le jardin des tulipes,<\/strong> est issu d\u2019une r\u00e9sidence \u00e0 l\u2019Abbaye de Royaumont. Le trio, compos\u00e9 de G\u00fclay Hacer Toruk au chant, Lucie de Saint Vincent au piano et Leila Soldevila \u00e0 la contrebasse, <strong>se produit sur les sc\u00e8nes internationales de jazz, musiques traditionnelles m\u00e9diterran\u00e9ennes, musique classique<\/strong> mais \u00e9galement contemporaine.<br><br>Les m\u00e9lodies traditionnelles et populaires du pourtour m\u00e9diterran\u00e9en servent de terreau \u00e0 la recherche et l&#8217;exp\u00e9rimentation du trio qui va au-del\u00e0, en croisant leurs expressions culturelles et formes d&#8217;improvisation respectives pour trouver un son cosmopolite nouveau. <strong>\u00c9change, dialogue et brassage d\u2019univers sonores garantis !<\/strong><\/p>\n<\/div>\n\n\n\n<div class=\"wp-block-column is-layout-flow wp-block-column-is-layout-flow\">\n<figure class=\"wp-block-gallery has-nested-images columns-default is-cropped wp-block-gallery-1 is-layout-flex wp-block-gallery-is-layout-flex\">\n<figure class=\"wp-block-image size-medium\"><a href=\"https:\/\/collectifmdm-idf.org\/wp-content\/uploads\/2021\/05\/Trio-Lalezar2_gd.jpg\" data-rel=\"lightbox-image-0\" data-rl_title=\"\" data-rl_caption=\"\" title=\"\"><img decoding=\"async\" width=\"300\" height=\"272\" data-id=\"2923\" src=\"https:\/\/collectifmdm-idf.org\/wp-content\/uploads\/2021\/05\/Trio-Lalezar2_gd-300x272.jpg\" alt=\"TRIO LALEZAR, MUSIQUES DE M\u00c9DITERRAN\u00c9E TRAD\u2019, CLASSIQUE &amp; CONTEMPORAINE\" class=\"wp-image-2923\" srcset=\"https:\/\/collectifmdm-idf.org\/annuaire5\/wp-content\/uploads\/2021\/05\/Trio-Lalezar2_gd-300x272.jpg 300w, https:\/\/collectifmdm-idf.org\/annuaire5\/wp-content\/uploads\/2021\/05\/Trio-Lalezar2_gd-1024x928.jpg 1024w, https:\/\/collectifmdm-idf.org\/annuaire5\/wp-content\/uploads\/2021\/05\/Trio-Lalezar2_gd-768x696.jpg 768w, https:\/\/collectifmdm-idf.org\/annuaire5\/wp-content\/uploads\/2021\/05\/Trio-Lalezar2_gd.jpg 1200w\" sizes=\"(max-width: 300px) 100vw, 300px\" \/><\/a><\/figure>\n<\/figure>\n<\/div>\n<\/div>\n\n\n\n<div class=\"wp-block-columns is-layout-flex wp-container-core-columns-is-layout-9d6595d7 wp-block-columns-is-layout-flex\">\n<div class=\"wp-block-column is-layout-flow wp-block-column-is-layout-flow\">\n<div class=\"wp-block-media-text alignwide is-stacked-on-mobile\" style=\"grid-template-columns:24% auto\"><figure class=\"wp-block-media-text__media\"><img decoding=\"async\" src=\"https:\/\/collectifmdm-idf.org\/wp-content\/uploads\/2021\/04\/Pict_perso_30px.png\" alt=\"nombre de participant\" class=\"wp-image-2034 size-full\"\/><\/figure><div class=\"wp-block-media-text__content\">\n<p class=\"txt_Lvc2 has-normal-font-size\"><strong>3 artistes<\/strong><\/p>\n<\/div><\/div>\n<\/div>\n\n\n\n<div class=\"wp-block-column is-layout-flow wp-block-column-is-layout-flow\">\n<div class=\"wp-block-media-text alignwide is-stacked-on-mobile\" style=\"grid-template-columns:20% auto\"><figure class=\"wp-block-media-text__media\"><img decoding=\"async\" src=\"https:\/\/collectifmdm-idf.org\/wp-content\/uploads\/2021\/04\/Sonor_100.gif\" alt=\"spectacle sonoris\u00e9\" class=\"wp-image-1904 size-full\"\/><\/figure><div class=\"wp-block-media-text__content\">\n<p class=\"txt_Lvc2 has-normal-font-size\"><strong>Sonoris\u00e9<\/strong><\/p>\n<\/div><\/div>\n<\/div>\n\n\n\n<div class=\"wp-block-column is-layout-flow wp-block-column-is-layout-flow\">\n<div class=\"wp-block-media-text alignwide is-stacked-on-mobile\" style=\"grid-template-columns:23% auto\"><figure class=\"wp-block-media-text__media\"><img decoding=\"async\" src=\"https:\/\/collectifmdm-idf.org\/wp-content\/uploads\/2021\/04\/Pict_temps_30px.png\" alt=\"Dur\u00e9e de la prestation\" class=\"wp-image-2036 size-full\"\/><\/figure><div class=\"wp-block-media-text__content\">\n<p class=\"txt_Lvc2 has-normal-font-size\"><strong>1h15<\/strong><\/p>\n<\/div><\/div>\n<\/div>\n\n\n\n<div class=\"wp-block-column is-layout-flow wp-block-column-is-layout-flow\">\n<div class=\"wp-block-media-text alignwide is-stacked-on-mobile\" style=\"grid-template-columns:24% auto\"><figure class=\"wp-block-media-text__media\"><img loading=\"lazy\" decoding=\"async\" width=\"60\" height=\"60\" src=\"https:\/\/collectifmdm-idf.org\/wp-content\/uploads\/2022\/04\/Pict_prix_30px-B.jpg\" alt=\"Pict prix\" class=\"wp-image-5862 size-full\"\/><\/figure><div class=\"wp-block-media-text__content\">\n<p class=\"txt_Lvc2 has-vivid-green-cyan-color has-text-color has-normal-font-size\"><strong><a href=\"https:\/\/collectifmdm-idf.org\/les-tarifs-des-prestations-la-vie-continue-s2\/\">TARIFS<\/a><\/strong><\/p>\n<\/div><\/div>\n<\/div>\n<\/div>\n\n\n\n<div class=\"wp-block-columns has-black-color has-text-color has-background is-layout-flex wp-container-core-columns-is-layout-9d6595d7 wp-block-columns-is-layout-flex\" style=\"background:radial-gradient(rgb(252,185,0) 65%,rgb(255,105,0) 100%)\">\n<div class=\"wp-block-column is-layout-flow wp-block-column-is-layout-flow\">\n<h3 class=\"has-vivid-red-color has-text-color wp-block-heading\">CONTACT<\/h3>\n\n\n\n<p class=\"txt_Lvc2 has-black-color has-text-color has-medium-font-size\"><strong>G\u00fclay Hacer Toruk<br>06 27 59 67 10<\/strong><\/p>\n<\/div>\n\n\n\n<div class=\"wp-block-column is-layout-flow wp-block-column-is-layout-flow\">\n<div class=\"wp-block-media-text alignwide is-stacked-on-mobile\" style=\"grid-template-columns:15% auto\"><figure class=\"wp-block-media-text__media\"><img decoding=\"async\" src=\"https:\/\/collectifmdm-idf.org\/wp-content\/uploads\/2021\/05\/Picto_mel_60px.png\" alt=\"Adresse e-mail\" class=\"wp-image-2454 size-full\"\/><\/figure><div class=\"wp-block-media-text__content\">\n<p class=\"coord_Lvc2 has-normal-font-size\"><a href=\"mailto:gulhacer@gmail.com\" target=\"_blank\" rel=\"noreferrer noopener\">gulhacer@gmail.com<\/a><\/p>\n<\/div><\/div>\n\n\n\n<div class=\"wp-block-columns is-layout-flex wp-container-core-columns-is-layout-9d6595d7 wp-block-columns-is-layout-flex\">\n<div class=\"wp-block-column is-layout-flow wp-block-column-is-layout-flow\">\n<figure class=\"wp-block-image size-large is-resized is-style-default\"><a href=\"https:\/\/www.facebook.com\/GulayHacerToruk\" target=\"_blank\" rel=\"noopener\"><img loading=\"lazy\" decoding=\"async\" src=\"https:\/\/collectifmdm-idf.org\/wp-content\/uploads\/2021\/05\/Picto_Fb_60px.png\" alt=\"Suivez-nous sur Facebook\" class=\"wp-image-2452\" width=\"60\" height=\"60\"\/><\/a><\/figure>\n<\/div>\n\n\n\n<div class=\"wp-block-column is-layout-flow wp-block-column-is-layout-flow\"><\/div>\n\n\n\n<div class=\"wp-block-column is-layout-flow wp-block-column-is-layout-flow\"><\/div>\n<\/div>\n<\/div>\n<\/div>\n\n\n\n<div style=\"height:30px\" aria-hidden=\"true\" class=\"wp-block-spacer\"><\/div>\n\n\n\n<div class=\"wp-block-columns is-layout-flex wp-container-core-columns-is-layout-9d6595d7 wp-block-columns-is-layout-flex\">\n<div class=\"wp-block-column is-layout-flow wp-block-column-is-layout-flow\">\n<div class=\"wp-block-buttons is-horizontal is-content-justification-center is-layout-flex wp-container-core-buttons-is-layout-499968f5 wp-block-buttons-is-layout-flex\">\n<div class=\"wp-block-button has-custom-width wp-block-button__width-50 is-style-fill\"><a class=\"wp-block-button__link has-cool-to-warm-spectrum-gradient-background has-background\" href=\"https:\/\/collectifmdm-idf.org\/la-vie-continue-saison2\/#liste\">Retour \u00e0 la liste<\/a><\/div>\n<\/div>\n<\/div>\n\n\n\n<div class=\"wp-block-column is-layout-flow wp-block-column-is-layout-flow\">\n<div class=\"wp-block-buttons is-layout-flex wp-block-buttons-is-layout-flex\">\n<div class=\"wp-block-button has-custom-width wp-block-button__width-75\"><a class=\"wp-block-button__link has-luminous-vivid-orange-to-vivid-red-gradient-background has-background\" href=\"https:\/\/collectifmdm-idf.org\/wp-content\/uploads\/2021\/06\/trio-lalezar-collectifmdmidf-La-vie-continue-s2-2021.pdf\" target=\"_blank\" rel=\"noreferrer noopener\">T\u00e9l\u00e9charger la fiche<\/a><\/div>\n<\/div>\n<\/div>\n<\/div>\n\n\n\n<div style=\"height:60px\" aria-hidden=\"true\" class=\"wp-block-spacer\"><\/div>\n\n\n\n<figure class=\"wp-block-embed is-type-rich is-provider-soundcloud wp-block-embed-soundcloud wp-embed-aspect-4-3 wp-has-aspect-ratio\"><div class=\"wp-block-embed__wrapper\">\n<div class=\"responsive-container\"><iframe title=\"L\u00e2lezar\" width=\"640\" height=\"450\" scrolling=\"no\" frameborder=\"no\" src=\"https:\/\/w.soundcloud.com\/player\/?visual=true&#038;url=https%3A%2F%2Fapi.soundcloud.com%2Fusers%2F336650376&#038;show_artwork=true&#038;maxheight=960&#038;maxwidth=640\"><\/iframe><\/div>\n<\/div><\/figure>\n\n\n\n<div style=\"height:60px\" aria-hidden=\"true\" class=\"wp-block-spacer\"><\/div>\n\n\n\n<div class=\"wp-block-buttons is-layout-flex wp-block-buttons-is-layout-flex\">\n<div class=\"wp-block-button has-custom-width wp-block-button__width-100 is-style-fill\"><a class=\"wp-block-button__link has-luminous-vivid-amber-color has-cool-to-warm-spectrum-gradient-background has-text-color has-background\" href=\"https:\/\/collectifmdm-idf.org\/la-vie-continue-saison2\/#liste\">Retour \u00e0 la liste<\/a><\/div>\n<\/div>\n\n\n\n<div style=\"height:60px\" aria-hidden=\"true\" class=\"wp-block-spacer\"><\/div>\n\n\n\n<p><\/p>\n","protected":false},"excerpt":{"rendered":"<p>MUSIQUES DE M\u00c9DITERRAN\u00c9E TRAD\u2019, CLASSIQUE &#038; CONTEMPORAINE.<br \/>\nChant traditionnel, piano classique et contrebasse\u00a0: un doux voyage d&#8217;une mer \u00e0 l&#8217;autre.<\/p>\n","protected":false},"author":1,"featured_media":2922,"comment_status":"closed","ping_status":"open","sticky":false,"template":"","format":"standard","meta":{"_rtcl_gb_attr":"","footnotes":""},"categories":[66,42,62,67,45],"tags":[],"class_list":["post-2972","post","type-post","status-publish","format-standard","has-post-thumbnail","hentry","category-europe","category-la-vie-continue-s2","category-musique-lvc2","category-orient","category-spectacle-sonorise"],"_links":{"self":[{"href":"https:\/\/collectifmdm-idf.org\/annuaire5\/wp-json\/wp\/v2\/posts\/2972","targetHints":{"allow":["GET"]}}],"collection":[{"href":"https:\/\/collectifmdm-idf.org\/annuaire5\/wp-json\/wp\/v2\/posts"}],"about":[{"href":"https:\/\/collectifmdm-idf.org\/annuaire5\/wp-json\/wp\/v2\/types\/post"}],"author":[{"embeddable":true,"href":"https:\/\/collectifmdm-idf.org\/annuaire5\/wp-json\/wp\/v2\/users\/1"}],"replies":[{"embeddable":true,"href":"https:\/\/collectifmdm-idf.org\/annuaire5\/wp-json\/wp\/v2\/comments?post=2972"}],"version-history":[{"count":0,"href":"https:\/\/collectifmdm-idf.org\/annuaire5\/wp-json\/wp\/v2\/posts\/2972\/revisions"}],"wp:featuredmedia":[{"embeddable":true,"href":"https:\/\/collectifmdm-idf.org\/annuaire5\/wp-json\/wp\/v2\/media\/2922"}],"wp:attachment":[{"href":"https:\/\/collectifmdm-idf.org\/annuaire5\/wp-json\/wp\/v2\/media?parent=2972"}],"wp:term":[{"taxonomy":"category","embeddable":true,"href":"https:\/\/collectifmdm-idf.org\/annuaire5\/wp-json\/wp\/v2\/categories?post=2972"},{"taxonomy":"post_tag","embeddable":true,"href":"https:\/\/collectifmdm-idf.org\/annuaire5\/wp-json\/wp\/v2\/tags?post=2972"}],"curies":[{"name":"wp","href":"https:\/\/api.w.org\/{rel}","templated":true}]}}