{"id":2970,"date":"2021-05-03T14:00:22","date_gmt":"2021-05-03T12:00:22","guid":{"rendered":"http:\/\/collectifmdm-idf.org\/?p=2970"},"modified":"2022-04-13T06:27:22","modified_gmt":"2022-04-13T04:27:22","slug":"trio-dafrique","status":"publish","type":"post","link":"https:\/\/collectifmdm-idf.org\/annuaire5\/trio-dafrique\/","title":{"rendered":"Trio d&#8217;Afrique"},"content":{"rendered":"\n<div class=\"wp-block-image is-style-default\"><figure class=\"aligncenter size-large\"><img fetchpriority=\"high\" decoding=\"async\" width=\"750\" height=\"70\" src=\"https:\/\/collectifmdm-idf.org\/wp-content\/uploads\/2021\/05\/bgtitr_head750_Lvc2.jpg\" alt=\"Le collectif Musiques et danses du Monde vous pr\u00e9sente pour la deuxi\u00e8me ann\u00e9e\" class=\"wp-image-2359\" srcset=\"https:\/\/collectifmdm-idf.org\/annuaire5\/wp-content\/uploads\/2021\/05\/bgtitr_head750_Lvc2.jpg 750w, https:\/\/collectifmdm-idf.org\/annuaire5\/wp-content\/uploads\/2021\/05\/bgtitr_head750_Lvc2-300x28.jpg 300w\" sizes=\"(max-width: 750px) 100vw, 750px\" \/><\/figure><\/div>\n\n\n\n<h1 class=\"titr_art1 wp-block-heading\">Trio d&#8217;Afrique<\/h1>\n\n\n\n<div class=\"wp-block-image is-style-default\"><figure class=\"aligncenter size-large\"><img decoding=\"async\" width=\"750\" height=\"101\" src=\"https:\/\/collectifmdm-idf.org\/wp-content\/uploads\/2021\/05\/bgtitr_foot750_Lvc2.jpg\" alt=\"Installez-vous et \u00e9coutez La vie continue S2\" class=\"wp-image-2358\" srcset=\"https:\/\/collectifmdm-idf.org\/annuaire5\/wp-content\/uploads\/2021\/05\/bgtitr_foot750_Lvc2.jpg 750w, https:\/\/collectifmdm-idf.org\/annuaire5\/wp-content\/uploads\/2021\/05\/bgtitr_foot750_Lvc2-300x40.jpg 300w\" sizes=\"(max-width: 750px) 100vw, 750px\" \/><\/figure><\/div>\n\n\n\n<p class=\"has-text-align-center txt_Lvc2 has-luminous-vivid-orange-color has-text-color has-medium-font-size\"><strong>FEU D&#8217;ARTIFICE M\u00caLANT DANSE AFRICAINE, HIP-HOP ET CONTEMPORAIN<\/strong><\/p>\n\n\n\n<div class=\"wp-block-columns is-layout-flex wp-container-core-columns-is-layout-9d6595d7 wp-block-columns-is-layout-flex\">\n<div class=\"wp-block-column is-layout-flow wp-block-column-is-layout-flow\">\n<p class=\"txt_Lvc2\">Karim Sylla a fui la Guin\u00e9e. Arriv\u00e9 \u00e0 Paris en 2017 est pris en charge par l\u2019Aide Sociale pour l\u2019Enfance et participe aux spectacles de l\u2019Atelier des artistes en exil. <strong>Lassine Traor\u00e9, sacr\u00e9 meilleur danseur du Mali en 2010<\/strong>, arrive en France en 2018 et travaille avec le chor\u00e9graphe Thierry Thie\u00fb Niang. Soumaila Tounkara, qui <strong>a remport\u00e9 le Mali Hip-Hop Award du meilleur danseur<\/strong>, arrive en France en 2017 et devient membre de l\u2019Atelier des artistes en exil.<\/p>\n\n\n\n<p class=\"txt_Lvc2\">Ces fabuleux danseurs pr\u00e9sentent une d\u00e9monstration endiabl\u00e9e, puis <strong>invitent le public \u00e0 reprendre des mouvements qui sont \u00e0 sa port\u00e9e<\/strong>, pour un moment d\u2019initiation sans jugement de valeur ni pr\u00e9jug\u00e9, <strong>sans consid\u00e9ration d\u2019\u00e2ge et de corps<\/strong>.<br><br><\/p>\n<\/div>\n\n\n\n<div class=\"wp-block-column is-layout-flow wp-block-column-is-layout-flow\">\n<figure class=\"wp-block-gallery has-nested-images columns-default is-cropped wp-block-gallery-1 is-layout-flex wp-block-gallery-is-layout-flex\">\n<figure class=\"wp-block-image size-medium\"><a href=\"https:\/\/collectifmdm-idf.org\/wp-content\/uploads\/2021\/05\/Trio_d_Afrique-02-Karim_Sylla_2_\u00a9Anne_Volery_gd.jpg\" data-rel=\"lightbox-image-0\" data-rl_title=\"\" data-rl_caption=\"\" title=\"\"><img decoding=\"async\" width=\"300\" height=\"200\" data-id=\"2921\" src=\"https:\/\/collectifmdm-idf.org\/wp-content\/uploads\/2021\/05\/Trio_d_Afrique-02-Karim_Sylla_2_\u00a9Anne_Volery_gd-300x200.jpg\" alt=\"TRIO D'AFRIQUE, FEU D'ARTIFICE MELANT DANSE AFRICAINE, HIP-HOP ET CONTEMPORAIN\" class=\"wp-image-2921\" srcset=\"https:\/\/collectifmdm-idf.org\/annuaire5\/wp-content\/uploads\/2021\/05\/Trio_d_Afrique-02-Karim_Sylla_2_\u00a9Anne_Volery_gd-300x200.jpg 300w, https:\/\/collectifmdm-idf.org\/annuaire5\/wp-content\/uploads\/2021\/05\/Trio_d_Afrique-02-Karim_Sylla_2_\u00a9Anne_Volery_gd-1024x683.jpg 1024w, https:\/\/collectifmdm-idf.org\/annuaire5\/wp-content\/uploads\/2021\/05\/Trio_d_Afrique-02-Karim_Sylla_2_\u00a9Anne_Volery_gd-768x512.jpg 768w, https:\/\/collectifmdm-idf.org\/annuaire5\/wp-content\/uploads\/2021\/05\/Trio_d_Afrique-02-Karim_Sylla_2_\u00a9Anne_Volery_gd.jpg 1200w\" sizes=\"(max-width: 300px) 100vw, 300px\" \/><\/a><\/figure>\n<\/figure>\n<\/div>\n<\/div>\n\n\n\n<div class=\"wp-block-columns is-layout-flex wp-container-core-columns-is-layout-9d6595d7 wp-block-columns-is-layout-flex\">\n<div class=\"wp-block-column is-layout-flow wp-block-column-is-layout-flow\">\n<div class=\"wp-block-media-text alignwide is-stacked-on-mobile\" style=\"grid-template-columns:24% auto\"><figure class=\"wp-block-media-text__media\"><img decoding=\"async\" src=\"https:\/\/collectifmdm-idf.org\/wp-content\/uploads\/2021\/04\/Pict_perso_30px.png\" alt=\"nombre de participant\" class=\"wp-image-2034 size-full\"\/><\/figure><div class=\"wp-block-media-text__content\">\n<p class=\"txt_Lvc2 has-normal-font-size\"><strong>1 \u00e0 4 artistes<\/strong><\/p>\n<\/div><\/div>\n<\/div>\n\n\n\n<div class=\"wp-block-column is-layout-flow wp-block-column-is-layout-flow\">\n<div class=\"wp-block-media-text alignwide is-stacked-on-mobile\" style=\"grid-template-columns:20% auto\"><figure class=\"wp-block-media-text__media\"><img decoding=\"async\" src=\"https:\/\/collectifmdm-idf.org\/wp-content\/uploads\/2021\/04\/Sonor_100.gif\" alt=\"spectacle sonoris\u00e9\" class=\"wp-image-1904 size-full\"\/><\/figure><div class=\"wp-block-media-text__content\">\n<p class=\"txt_Lvc2 has-normal-font-size\"><strong>Sonoris\u00e9<\/strong><\/p>\n<\/div><\/div>\n<\/div>\n\n\n\n<div class=\"wp-block-column is-layout-flow wp-block-column-is-layout-flow\">\n<div class=\"wp-block-media-text alignwide is-stacked-on-mobile\" style=\"grid-template-columns:23% auto\"><figure class=\"wp-block-media-text__media\"><img decoding=\"async\" src=\"https:\/\/collectifmdm-idf.org\/wp-content\/uploads\/2021\/04\/Pict_temps_30px.png\" alt=\"Dur\u00e9e de la prestation\" class=\"wp-image-2036 size-full\"\/><\/figure><div class=\"wp-block-media-text__content\">\n<p class=\"txt_Lvc2 has-normal-font-size\"><strong>45mn \u00e0 1h30<\/strong><\/p>\n<\/div><\/div>\n<\/div>\n\n\n\n<div class=\"wp-block-column is-layout-flow wp-block-column-is-layout-flow\">\n<div class=\"wp-block-media-text alignwide is-stacked-on-mobile\" style=\"grid-template-columns:24% auto\"><figure class=\"wp-block-media-text__media\"><img loading=\"lazy\" decoding=\"async\" width=\"60\" height=\"60\" src=\"https:\/\/collectifmdm-idf.org\/wp-content\/uploads\/2022\/04\/Pict_prix_30px-B.jpg\" alt=\"Pict prix\" class=\"wp-image-5862 size-full\"\/><\/figure><div class=\"wp-block-media-text__content\">\n<p class=\"txt_Lvc2 has-vivid-green-cyan-color has-text-color has-normal-font-size\"><strong><a href=\"https:\/\/collectifmdm-idf.org\/les-tarifs-des-prestations-la-vie-continue-s2\/\">TARIFS<\/a><\/strong><\/p>\n<\/div><\/div>\n<\/div>\n<\/div>\n\n\n\n<div class=\"wp-block-columns has-black-color has-text-color has-background is-layout-flex wp-container-core-columns-is-layout-9d6595d7 wp-block-columns-is-layout-flex\" style=\"background:radial-gradient(rgb(252,185,0) 65%,rgb(255,105,0) 100%)\">\n<div class=\"wp-block-column is-layout-flow wp-block-column-is-layout-flow\">\n<h3 class=\"has-vivid-red-color has-text-color wp-block-heading\">CONTACT<\/h3>\n\n\n\n<p class=\"txt_Lvc2 has-black-color has-text-color has-medium-font-size\"><strong>Daniel Blanco<br>Atelier des artistes en exil<br>06 77 63 05 11<\/strong><\/p>\n<\/div>\n\n\n\n<div class=\"wp-block-column is-layout-flow wp-block-column-is-layout-flow\">\n<div class=\"wp-block-media-text alignwide is-stacked-on-mobile\" style=\"grid-template-columns:15% auto\"><figure class=\"wp-block-media-text__media\"><img decoding=\"async\" src=\"https:\/\/collectifmdm-idf.org\/wp-content\/uploads\/2021\/05\/Picto_mel_60px.png\" alt=\"Adresse e-mail\" class=\"wp-image-2454 size-full\"\/><\/figure><div class=\"wp-block-media-text__content\">\n<p class=\"coord_Lvc2 has-normal-font-size\"><a href=\"mailto:musique@aa-e.org\" target=\"_blank\" rel=\"noreferrer noopener\">musique@aa-e.org<\/a><\/p>\n<\/div><\/div>\n\n\n\n<div class=\"wp-block-media-text alignwide is-stacked-on-mobile\" style=\"grid-template-columns:15% auto\"><figure class=\"wp-block-media-text__media\"><img decoding=\"async\" src=\"https:\/\/collectifmdm-idf.org\/wp-content\/uploads\/2021\/05\/Picto_web_60px.png\" alt=\"Site web\" class=\"wp-image-2456 size-full\"\/><\/figure><div class=\"wp-block-media-text__content\">\n<p class=\"coord_Lvc2 has-normal-font-size\"><a href=\"http:\/\/www.aa-e.org\" target=\"_blank\" rel=\"noreferrer noopener\">www.aa-e.org<\/a><\/p>\n<\/div><\/div>\n\n\n\n<div class=\"wp-block-columns is-layout-flex wp-container-core-columns-is-layout-9d6595d7 wp-block-columns-is-layout-flex\">\n<div class=\"wp-block-column is-layout-flow wp-block-column-is-layout-flow\">\n<figure class=\"wp-block-image size-large is-resized is-style-default\"><a href=\"https:\/\/www.facebook.com\/atelierdesartistesenexil\" target=\"_blank\" rel=\"noopener\"><img loading=\"lazy\" decoding=\"async\" src=\"https:\/\/collectifmdm-idf.org\/wp-content\/uploads\/2021\/05\/Picto_Fb_60px.png\" alt=\"Suivez-nous sur Facebook\" class=\"wp-image-2452\" width=\"60\" height=\"60\"\/><\/a><\/figure>\n<\/div>\n\n\n\n<div class=\"wp-block-column is-layout-flow wp-block-column-is-layout-flow\">\n<figure class=\"wp-block-image size-large is-resized is-style-default\"><a href=\"https:\/\/www.instagram.com\/atelierartistesexil\/?hl=fr\" target=\"_blank\" rel=\"noopener\"><img loading=\"lazy\" decoding=\"async\" src=\"https:\/\/collectifmdm-idf.org\/wp-content\/uploads\/2021\/05\/Picto_insta_60px.png\" alt=\"Venez-nous voir sur Instagram\" class=\"wp-image-2453\" width=\"60\" height=\"60\"\/><\/a><\/figure>\n<\/div>\n\n\n\n<div class=\"wp-block-column is-layout-flow wp-block-column-is-layout-flow\">\n<figure class=\"wp-block-image size-large is-resized is-style-default\"><a href=\"https:\/\/twitter.com\/aartistesenexil?lang=fr\" target=\"_blank\" rel=\"noopener\"><img loading=\"lazy\" decoding=\"async\" src=\"https:\/\/collectifmdm-idf.org\/wp-content\/uploads\/2021\/05\/Picto_Twit_60px.png\" alt=\"Sifflez-nous sur Twitter\" class=\"wp-image-2455\" width=\"60\" height=\"60\"\/><\/a><\/figure>\n<\/div>\n<\/div>\n<\/div>\n<\/div>\n\n\n\n<div style=\"height:30px\" aria-hidden=\"true\" class=\"wp-block-spacer\"><\/div>\n\n\n\n<div class=\"wp-block-columns is-layout-flex wp-container-core-columns-is-layout-9d6595d7 wp-block-columns-is-layout-flex\">\n<div class=\"wp-block-column is-layout-flow wp-block-column-is-layout-flow\">\n<div class=\"wp-block-buttons is-horizontal is-content-justification-center is-layout-flex wp-container-core-buttons-is-layout-499968f5 wp-block-buttons-is-layout-flex\">\n<div class=\"wp-block-button has-custom-width wp-block-button__width-50 is-style-fill\"><a class=\"wp-block-button__link has-cool-to-warm-spectrum-gradient-background has-background\" href=\"https:\/\/collectifmdm-idf.org\/la-vie-continue-saison2\/#liste\">Retour \u00e0 la liste<\/a><\/div>\n<\/div>\n<\/div>\n\n\n\n<div class=\"wp-block-column is-layout-flow wp-block-column-is-layout-flow\">\n<div class=\"wp-block-buttons is-layout-flex wp-block-buttons-is-layout-flex\">\n<div class=\"wp-block-button has-custom-width wp-block-button__width-75\"><a class=\"wp-block-button__link has-luminous-vivid-orange-to-vivid-red-gradient-background has-background\" href=\"https:\/\/collectifmdm-idf.org\/wp-content\/uploads\/2021\/06\/trio-dafrique-collectifmdmidf-La-vie-continue-s2-2021.pdf\" target=\"_blank\" rel=\"noreferrer noopener\">T\u00e9l\u00e9charger la fiche<\/a><\/div>\n<\/div>\n<\/div>\n<\/div>\n\n\n\n<div style=\"height:60px\" aria-hidden=\"true\" class=\"wp-block-spacer\"><\/div>\n\n\n\n<figure class=\"wp-block-embed is-type-video is-provider-youtube wp-block-embed-youtube wp-embed-aspect-16-9 wp-has-aspect-ratio\"><div class=\"wp-block-embed__wrapper\">\n<div class=\"responsive-container\"><iframe title=\"Trio d&#039;Afrique, performance et atelier, 9 novembre 2019, festival Visions d&#039;exil, Paris\" width=\"640\" height=\"360\" src=\"https:\/\/www.youtube.com\/embed\/LLGVeA25hLg?feature=oembed\" frameborder=\"0\" allow=\"accelerometer; autoplay; clipboard-write; encrypted-media; gyroscope; picture-in-picture; web-share\" referrerpolicy=\"strict-origin-when-cross-origin\" allowfullscreen><\/iframe><\/div>\n<\/div><\/figure>\n\n\n\n<div style=\"height:60px\" aria-hidden=\"true\" class=\"wp-block-spacer\"><\/div>\n\n\n\n<div class=\"wp-block-buttons is-layout-flex wp-block-buttons-is-layout-flex\">\n<div class=\"wp-block-button has-custom-width wp-block-button__width-100 is-style-fill\"><a class=\"wp-block-button__link has-luminous-vivid-amber-color has-cool-to-warm-spectrum-gradient-background has-text-color has-background\" href=\"https:\/\/collectifmdm-idf.org\/la-vie-continue-saison2\/#liste\">Retour \u00e0 la liste<\/a><\/div>\n<\/div>\n\n\n\n<div style=\"height:60px\" aria-hidden=\"true\" class=\"wp-block-spacer\"><\/div>\n\n\n\n<p><\/p>\n","protected":false},"excerpt":{"rendered":"<p>FEU D&#8217;ARTIFICE M\u00caLANT DANSE AFRICAINE, HIP-HOP ET CONTEMPORAIN.<br \/>\nUn appel au plaisir de bouger et d\u2019ambiancer : c\u2019est \u00e0 vous de danser !<\/p>\n","protected":false},"author":1,"featured_media":3442,"comment_status":"closed","ping_status":"open","sticky":false,"template":"","format":"standard","meta":{"_rtcl_gb_attr":"","footnotes":""},"categories":[63,71,42,62,45,68],"tags":[],"class_list":["post-2970","post","type-post","status-publish","format-standard","has-post-thumbnail","hentry","category-afrique","category-danse-spectacles","category-la-vie-continue-s2","category-musique-lvc2","category-spectacle-sonorise","category-spectacles"],"_links":{"self":[{"href":"https:\/\/collectifmdm-idf.org\/annuaire5\/wp-json\/wp\/v2\/posts\/2970","targetHints":{"allow":["GET"]}}],"collection":[{"href":"https:\/\/collectifmdm-idf.org\/annuaire5\/wp-json\/wp\/v2\/posts"}],"about":[{"href":"https:\/\/collectifmdm-idf.org\/annuaire5\/wp-json\/wp\/v2\/types\/post"}],"author":[{"embeddable":true,"href":"https:\/\/collectifmdm-idf.org\/annuaire5\/wp-json\/wp\/v2\/users\/1"}],"replies":[{"embeddable":true,"href":"https:\/\/collectifmdm-idf.org\/annuaire5\/wp-json\/wp\/v2\/comments?post=2970"}],"version-history":[{"count":0,"href":"https:\/\/collectifmdm-idf.org\/annuaire5\/wp-json\/wp\/v2\/posts\/2970\/revisions"}],"wp:featuredmedia":[{"embeddable":true,"href":"https:\/\/collectifmdm-idf.org\/annuaire5\/wp-json\/wp\/v2\/media\/3442"}],"wp:attachment":[{"href":"https:\/\/collectifmdm-idf.org\/annuaire5\/wp-json\/wp\/v2\/media?parent=2970"}],"wp:term":[{"taxonomy":"category","embeddable":true,"href":"https:\/\/collectifmdm-idf.org\/annuaire5\/wp-json\/wp\/v2\/categories?post=2970"},{"taxonomy":"post_tag","embeddable":true,"href":"https:\/\/collectifmdm-idf.org\/annuaire5\/wp-json\/wp\/v2\/tags?post=2970"}],"curies":[{"name":"wp","href":"https:\/\/api.w.org\/{rel}","templated":true}]}}