{"id":295,"date":"2016-09-26T10:32:44","date_gmt":"2016-09-26T08:32:44","guid":{"rendered":"http:\/\/collectifmdm-idf.org\/?p=295"},"modified":"2020-02-10T08:19:11","modified_gmt":"2020-02-10T07:19:11","slug":"rencontres-droits-culturels-14-oct-a-aubervilliers","status":"publish","type":"post","link":"https:\/\/collectifmdm-idf.org\/annuaire5\/rencontres-droits-culturels-14-oct-a-aubervilliers\/","title":{"rendered":"Rencontres \u2013 Droits Culturels \u2013 14 octobre 2016 &#8211; \u00e0 Aubervilliers"},"content":{"rendered":"\n<p>26 septembre 2016 <em>dans Colloque, Rencontres <\/em><\/p>\n\n\n\n<h2 class=\"wp-block-heading\"><\/h2>\n\n\n\n<p class=\"has-medium-font-size\">Bonjour,<\/p>\n\n\n\n<p class=\"has-medium-font-size\">Nous avons le plaisir de vous inviter \u00e0 une journ\u00e9e de&nbsp;rencontres autour des droits culturels et de leur mise en pratique.<\/p>\n\n\n\n<p class=\"has-medium-font-size\">Vous pouvez participer \u00e0 l\u2019ensemble de la journ\u00e9e ou au temps du \nmatin ou de l\u2019apr\u00e8s-midi. Nous vous invitons \u00e0 pr\u00e9senter une action \nmarquante.<\/p>\n\n\n\n<p class=\"has-medium-font-size\">Inscriptions :\u00a0coordination@collectifmdm-idf.com \u00a0\/ 09 84 47 75 99<\/p>\n\n\n\n<h2 class=\"wp-block-heading\"><\/h2>\n\n\n\n<div class=\"wp-block-image\"><figure class=\"aligncenter size-large\"><img fetchpriority=\"high\" decoding=\"async\" width=\"420\" height=\"595\" src=\"https:\/\/collectifmdm-idf.org\/wp-content\/uploads\/2020\/01\/Rencontres-pro-droits-culturels-14-oct.jpg\" alt=\"\" class=\"wp-image-297\" srcset=\"https:\/\/collectifmdm-idf.org\/annuaire5\/wp-content\/uploads\/2020\/01\/Rencontres-pro-droits-culturels-14-oct.jpg 420w, https:\/\/collectifmdm-idf.org\/annuaire5\/wp-content\/uploads\/2020\/01\/Rencontres-pro-droits-culturels-14-oct-212x300.jpg 212w\" sizes=\"(max-width: 420px) 100vw, 420px\" \/><\/figure><\/div>\n\n\n\n<div class=\"wp-block-image\"><figure class=\"aligncenter size-large\"><img decoding=\"async\" width=\"450\" height=\"638\" src=\"https:\/\/collectifmdm-idf.org\/wp-content\/uploads\/2020\/01\/14-15-oct-A5-web-verso-site-web-collectif2.jpg\" alt=\"\" class=\"wp-image-296\" srcset=\"https:\/\/collectifmdm-idf.org\/annuaire5\/wp-content\/uploads\/2020\/01\/14-15-oct-A5-web-verso-site-web-collectif2.jpg 450w, https:\/\/collectifmdm-idf.org\/annuaire5\/wp-content\/uploads\/2020\/01\/14-15-oct-A5-web-verso-site-web-collectif2-212x300.jpg 212w\" sizes=\"(max-width: 450px) 100vw, 450px\" \/><\/figure><\/div>\n\n\n\n<h2 class=\"wp-block-heading\"><\/h2>\n\n\n\n<hr class=\"wp-block-separator\"\/>\n\n\n\n<p class=\"has-text-color has-text-align-center has-medium-font-size has-luminous-vivid-orange-color\"><strong>&#8212;o&#8212;<\/strong><\/p>\n\n\n\n<hr class=\"wp-block-separator\"\/>\n","protected":false},"excerpt":{"rendered":"<p>26 septembre 2016 dans Colloque, Rencontres Bonjour, Nous avons le plaisir de vous inviter \u00e0 une journ\u00e9e de&nbsp;rencontres autour des droits culturels et de leur mise en pratique. Vous pouvez participer \u00e0 l\u2019ensemble de la journ\u00e9e ou au temps du matin ou<\/p>\n<p class=\"link-more\"><a class=\"myButt \" href=\"https:\/\/collectifmdm-idf.org\/annuaire5\/rencontres-droits-culturels-14-oct-a-aubervilliers\/\">EN SAVOIR +<\/a><\/p>\n","protected":false},"author":1,"featured_media":0,"comment_status":"open","ping_status":"open","sticky":false,"template":"","format":"standard","meta":{"_rtcl_gb_attr":"","footnotes":""},"categories":[9],"tags":[],"class_list":["post-295","post","type-post","status-publish","format-standard","hentry","category-rencontres"],"_links":{"self":[{"href":"https:\/\/collectifmdm-idf.org\/annuaire5\/wp-json\/wp\/v2\/posts\/295","targetHints":{"allow":["GET"]}}],"collection":[{"href":"https:\/\/collectifmdm-idf.org\/annuaire5\/wp-json\/wp\/v2\/posts"}],"about":[{"href":"https:\/\/collectifmdm-idf.org\/annuaire5\/wp-json\/wp\/v2\/types\/post"}],"author":[{"embeddable":true,"href":"https:\/\/collectifmdm-idf.org\/annuaire5\/wp-json\/wp\/v2\/users\/1"}],"replies":[{"embeddable":true,"href":"https:\/\/collectifmdm-idf.org\/annuaire5\/wp-json\/wp\/v2\/comments?post=295"}],"version-history":[{"count":0,"href":"https:\/\/collectifmdm-idf.org\/annuaire5\/wp-json\/wp\/v2\/posts\/295\/revisions"}],"wp:attachment":[{"href":"https:\/\/collectifmdm-idf.org\/annuaire5\/wp-json\/wp\/v2\/media?parent=295"}],"wp:term":[{"taxonomy":"category","embeddable":true,"href":"https:\/\/collectifmdm-idf.org\/annuaire5\/wp-json\/wp\/v2\/categories?post=295"},{"taxonomy":"post_tag","embeddable":true,"href":"https:\/\/collectifmdm-idf.org\/annuaire5\/wp-json\/wp\/v2\/tags?post=295"}],"curies":[{"name":"wp","href":"https:\/\/api.w.org\/{rel}","templated":true}]}}