{"id":286,"date":"2016-11-08T10:06:05","date_gmt":"2016-11-08T09:06:05","guid":{"rendered":"http:\/\/collectifmdm-idf.org\/?p=286"},"modified":"2020-02-10T08:08:06","modified_gmt":"2020-02-10T07:08:06","slug":"rencontres-port-refuge-le-12-nov-2016-a-aubervilliers","status":"publish","type":"post","link":"https:\/\/collectifmdm-idf.org\/annuaire5\/rencontres-port-refuge-le-12-nov-2016-a-aubervilliers\/","title":{"rendered":"Rencontres \u2013 Port Refuge \u2013 le 12 novembre 2016 \u00e0 Aubervilliers"},"content":{"rendered":"\n<p>8 novembre  2016 <em>dans Colloque, Rencontres <\/em><\/p>\n\n\n\n<p class=\"has-medium-font-size\">\u00a0Le <strong>collectif Musiques &amp; Danses du Monde en \u00cele-de-France <\/strong>s\u2019associe au <strong>Festival Villes des Musiques du Monde<\/strong> pour pr\u00e9senter une journ\u00e9e de solidarit\u00e9 et de r\u00e9flexion autour des migrations le 12 novembre 2016 \u00e0 Aubervilliers.<\/p>\n\n\n\n<h2 class=\"wp-block-heading\"><\/h2>\n\n\n\n<div class=\"wp-block-image\"><figure class=\"aligncenter size-large\"><img fetchpriority=\"high\" decoding=\"async\" width=\"550\" height=\"825\" src=\"https:\/\/collectifmdm-idf.org\/wp-content\/uploads\/2020\/01\/port-refuge_lowdef2.jpg\" alt=\"\" class=\"wp-image-288\" srcset=\"https:\/\/collectifmdm-idf.org\/annuaire5\/wp-content\/uploads\/2020\/01\/port-refuge_lowdef2.jpg 550w, https:\/\/collectifmdm-idf.org\/annuaire5\/wp-content\/uploads\/2020\/01\/port-refuge_lowdef2-200x300.jpg 200w\" sizes=\"(max-width: 550px) 100vw, 550px\" \/><\/figure><\/div>\n\n\n\n<h2 class=\"wp-block-heading\"><\/h2>\n\n\n\n<hr class=\"wp-block-separator\"\/>\n\n\n\n<p class=\"has-text-color has-text-align-center has-medium-font-size has-luminous-vivid-orange-color\"><strong>&#8212;o&#8212;<\/strong><\/p>\n\n\n\n<hr class=\"wp-block-separator\"\/>\n","protected":false},"excerpt":{"rendered":"<p>8 novembre 2016 dans Colloque, Rencontres \u00a0Le collectif Musiques &amp; Danses du Monde en \u00cele-de-France s\u2019associe au Festival Villes des Musiques du Monde pour pr\u00e9senter une journ\u00e9e de solidarit\u00e9 et de r\u00e9flexion autour des migrations le 12 novembre 2016 \u00e0 Aubervilliers. &#8212;o&#8212;<\/p>\n","protected":false},"author":1,"featured_media":0,"comment_status":"open","ping_status":"open","sticky":false,"template":"","format":"standard","meta":{"_rtcl_gb_attr":"","footnotes":""},"categories":[11,9],"tags":[],"class_list":["post-286","post","type-post","status-publish","format-standard","hentry","category-colloque","category-rencontres"],"_links":{"self":[{"href":"https:\/\/collectifmdm-idf.org\/annuaire5\/wp-json\/wp\/v2\/posts\/286","targetHints":{"allow":["GET"]}}],"collection":[{"href":"https:\/\/collectifmdm-idf.org\/annuaire5\/wp-json\/wp\/v2\/posts"}],"about":[{"href":"https:\/\/collectifmdm-idf.org\/annuaire5\/wp-json\/wp\/v2\/types\/post"}],"author":[{"embeddable":true,"href":"https:\/\/collectifmdm-idf.org\/annuaire5\/wp-json\/wp\/v2\/users\/1"}],"replies":[{"embeddable":true,"href":"https:\/\/collectifmdm-idf.org\/annuaire5\/wp-json\/wp\/v2\/comments?post=286"}],"version-history":[{"count":0,"href":"https:\/\/collectifmdm-idf.org\/annuaire5\/wp-json\/wp\/v2\/posts\/286\/revisions"}],"wp:attachment":[{"href":"https:\/\/collectifmdm-idf.org\/annuaire5\/wp-json\/wp\/v2\/media?parent=286"}],"wp:term":[{"taxonomy":"category","embeddable":true,"href":"https:\/\/collectifmdm-idf.org\/annuaire5\/wp-json\/wp\/v2\/categories?post=286"},{"taxonomy":"post_tag","embeddable":true,"href":"https:\/\/collectifmdm-idf.org\/annuaire5\/wp-json\/wp\/v2\/tags?post=286"}],"curies":[{"name":"wp","href":"https:\/\/api.w.org\/{rel}","templated":true}]}}