{"id":283,"date":"2016-11-15T23:04:56","date_gmt":"2016-11-15T22:04:56","guid":{"rendered":"http:\/\/collectifmdm-idf.org\/?p=283"},"modified":"2020-02-10T11:45:47","modified_gmt":"2020-02-10T10:45:47","slug":"vous-dansez","status":"publish","type":"post","link":"https:\/\/collectifmdm-idf.org\/annuaire5\/vous-dansez\/","title":{"rendered":"&#8220;Vous dansez ?&#8221; Une rencontre pour d\u00e9battre des danses traditionnelles et du monde &#8211; 16 &#038; 17 d\u00e9cembre 2016"},"content":{"rendered":"\n<p>novembre 15, 2016 <em>dans Rencontres <\/em><\/p>\n\n\n\n<p class=\"has-text-align-center has-medium-font-size\"><strong>UNE RENCONTRE POUR D\u00c9BATTRE DES DANSES TRADITIONNELLES ET DU MONDE <\/strong><\/p>\n\n\n\n<p class=\"has-text-align-center has-medium-font-size\"><strong>16 ET 17 D\u00c9CEMBRE 2016 AU CND (93)<\/strong><\/p>\n\n\n\n<p class=\"has-medium-font-size\">Si cette question vous interpelle, <strong>r\u00e9servez&nbsp;votre place pour ces rencontres !<\/strong><\/p>\n\n\n\n<p class=\"has-medium-font-size\"><strong>Inscription en ligne avant le 20 novembre (jauge limit\u00e9e) :\u00a0<a href=\"https:\/\/goo.gl\/forms\/W9BQIrzhGKzY2iwI2\" target=\"_blank\" rel=\"noreferrer noopener\" aria-label=\" (s\u2019ouvre dans un nouvel onglet)\">https:\/\/goo.gl\/forms\/W9BQIrzhGKzY2iwI2<\/a><\/strong><\/p>\n\n\n\n<p class=\"has-medium-font-size\"><strong>La <a rel=\"noreferrer noopener\" aria-label=\" (s\u2019ouvre dans un nouvel onglet)\" target=\"_blank\" href=\"http:\/\/www.famdt.com\/\">FAMDT<\/a> organise un temps fort sur les danses traditionnelles au Centre National de la Danse \u00e0 Pantin (93),<\/strong> <strong>en complicit\u00e9 avec l\u2019<a aria-label=\" (s\u2019ouvre dans un nouvel onglet)\" rel=\"noreferrer noopener\" target=\"_blank\" href=\"http:\/\/www.chercheurs-en-danse.com\/fr\">Association des Chercheurs en Danse<\/a>.<\/strong>  <\/p>\n\n\n\n<p class=\"has-medium-font-size\">Ces journ\u00e9es ont pour but de r\u00e9fl\u00e9chir ensemble aux\u00a0projets en danse au  sein du r\u00e9seau national et d\u2019identifier ou d\u2019interroger les travaux de  recherche en danses traditionnelles.<\/p>\n\n\n\n<p class=\"has-medium-font-size\"> La rencontre s\u2019adresse aux danseurs et aux musiciens amateurs ou  professionnels, aux enseignants, aux chercheurs, \u00e0 toutes les personnes  int\u00e9ress\u00e9es par les danses traditionnelles et du monde telles qu\u2019elles  se pratiquent et se transmettent en France aujourd\u2019hui. Elle se veut  ouverte \u00e0 la discussion, aux t\u00e9moignages de pratiques, aux \u00e9changes de  points de vue et aux suggestions pour l\u2019avenir !<\/p>\n\n\n\n<p class=\"has-medium-font-size\">Expos\u00e9s et tables rondes amorceront la discussion autour de 3 th\u00e9matiques :<br> \u2013 le bal<br> \u2013 la transmission<br> \u2013 la cr\u00e9ation<\/p>\n\n\n\n<p class=\"has-medium-font-size\"><strong>PROGRAMME<\/strong><\/p>\n\n\n\n<p class=\"has-medium-font-size\"><strong>Vendredi 16 d\u00e9cembre&nbsp;<\/strong><\/p>\n\n\n\n<p class=\"has-medium-font-size\"><strong>14H<\/strong> : Introduction<\/p>\n\n\n\n<ul class=\"wp-block-list\"><li>David De Abreu, vice-pr\u00e9sident de la FAMDT<\/li><li>Jo\u00eblle Vellet, ma\u00eetre de conf\u00e9rences en danse, Universit\u00e9 de Nice \nSophia Antipolis, pr\u00e9sidente de l\u2019aCD \u2013 association des Chercheurs en \nDanse<\/li><li>Fran\u00e7ois Gasnault,&nbsp;historien, chercheur \u00e0 l\u2019IIAC-LAHIC (CNRS-EHESS)<\/li><\/ul>\n\n\n\n<p class=\"has-medium-font-size\"><strong>LE BAL &nbsp;<\/strong><\/p>\n\n\n\n<p class=\"has-medium-font-size\"><strong>14H30<\/strong> : Que vient-on chercher au bal&nbsp;?<\/p>\n\n\n\n<p class=\"has-medium-font-size\">Points de vue de trois personnes&nbsp;qui questionnent le bal de l\u2019endroit o\u00f9 elles sont&nbsp;: les lieux, les pratiques, le public\u2026<\/p>\n\n\n\n<ul class=\"wp-block-list\"><li>\u00ab&nbsp;L\u2019humanit\u00e9 du bal&nbsp;\u00bb par <a rel=\"noreferrer noopener\" href=\"https:\/\/web.archive.org\/web\/20180819125718\/http:\/\/www.christopheapprill.fr\/\" target=\"_blank\">Christophe Apprill<\/a>, socio-anthropologue de la danse (URMIS-Centre Norbert Elias)<\/li><li>Gilles Laupr\u00eatre, danseur musicien<\/li><\/ul>\n\n\n\n<p class=\"has-medium-font-size\"><em>Mod\u00e9ration : Solange Panis<\/em><\/p>\n\n\n\n<p class=\"has-medium-font-size\"><strong>16H : <\/strong>Pause<br><strong>16H30<\/strong> :\u00a0Le musicien m\u00e8ne le bal ?<\/p>\n\n\n\n<p class=\"has-medium-font-size\">Table-ronde sur les liens entre musiciens et danseurs.<\/p>\n\n\n\n<ul class=\"wp-block-list\"><li>Yann Thaeron, membre de Carambal<\/li><li>Val\u00e9rie Imbert, meneuse de bal \u00e0 la voix, danseuse<\/li><li>Eric Desgrugillers, danseur et musicien<\/li><li>Michel Esbelin, musicien<\/li><\/ul>\n\n\n\n<p class=\"has-medium-font-size\"><em>Mod\u00e9ration : Didier Champion<\/em><\/p>\n\n\n\n<p class=\"has-medium-font-size\"><strong>19H<\/strong> : Ap\u00e9ritif<\/p>\n\n\n\n<p class=\"has-medium-font-size\"><strong>Samedi 17 d\u00e9cembre<\/strong><\/p>\n\n\n\n<p class=\"has-medium-font-size\"><strong>9H<\/strong> :&nbsp;<strong>LA TRANSMISSION<\/strong><\/p>\n\n\n\n<p class=\"has-medium-font-size\">\u00c9changes sur\u00a0les exp\u00e9riences de transmission : conceptions, valeurs, sources, p\u00e9dagogies\u2026<\/p>\n\n\n\n<ul class=\"wp-block-list\"><li>Yvon Guilcher, danseur, formateur, co-fondateur de l\u2019Atelier de la danse populaire, dialogue avec Fran\u00e7ois Gasnault<\/li><li>Jo\u00eblle Vellet, Didier Champion et Eric Champion, danseurs musiciens<\/li><li>Anatole Lorne, artiste chor\u00e9graphique<\/li><li>Eric Champion et le projet \u00ab&nbsp;Tradamuse&nbsp;\u00bb<\/li><\/ul>\n\n\n\n<p class=\"has-medium-font-size\">Table-ronde sur la formation de formateurs : les enjeux aujourd\u2019hui et pour les ann\u00e9es \u00e0 venir<\/p>\n\n\n\n<ul class=\"wp-block-list\"><li>Solange Panis, danseuse, enseignante<\/li><li>Jean-fran\u00e7ois Miniot, danseur, enseignant, collecteur<\/li><li>Lionel Dubertrand, formateur et danseur<\/li><li>Tristan Gloaguen, Directeur de la Conf\u00e9d\u00e9ration War\u2019 l leur<\/li><\/ul>\n\n\n\n<p class=\"has-medium-font-size\"><em>Mod\u00e9ration : David De Abreu<\/em><\/p>\n\n\n\n<p class=\"has-medium-font-size\"><strong>12H30<\/strong> :\u00a0D\u00e9jeuner<\/p>\n\n\n\n<p class=\"has-medium-font-size\"><strong>14H<\/strong> :\u00a0<strong>LA\u00a0CR\u00c9ATION<\/strong><\/p>\n\n\n\n<p class=\"has-medium-font-size\">Le passage \u00e0 la sc\u00e8ne, la transformation en objet de spectacle : quel sens, quel choix, quelle d\u00e9marche\u2026. ?<\/p>\n\n\n\n<ul class=\"wp-block-list\"><li>C\u00e9cile Borne, chor\u00e9graphe et plasticienne<\/li><li>Alexia Martin, chor\u00e9graphe et danseuse<\/li><li>Jessie Veera, chor\u00e9graphe et danseuse<\/li><li>Josette Renaud et Corinne Pacher<\/li><li>Conf\u00e9d\u00e9ration Kendalc\u2019h<\/li><li>F\u00e9d\u00e9ration de danse basque<\/li><\/ul>\n\n\n\n<p class=\"has-medium-font-size\"><em>Mod\u00e9ration : Jo\u00eblle Vellet<\/em><\/p>\n\n\n\n<p class=\"has-medium-font-size\"><strong>16H-17h<\/strong> :&nbsp;<strong>SUITES<\/strong><\/p>\n\n\n\n<p class=\"has-medium-font-size\">Au terme de ces deux journ\u00e9es, nous discuterons ensemble des perspectives de travail \u00e0 mener en danse au sein du r\u00e9seau FAMDT.<\/p>\n\n\n\n<p class=\"has-medium-font-size\"><strong>Renseignements\u00a0<\/strong>aupr\u00e8s de\u00a0Maureen Largou\u00ebt <br>maureen.largouet@famdt.com <br>02 85 52 67 04 \/ 06 23 77 03 46<\/p>\n\n\n\n<p class=\"has-medium-font-size\"><strong>Inscription avant le 20 novembre\u00a0(jauge limit\u00e9e)\u00a0<\/strong>:\u00a0<a href=\"https:\/\/goo.gl\/forms\/W9BQIrzhGKzY2iwI2\" target=\"_blank\" rel=\"noreferrer noopener\" aria-label=\" (s\u2019ouvre dans un nouvel onglet)\">https:\/\/goo.gl\/forms\/W9BQIrzhGKzY2iwI2<\/a><\/p>\n\n\n\n<p class=\"has-medium-font-size\"><strong>Entr\u00e9e libre, repas \u00e0 votre charge<\/strong><\/p>\n\n\n\n<p class=\"has-medium-font-size\"><strong>Possibilit\u00e9 d\u2019h\u00e9bergement<\/strong> : H\u00f4tel Campanile Paris Est Pantin (pour b\u00e9n\u00e9ficier du meilleur tarif, r\u00e9servation en ligne sur <a href=\"http:\/\/www.campanile-paris-est-pantin.fr\/fr\" target=\"_blank\" rel=\"noreferrer noopener\" aria-label=\" (s\u2019ouvre dans un nouvel onglet)\">www.campanile-paris-est-pantin.fr\/fr<\/a> )<\/p>\n\n\n\n<p class=\"has-medium-font-size\"><strong>Horaires<\/strong> : Vendredi 16 d\u00e9cembre de 14h \u00e0 19h \/ Samedi 17 d\u00e9cembre de 9h \u00e0 16h30<\/p>\n\n\n\n<p class=\"has-medium-font-size\"><strong>Lieu<\/strong> : <a href=\"http:\/\/www.cnd.fr\/\" target=\"_blank\" rel=\"noreferrer noopener\" aria-label=\" (s\u2019ouvre dans un nouvel onglet)\">CND<\/a>, 1 rue Victor-Hugo, 93500 Pantin<\/p>\n\n\n\n<p>\u2022 M\u00e9tro ligne 5 : station Hoche<br>\n\u2022 RER E : station Pantin<br>\n\u2022 Bus 170 et 151 : station Centre national de la danse<br>\n\u2022 Tram T3b : stations Delphine Seyrig et Ella Fitzgerald \u2013 Grands Moulins de Pantin<\/p>\n\n\n\n<p>\u2022 Stations Autolib\u2019 :&nbsp; 44 Place de l\u2019\u00c9glise, 93500 Pantin<\/p>\n\n\n\n<h2 class=\"wp-block-heading\"><\/h2>\n\n\n\n<hr class=\"wp-block-separator\"\/>\n\n\n\n<p class=\"has-text-color has-text-align-center has-medium-font-size has-luminous-vivid-orange-color\"><strong>&#8212;o&#8212;<\/strong><\/p>\n\n\n\n<hr class=\"wp-block-separator\"\/>\n","protected":false},"excerpt":{"rendered":"<p>novembre 15, 2016 dans Rencontres UNE RENCONTRE POUR D\u00c9BATTRE DES DANSES TRADITIONNELLES ET DU MONDE 16 ET 17 D\u00c9CEMBRE 2016 AU CND (93) Si cette question vous interpelle, r\u00e9servez&nbsp;votre place pour ces rencontres ! Inscription en ligne avant le 20 novembre (jauge<\/p>\n<p class=\"link-more\"><a class=\"myButt \" href=\"https:\/\/collectifmdm-idf.org\/annuaire5\/vous-dansez\/\">EN SAVOIR +<\/a><\/p>\n","protected":false},"author":1,"featured_media":0,"comment_status":"open","ping_status":"open","sticky":false,"template":"","format":"standard","meta":{"_rtcl_gb_attr":"","footnotes":""},"categories":[11,8,9],"tags":[],"class_list":["post-283","post","type-post","status-publish","format-standard","hentry","category-colloque","category-danse","category-rencontres"],"_links":{"self":[{"href":"https:\/\/collectifmdm-idf.org\/annuaire5\/wp-json\/wp\/v2\/posts\/283","targetHints":{"allow":["GET"]}}],"collection":[{"href":"https:\/\/collectifmdm-idf.org\/annuaire5\/wp-json\/wp\/v2\/posts"}],"about":[{"href":"https:\/\/collectifmdm-idf.org\/annuaire5\/wp-json\/wp\/v2\/types\/post"}],"author":[{"embeddable":true,"href":"https:\/\/collectifmdm-idf.org\/annuaire5\/wp-json\/wp\/v2\/users\/1"}],"replies":[{"embeddable":true,"href":"https:\/\/collectifmdm-idf.org\/annuaire5\/wp-json\/wp\/v2\/comments?post=283"}],"version-history":[{"count":0,"href":"https:\/\/collectifmdm-idf.org\/annuaire5\/wp-json\/wp\/v2\/posts\/283\/revisions"}],"wp:attachment":[{"href":"https:\/\/collectifmdm-idf.org\/annuaire5\/wp-json\/wp\/v2\/media?parent=283"}],"wp:term":[{"taxonomy":"category","embeddable":true,"href":"https:\/\/collectifmdm-idf.org\/annuaire5\/wp-json\/wp\/v2\/categories?post=283"},{"taxonomy":"post_tag","embeddable":true,"href":"https:\/\/collectifmdm-idf.org\/annuaire5\/wp-json\/wp\/v2\/tags?post=283"}],"curies":[{"name":"wp","href":"https:\/\/api.w.org\/{rel}","templated":true}]}}