{"id":279,"date":"2017-03-01T22:53:41","date_gmt":"2017-03-01T21:53:41","guid":{"rendered":"http:\/\/collectifmdm-idf.org\/?p=279"},"modified":"2020-02-10T11:59:44","modified_gmt":"2020-02-10T10:59:44","slug":"ecoutez-la-rencontre-musiques-dici-diasporas-et-empathie-du-1er-fevrier-a-lalhambra-2","status":"publish","type":"post","link":"https:\/\/collectifmdm-idf.org\/annuaire5\/ecoutez-la-rencontre-musiques-dici-diasporas-et-empathie-du-1er-fevrier-a-lalhambra-2\/","title":{"rendered":"\u00c9coutez la rencontre &#8220;Musiques d\u2019Ici, diasporas et empathie&#8221; du 1er f\u00e9vrier 2017 \u00e0 l\u2019Alhambra"},"content":{"rendered":"\n<p>mars 1, 2017 <em>dans <a href=\"https:\/\/web.archive.org\/web\/20180819125718\/http:\/\/collectifmdm-idf.com\/category\/colloque\/\">Colloque<\/a>, <a href=\"https:\/\/web.archive.org\/web\/20180819125718\/http:\/\/collectifmdm-idf.com\/category\/conference-3\/\">Conf\u00e9rence<\/a>, <a href=\"https:\/\/web.archive.org\/web\/20180819125718\/http:\/\/collectifmdm-idf.com\/category\/evenement\/\">Ev\u00e8nement<\/a>, <a href=\"https:\/\/web.archive.org\/web\/20180819125718\/http:\/\/collectifmdm-idf.com\/category\/rencontres\/\">Rencontres<\/a> <\/em><\/p>\n\n\n\n<div class=\"wp-block-image\"><figure class=\"aligncenter\"><a href=\"https:\/\/web.archive.org\/web\/20180819125718\/http:\/\/collectifmdm-idf.com\/wp-content\/uploads\/2017\/03\/rencontre-pour-article.jpg\" data-rel=\"lightbox-image-0\" data-rl_title=\"\" data-rl_caption=\"\" title=\"\"><img decoding=\"async\" src=\"https:\/\/web.archive.org\/web\/20180819125718im_\/http:\/\/collectifmdm-idf.com\/wp-content\/uploads\/2017\/03\/rencontre-pour-article.jpg\" alt=\"rencontre-pour-article\" class=\"wp-image-5943\"\/><\/a><\/figure><\/div>\n\n\n\n<h3 class=\"wp-block-heading\"><strong>\u00c9coutez les \u00e9changes ici :&nbsp;<\/strong><\/h3>\n\n\n\n<figure class=\"wp-block-embed-wordpress wp-block-embed is-type-wp-embed is-provider-hearthis-at\"><div class=\"wp-block-embed__wrapper\">\n<div class=\"responsive-container\"><iframe class=\"wp-embedded-content\" sandbox=\"allow-scripts\" security=\"restricted\" title=\"RENCONTRE : MUSIQUES D\u2019ICI, DIASPORAS ET EMPATHIE \/ Alhambra, Paris - 1er fevrier 2017\" scrolling=\"no\" width=\"100%\" height=\"150\" src=\"https:\/\/hearthis.at\/embed\/1232865\/transparent\/?style=2&#038;block_size=2&#038;block_space=2&#038;background=1#?secret=FsRc5RcLzB\" data-secret=\"FsRc5RcLzB\" frameborder=\"0\"><\/iframe><\/div>\n<\/div><\/figure>\n\n\n\n<p class=\"has-text-align-center has-medium-font-size\">&nbsp;Mercredi 1<sup>er<\/sup>&nbsp;f\u00e9vrier 2017 \u2014 14h \u2013 18h30<br>Foyer de l\u2019Alhambra <\/p>\n\n\n\n<p class=\"has-medium-font-size\">Le&nbsp;<strong>Collectif Musiques et Danses du Monde en \u00cele-de-France<\/strong>, la&nbsp;<strong>FAMDT<\/strong>, les festivals&nbsp;<strong>Au Fil des Voix<\/strong>&nbsp;et&nbsp;<strong>Villes des Musiques du Monde<\/strong> proposent une rencontre d\u00e9bat sur le th\u00e8me :<\/p>\n\n\n\n<h3 class=\"has-text-align-center wp-block-heading\"><strong>Musiques d\u2019Ici, diasporas et empathie<\/strong><\/h3>\n\n\n\n<p class=\"has-medium-font-size\"><em>Comment la cr\u00e9ation transforme le regard sur l\u2019autre&nbsp;?<\/em><\/p>\n\n\n\n<p class=\"has-medium-font-size\"><em>Comment la r\u00e9appropriation transforme la musique et ce qu\u2019elle dit&nbsp;?<\/em><\/p>\n\n\n\n<p class=\"has-medium-font-size\"><em>Quels droits \u00e0 l\u2019expression et \u00e0 la diffusion des musiques \u201cexotiques\u201d d\u2019ici&nbsp;?<\/em><\/p>\n\n\n\n<p class=\"has-medium-font-size\"><em>Quelles cons\u00e9quences \u00e9conomiques d\u00e9coulent du choix de la diversit\u00e9&nbsp;?<\/em><\/p>\n\n\n\n<p class=\"has-medium-font-size\"><em>Quelles d\u00e9marches innovantes dans le respect des droits culturels selon le territoire&nbsp;?<\/em><\/p>\n\n\n\n<p class=\"has-medium-font-size\">Les repr\u00e9sentants de diff\u00e9rentes \nstructures et des op\u00e9rateurs menant des projets embl\u00e9matiques \nparticiperont \u00e0 cette r\u00e9flexion. Il s\u2019agira aussi de confronter les \nexp\u00e9riences de musiciens d\u2019origine \u00e9trang\u00e8re travaillant \u00e0 faire vivre \nleurs cultures musicales en France et celles de musiciens fran\u00e7ais se \nr\u00e9appropriant des cultures musicales mal connues des institutions et de \nl\u2019enseignement de la musique.<\/p>\n\n\n\n<h3 class=\"wp-block-heading\">D\u00e9roul\u00e9<\/h3>\n\n\n\n<p class=\"has-medium-font-size\"><br>14h&nbsp;: Accueil \/\/ 14h15&nbsp;: Ouverture par les repr\u00e9sentants de la FAMDT,  des festivals Au Fil des Voix et Villes des Musiques du Monde, du  Collectif Musiques et Danses du Monde en \u00cele-de-France.<\/p>\n\n\n\n<p class=\"has-medium-font-size\">14h30 \u2013 16h15 : Table ronde 1 \u2014&nbsp;<strong>Musiques des diasporas<\/strong><\/p>\n\n\n\n<p class=\"has-medium-font-size\">\u2014 \u00c0 partir des probl\u00e9matiques \u00e9nonc\u00e9es,  les points de vue d\u2019artistes et de producteurs repr\u00e9sentant des  diasporas ultramarines et \u00e9trang\u00e8res \u00e9tablies en \u00cele-de-France.<br> Mod\u00e9ration&nbsp;: Marie Poinsot (Hommes &amp; Migrations).<br> Intervenants : Sa\u00efd Assadi (Accords Crois\u00e9s \/ Iran),&nbsp;Max Diakok  (LaFanMiKaR\u00e9Sol \/ Guadeloupe),&nbsp;Jean-Didier Hoareau (artiste Maloya \/ La  R\u00e9union), Senthil Paramalingam (Yal \/ Sri Lanka \u2013 Inde du Sud).<\/p>\n\n\n\n<p class=\"has-medium-font-size\">16h20 \u2013 18h00 : Table ronde 2 \u2014&nbsp;<strong>Empathie pour les musiques d\u2019ailleurs<\/strong><\/p>\n\n\n\n<p class=\"has-medium-font-size\">\u2014 \u00c0 partir des probl\u00e9matiques \u00e9nonc\u00e9es,  les points de vue d\u2019artistes dont le travail vise \u00e0 se r\u00e9approprier des  cultures essentielles \u00e0 leur \u00e9quilibre.<br>Mod\u00e9ration&nbsp;: Fran\u00e7ois Bensignor (Collectif MDM IdF)<br>Intervenants (sous r\u00e9serve de changements)&nbsp;: <br>Denis Cuniot (Artiste,  directeur adjoint Ariam IdF \/ musique klezmer),&nbsp;David Georgelet (Artiste  du groupe Akale Wube \/ \u00e9thio-jazz),&nbsp;Tania Pividori (Artiste du groupe  Sanacore \/ tradition italienne), Natascha Rogers (Artiste \/ percussions  et rumba cubaine).<\/p>\n\n\n\n<p class=\"has-medium-font-size\">18h05 \u2013 18h30 : Musique &amp; diasporas,&nbsp;enjeux internationaux, par Sylvie Clerfeuille<\/p>\n\n\n\n<p class=\"has-medium-font-size\">\u2014  Pr\u00e9sentation du&nbsp;<strong>Prix des Musiques d\u2019Ici \/ Diaspora Music Awards<\/strong><\/p>\n\n\n\n<h2 class=\"wp-block-heading\"><\/h2>\n\n\n\n<hr class=\"wp-block-separator\"\/>\n\n\n\n<p class=\"has-text-color has-text-align-center has-medium-font-size has-luminous-vivid-orange-color\"><strong>&#8212;o&#8212;<\/strong><\/p>\n\n\n\n<hr class=\"wp-block-separator\"\/>\n","protected":false},"excerpt":{"rendered":"<p>mars 1, 2017 dans Colloque, Conf\u00e9rence, Ev\u00e8nement, Rencontres \u00c9coutez les \u00e9changes ici :&nbsp; &nbsp;Mercredi 1er&nbsp;f\u00e9vrier 2017 \u2014 14h \u2013 18h30Foyer de l\u2019Alhambra Le&nbsp;Collectif Musiques et Danses du Monde en \u00cele-de-France, la&nbsp;FAMDT, les festivals&nbsp;Au Fil des Voix&nbsp;et&nbsp;Villes des Musiques du Monde proposent une<\/p>\n<p class=\"link-more\"><a class=\"myButt \" href=\"https:\/\/collectifmdm-idf.org\/annuaire5\/ecoutez-la-rencontre-musiques-dici-diasporas-et-empathie-du-1er-fevrier-a-lalhambra-2\/\">EN SAVOIR +<\/a><\/p>\n","protected":false},"author":1,"featured_media":0,"comment_status":"open","ping_status":"open","sticky":false,"template":"","format":"standard","meta":{"_rtcl_gb_attr":"","footnotes":""},"categories":[9],"tags":[],"class_list":["post-279","post","type-post","status-publish","format-standard","hentry","category-rencontres"],"_links":{"self":[{"href":"https:\/\/collectifmdm-idf.org\/annuaire5\/wp-json\/wp\/v2\/posts\/279","targetHints":{"allow":["GET"]}}],"collection":[{"href":"https:\/\/collectifmdm-idf.org\/annuaire5\/wp-json\/wp\/v2\/posts"}],"about":[{"href":"https:\/\/collectifmdm-idf.org\/annuaire5\/wp-json\/wp\/v2\/types\/post"}],"author":[{"embeddable":true,"href":"https:\/\/collectifmdm-idf.org\/annuaire5\/wp-json\/wp\/v2\/users\/1"}],"replies":[{"embeddable":true,"href":"https:\/\/collectifmdm-idf.org\/annuaire5\/wp-json\/wp\/v2\/comments?post=279"}],"version-history":[{"count":0,"href":"https:\/\/collectifmdm-idf.org\/annuaire5\/wp-json\/wp\/v2\/posts\/279\/revisions"}],"wp:attachment":[{"href":"https:\/\/collectifmdm-idf.org\/annuaire5\/wp-json\/wp\/v2\/media?parent=279"}],"wp:term":[{"taxonomy":"category","embeddable":true,"href":"https:\/\/collectifmdm-idf.org\/annuaire5\/wp-json\/wp\/v2\/categories?post=279"},{"taxonomy":"post_tag","embeddable":true,"href":"https:\/\/collectifmdm-idf.org\/annuaire5\/wp-json\/wp\/v2\/tags?post=279"}],"curies":[{"name":"wp","href":"https:\/\/api.w.org\/{rel}","templated":true}]}}