{"id":2770,"date":"2021-05-11T10:00:41","date_gmt":"2021-05-11T08:00:41","guid":{"rendered":"http:\/\/collectifmdm-idf.org\/?p=2770"},"modified":"2022-04-12T18:04:51","modified_gmt":"2022-04-12T16:04:51","slug":"kristy-diamond","status":"publish","type":"post","link":"https:\/\/collectifmdm-idf.org\/annuaire5\/kristy-diamond\/","title":{"rendered":"Kristy Diamond"},"content":{"rendered":"\n<div class=\"wp-block-image is-style-default\"><figure class=\"aligncenter size-large\"><img fetchpriority=\"high\" decoding=\"async\" width=\"750\" height=\"70\" src=\"https:\/\/collectifmdm-idf.org\/wp-content\/uploads\/2021\/05\/bgtitr_head750_Lvc2.jpg\" alt=\"Le collectif Musiques et danses du Monde vous pr\u00e9sente pour la deuxi\u00e8me ann\u00e9e\" class=\"wp-image-2359\" srcset=\"https:\/\/collectifmdm-idf.org\/annuaire5\/wp-content\/uploads\/2021\/05\/bgtitr_head750_Lvc2.jpg 750w, https:\/\/collectifmdm-idf.org\/annuaire5\/wp-content\/uploads\/2021\/05\/bgtitr_head750_Lvc2-300x28.jpg 300w\" sizes=\"(max-width: 750px) 100vw, 750px\" \/><\/figure><\/div>\n\n\n\n<h1 class=\"titr_art1 wp-block-heading\">Kristy Diamond<\/h1>\n\n\n\n<div class=\"wp-block-image is-style-default\"><figure class=\"aligncenter size-large\"><img decoding=\"async\" width=\"750\" height=\"101\" src=\"https:\/\/collectifmdm-idf.org\/wp-content\/uploads\/2021\/05\/bgtitr_foot750_Lvc2.jpg\" alt=\"Installez-vous et \u00e9coutez La vie continue S2\" class=\"wp-image-2358\" srcset=\"https:\/\/collectifmdm-idf.org\/annuaire5\/wp-content\/uploads\/2021\/05\/bgtitr_foot750_Lvc2.jpg 750w, https:\/\/collectifmdm-idf.org\/annuaire5\/wp-content\/uploads\/2021\/05\/bgtitr_foot750_Lvc2-300x40.jpg 300w\" sizes=\"(max-width: 750px) 100vw, 750px\" \/><\/figure><\/div>\n\n\n\n<p class=\"has-text-align-center txt_Lvc2 has-luminous-vivid-orange-color has-text-color has-medium-font-size\"><strong>VOIX VELOUT\u00c9E SUR AFRO-POP ET RUMBA CONGOLAISE<\/strong><\/p>\n\n\n\n<div class=\"wp-block-columns is-layout-flex wp-container-core-columns-is-layout-9d6595d7 wp-block-columns-is-layout-flex\">\n<div class=\"wp-block-column is-layout-flow wp-block-column-is-layout-flow\">\n<p class=\"txt_Lvc2\">Originaire de Kinshasa (R.D. Congo), Christelle, alias Kristy, <strong>chante le gospel depuis ses onze ans<\/strong>. Une \u00e9ducation vocale qu\u2019elle va parfaire sur <strong>les conseils avis\u00e9s de Lokua Kanza<\/strong>.<br><br>Arriv\u00e9e en France en 2004, elle met la musique entre parenth\u00e8se, avant d\u2019acc\u00e9der au cercle des vedettes congolaises, dont Bozi Boziana et autres Abona Parfait. Deux de ses chansons figurent dans un album <strong>hommage au regrett\u00e9 Papa Wemba<\/strong>.<br><br>Membre de l\u2019association Congo Sebene depuis 2018, Kristy Diamond est devenue la perle du catalogue des productions Casa Tropicale Musica. Son engagement social s\u2019exprime dans la chanson <em>\u201cCorona ezo boma\u201d<\/em>, incitant ses compatriotes kinois \u00e0 se prot\u00e9ger de la pand\u00e9mie de Covid 19.<\/p>\n<\/div>\n\n\n\n<div class=\"wp-block-column is-layout-flow wp-block-column-is-layout-flow\">\n<figure class=\"wp-block-gallery has-nested-images columns-default is-cropped wp-block-gallery-1 is-layout-flex wp-block-gallery-is-layout-flex\">\n<figure class=\"wp-block-image size-medium\"><a href=\"https:\/\/collectifmdm-idf.org\/wp-content\/uploads\/2021\/05\/Kristy_DIAMOND-03_gd.jpg\" data-rel=\"lightbox-image-0\" data-rl_title=\"\" data-rl_caption=\"\" title=\"\"><img decoding=\"async\" width=\"200\" height=\"300\" data-id=\"2754\" src=\"https:\/\/collectifmdm-idf.org\/wp-content\/uploads\/2021\/05\/Kristy_DIAMOND-03_gd-200x300.jpg\" alt=\"KRISTY DIAMOND, VOIX VELOUT\u00c9E SUR AFRO-POP ET RUMBA CONGOLAISE\" class=\"wp-image-2754\" srcset=\"https:\/\/collectifmdm-idf.org\/annuaire5\/wp-content\/uploads\/2021\/05\/Kristy_DIAMOND-03_gd-200x300.jpg 200w, https:\/\/collectifmdm-idf.org\/annuaire5\/wp-content\/uploads\/2021\/05\/Kristy_DIAMOND-03_gd-683x1024.jpg 683w, https:\/\/collectifmdm-idf.org\/annuaire5\/wp-content\/uploads\/2021\/05\/Kristy_DIAMOND-03_gd-768x1152.jpg 768w, https:\/\/collectifmdm-idf.org\/annuaire5\/wp-content\/uploads\/2021\/05\/Kristy_DIAMOND-03_gd-1024x1536.jpg 1024w, https:\/\/collectifmdm-idf.org\/annuaire5\/wp-content\/uploads\/2021\/05\/Kristy_DIAMOND-03_gd.jpg 1200w\" sizes=\"(max-width: 200px) 100vw, 200px\" \/><\/a><\/figure>\n<\/figure>\n<\/div>\n<\/div>\n\n\n\n<div class=\"wp-block-columns is-layout-flex wp-container-core-columns-is-layout-9d6595d7 wp-block-columns-is-layout-flex\">\n<div class=\"wp-block-column is-layout-flow wp-block-column-is-layout-flow\">\n<div class=\"wp-block-media-text alignwide is-stacked-on-mobile\" style=\"grid-template-columns:24% auto\"><figure class=\"wp-block-media-text__media\"><img decoding=\"async\" src=\"https:\/\/collectifmdm-idf.org\/wp-content\/uploads\/2021\/04\/Pict_perso_30px.png\" alt=\"nombre de participant\" class=\"wp-image-2034 size-full\"\/><\/figure><div class=\"wp-block-media-text__content\">\n<p class=\"txt_Lvc2 has-normal-font-size\"><strong>5 artistes<\/strong><\/p>\n<\/div><\/div>\n<\/div>\n\n\n\n<div class=\"wp-block-column is-layout-flow wp-block-column-is-layout-flow\">\n<div class=\"wp-block-media-text alignwide is-stacked-on-mobile\" style=\"grid-template-columns:20% auto\"><figure class=\"wp-block-media-text__media\"><img decoding=\"async\" src=\"https:\/\/collectifmdm-idf.org\/wp-content\/uploads\/2021\/04\/Sonor_100.gif\" alt=\"spectacle sonoris\u00e9\" class=\"wp-image-1904 size-full\"\/><\/figure><div class=\"wp-block-media-text__content\">\n<p class=\"txt_Lvc2 has-normal-font-size\"><strong>Sonoris\u00e9<\/strong><\/p>\n<\/div><\/div>\n<\/div>\n\n\n\n<div class=\"wp-block-column is-layout-flow wp-block-column-is-layout-flow\">\n<div class=\"wp-block-media-text alignwide is-stacked-on-mobile\" style=\"grid-template-columns:23% auto\"><figure class=\"wp-block-media-text__media\"><img decoding=\"async\" src=\"https:\/\/collectifmdm-idf.org\/wp-content\/uploads\/2021\/04\/Pict_temps_30px.png\" alt=\"Dur\u00e9e de la prestation\" class=\"wp-image-2036 size-full\"\/><\/figure><div class=\"wp-block-media-text__content\">\n<p class=\"txt_Lvc2 has-normal-font-size\"><strong>45mn \u00e0 1h<\/strong><\/p>\n<\/div><\/div>\n<\/div>\n\n\n\n<div class=\"wp-block-column is-layout-flow wp-block-column-is-layout-flow\">\n<div class=\"wp-block-media-text alignwide is-stacked-on-mobile\" style=\"grid-template-columns:24% auto\"><figure class=\"wp-block-media-text__media\"><img loading=\"lazy\" decoding=\"async\" width=\"60\" height=\"60\" src=\"https:\/\/collectifmdm-idf.org\/wp-content\/uploads\/2022\/04\/Pict_prix_30px-B.jpg\" alt=\"Pict prix\" class=\"wp-image-5862 size-full\"\/><\/figure><div class=\"wp-block-media-text__content\">\n<p class=\"txt_Lvc2 has-vivid-green-cyan-color has-text-color has-normal-font-size\"><strong><a href=\"https:\/\/collectifmdm-idf.org\/les-tarifs-des-prestations-la-vie-continue-s2\/\">TARIFS<\/a><\/strong><\/p>\n<\/div><\/div>\n<\/div>\n<\/div>\n\n\n\n<div class=\"wp-block-columns has-black-color has-text-color has-background is-layout-flex wp-container-core-columns-is-layout-9d6595d7 wp-block-columns-is-layout-flex\" style=\"background:radial-gradient(rgb(252,185,0) 65%,rgb(255,105,0) 100%)\">\n<div class=\"wp-block-column is-layout-flow wp-block-column-is-layout-flow\">\n<h3 class=\"has-vivid-red-color has-text-color wp-block-heading\">CONTACT<\/h3>\n\n\n\n<p class=\"txt_Lvc2 has-black-color has-text-color has-medium-font-size\"><strong>Jos\u00e9 Kapesa SUANA<br>Casa Tropicale Musica<br>07 53 37 53 27<\/strong><\/p>\n<\/div>\n\n\n\n<div class=\"wp-block-column is-layout-flow wp-block-column-is-layout-flow\">\n<div class=\"wp-block-media-text alignwide is-stacked-on-mobile\" style=\"grid-template-columns:15% auto\"><figure class=\"wp-block-media-text__media\"><img decoding=\"async\" src=\"https:\/\/collectifmdm-idf.org\/wp-content\/uploads\/2021\/05\/Picto_mel_60px.png\" alt=\"Adresse e-mail\" class=\"wp-image-2454 size-full\"\/><\/figure><div class=\"wp-block-media-text__content\">\n<p class=\"coord_Lvc2 has-normal-font-size\"><a href=\"mailto:casatropicalemusica@yahoo.fr\" target=\"_blank\" rel=\"noreferrer noopener\">casatropicalemusica@yahoo.fr<\/a><\/p>\n<\/div><\/div>\n\n\n\n<div class=\"wp-block-columns is-layout-flex wp-container-core-columns-is-layout-9d6595d7 wp-block-columns-is-layout-flex\">\n<div class=\"wp-block-column is-layout-flow wp-block-column-is-layout-flow\">\n<figure class=\"wp-block-image size-large is-resized is-style-default\"><a href=\"https:\/\/www.facebook.com\/kristydiamondprod\" target=\"_blank\" rel=\"noopener\"><img loading=\"lazy\" decoding=\"async\" src=\"https:\/\/collectifmdm-idf.org\/wp-content\/uploads\/2021\/05\/Picto_Fb_60px.png\" alt=\"Suivez-nous sur Facebook\" class=\"wp-image-2452\" width=\"60\" height=\"60\"\/><\/a><\/figure>\n<\/div>\n\n\n\n<div class=\"wp-block-column is-layout-flow wp-block-column-is-layout-flow\">\n<figure class=\"wp-block-image size-large is-resized is-style-default\"><a href=\"https:\/\/www.instagram.com\/kristy.diamond\/?hl=fr\" target=\"_blank\" rel=\"noopener\"><img loading=\"lazy\" decoding=\"async\" src=\"https:\/\/collectifmdm-idf.org\/wp-content\/uploads\/2021\/05\/Picto_insta_60px.png\" alt=\"Venez-nous voir sur Instagram\" class=\"wp-image-2453\" width=\"60\" height=\"60\"\/><\/a><\/figure>\n<\/div>\n\n\n\n<div class=\"wp-block-column is-layout-flow wp-block-column-is-layout-flow\"><\/div>\n<\/div>\n<\/div>\n<\/div>\n\n\n\n<div style=\"height:30px\" aria-hidden=\"true\" class=\"wp-block-spacer\"><\/div>\n\n\n\n<div class=\"wp-block-columns is-layout-flex wp-container-core-columns-is-layout-9d6595d7 wp-block-columns-is-layout-flex\">\n<div class=\"wp-block-column is-layout-flow wp-block-column-is-layout-flow\">\n<div class=\"wp-block-buttons is-horizontal is-content-justification-center is-layout-flex wp-container-core-buttons-is-layout-499968f5 wp-block-buttons-is-layout-flex\">\n<div class=\"wp-block-button has-custom-width wp-block-button__width-50 is-style-fill\"><a class=\"wp-block-button__link has-cool-to-warm-spectrum-gradient-background has-background\" href=\"https:\/\/collectifmdm-idf.org\/la-vie-continue-saison2\/#liste\">Retour \u00e0 la liste<\/a><\/div>\n<\/div>\n<\/div>\n\n\n\n<div class=\"wp-block-column is-layout-flow wp-block-column-is-layout-flow\">\n<div class=\"wp-block-buttons is-layout-flex wp-block-buttons-is-layout-flex\">\n<div class=\"wp-block-button has-custom-width wp-block-button__width-75\"><a class=\"wp-block-button__link has-luminous-vivid-orange-to-vivid-red-gradient-background has-background\" href=\"https:\/\/collectifmdm-idf.org\/wp-content\/uploads\/2021\/06\/kristy-diamond-collectifmdmidf-La-vie-continue-s2-2021.pdf\" target=\"_blank\" rel=\"noreferrer noopener\">T\u00e9l\u00e9charger la fiche<\/a><\/div>\n<\/div>\n<\/div>\n<\/div>\n\n\n\n<div style=\"height:60px\" aria-hidden=\"true\" class=\"wp-block-spacer\"><\/div>\n\n\n\n<figure class=\"wp-block-embed is-type-video is-provider-youtube wp-block-embed-youtube wp-embed-aspect-16-9 wp-has-aspect-ratio\"><div class=\"wp-block-embed__wrapper\">\n<div class=\"responsive-container\"><iframe title=\"Kristy Diamond - Sanduku\" width=\"640\" height=\"360\" src=\"https:\/\/www.youtube.com\/embed\/-MSTlVmz8cU?feature=oembed\" frameborder=\"0\" allow=\"accelerometer; autoplay; clipboard-write; encrypted-media; gyroscope; picture-in-picture; web-share\" referrerpolicy=\"strict-origin-when-cross-origin\" allowfullscreen><\/iframe><\/div>\n<\/div><\/figure>\n\n\n\n<figure class=\"wp-block-embed is-type-video is-provider-youtube wp-block-embed-youtube wp-embed-aspect-16-9 wp-has-aspect-ratio\"><div class=\"wp-block-embed__wrapper\">\n<div class=\"responsive-container\"><iframe title=\"MARIE MOI _ Kristy DIAMOND (Official Video) 2019\" width=\"640\" height=\"360\" src=\"https:\/\/www.youtube.com\/embed\/kZqb-8NOYHg?feature=oembed\" frameborder=\"0\" allow=\"accelerometer; autoplay; clipboard-write; encrypted-media; gyroscope; picture-in-picture; web-share\" referrerpolicy=\"strict-origin-when-cross-origin\" allowfullscreen><\/iframe><\/div>\n<\/div><\/figure>\n\n\n\n<div style=\"height:60px\" aria-hidden=\"true\" class=\"wp-block-spacer\"><\/div>\n\n\n\n<div class=\"wp-block-buttons is-layout-flex wp-block-buttons-is-layout-flex\">\n<div class=\"wp-block-button has-custom-width wp-block-button__width-100 is-style-fill\"><a class=\"wp-block-button__link has-luminous-vivid-amber-color has-cool-to-warm-spectrum-gradient-background has-text-color has-background\" href=\"https:\/\/collectifmdm-idf.org\/la-vie-continue-saison2\/#liste\">Retour \u00e0 la liste<\/a><\/div>\n<\/div>\n\n\n\n<div style=\"height:60px\" aria-hidden=\"true\" class=\"wp-block-spacer\"><\/div>\n\n\n\n<p><\/p>\n","protected":false},"excerpt":{"rendered":"<p>VOIX VELOUT\u00c9E SUR AFRO-POP ET RUMBA CONGOLAISE.<br \/>\nUne chanteuse dans l\u2019\u00e2me, qui s\u2019engage pour soutenir le peuple congolais<\/p>\n","protected":false},"author":1,"featured_media":2755,"comment_status":"closed","ping_status":"open","sticky":false,"template":"","format":"standard","meta":{"_rtcl_gb_attr":"","footnotes":""},"categories":[63,42,62,45],"tags":[],"class_list":["post-2770","post","type-post","status-publish","format-standard","has-post-thumbnail","hentry","category-afrique","category-la-vie-continue-s2","category-musique-lvc2","category-spectacle-sonorise"],"_links":{"self":[{"href":"https:\/\/collectifmdm-idf.org\/annuaire5\/wp-json\/wp\/v2\/posts\/2770","targetHints":{"allow":["GET"]}}],"collection":[{"href":"https:\/\/collectifmdm-idf.org\/annuaire5\/wp-json\/wp\/v2\/posts"}],"about":[{"href":"https:\/\/collectifmdm-idf.org\/annuaire5\/wp-json\/wp\/v2\/types\/post"}],"author":[{"embeddable":true,"href":"https:\/\/collectifmdm-idf.org\/annuaire5\/wp-json\/wp\/v2\/users\/1"}],"replies":[{"embeddable":true,"href":"https:\/\/collectifmdm-idf.org\/annuaire5\/wp-json\/wp\/v2\/comments?post=2770"}],"version-history":[{"count":0,"href":"https:\/\/collectifmdm-idf.org\/annuaire5\/wp-json\/wp\/v2\/posts\/2770\/revisions"}],"wp:featuredmedia":[{"embeddable":true,"href":"https:\/\/collectifmdm-idf.org\/annuaire5\/wp-json\/wp\/v2\/media\/2755"}],"wp:attachment":[{"href":"https:\/\/collectifmdm-idf.org\/annuaire5\/wp-json\/wp\/v2\/media?parent=2770"}],"wp:term":[{"taxonomy":"category","embeddable":true,"href":"https:\/\/collectifmdm-idf.org\/annuaire5\/wp-json\/wp\/v2\/categories?post=2770"},{"taxonomy":"post_tag","embeddable":true,"href":"https:\/\/collectifmdm-idf.org\/annuaire5\/wp-json\/wp\/v2\/tags?post=2770"}],"curies":[{"name":"wp","href":"https:\/\/api.w.org\/{rel}","templated":true}]}}