{"id":2699,"date":"2021-05-02T10:00:41","date_gmt":"2021-05-02T08:00:41","guid":{"rendered":"http:\/\/collectifmdm-idf.org\/?p=2699"},"modified":"2022-04-13T07:37:08","modified_gmt":"2022-04-13T05:37:08","slug":"vernis-rouge","status":"publish","type":"post","link":"https:\/\/collectifmdm-idf.org\/annuaire5\/vernis-rouge\/","title":{"rendered":"Vernis Rouge"},"content":{"rendered":"\n<div class=\"wp-block-image is-style-default\"><figure class=\"aligncenter size-large\"><img fetchpriority=\"high\" decoding=\"async\" width=\"750\" height=\"70\" src=\"https:\/\/collectifmdm-idf.org\/wp-content\/uploads\/2021\/05\/bgtitr_head750_Lvc2.jpg\" alt=\"Le collectif Musiques et danses du Monde vous pr\u00e9sente pour la deuxi\u00e8me ann\u00e9e\" class=\"wp-image-2359\" srcset=\"https:\/\/collectifmdm-idf.org\/annuaire5\/wp-content\/uploads\/2021\/05\/bgtitr_head750_Lvc2.jpg 750w, https:\/\/collectifmdm-idf.org\/annuaire5\/wp-content\/uploads\/2021\/05\/bgtitr_head750_Lvc2-300x28.jpg 300w\" sizes=\"(max-width: 750px) 100vw, 750px\" \/><\/figure><\/div>\n\n\n\n<h1 class=\"titr_art1 wp-block-heading\">Vernis Rouge<\/h1>\n\n\n\n<div class=\"wp-block-image is-style-default\"><figure class=\"aligncenter size-large\"><img decoding=\"async\" width=\"750\" height=\"101\" src=\"https:\/\/collectifmdm-idf.org\/wp-content\/uploads\/2021\/05\/bgtitr_foot750_Lvc2.jpg\" alt=\"Installez-vous et \u00e9coutez La vie continue S2\" class=\"wp-image-2358\" srcset=\"https:\/\/collectifmdm-idf.org\/annuaire5\/wp-content\/uploads\/2021\/05\/bgtitr_foot750_Lvc2.jpg 750w, https:\/\/collectifmdm-idf.org\/annuaire5\/wp-content\/uploads\/2021\/05\/bgtitr_foot750_Lvc2-300x40.jpg 300w\" sizes=\"(max-width: 750px) 100vw, 750px\" \/><\/figure><\/div>\n\n\n\n<p class=\"has-text-align-center txt_Lvc2 has-luminous-vivid-orange-color has-text-color has-medium-font-size\"><strong><strong>UNE CHANTEUSE POP FRAN\u00c7AISE A LA PLUME AIGUIS\u00c9E<\/strong><\/strong><\/p>\n\n\n\n<div class=\"wp-block-columns is-layout-flex wp-container-core-columns-is-layout-9d6595d7 wp-block-columns-is-layout-flex\">\n<div class=\"wp-block-column is-layout-flow wp-block-column-is-layout-flow\">\n<p>Jeune artiste ind\u00e9pendante franco- libanaise, Vernis Rouge<strong> s\u2019inscrit dans la nouvelle vague de pop fran\u00e7aise \u00e0 la plume aiguis\u00e9e<\/strong>, aussi \u00e0 l\u2019aise dans une configuration acoustique que plus <em>produite<\/em>.<br><br>Avant d\u2019\u00eatre un projet musical, <strong>Vernis Rouge est une qu\u00eate de soi et d\u2019une f\u00e9minit\u00e9 longtemps ignor\u00e9e<\/strong>. Petite s\u0153ur de deux grands fr\u00e8res, Manon \u00e9tait plus habitu\u00e9e \u00e0 la bagarre qu\u2019\u00e0 ch\u00e9rir des poup\u00e9es. Une brutalit\u00e9 aujourd\u2019hui convertie en ind\u00e9pendance et d\u00e9termination, saupoudr\u00e9e de douceur, f\u00e9minit\u00e9 et sensualit\u00e9.<br><br>Vernis Rouge est <strong>un savant m\u00e9lange de toutes ces saveurs qui puisent leur inspiration dans une enfance pass\u00e9e au Liban<\/strong>, interrompue par un brusque et douloureux rapatriement.<\/p>\n<\/div>\n\n\n\n<div class=\"wp-block-column is-layout-flow wp-block-column-is-layout-flow\">\n<figure class=\"wp-block-gallery has-nested-images columns-default is-cropped wp-block-gallery-1 is-layout-flex wp-block-gallery-is-layout-flex\">\n<figure class=\"wp-block-image size-medium\"><a href=\"https:\/\/collectifmdm-idf.org\/wp-content\/uploads\/2021\/05\/VERNIS_ROUGE-02-1.jpg\" data-rel=\"lightbox-image-0\" data-rl_title=\"\" data-rl_caption=\"\" title=\"\"><img decoding=\"async\" data-id=\"2702\" src=\"https:\/\/collectifmdm-idf.org\/wp-content\/uploads\/2021\/05\/VERNIS_ROUGE-02-1-225x300.jpg\" alt=\"Vernis Rouge\" class=\"wp-image-2702\"\/><\/a><\/figure>\n<\/figure>\n<\/div>\n<\/div>\n\n\n\n<div class=\"wp-block-columns is-layout-flex wp-container-core-columns-is-layout-9d6595d7 wp-block-columns-is-layout-flex\">\n<div class=\"wp-block-column is-layout-flow wp-block-column-is-layout-flow\">\n<div class=\"wp-block-media-text alignwide is-stacked-on-mobile\" style=\"grid-template-columns:24% auto\"><figure class=\"wp-block-media-text__media\"><img decoding=\"async\" src=\"https:\/\/collectifmdm-idf.org\/wp-content\/uploads\/2021\/04\/Pict_perso_30px.png\" alt=\"nombre de participant\" class=\"wp-image-2034 size-full\"\/><\/figure><div class=\"wp-block-media-text__content\">\n<p class=\"txt_Lvc2 has-normal-font-size\"><strong>3 \u00e0 4 artistes<\/strong><\/p>\n<\/div><\/div>\n<\/div>\n\n\n\n<div class=\"wp-block-column is-layout-flow wp-block-column-is-layout-flow\">\n<div class=\"wp-block-media-text alignwide is-stacked-on-mobile\" style=\"grid-template-columns:20% auto\"><figure class=\"wp-block-media-text__media\"><img decoding=\"async\" src=\"https:\/\/collectifmdm-idf.org\/wp-content\/uploads\/2021\/04\/Sonor_100.gif\" alt=\"spectacle sonoris\u00e9\" class=\"wp-image-1904 size-full\"\/><\/figure><div class=\"wp-block-media-text__content\">\n<p class=\"txt_Lvc2 has-normal-font-size\"><strong>Acoustique<\/strong><\/p>\n<\/div><\/div>\n<\/div>\n\n\n\n<div class=\"wp-block-column is-layout-flow wp-block-column-is-layout-flow\">\n<div class=\"wp-block-media-text alignwide is-stacked-on-mobile\" style=\"grid-template-columns:23% auto\"><figure class=\"wp-block-media-text__media\"><img decoding=\"async\" src=\"https:\/\/collectifmdm-idf.org\/wp-content\/uploads\/2021\/04\/Pict_temps_30px.png\" alt=\"Dur\u00e9e de la prestation\" class=\"wp-image-2036 size-full\"\/><\/figure><div class=\"wp-block-media-text__content\">\n<p class=\"txt_Lvc2 has-normal-font-size\"><strong>30mn \u00e0 45mn<\/strong><\/p>\n<\/div><\/div>\n<\/div>\n\n\n\n<div class=\"wp-block-column is-layout-flow wp-block-column-is-layout-flow\">\n<div class=\"wp-block-media-text alignwide is-stacked-on-mobile\" style=\"grid-template-columns:24% auto\"><figure class=\"wp-block-media-text__media\"><img decoding=\"async\" width=\"60\" height=\"60\" src=\"https:\/\/collectifmdm-idf.org\/wp-content\/uploads\/2022\/04\/Pict_prix_30px-B.jpg\" alt=\"Pict prix\" class=\"wp-image-5862 size-full\"\/><\/figure><div class=\"wp-block-media-text__content\">\n<p class=\"txt_Lvc2 has-vivid-green-cyan-color has-text-color has-normal-font-size\"><strong><a href=\"https:\/\/collectifmdm-idf.org\/les-tarifs-des-prestations-la-vie-continue-s2\/\">TARIFS<\/a><\/strong><\/p>\n<\/div><\/div>\n<\/div>\n<\/div>\n\n\n\n<div class=\"wp-block-columns has-black-color has-text-color has-background is-layout-flex wp-container-core-columns-is-layout-9d6595d7 wp-block-columns-is-layout-flex\" style=\"background:radial-gradient(rgb(252,185,0) 65%,rgb(255,105,0) 100%)\">\n<div class=\"wp-block-column is-layout-flow wp-block-column-is-layout-flow\">\n<h3 class=\"has-vivid-red-color has-text-color wp-block-heading\">CONTACT<\/h3>\n\n\n\n<p class=\"txt_Lvc2 has-black-color has-text-color has-medium-font-size\"><strong>Manon Debs<\/strong><br><strong>06 23 16 08 17<\/strong><\/p>\n<\/div>\n\n\n\n<div class=\"wp-block-column is-layout-flow wp-block-column-is-layout-flow\">\n<div class=\"wp-block-media-text alignwide is-stacked-on-mobile\" style=\"grid-template-columns:15% auto\"><figure class=\"wp-block-media-text__media\"><img decoding=\"async\" src=\"https:\/\/collectifmdm-idf.org\/wp-content\/uploads\/2021\/05\/Picto_mel_60px.png\" alt=\"Adresse e-mail\" class=\"wp-image-2454 size-full\"\/><\/figure><div class=\"wp-block-media-text__content\">\n<p class=\"coord_Lvc2 has-normal-font-size\"><a href=\"mailto:manondebs@icloud.com\" target=\"_blank\" rel=\"noreferrer noopener\">manondebs@icloud.com<\/a><\/p>\n<\/div><\/div>\n\n\n\n<div class=\"wp-block-columns is-layout-flex wp-container-core-columns-is-layout-9d6595d7 wp-block-columns-is-layout-flex\">\n<div class=\"wp-block-column is-layout-flow wp-block-column-is-layout-flow\">\n<figure class=\"wp-block-image size-large is-resized is-style-default\"><a href=\"https:\/\/www.facebook.com\/vernisrougemusic\" target=\"_blank\" rel=\"noopener\"><img loading=\"lazy\" decoding=\"async\" src=\"https:\/\/collectifmdm-idf.org\/wp-content\/uploads\/2021\/05\/Picto_Fb_60px.png\" alt=\"Suivez-nous sur Facebook\" class=\"wp-image-2452\" width=\"45\" height=\"45\"\/><\/a><\/figure>\n<\/div>\n\n\n\n<div class=\"wp-block-column is-layout-flow wp-block-column-is-layout-flow\">\n<figure class=\"wp-block-image size-large is-resized is-style-default\"><a href=\"https:\/\/www.instagram.com\/vernisrougemusic\/?hl=fr\" target=\"_blank\" rel=\"noopener\"><img loading=\"lazy\" decoding=\"async\" src=\"https:\/\/collectifmdm-idf.org\/wp-content\/uploads\/2021\/05\/Picto_insta_60px.png\" alt=\"Venez-nous voir sur Instagram\" class=\"wp-image-2453\" width=\"45\" height=\"45\"\/><\/a><\/figure>\n<\/div>\n\n\n\n<div class=\"wp-block-column is-layout-flow wp-block-column-is-layout-flow\"><\/div>\n<\/div>\n<\/div>\n<\/div>\n\n\n\n<div style=\"height:30px\" aria-hidden=\"true\" class=\"wp-block-spacer\"><\/div>\n\n\n\n<div class=\"wp-block-columns is-layout-flex wp-container-core-columns-is-layout-9d6595d7 wp-block-columns-is-layout-flex\">\n<div class=\"wp-block-column is-layout-flow wp-block-column-is-layout-flow\">\n<div class=\"wp-block-buttons is-horizontal is-content-justification-center is-layout-flex wp-container-core-buttons-is-layout-499968f5 wp-block-buttons-is-layout-flex\">\n<div class=\"wp-block-button has-custom-width wp-block-button__width-50 is-style-fill\"><a class=\"wp-block-button__link has-cool-to-warm-spectrum-gradient-background has-background\" href=\"https:\/\/collectifmdm-idf.org\/la-vie-continue-saison2\/#liste\">Retour \u00e0 la liste<\/a><\/div>\n<\/div>\n<\/div>\n\n\n\n<div class=\"wp-block-column is-layout-flow wp-block-column-is-layout-flow\">\n<div class=\"wp-block-buttons is-layout-flex wp-block-buttons-is-layout-flex\">\n<div class=\"wp-block-button has-custom-width wp-block-button__width-75\"><a class=\"wp-block-button__link has-luminous-vivid-orange-to-vivid-red-gradient-background has-background\" href=\"https:\/\/collectifmdm-idf.org\/wp-content\/uploads\/2021\/06\/vernis-rouge-collectifmdmidf-La-vie-continue-s2-2021.pdf\" target=\"_blank\" rel=\"noreferrer noopener\">T\u00e9l\u00e9charger la fiche<\/a><\/div>\n<\/div>\n<\/div>\n<\/div>\n\n\n\n<div style=\"height:60px\" aria-hidden=\"true\" class=\"wp-block-spacer\"><\/div>\n\n\n\n<figure class=\"wp-block-embed is-type-video is-provider-youtube wp-block-embed-youtube wp-embed-aspect-16-9 wp-has-aspect-ratio\"><div class=\"wp-block-embed__wrapper\">\n<div class=\"responsive-container\"><iframe title=\"Si l\u2019amour est roi (Version d\u00e9shabill\u00e9e) [Clip officiel]\u00a0\" width=\"640\" height=\"360\" src=\"https:\/\/www.youtube.com\/embed\/sXpFntZErSE?feature=oembed\" frameborder=\"0\" allow=\"accelerometer; autoplay; clipboard-write; encrypted-media; gyroscope; picture-in-picture; web-share\" referrerpolicy=\"strict-origin-when-cross-origin\" allowfullscreen><\/iframe><\/div>\n<\/div><\/figure>\n\n\n\n<figure class=\"wp-block-embed is-type-video is-provider-youtube wp-block-embed-youtube wp-embed-aspect-16-9 wp-has-aspect-ratio\"><div class=\"wp-block-embed__wrapper\">\n<div class=\"responsive-container\"><iframe title=\"Femme nue (Version d\u00e9shabill\u00e9e) [Clip officiel]\u00a0\" width=\"640\" height=\"360\" src=\"https:\/\/www.youtube.com\/embed\/i2DOBzEkVgg?feature=oembed\" frameborder=\"0\" allow=\"accelerometer; autoplay; clipboard-write; encrypted-media; gyroscope; picture-in-picture; web-share\" referrerpolicy=\"strict-origin-when-cross-origin\" allowfullscreen><\/iframe><\/div>\n<\/div><\/figure>\n\n\n\n<figure class=\"wp-block-embed is-type-video is-provider-youtube wp-block-embed-youtube wp-embed-aspect-16-9 wp-has-aspect-ratio\"><div class=\"wp-block-embed__wrapper\">\n<div class=\"responsive-container\"><iframe title=\"Funambules (Version d\u00e9shabill\u00e9e) [Clip officiel]\u00a0\" width=\"640\" height=\"360\" src=\"https:\/\/www.youtube.com\/embed\/kk2oeWYctQU?feature=oembed\" frameborder=\"0\" allow=\"accelerometer; autoplay; clipboard-write; encrypted-media; gyroscope; picture-in-picture; web-share\" referrerpolicy=\"strict-origin-when-cross-origin\" allowfullscreen><\/iframe><\/div>\n<\/div><\/figure>\n\n\n\n<figure class=\"wp-block-embed is-type-video is-provider-youtube wp-block-embed-youtube wp-embed-aspect-16-9 wp-has-aspect-ratio\"><div class=\"wp-block-embed__wrapper\">\n<div class=\"responsive-container\"><iframe title=\"VERNIS ROUGE - SESSION ACOUSTIQUE Et si l&#039;on se noie #221\" width=\"640\" height=\"360\" src=\"https:\/\/www.youtube.com\/embed\/JtoPQw8u1WY?feature=oembed\" frameborder=\"0\" allow=\"accelerometer; autoplay; clipboard-write; encrypted-media; gyroscope; picture-in-picture; web-share\" referrerpolicy=\"strict-origin-when-cross-origin\" allowfullscreen><\/iframe><\/div>\n<\/div><\/figure>\n\n\n\n<div style=\"height:60px\" aria-hidden=\"true\" class=\"wp-block-spacer\"><\/div>\n\n\n\n<div class=\"wp-block-buttons is-layout-flex wp-block-buttons-is-layout-flex\">\n<div class=\"wp-block-button has-custom-width wp-block-button__width-100 is-style-fill\"><a class=\"wp-block-button__link has-luminous-vivid-amber-color has-cool-to-warm-spectrum-gradient-background has-text-color has-background\" href=\"https:\/\/collectifmdm-idf.org\/la-vie-continue-saison2\/#liste\">Retour \u00e0 la liste<\/a><\/div>\n<\/div>\n\n\n\n<div style=\"height:60px\" aria-hidden=\"true\" class=\"wp-block-spacer\"><\/div>\n\n\n\n<p><\/p>\n","protected":false},"excerpt":{"rendered":"<p>UNE CHANTEUSE POP FRAN\u00c7AISE A LA PLUME AIGUIS\u00c9E<br \/>\nArtiste \u00e0 deux facettes : acoustique avec ses musiciens, ou plus \u00e9lectro en solo avec ses machines.<\/p>\n","protected":false},"author":1,"featured_media":0,"comment_status":"closed","ping_status":"open","sticky":false,"template":"","format":"standard","meta":{"_rtcl_gb_attr":"","footnotes":""},"categories":[66,42,62],"tags":[],"class_list":["post-2699","post","type-post","status-publish","format-standard","hentry","category-europe","category-la-vie-continue-s2","category-musique-lvc2"],"_links":{"self":[{"href":"https:\/\/collectifmdm-idf.org\/annuaire5\/wp-json\/wp\/v2\/posts\/2699","targetHints":{"allow":["GET"]}}],"collection":[{"href":"https:\/\/collectifmdm-idf.org\/annuaire5\/wp-json\/wp\/v2\/posts"}],"about":[{"href":"https:\/\/collectifmdm-idf.org\/annuaire5\/wp-json\/wp\/v2\/types\/post"}],"author":[{"embeddable":true,"href":"https:\/\/collectifmdm-idf.org\/annuaire5\/wp-json\/wp\/v2\/users\/1"}],"replies":[{"embeddable":true,"href":"https:\/\/collectifmdm-idf.org\/annuaire5\/wp-json\/wp\/v2\/comments?post=2699"}],"version-history":[{"count":0,"href":"https:\/\/collectifmdm-idf.org\/annuaire5\/wp-json\/wp\/v2\/posts\/2699\/revisions"}],"wp:attachment":[{"href":"https:\/\/collectifmdm-idf.org\/annuaire5\/wp-json\/wp\/v2\/media?parent=2699"}],"wp:term":[{"taxonomy":"category","embeddable":true,"href":"https:\/\/collectifmdm-idf.org\/annuaire5\/wp-json\/wp\/v2\/categories?post=2699"},{"taxonomy":"post_tag","embeddable":true,"href":"https:\/\/collectifmdm-idf.org\/annuaire5\/wp-json\/wp\/v2\/tags?post=2699"}],"curies":[{"name":"wp","href":"https:\/\/api.w.org\/{rel}","templated":true}]}}