{"id":2674,"date":"2021-05-17T13:00:28","date_gmt":"2021-05-17T11:00:28","guid":{"rendered":"http:\/\/collectifmdm-idf.org\/?p=2674"},"modified":"2022-04-12T16:47:13","modified_gmt":"2022-04-12T14:47:13","slug":"cie-ona-tourna-fanny-vignals","status":"publish","type":"post","link":"https:\/\/collectifmdm-idf.org\/annuaire5\/cie-ona-tourna-fanny-vignals\/","title":{"rendered":"Cie Ona Tourna &#8211; Fanny Vignals"},"content":{"rendered":"\n<div class=\"wp-block-image is-style-default\"><figure class=\"aligncenter size-large\"><img fetchpriority=\"high\" decoding=\"async\" width=\"750\" height=\"70\" src=\"https:\/\/collectifmdm-idf.org\/wp-content\/uploads\/2021\/05\/bgtitr_head750_Lvc2.jpg\" alt=\"Le collectif Musiques et danses du Monde vous pr\u00e9sente pour la deuxi\u00e8me ann\u00e9e\" class=\"wp-image-2359\" srcset=\"https:\/\/collectifmdm-idf.org\/annuaire5\/wp-content\/uploads\/2021\/05\/bgtitr_head750_Lvc2.jpg 750w, https:\/\/collectifmdm-idf.org\/annuaire5\/wp-content\/uploads\/2021\/05\/bgtitr_head750_Lvc2-300x28.jpg 300w\" sizes=\"(max-width: 750px) 100vw, 750px\" \/><\/figure><\/div>\n\n\n\n<h1 class=\"titr_art1 wp-block-heading\">Cie Ona Tourna &#8211; Fanny Vignals<\/h1>\n\n\n\n<div class=\"wp-block-image is-style-default\"><figure class=\"aligncenter size-large\"><img decoding=\"async\" width=\"750\" height=\"101\" src=\"https:\/\/collectifmdm-idf.org\/wp-content\/uploads\/2021\/05\/bgtitr_foot750_Lvc2.jpg\" alt=\"Installez-vous et \u00e9coutez La vie continue S2\" class=\"wp-image-2358\" srcset=\"https:\/\/collectifmdm-idf.org\/annuaire5\/wp-content\/uploads\/2021\/05\/bgtitr_foot750_Lvc2.jpg 750w, https:\/\/collectifmdm-idf.org\/annuaire5\/wp-content\/uploads\/2021\/05\/bgtitr_foot750_Lvc2-300x40.jpg 300w\" sizes=\"(max-width: 750px) 100vw, 750px\" \/><\/figure><\/div>\n\n\n\n<p class=\"has-text-align-center txt_Lvc2 has-luminous-vivid-orange-color has-text-color has-medium-font-size\"><strong><strong>UNE CR\u00c9ATION CHOR\u00c9GRAPHIQUE MARQU\u00c9E PAR LE CAMDOMBLE<\/strong><\/strong><\/p>\n\n\n\n<div class=\"wp-block-columns is-layout-flex wp-container-core-columns-is-layout-9d6595d7 wp-block-columns-is-layout-flex\">\n<div class=\"wp-block-column is-layout-flow wp-block-column-is-layout-flow\">\n<p>La chor\u00e9graphe Fanny Vignals s\u2019allie au batteur Guilhem Flouzat pour ce spectacle. &#8220;Infinun\u00b7e&#8221; est <strong>inspir\u00e9 par la sensation de d\u00e9multiplication des corps \u00e9manant des rituels afro-br\u00e9siliens<\/strong>. Dans les c\u00e9r\u00e9monies traditionnelles, danse et tambour sollicitent le messager Eshou, divinit\u00e9 repr\u00e9sentant la d\u00e9brouillardise, la marginalit\u00e9, l&#8217;urbanit\u00e9. C\u2019est le symbole de la rencontre comme \u00e9nergie de transformation.<br><br>Pour cr\u00e9er <strong>un point de croisement o\u00f9 corps et sons dialoguent avec l\u2019invisible<\/strong>, les deux artistes cherchent \u00e0 r\u00e9v\u00e9ler l\u2019essence des rythmes. Les figures qu\u2019ils cr\u00e9ent naissent et s\u2019absorbent les unes les autres, se d\u00e9multiplient et tracent des chemins.<\/p>\n<\/div>\n\n\n\n<div class=\"wp-block-column is-layout-flow wp-block-column-is-layout-flow\">\n<figure class=\"wp-block-gallery has-nested-images columns-default is-cropped wp-block-gallery-1 is-layout-flex wp-block-gallery-is-layout-flex\">\n<figure class=\"wp-block-image size-medium\"><a href=\"https:\/\/collectifmdm-idf.org\/wp-content\/uploads\/2021\/05\/Ona_Tourna-04_gd.jpg\" data-rel=\"lightbox-image-0\" data-rl_title=\"\" data-rl_caption=\"\" title=\"\"><img decoding=\"async\" width=\"300\" height=\"169\" data-id=\"2540\" src=\"https:\/\/collectifmdm-idf.org\/wp-content\/uploads\/2021\/05\/Ona_Tourna-04_gd-300x169.jpg\" alt=\"Cie Ona Tourna - FANNY VIGNALS\" class=\"wp-image-2540\" srcset=\"https:\/\/collectifmdm-idf.org\/annuaire5\/wp-content\/uploads\/2021\/05\/Ona_Tourna-04_gd-300x169.jpg 300w, https:\/\/collectifmdm-idf.org\/annuaire5\/wp-content\/uploads\/2021\/05\/Ona_Tourna-04_gd-1024x576.jpg 1024w, https:\/\/collectifmdm-idf.org\/annuaire5\/wp-content\/uploads\/2021\/05\/Ona_Tourna-04_gd-768x432.jpg 768w, https:\/\/collectifmdm-idf.org\/annuaire5\/wp-content\/uploads\/2021\/05\/Ona_Tourna-04_gd.jpg 1200w\" sizes=\"(max-width: 300px) 100vw, 300px\" \/><\/a><\/figure>\n<\/figure>\n<\/div>\n<\/div>\n\n\n\n<div class=\"wp-block-columns is-layout-flex wp-container-core-columns-is-layout-9d6595d7 wp-block-columns-is-layout-flex\">\n<div class=\"wp-block-column is-layout-flow wp-block-column-is-layout-flow\">\n<div class=\"wp-block-media-text alignwide is-stacked-on-mobile\" style=\"grid-template-columns:24% auto\"><figure class=\"wp-block-media-text__media\"><img decoding=\"async\" src=\"https:\/\/collectifmdm-idf.org\/wp-content\/uploads\/2021\/04\/Pict_perso_30px.png\" alt=\"nombre de participant\" class=\"wp-image-2034 size-full\"\/><\/figure><div class=\"wp-block-media-text__content\">\n<p class=\"txt_Lvc2 has-normal-font-size\"><strong>2 artistes<\/strong><\/p>\n<\/div><\/div>\n<\/div>\n\n\n\n<div class=\"wp-block-column is-layout-flow wp-block-column-is-layout-flow\">\n<div class=\"wp-block-media-text alignwide is-stacked-on-mobile\" style=\"grid-template-columns:20% auto\"><figure class=\"wp-block-media-text__media\"><img loading=\"lazy\" decoding=\"async\" width=\"100\" height=\"98\" src=\"https:\/\/collectifmdm-idf.org\/wp-content\/uploads\/2021\/04\/Acoustic_100.gif\" alt=\"spectacle acoustique\" class=\"wp-image-1896 size-full\"\/><\/figure><div class=\"wp-block-media-text__content\">\n<p class=\"txt_Lvc2 has-normal-font-size\"><strong>Acoustique<\/strong><\/p>\n<\/div><\/div>\n<\/div>\n\n\n\n<div class=\"wp-block-column is-layout-flow wp-block-column-is-layout-flow\">\n<div class=\"wp-block-media-text alignwide is-stacked-on-mobile\" style=\"grid-template-columns:23% auto\"><figure class=\"wp-block-media-text__media\"><img decoding=\"async\" src=\"https:\/\/collectifmdm-idf.org\/wp-content\/uploads\/2021\/04\/Pict_temps_30px.png\" alt=\"Dur\u00e9e de la prestation\" class=\"wp-image-2036 size-full\"\/><\/figure><div class=\"wp-block-media-text__content\">\n<p class=\"txt_Lvc2 has-normal-font-size\"><strong>20mn \u00e0 40mn<\/strong><\/p>\n<\/div><\/div>\n<\/div>\n\n\n\n<div class=\"wp-block-column is-layout-flow wp-block-column-is-layout-flow\">\n<div class=\"wp-block-media-text alignwide is-stacked-on-mobile\" style=\"grid-template-columns:24% auto\"><figure class=\"wp-block-media-text__media\"><img loading=\"lazy\" decoding=\"async\" width=\"60\" height=\"60\" src=\"https:\/\/collectifmdm-idf.org\/wp-content\/uploads\/2022\/04\/Pict_prix_30px-B.jpg\" alt=\"Pict prix\" class=\"wp-image-5862 size-full\"\/><\/figure><div class=\"wp-block-media-text__content\">\n<p class=\"txt_Lvc2 has-vivid-green-cyan-color has-text-color has-normal-font-size\"><strong><a href=\"https:\/\/collectifmdm-idf.org\/les-tarifs-des-prestations-la-vie-continue-s2\/\">TARIFS<\/a><\/strong><\/p>\n<\/div><\/div>\n<\/div>\n<\/div>\n\n\n\n<div class=\"wp-block-columns has-black-color has-text-color has-background is-layout-flex wp-container-core-columns-is-layout-9d6595d7 wp-block-columns-is-layout-flex\" style=\"background:radial-gradient(rgb(252,185,0) 65%,rgb(255,105,0) 100%)\">\n<div class=\"wp-block-column is-layout-flow wp-block-column-is-layout-flow\">\n<h3 class=\"has-vivid-red-color has-text-color wp-block-heading\">CONTACT<\/h3>\n\n\n\n<p class=\"txt_Lvc2 has-black-color has-text-color has-medium-font-size\"><strong>Fanny Vignals<\/strong><br><strong>06 09 16 59 44<\/strong><\/p>\n<\/div>\n\n\n\n<div class=\"wp-block-column is-layout-flow wp-block-column-is-layout-flow\">\n<div class=\"wp-block-media-text alignwide is-stacked-on-mobile\" style=\"grid-template-columns:15% auto\"><figure class=\"wp-block-media-text__media\"><img decoding=\"async\" src=\"https:\/\/collectifmdm-idf.org\/wp-content\/uploads\/2021\/05\/Picto_mel_60px.png\" alt=\"Adresse e-mail\" class=\"wp-image-2454 size-full\"\/><\/figure><div class=\"wp-block-media-text__content\">\n<p class=\"coord_Lvc2 has-normal-font-size\"><a href=\"mailto:cie.ona.tourna@gmail.com\" target=\"_blank\" rel=\"noreferrer noopener\">cie.ona.tourna@gmail.com<\/a><\/p>\n<\/div><\/div>\n\n\n\n<div class=\"wp-block-media-text alignwide is-stacked-on-mobile\" style=\"grid-template-columns:15% auto\"><figure class=\"wp-block-media-text__media\"><img decoding=\"async\" src=\"https:\/\/collectifmdm-idf.org\/wp-content\/uploads\/2021\/05\/Picto_web_60px.png\" alt=\"Site web\" class=\"wp-image-2456 size-full\"\/><\/figure><div class=\"wp-block-media-text__content\">\n<p class=\"coord_Lvc2 has-normal-font-size\"><a href=\"http:\/\/www.cieonatourna.com\" target=\"_blank\" rel=\"noreferrer noopener\">www.cieonatourna.com<\/a><\/p>\n<\/div><\/div>\n\n\n\n<div class=\"wp-block-columns is-layout-flex wp-container-core-columns-is-layout-9d6595d7 wp-block-columns-is-layout-flex\">\n<div class=\"wp-block-column is-layout-flow wp-block-column-is-layout-flow\">\n<figure class=\"wp-block-image size-large is-resized is-style-default\"><a href=\"https:\/\/www.facebook.com\/cieonatourna\" target=\"_blank\" rel=\"noopener\"><img loading=\"lazy\" decoding=\"async\" src=\"https:\/\/collectifmdm-idf.org\/wp-content\/uploads\/2021\/05\/Picto_Fb_60px.png\" alt=\"Suivez-nous sur Facebook\" class=\"wp-image-2452\" width=\"45\" height=\"45\"\/><\/a><\/figure>\n<\/div>\n\n\n\n<div class=\"wp-block-column is-layout-flow wp-block-column-is-layout-flow\"><\/div>\n\n\n\n<div class=\"wp-block-column is-layout-flow wp-block-column-is-layout-flow\">\n<figure class=\"wp-block-image size-large is-resized is-style-default\"><a href=\"https:\/\/twitter.com\/cieonatourna\" target=\"_blank\" rel=\"noopener\"><img loading=\"lazy\" decoding=\"async\" src=\"https:\/\/collectifmdm-idf.org\/wp-content\/uploads\/2021\/05\/Picto_Twit_60px.png\" alt=\"Sifflez-nous sur Twitter\" class=\"wp-image-2455\" width=\"45\" height=\"45\"\/><\/a><\/figure>\n<\/div>\n<\/div>\n<\/div>\n<\/div>\n\n\n\n<div style=\"height:30px\" aria-hidden=\"true\" class=\"wp-block-spacer\"><\/div>\n\n\n\n<div class=\"wp-block-columns is-layout-flex wp-container-core-columns-is-layout-9d6595d7 wp-block-columns-is-layout-flex\">\n<div class=\"wp-block-column is-layout-flow wp-block-column-is-layout-flow\">\n<div class=\"wp-block-buttons is-horizontal is-content-justification-center is-layout-flex wp-container-core-buttons-is-layout-499968f5 wp-block-buttons-is-layout-flex\">\n<div class=\"wp-block-button has-custom-width wp-block-button__width-50 is-style-fill\"><a class=\"wp-block-button__link has-cool-to-warm-spectrum-gradient-background has-background\" href=\"https:\/\/collectifmdm-idf.org\/la-vie-continue-saison2\/#liste\">Retour \u00e0 la liste<\/a><\/div>\n<\/div>\n<\/div>\n\n\n\n<div class=\"wp-block-column is-layout-flow wp-block-column-is-layout-flow\">\n<div class=\"wp-block-buttons is-layout-flex wp-block-buttons-is-layout-flex\">\n<div class=\"wp-block-button has-custom-width wp-block-button__width-75\"><a class=\"wp-block-button__link has-luminous-vivid-orange-to-vivid-red-gradient-background has-background\" href=\"https:\/\/collectifmdm-idf.org\/wp-content\/uploads\/2021\/06\/cie-ona-tourna-fanny-vignals-collectifmdmidf-La-vie-continue-s2-2021.pdf\" target=\"_blank\" rel=\"noreferrer noopener\">T\u00e9l\u00e9charger la fiche<\/a><\/div>\n<\/div>\n<\/div>\n<\/div>\n\n\n\n<div style=\"height:60px\" aria-hidden=\"true\" class=\"wp-block-spacer\"><\/div>\n\n\n\n<figure class=\"wp-block-embed is-type-video is-provider-vimeo wp-block-embed-vimeo wp-embed-aspect-16-9 wp-has-aspect-ratio\"><div class=\"wp-block-embed__wrapper\">\nhttps:\/\/vimeo.com\/451300012\n<\/div><\/figure>\n\n\n\n<figure class=\"wp-block-embed is-type-video is-provider-vimeo wp-block-embed-vimeo wp-embed-aspect-16-9 wp-has-aspect-ratio\"><div class=\"wp-block-embed__wrapper\">\nhttps:\/\/vimeo.com\/523530224\n<\/div><\/figure>\n\n\n\n<div style=\"height:60px\" aria-hidden=\"true\" class=\"wp-block-spacer\"><\/div>\n\n\n\n<div class=\"wp-block-buttons is-layout-flex wp-block-buttons-is-layout-flex\">\n<div class=\"wp-block-button has-custom-width wp-block-button__width-100 is-style-fill\"><a class=\"wp-block-button__link has-luminous-vivid-amber-color has-cool-to-warm-spectrum-gradient-background has-text-color has-background\" href=\"https:\/\/collectifmdm-idf.org\/la-vie-continue-saison2\/#liste\">Retour \u00e0 la liste<\/a><\/div>\n<\/div>\n\n\n\n<div style=\"height:60px\" aria-hidden=\"true\" class=\"wp-block-spacer\"><\/div>\n\n\n\n<p><\/p>\n","protected":false},"excerpt":{"rendered":"<p>UNE CR\u00c9ATION CHOR\u00c9GRAPHIQUE MARQU\u00c9E PAR LE CAMDOMBLE<br \/>\n&#8220;Infinun\u00b7e&#8221; est un dialogue entre danse et batterie qui s\u2019inspire des rituels afro-br\u00e9siliens.<\/p>\n","protected":false},"author":1,"featured_media":2541,"comment_status":"closed","ping_status":"open","sticky":false,"template":"","format":"standard","meta":{"_rtcl_gb_attr":"","footnotes":""},"categories":[64,71,42,46,68],"tags":[],"class_list":["post-2674","post","type-post","status-publish","format-standard","has-post-thumbnail","hentry","category-amerique","category-danse-spectacles","category-la-vie-continue-s2","category-spectacle-acoustique","category-spectacles"],"_links":{"self":[{"href":"https:\/\/collectifmdm-idf.org\/annuaire5\/wp-json\/wp\/v2\/posts\/2674","targetHints":{"allow":["GET"]}}],"collection":[{"href":"https:\/\/collectifmdm-idf.org\/annuaire5\/wp-json\/wp\/v2\/posts"}],"about":[{"href":"https:\/\/collectifmdm-idf.org\/annuaire5\/wp-json\/wp\/v2\/types\/post"}],"author":[{"embeddable":true,"href":"https:\/\/collectifmdm-idf.org\/annuaire5\/wp-json\/wp\/v2\/users\/1"}],"replies":[{"embeddable":true,"href":"https:\/\/collectifmdm-idf.org\/annuaire5\/wp-json\/wp\/v2\/comments?post=2674"}],"version-history":[{"count":0,"href":"https:\/\/collectifmdm-idf.org\/annuaire5\/wp-json\/wp\/v2\/posts\/2674\/revisions"}],"wp:featuredmedia":[{"embeddable":true,"href":"https:\/\/collectifmdm-idf.org\/annuaire5\/wp-json\/wp\/v2\/media\/2541"}],"wp:attachment":[{"href":"https:\/\/collectifmdm-idf.org\/annuaire5\/wp-json\/wp\/v2\/media?parent=2674"}],"wp:term":[{"taxonomy":"category","embeddable":true,"href":"https:\/\/collectifmdm-idf.org\/annuaire5\/wp-json\/wp\/v2\/categories?post=2674"},{"taxonomy":"post_tag","embeddable":true,"href":"https:\/\/collectifmdm-idf.org\/annuaire5\/wp-json\/wp\/v2\/tags?post=2674"}],"curies":[{"name":"wp","href":"https:\/\/api.w.org\/{rel}","templated":true}]}}