{"id":266,"date":"2020-01-19T19:05:02","date_gmt":"2020-01-19T18:05:02","guid":{"rendered":"http:\/\/collectifmdm-idf.org\/?p=266"},"modified":"2020-02-09T18:37:31","modified_gmt":"2020-02-09T17:37:31","slug":"festival-au-fil-des-voix-2020","status":"publish","type":"post","link":"https:\/\/collectifmdm-idf.org\/annuaire5\/festival-au-fil-des-voix-2020\/","title":{"rendered":"Festival Au Fil des Voix 2020"},"content":{"rendered":"\n<h2 class=\"wp-block-heading\"><\/h2>\n\n\n\n<p class=\"has-medium-font-size\"> Cr\u00e9\u00e9 en 2008, <strong><a href=\"https:\/\/www.aufildesvoix.com\/\" target=\"_blank\" rel=\"noreferrer noopener\" aria-label=\" (s\u2019ouvre dans un nouvel onglet)\">le festival Au Fil des Voix<\/a><\/strong>  s\u2019est impos\u00e9 comme le rendez-vous incontournable des grandes voix du  monde. Au c\u0153ur de l\u2019hiver parisien &#8211; en d\u00e9but d\u2019ann\u00e9e, un moment clef du  calendrier pour les programmateurs &#8211; il constitue une v\u00e9ritable  plateforme de diffusion.&nbsp;&nbsp; <\/p>\n\n\n\n<p class=\"has-medium-font-size\"> Grandes voix embl\u00e9matiques, artistes confirm\u00e9s, jeunes talents, <strong>Au Fil des Voix<\/strong> donne \u00e0 voir sur sc\u00e8ne une s\u00e9lection des nouvelles productions discographiques de l\u2019ann\u00e9e.  <\/p>\n\n\n\n<p class=\"has-medium-font-size\">Pour cette \u00e9dition 2020, le festival <strong>Au Fil des Voix <\/strong>sera ancr\u00e9 dans le 18e arrondissement de Paris et programmera dans deux salles embl\u00e9matiques afin de cr\u00e9er une locomotive au service des artistes en d\u00e9veloppement :<\/p>\n\n\n\n<p class=\"has-text-align-center has-medium-font-size\"><strong><a href=\"http:\/\/www.lacigale.fr\/\" target=\"_blank\" rel=\"noreferrer noopener\" aria-label=\" (s\u2019ouvre dans un nouvel onglet)\">La Cigale<\/a><\/strong> et <a rel=\"noreferrer noopener\" href=\"https:\/\/www.letrianon.fr\/fr\" target=\"_blank\"><strong>Le Trianon<\/strong><\/a><\/p>\n\n\n\n<p class=\"has-medium-font-size\">Et pour la toute premi\u00e8re fois dans la nouvelle salle en plein c\u0153ur du quartier de Barb\u00e8s :  <\/p>\n\n\n\n<p class=\"has-text-align-center has-medium-font-size\"><strong><a rel=\"noreferrer noopener\" href=\"https:\/\/le360paris.com\/\" target=\"_blank\">&nbsp;Le 360 Paris Music Factory.<\/a><\/strong><br><\/p>\n\n\n\n<p class=\"has-medium-font-size\"><strong>En savoir plus : <a rel=\"noreferrer noopener\" href=\"https:\/\/www.aufildesvoix.com\/fr\/programme\" target=\"_blank\">le programme<\/a><\/strong><\/p>\n\n\n\n<p class=\"has-medium-font-size\"><strong>Ev\u00e8nements Facebook : <a rel=\"noreferrer noopener\" href=\"https:\/\/www.facebook.com\/pg\/aufildesvoix\/events\/\" target=\"_blank\">https:\/\/www.facebook.com\/pg\/aufildesvoix\/events<\/a><\/strong><\/p>\n\n\n\n<hr class=\"wp-block-separator\"\/>\n\n\n\n<figure class=\"wp-block-gallery aligncenter columns-2 is-cropped wp-block-gallery-1 is-layout-flex wp-block-gallery-is-layout-flex\"><ul class=\"blocks-gallery-grid\"><li class=\"blocks-gallery-item\"><figure><img fetchpriority=\"high\" decoding=\"async\" width=\"360\" height=\"500\" src=\"https:\/\/collectifmdm-idf.org\/wp-content\/uploads\/2020\/01\/Flyer-Prog_DEF-4-1.jpg\" alt=\"Flyer Au fil des voix 2020 recto\" data-id=\"377\" data-full-url=\"https:\/\/collectifmdm-idf.org\/wp-content\/uploads\/2020\/01\/Flyer-Prog_DEF-4-1.jpg\" data-link=\"https:\/\/collectifmdm-idf.org\/2020\/01\/19\/festival-au-fil-des-voix-2020\/flyer-prog_def-4-1\/\" class=\"wp-image-377\" srcset=\"https:\/\/collectifmdm-idf.org\/annuaire5\/wp-content\/uploads\/2020\/01\/Flyer-Prog_DEF-4-1.jpg 360w, https:\/\/collectifmdm-idf.org\/annuaire5\/wp-content\/uploads\/2020\/01\/Flyer-Prog_DEF-4-1-216x300.jpg 216w\" sizes=\"(max-width: 360px) 100vw, 360px\" \/><\/figure><\/li><li class=\"blocks-gallery-item\"><figure><img decoding=\"async\" width=\"360\" height=\"500\" src=\"https:\/\/collectifmdm-idf.org\/wp-content\/uploads\/2020\/01\/Flyer-Prog_DEF-4-2.jpg\" alt=\"Flyer Au fil des voix 2020 verso\" data-id=\"378\" data-full-url=\"https:\/\/collectifmdm-idf.org\/wp-content\/uploads\/2020\/01\/Flyer-Prog_DEF-4-2.jpg\" data-link=\"https:\/\/collectifmdm-idf.org\/2020\/01\/19\/festival-au-fil-des-voix-2020\/flyer-prog_def-4-2\/\" class=\"wp-image-378\" srcset=\"https:\/\/collectifmdm-idf.org\/annuaire5\/wp-content\/uploads\/2020\/01\/Flyer-Prog_DEF-4-2.jpg 360w, https:\/\/collectifmdm-idf.org\/annuaire5\/wp-content\/uploads\/2020\/01\/Flyer-Prog_DEF-4-2-216x300.jpg 216w\" sizes=\"(max-width: 360px) 100vw, 360px\" \/><\/figure><\/li><\/ul><\/figure>\n\n\n\n<hr class=\"wp-block-separator\"\/>\n\n\n\n<p class=\"has-text-color has-text-align-center has-medium-font-size has-luminous-vivid-orange-color\"><strong>&#8212;o&#8212;<\/strong><\/p>\n\n\n\n<hr class=\"wp-block-separator\"\/>\n","protected":false},"excerpt":{"rendered":"<p>Cr\u00e9\u00e9 en 2008, le festival Au Fil des Voix s\u2019est impos\u00e9 comme le rendez-vous incontournable des grandes voix du monde. Au c\u0153ur de l\u2019hiver parisien &#8211; en d\u00e9but d\u2019ann\u00e9e, un moment clef du calendrier pour les programmateurs &#8211; il constitue une v\u00e9ritable<\/p>\n<p class=\"link-more\"><a class=\"myButt \" href=\"https:\/\/collectifmdm-idf.org\/annuaire5\/festival-au-fil-des-voix-2020\/\">EN SAVOIR +<\/a><\/p>\n","protected":false},"author":1,"featured_media":263,"comment_status":"open","ping_status":"open","sticky":false,"template":"","format":"standard","meta":{"_rtcl_gb_attr":"","footnotes":""},"categories":[7,6],"tags":[],"class_list":["post-266","post","type-post","status-publish","format-standard","has-post-thumbnail","hentry","category-concert","category-festival"],"_links":{"self":[{"href":"https:\/\/collectifmdm-idf.org\/annuaire5\/wp-json\/wp\/v2\/posts\/266","targetHints":{"allow":["GET"]}}],"collection":[{"href":"https:\/\/collectifmdm-idf.org\/annuaire5\/wp-json\/wp\/v2\/posts"}],"about":[{"href":"https:\/\/collectifmdm-idf.org\/annuaire5\/wp-json\/wp\/v2\/types\/post"}],"author":[{"embeddable":true,"href":"https:\/\/collectifmdm-idf.org\/annuaire5\/wp-json\/wp\/v2\/users\/1"}],"replies":[{"embeddable":true,"href":"https:\/\/collectifmdm-idf.org\/annuaire5\/wp-json\/wp\/v2\/comments?post=266"}],"version-history":[{"count":0,"href":"https:\/\/collectifmdm-idf.org\/annuaire5\/wp-json\/wp\/v2\/posts\/266\/revisions"}],"wp:featuredmedia":[{"embeddable":true,"href":"https:\/\/collectifmdm-idf.org\/annuaire5\/wp-json\/wp\/v2\/media\/263"}],"wp:attachment":[{"href":"https:\/\/collectifmdm-idf.org\/annuaire5\/wp-json\/wp\/v2\/media?parent=266"}],"wp:term":[{"taxonomy":"category","embeddable":true,"href":"https:\/\/collectifmdm-idf.org\/annuaire5\/wp-json\/wp\/v2\/categories?post=266"},{"taxonomy":"post_tag","embeddable":true,"href":"https:\/\/collectifmdm-idf.org\/annuaire5\/wp-json\/wp\/v2\/tags?post=266"}],"curies":[{"name":"wp","href":"https:\/\/api.w.org\/{rel}","templated":true}]}}