{"id":2621,"date":"2021-05-17T18:06:48","date_gmt":"2021-05-17T16:06:48","guid":{"rendered":"http:\/\/collectifmdm-idf.org\/?p=2621"},"modified":"2021-06-16T11:29:36","modified_gmt":"2021-06-16T09:29:36","slug":"%e2%98%85-lancement-de-la-5eme-edition-du-prix-des-musiques-dici-%e2%98%85","status":"publish","type":"post","link":"https:\/\/collectifmdm-idf.org\/annuaire5\/%e2%98%85-lancement-de-la-5eme-edition-du-prix-des-musiques-dici-%e2%98%85\/","title":{"rendered":"\u2605 LANCEMENT DE LA 5\u00e8me \u00c9DITION  du PRIX DES MUSIQUES d&#8217;ICI \u2605 jusqu&#8217;au 20 juin 2021"},"content":{"rendered":"\n<h2 class=\"wp-block-heading\">Appel \u00e0 candidatures &#8211; prolong\u00e9 jusqu&#8217;au 20 juin 2021<\/h2>\n\n\n\n<h2 class=\"wp-block-heading\"><\/h2>\n\n\n\n<h4 class=\"has-luminous-vivid-amber-color has-text-color wp-block-heading\"><strong>Les crit\u00e8res de s\u00e9lection<\/strong><\/h4>\n\n\n\n<p><strong>Conditions d\u2019\u00e9ligibilit\u00e9 pour les candidats au Prix des Musiques d\u2019ICI :<\/strong><\/p>\n\n\n\n<ul class=\"has-normal-font-size wp-block-list\"><li>\u00catre majeur,<\/li><li>R\u00e9sider et \u00eatre majoritairement implant\u00e9 dans une r\u00e9gion de France (m\u00e9tropole et Dom Tom)<\/li><li>\u00catre&nbsp;originaire, pour au moins un membre du groupe, d\u2019une diaspora d\u2019Afrique\/Moyen Orient, Europe, Am\u00e9riques\/Cara\u00efbes, Asie\/Oc\u00e9anie,<\/li><li>Votre activit\u00e9 artistique est votre activit\u00e9 principale, ou vous souhaitez qu\u2019elle le devienne,<\/li><li>\u00catre en capacit\u00e9 de se rendre disponible pour le processus d\u2019accompagnement entre 2021 et 2022 (concerts, contacts avec les m\u00e9dias, formations, d\u00e9placements etc.)<\/li><li>B\u00e9n\u00e9ficier d\u2019un encadrement professionnel (manager, producteur sc\u00e8ne ou disque, label, \u00e9diteur) et\/ou pouvoir s\u2019appuyer sur une structure administrative (association, soci\u00e9t\u00e9,etc..) capable de vous repr\u00e9senter,<\/li><li>Avoir un r\u00e9pertoire live majoritairement constitu\u00e9 de compositions originales (minimum 70% compositions originales et 30% reprises), et d\u2019une dur\u00e9e de 30 \u00e0 45 minutes minimum,<\/li><li>Ne pas avoir sign\u00e9 dans une grande maison de disques ou ne pas avoir fait partie d\u2019un gros catalogue de tourn\u00e9e dans les 5 derni\u00e8res ann\u00e9es,<\/li><li>Soumettre trois titres enregistr\u00e9s (maquettes accept\u00e9es), une biographie, une photo en 300 DPI et r\u00e9pondre \u00e0 un questionnaire simple sur&nbsp;<a href=\"http:\/\/prixdesmusiquesdici.com\/inscription\/\" target=\"_blank\" rel=\"noreferrer noopener\">http:\/\/prixdesmusiquesdici.com\/inscription\/<\/a><\/li><\/ul>\n\n\n\n<h3 class=\"has-luminous-vivid-amber-color has-text-color wp-block-heading\"><strong>Le processus de s\u00e9lection<\/strong><\/h3>\n\n\n\n<p><strong>La s\u00e9lection est effectu\u00e9e en quatre temps<\/strong><\/p>\n\n\n\n<ul class=\"wp-block-list\"><li><strong>1 \u2013&nbsp;Les capteurs pour le rep\u00e9rage<br><\/strong>Des \u00ab capteurs \u00bb de toutes les r\u00e9gions de France pr\u00e9s\u00e9lectionnent des artistes en respectant autant que possible une diversit\u00e9 d\u2019aires culturelles (Afrique\/Moyen Orient \u2013 Europe \u2013 Am\u00e9riques\/Cara\u00efbes \u2013 Asie\/Oc\u00e9anie).<br><em>Les Capteurs sont des relais b\u00e9n\u00e9ficiant d\u2019une certaine l\u00e9gitimit\u00e9, rep\u00e9r\u00e9s pour la connaissance de leur territoire, qui sont en mesure de d\u00e9nicher et d\u2019aiguiller des groupes vers le dispositif. Ils sont repr\u00e9sent\u00e9s par une grande diversit\u00e9 d\u2019acteurs de la fili\u00e8re : des petites structures, des acteurs associatifs de terrain, des personnes physiques en lien avec les acteurs musicaux au sein des communaut\u00e9s culturelles ou d\u2019associations de ressortissants des communaut\u00e9s culturelles\u2026<\/em><\/li><li><strong>2 \u2013 Le jury de pr\u00e9s\u00e9lection<br><\/strong>Les&nbsp;projets pr\u00e9s\u00e9lectionn\u00e9s sont \u00e9tudi\u00e9s par<strong>&nbsp;jury national de pr\u00e9s\u00e9lection&nbsp;<\/strong>qui retient 6 propositions, 6 finalistes \u00e0 voir en concert avant la d\u00e9signation des 3 laur\u00e9ats.<\/li><li><strong>3 \u2013 Pr\u00e9sentation des 6 finalistes<br><\/strong>Les six formations finalistes sont pr\u00e9sent\u00e9es sur sc\u00e8ne, en fonction des opportunit\u00e9s et des disponibilit\u00e9s dans le cadre du festival Villes des Musiques du Monde.&nbsp;Un partenariat avec France Musique permet, pour les six projets finalistes, de r\u00e9aliser un enregistrement live de l\u2019\u00e9mission OCORA&nbsp;&nbsp;Couleurs du Monde, produite et pr\u00e9sent\u00e9e par Fran\u00e7oise DEGEORGES.<\/li><li><strong>4 \u2013 Le jury final<br><\/strong>Apr\u00e8s visionnage des concerts et\/ou des vid\u00e9os live des diff\u00e9rents showcases, un&nbsp;<strong>jury final&nbsp;<\/strong>est amen\u00e9 \u00e0 d\u00e9signer les trois laur\u00e9ats.<br>Une diversit\u00e9 de comp\u00e9tences est respect\u00e9e, avec parmi les membres du jury international, des repr\u00e9sentants des m\u00e9dias, des repr\u00e9sentants des organismes professionnels (ex&nbsp;: SACEM), des diffuseurs (lieux et festivals), des chercheurs, des producteurs sc\u00e8ne et disque.<\/li><\/ul>\n\n\n\n<h2 class=\"wp-block-heading\"><\/h2>\n\n\n\n<h2 class=\"has-text-align-center has-luminous-vivid-amber-color has-text-color wp-block-heading\"><strong><a href=\"http:\/\/prixdesmusiquesdici.com\/inscription\/\" target=\"_blank\" rel=\"noreferrer noopener\">POSTULEZ ICI<\/a><\/strong><\/h2>\n\n\n\n<h2 class=\"has-text-align-center wp-block-heading\">&#8212; &#8212;<\/h2>\n\n\n\n<h2 class=\"wp-block-heading\"><\/h2>\n\n\n\n<h2 class=\"has-text-align-center wp-block-heading\"><a href=\"http:\/\/prixdesmusiquesdici.com\/site\/?page_id=1293\" target=\"_blank\" rel=\"noreferrer noopener\">voir les noms des laur\u00e9ats des \u00e9ditions pr\u00e9c\u00e9dentes.<\/a><\/h2>\n\n\n\n<div class=\"wp-block-image\"><figure class=\"aligncenter size-large\"><a href=\"http:\/\/prixdesmusiquesdici.com\/site\/?page_id=1293\"><img fetchpriority=\"high\" decoding=\"async\" width=\"998\" height=\"250\" src=\"https:\/\/collectifmdm-idf.org\/wp-content\/uploads\/2021\/02\/laureats_PrixdesmusiquesdICI-2020-250.jpg\" alt=\"Laur\u00e9ats du Prix des musiques d'ICI 2020\" class=\"wp-image-1600\" srcset=\"https:\/\/collectifmdm-idf.org\/annuaire5\/wp-content\/uploads\/2021\/02\/laureats_PrixdesmusiquesdICI-2020-250.jpg 998w, https:\/\/collectifmdm-idf.org\/annuaire5\/wp-content\/uploads\/2021\/02\/laureats_PrixdesmusiquesdICI-2020-250-300x75.jpg 300w, https:\/\/collectifmdm-idf.org\/annuaire5\/wp-content\/uploads\/2021\/02\/laureats_PrixdesmusiquesdICI-2020-250-768x192.jpg 768w\" sizes=\"(max-width: 998px) 100vw, 998px\" \/><\/a><\/figure><\/div>\n\n\n\n<h2 class=\"has-text-align-center has-luminous-vivid-amber-color has-text-color wp-block-heading\"><strong>&#8212;o&#8212;<\/strong><\/h2>\n\n\n\n<p><\/p>\n","protected":false},"excerpt":{"rendered":"<p>Appel \u00e0 candidatures &#8211; prolong\u00e9 jusqu&#8217;au 20 juin 2021 Les crit\u00e8res de s\u00e9lection Conditions d\u2019\u00e9ligibilit\u00e9 pour les candidats au Prix des Musiques d\u2019ICI : \u00catre majeur, R\u00e9sider et \u00eatre majoritairement implant\u00e9 dans une r\u00e9gion de France (m\u00e9tropole et Dom Tom) \u00catre&nbsp;originaire, pour<\/p>\n<p class=\"link-more\"><a class=\"myButt \" href=\"https:\/\/collectifmdm-idf.org\/annuaire5\/%e2%98%85-lancement-de-la-5eme-edition-du-prix-des-musiques-dici-%e2%98%85\/\">EN SAVOIR +<\/a><\/p>\n","protected":false},"author":1,"featured_media":887,"comment_status":"open","ping_status":"open","sticky":false,"template":"","format":"standard","meta":{"_rtcl_gb_attr":"","footnotes":""},"categories":[37],"tags":[],"class_list":["post-2621","post","type-post","status-publish","format-standard","has-post-thumbnail","hentry","category-appel-a-candidatures"],"_links":{"self":[{"href":"https:\/\/collectifmdm-idf.org\/annuaire5\/wp-json\/wp\/v2\/posts\/2621","targetHints":{"allow":["GET"]}}],"collection":[{"href":"https:\/\/collectifmdm-idf.org\/annuaire5\/wp-json\/wp\/v2\/posts"}],"about":[{"href":"https:\/\/collectifmdm-idf.org\/annuaire5\/wp-json\/wp\/v2\/types\/post"}],"author":[{"embeddable":true,"href":"https:\/\/collectifmdm-idf.org\/annuaire5\/wp-json\/wp\/v2\/users\/1"}],"replies":[{"embeddable":true,"href":"https:\/\/collectifmdm-idf.org\/annuaire5\/wp-json\/wp\/v2\/comments?post=2621"}],"version-history":[{"count":0,"href":"https:\/\/collectifmdm-idf.org\/annuaire5\/wp-json\/wp\/v2\/posts\/2621\/revisions"}],"wp:featuredmedia":[{"embeddable":true,"href":"https:\/\/collectifmdm-idf.org\/annuaire5\/wp-json\/wp\/v2\/media\/887"}],"wp:attachment":[{"href":"https:\/\/collectifmdm-idf.org\/annuaire5\/wp-json\/wp\/v2\/media?parent=2621"}],"wp:term":[{"taxonomy":"category","embeddable":true,"href":"https:\/\/collectifmdm-idf.org\/annuaire5\/wp-json\/wp\/v2\/categories?post=2621"},{"taxonomy":"post_tag","embeddable":true,"href":"https:\/\/collectifmdm-idf.org\/annuaire5\/wp-json\/wp\/v2\/tags?post=2621"}],"curies":[{"name":"wp","href":"https:\/\/api.w.org\/{rel}","templated":true}]}}