{"id":246,"date":"2017-06-11T16:26:00","date_gmt":"2017-06-11T14:26:00","guid":{"rendered":"http:\/\/collectifmdm-idf.org\/?p=246"},"modified":"2020-02-10T00:45:01","modified_gmt":"2020-02-09T23:45:01","slug":"rencontres-nationales-de-la-famdt-16-juin-2017","status":"publish","type":"post","link":"https:\/\/collectifmdm-idf.org\/annuaire5\/rencontres-nationales-de-la-famdt-16-juin-2017\/","title":{"rendered":"RENCONTRES NATIONALES DE LA FAMDT 16 juin 2017"},"content":{"rendered":"\n<h1 class=\"wp-block-heading\"><strong>Rencontres Nationales FAMDT- &#8220;Droits Culturels, pour un vivre ensemble solidaire<\/strong>&#8220;<\/h1>\n\n\n\n<p class=\"has-text-align-center has-medium-font-size\">VENDREDI 16 JUIN 2017 \u00e0 Aubervilliers<br> En partenariat avec&nbsp;le <strong>Collectif MDM IdF<\/strong> <br>et <strong>Villes des Musiques du Monde<\/strong><\/p>\n\n\n\n<p class=\"has-medium-font-size\">Comme chaque ann\u00e9e, la <a href=\"http:\/\/www.famdt.com\/\" target=\"_blank\" rel=\"noreferrer noopener\" aria-label=\" (s\u2019ouvre dans un nouvel onglet)\">FAMDT <\/a>organise  une rencontre nationale sur une th\u00e9matique qui refl\u00e8te les centres  d\u2019int\u00e9r\u00eat de ses adh\u00e9rents et porte sur des questions d\u2019actualit\u00e9. Cette  ann\u00e9e, la f\u00e9d\u00e9ration, en partenariat avec <strong>Collectif des musiques et danses du monde en \u00cele-de-France<\/strong> et <a href=\"http:\/\/www.villesdesmusiquesdumonde.com\/\" target=\"_blank\" rel=\"noreferrer noopener\" aria-label=\" (s\u2019ouvre dans un nouvel onglet)\">Villes des Musiques du Monde<\/a>, a choisi de mettre en avant les <strong>\u00ab&nbsp;<em>Droits Culturels, pour un vivre ensemble solidaire<\/em><\/strong>\u00ab&nbsp;.<\/p>\n\n\n\n<p class=\"has-medium-font-size\">Cette rencontre se tiendra \u00e0 <a href=\"\/\/www.facebook.com\/Theatredelacommune\/\" target=\"_blank\" rel=\"noreferrer noopener\" aria-label=\" (s\u2019ouvre dans un nouvel onglet)\">La Commune CDN Aubervilliers<\/a>,  lieu culturel et symbolique d\u2019une ville o\u00f9 le foisonnement des cultures  est au c\u0153ur du questionnement sur les droits culturels.<\/p>\n\n\n\n<p class=\"has-medium-font-size\">Au programme&nbsp;: Conf\u00e9rences et ateliers, \navec les adh\u00e9rents de la FAMDT, les adh\u00e9rents du Collectif MDM IdF et \nles invit\u00e9s suivants :<\/p>\n\n\n\n<p class=\"has-medium-font-size\">Andr\u00e9 Falcucci (Villes des Musiques du  Monde), Fran\u00e7ois Bensignor (Collectif MDM IdF), Max Leguem (FAMDT),  Meriem Derkaoui (Maire d\u2019Aubervilliers), Jean-Michel Lucas, Prosper  Wanner (coop\u00e9rative H\u00f4tel du Nord), Miguel Benassayag (philosophe,  psychanalyste), Bertrand Dupont (Innacor), Franck Tenaille, G\u00e9r\u00f4me  Guibert (sociologue), Ferdinand Richard (AMI, Fonds de la diversit\u00e9  culturelle \u00e0 l\u2019UNESCO), Franck Michaut (RIF), Philippe Kr\u00fcmm (Trad  Magazine), Sylvie Glissant (Institut Edouard Glissant), Carlos Semedo  (Villes d\u2019Aubervilliers), Anthony Daguet (Plaine Commune), Philippe  Eynaud Professeur des universit\u00e9s), Luc De Larminat (OPALE), Chlo\u00e9  S\u00e9cher (Actes-If), Aur\u00e9lien Charenton (France Active), Alban Cogrel  (UFISC), St\u00e9phanie Thomas (FEDELIMA), Audrey Pascaud (Culture Pour  Tous), Anne-Christine Micheu (Minist\u00e8re de la Culture), Sylvie Pebrier  (Minist\u00e8re de la Culture), Jean-Batiste Jobard (Collectif des  Associations Citoyennes), Patricia Coler (UFISC),<\/p>\n\n\n\n<p class=\"has-medium-font-size\"><strong>Pl\u00e9ni\u00e8re<\/strong>&nbsp;: \u00ab&nbsp;<strong><em>Pour une Europe de toutes ses cultures&nbsp;venues d\u2019ici et d\u2019ailleurs : l\u2019espoir de la Convention de Faro&nbsp;<\/em><\/strong>\u00bb<\/p>\n\n\n\n<p class=\"has-medium-font-size\">\u2206 ATELIER 1 \u2206<\/p>\n\n\n\n<p class=\"has-medium-font-size\">Musiques du monde, traditionnelles, \nmusiques actuelles amplifi\u00e9es&nbsp;: dire nos combats communs pour une \nmeilleure reconnaissance&nbsp;des valeurs et des pratiques qui sont les \nn\u00f4tres<\/p>\n\n\n\n<p class=\"has-medium-font-size\">\u2206 ATELIER 2 \u2206<\/p>\n\n\n\n<p class=\"has-medium-font-size\">L\u2019heure du Tout-Monde \u00e0 Aubervilliers<\/p>\n\n\n\n<p class=\"has-medium-font-size\">\u2206 ATELIER 3 \u2206<\/p>\n\n\n\n<p class=\"has-medium-font-size\">Les outils de solidarit\u00e9 et de coop\u00e9ration<\/p>\n\n\n\n<p class=\"has-medium-font-size\">\u2206 ATELIER 4 \u2206<\/p>\n\n\n\n<p class=\"has-medium-font-size\">Les droits culturels, oui mais comment&nbsp;agir&nbsp;?<\/p>\n\n\n\n<hr class=\"wp-block-separator\"\/>\n\n\n\n<h3 class=\"wp-block-heading\">20h00 : Concert de la Cie Rassegna &amp; Sanacore \u00e0 l\u2019\u00c9glise Notre-Dame-des-Vertus \u00e0 Aubervilliers<\/h3>\n\n\n\n<div class=\"wp-block-image\"><figure class=\"aligncenter size-large\"><img fetchpriority=\"high\" decoding=\"async\" width=\"450\" height=\"472\" src=\"https:\/\/collectifmdm-idf.org\/wp-content\/uploads\/2020\/01\/flyer-web-version-e1497274228363.jpg\" alt=\"\" class=\"wp-image-248\" srcset=\"https:\/\/collectifmdm-idf.org\/annuaire5\/wp-content\/uploads\/2020\/01\/flyer-web-version-e1497274228363.jpg 450w, https:\/\/collectifmdm-idf.org\/annuaire5\/wp-content\/uploads\/2020\/01\/flyer-web-version-e1497274228363-286x300.jpg 286w\" sizes=\"(max-width: 450px) 100vw, 450px\" \/><\/figure><\/div>\n\n\n\n<h2 class=\"wp-block-heading\"><\/h2>\n\n\n\n<hr class=\"wp-block-separator\"\/>\n\n\n\n<p class=\"has-text-color has-text-align-center has-medium-font-size has-luminous-vivid-orange-color\"><strong>&#8212;o&#8212;<\/strong><\/p>\n\n\n\n<hr class=\"wp-block-separator\"\/>\n","protected":false},"excerpt":{"rendered":"<p>Rencontres Nationales FAMDT- &#8220;Droits Culturels, pour un vivre ensemble solidaire&#8220; VENDREDI 16 JUIN 2017 \u00e0 Aubervilliers En partenariat avec&nbsp;le Collectif MDM IdF et Villes des Musiques du Monde Comme chaque ann\u00e9e, la FAMDT organise une rencontre nationale sur une th\u00e9matique qui refl\u00e8te<\/p>\n<p class=\"link-more\"><a class=\"myButt \" href=\"https:\/\/collectifmdm-idf.org\/annuaire5\/rencontres-nationales-de-la-famdt-16-juin-2017\/\">EN SAVOIR +<\/a><\/p>\n","protected":false},"author":1,"featured_media":493,"comment_status":"open","ping_status":"open","sticky":false,"template":"","format":"standard","meta":{"_rtcl_gb_attr":"","footnotes":""},"categories":[9],"tags":[],"class_list":["post-246","post","type-post","status-publish","format-standard","has-post-thumbnail","hentry","category-rencontres"],"_links":{"self":[{"href":"https:\/\/collectifmdm-idf.org\/annuaire5\/wp-json\/wp\/v2\/posts\/246","targetHints":{"allow":["GET"]}}],"collection":[{"href":"https:\/\/collectifmdm-idf.org\/annuaire5\/wp-json\/wp\/v2\/posts"}],"about":[{"href":"https:\/\/collectifmdm-idf.org\/annuaire5\/wp-json\/wp\/v2\/types\/post"}],"author":[{"embeddable":true,"href":"https:\/\/collectifmdm-idf.org\/annuaire5\/wp-json\/wp\/v2\/users\/1"}],"replies":[{"embeddable":true,"href":"https:\/\/collectifmdm-idf.org\/annuaire5\/wp-json\/wp\/v2\/comments?post=246"}],"version-history":[{"count":0,"href":"https:\/\/collectifmdm-idf.org\/annuaire5\/wp-json\/wp\/v2\/posts\/246\/revisions"}],"wp:featuredmedia":[{"embeddable":true,"href":"https:\/\/collectifmdm-idf.org\/annuaire5\/wp-json\/wp\/v2\/media\/493"}],"wp:attachment":[{"href":"https:\/\/collectifmdm-idf.org\/annuaire5\/wp-json\/wp\/v2\/media?parent=246"}],"wp:term":[{"taxonomy":"category","embeddable":true,"href":"https:\/\/collectifmdm-idf.org\/annuaire5\/wp-json\/wp\/v2\/categories?post=246"},{"taxonomy":"post_tag","embeddable":true,"href":"https:\/\/collectifmdm-idf.org\/annuaire5\/wp-json\/wp\/v2\/tags?post=246"}],"curies":[{"name":"wp","href":"https:\/\/api.w.org\/{rel}","templated":true}]}}