{"id":240,"date":"2018-02-13T16:23:25","date_gmt":"2018-02-13T15:23:25","guid":{"rendered":"http:\/\/collectifmdm-idf.org\/?p=240"},"modified":"2020-02-10T00:42:48","modified_gmt":"2020-02-09T23:42:48","slug":"podcast-rencontre-les-musiques-du-monde-a-lheure-du-digital","status":"publish","type":"post","link":"https:\/\/collectifmdm-idf.org\/annuaire5\/podcast-rencontre-les-musiques-du-monde-a-lheure-du-digital\/","title":{"rendered":"Podcast > Rencontre :  \u00bb Les Musiques du Monde \u00e0 l\u2019heure du digital"},"content":{"rendered":"\n<h2 class=\"wp-block-heading\"><\/h2>\n\n\n\n<p class=\"has-medium-font-size\">Le <strong>Collectif Musiques et Danses du Monde en \u00cele-de-France<\/strong>, la <strong>FAMDT<\/strong>, le festival&nbsp;<strong>Au Fil des Voix<\/strong> proposaient le 31 janvier 2018 une rencontre d\u00e9bat sur le th\u00e8me<\/p>\n\n\n\n<h3 class=\"has-text-align-center wp-block-heading\"><strong>Les Musiques du Monde \u00e0 l\u2019heure du digital<\/strong><\/h3>\n\n\n\n<p class=\"has-medium-font-size\">Face \u00e0 la rar\u00e9faction des m\u00e9dias traditionnels, comment continuer \u00e0 promouvoir les artistes des musiques du monde&nbsp;?<\/p>\n\n\n\n<p class=\"has-medium-font-size\"><strong><em>L\u2019\u00e9volution de la diffusion num\u00e9rique de la musique<\/em><\/strong><\/p>\n\n\n\n<p class=\"has-medium-font-size\">Entretien :<br> <strong>Sophian Fanen<\/strong>, journaliste, cofondateur du site Les Jours, auteur du livre  \u2018\u2019<em>Boulevard du stream \u2013 Du mp3 \u00e0 Deezer, la musique lib\u00e9r\u00e9e\u2019\u2019<\/em> (Le Castor astral)<br> <strong>Fran\u00e7ois Bensignor<\/strong> (Journaliste, Pr\u00e9sident du Collectif MDM IdF)<br><strong>Philippe Kr\u00fcmm<\/strong> (Pr\u00e9sident de Au Fil des Voix, fondateur de 5 plan\u00e8tes, ex-Trad\u2019 Magazine)  :<\/p>\n\n\n\n<p class=\"has-medium-font-size\"><strong><em>L\u2019\u00e9ditorial&nbsp;: une myriade de contenus sur Internet faute de magazines papiers.  Comment trouver la bonne info&nbsp;?<br> <\/em><\/strong><\/p>\n\n\n\n<figure class=\"wp-block-embed-wordpress wp-block-embed is-type-wp-embed is-provider-hearthis-at\"><div class=\"wp-block-embed__wrapper\">\n<div class=\"responsive-container\"><iframe class=\"wp-embedded-content\" sandbox=\"allow-scripts\" security=\"restricted\" title=\"RENCONTRE : Les Musiques du Monde \u00e0 l\u2019heure du digital, Part.1, 31 Janvier 2018 (Festival AU FIL DES VOIX)\" scrolling=\"no\" width=\"100%\" height=\"150\" src=\"https:\/\/hearthis.at\/embed\/1751854\/transparent\/?style=2&#038;block_size=2&#038;block_space=2&#038;background=1#?secret=RAIX0SReKN\" data-secret=\"RAIX0SReKN\" frameborder=\"0\"><\/iframe><\/div>\n<\/div><\/figure>\n\n\n\n<div class=\"wp-block-image\"><figure class=\"aligncenter size-large\"><img fetchpriority=\"high\" decoding=\"async\" width=\"900\" height=\"675\" src=\"https:\/\/collectifmdm-idf.org\/wp-content\/uploads\/2018\/02\/table-ronde-1.jpg\" alt=\"\" class=\"wp-image-480\" srcset=\"https:\/\/collectifmdm-idf.org\/annuaire5\/wp-content\/uploads\/2018\/02\/table-ronde-1.jpg 900w, https:\/\/collectifmdm-idf.org\/annuaire5\/wp-content\/uploads\/2018\/02\/table-ronde-1-300x225.jpg 300w, https:\/\/collectifmdm-idf.org\/annuaire5\/wp-content\/uploads\/2018\/02\/table-ronde-1-768x576.jpg 768w\" sizes=\"(max-width: 900px) 100vw, 900px\" \/><figcaption>cr\u00e9dits photos : Patrice Dalmagne<\/figcaption><\/figure><\/div>\n\n\n\n<p class=\"has-medium-font-size\"><a href=\"https:\/\/web.archive.org\/web\/20180819125718\/http:\/\/collectifmdm-idf.com\/wp-content\/uploads\/2018\/02\/table-ronde-1.jpg\" data-rel=\"lightbox-image-0\" data-rl_title=\"\" data-rl_caption=\"\" title=\"\"><\/a>Avec<br>\n<strong>Julien Kourbatoff<\/strong> (Pan African Music),<br>\n<strong>Benjamin Minimum<\/strong> (ex-Mondomix, contributeur Qobuz),<br>\n<strong>Nago Seck<\/strong> (fondateur Afrisson)<\/p>\n\n\n\n<p class=\"has-medium-font-size\"><strong><em>Internet&nbsp;: la nouvelle patrie des musiques du monde&nbsp;?<\/em><\/strong><\/p>\n\n\n\n<figure class=\"wp-block-embed-wordpress wp-block-embed is-type-wp-embed is-provider-hearthis-at\"><div class=\"wp-block-embed__wrapper\">\n<div class=\"responsive-container\"><iframe class=\"wp-embedded-content\" sandbox=\"allow-scripts\" security=\"restricted\" title=\"RENCONTRE : Les Musiques du Monde \u00e0 l\u2019heure du digital, Part.2, 31 Janvier 2018 (Festival AU FIL DES VOIX)\" scrolling=\"no\" width=\"100%\" height=\"150\" src=\"https:\/\/hearthis.at\/embed\/1751894\/transparent\/?style=2&#038;block_size=2&#038;block_space=2&#038;background=1#?secret=vRzrECL5GP\" data-secret=\"vRzrECL5GP\" frameborder=\"0\"><\/iframe><\/div>\n<\/div><\/figure>\n\n\n\n<div class=\"wp-block-image\"><figure class=\"aligncenter size-large\"><img decoding=\"async\" width=\"900\" height=\"675\" src=\"https:\/\/collectifmdm-idf.org\/wp-content\/uploads\/2020\/01\/table-ronde-2.jpg\" alt=\"\" class=\"wp-image-243\" srcset=\"https:\/\/collectifmdm-idf.org\/annuaire5\/wp-content\/uploads\/2020\/01\/table-ronde-2.jpg 900w, https:\/\/collectifmdm-idf.org\/annuaire5\/wp-content\/uploads\/2020\/01\/table-ronde-2-300x225.jpg 300w, https:\/\/collectifmdm-idf.org\/annuaire5\/wp-content\/uploads\/2020\/01\/table-ronde-2-768x576.jpg 768w\" sizes=\"(max-width: 900px) 100vw, 900px\" \/><figcaption>cr\u00e9dits photos : Patrice Dalmagne<\/figcaption><\/figure><\/div>\n\n\n\n<p class=\"has-medium-font-size\">Avec<br> <strong>Yvon Ambrosi<\/strong> (Akhaba.com),<br> <strong>Jocelyn Maill\u00e9<\/strong> (Madagascar-musiques.net),<br> <strong>Akotchay\u00e9 Okio<\/strong> (D\u00e9veloppement Afrique \u2013 Sacem)<br><\/p>\n\n\n\n<h2 class=\"wp-block-heading\"><\/h2>\n\n\n\n<hr class=\"wp-block-separator\"\/>\n\n\n\n<p class=\"has-text-color has-text-align-center has-medium-font-size has-luminous-vivid-orange-color\"><strong>&#8212;o&#8212;<\/strong><\/p>\n\n\n\n<hr class=\"wp-block-separator\"\/>\n","protected":false},"excerpt":{"rendered":"<p>Le Collectif Musiques et Danses du Monde en \u00cele-de-France, la FAMDT, le festival&nbsp;Au Fil des Voix proposaient le 31 janvier 2018 une rencontre d\u00e9bat sur le th\u00e8me Les Musiques du Monde \u00e0 l\u2019heure du digital Face \u00e0 la rar\u00e9faction des m\u00e9dias traditionnels,<\/p>\n<p class=\"link-more\"><a class=\"myButt \" href=\"https:\/\/collectifmdm-idf.org\/annuaire5\/podcast-rencontre-les-musiques-du-monde-a-lheure-du-digital\/\">EN SAVOIR +<\/a><\/p>\n","protected":false},"author":1,"featured_media":0,"comment_status":"open","ping_status":"open","sticky":false,"template":"","format":"standard","meta":{"_rtcl_gb_attr":"","footnotes":""},"categories":[9],"tags":[],"class_list":["post-240","post","type-post","status-publish","format-standard","hentry","category-rencontres"],"_links":{"self":[{"href":"https:\/\/collectifmdm-idf.org\/annuaire5\/wp-json\/wp\/v2\/posts\/240","targetHints":{"allow":["GET"]}}],"collection":[{"href":"https:\/\/collectifmdm-idf.org\/annuaire5\/wp-json\/wp\/v2\/posts"}],"about":[{"href":"https:\/\/collectifmdm-idf.org\/annuaire5\/wp-json\/wp\/v2\/types\/post"}],"author":[{"embeddable":true,"href":"https:\/\/collectifmdm-idf.org\/annuaire5\/wp-json\/wp\/v2\/users\/1"}],"replies":[{"embeddable":true,"href":"https:\/\/collectifmdm-idf.org\/annuaire5\/wp-json\/wp\/v2\/comments?post=240"}],"version-history":[{"count":0,"href":"https:\/\/collectifmdm-idf.org\/annuaire5\/wp-json\/wp\/v2\/posts\/240\/revisions"}],"wp:attachment":[{"href":"https:\/\/collectifmdm-idf.org\/annuaire5\/wp-json\/wp\/v2\/media?parent=240"}],"wp:term":[{"taxonomy":"category","embeddable":true,"href":"https:\/\/collectifmdm-idf.org\/annuaire5\/wp-json\/wp\/v2\/categories?post=240"},{"taxonomy":"post_tag","embeddable":true,"href":"https:\/\/collectifmdm-idf.org\/annuaire5\/wp-json\/wp\/v2\/tags?post=240"}],"curies":[{"name":"wp","href":"https:\/\/api.w.org\/{rel}","templated":true}]}}