{"id":1661,"date":"2021-03-24T12:45:49","date_gmt":"2021-03-24T11:45:49","guid":{"rendered":"http:\/\/collectifmdm-idf.org\/?p=1661"},"modified":"2021-03-24T12:45:51","modified_gmt":"2021-03-24T11:45:51","slug":"manu-dibango-un-an-deja","status":"publish","type":"post","link":"https:\/\/collectifmdm-idf.org\/annuaire5\/manu-dibango-un-an-deja\/","title":{"rendered":"Manu Dibango, un an d\u00e9j\u00e0."},"content":{"rendered":"\n<h2 class=\"wp-block-heading\"><\/h2>\n\n\n\n<p class=\"has-medium-font-size\">Il y a un an le grand Manu Dibango nous quittait par la faute du COVID19 \ud83d\ude22, lire ou relire l&#8217;hommage que lui rendit Fran\u00e7ois Bensignor sur le site du Collectif  :<\/p>\n\n\n\n<h2 class=\"has-medium-font-size wp-block-heading\"><\/h2>\n\n\n\n<p class=\"has-text-align-center\" style=\"font-size:25px\"><strong><a href=\"https:\/\/collectifmdm-idf.org\/2020\/03\/25\/hommage-a-manu-dibango-par-francois-bensignor\/\">Hommage \u00e0 Manu Dibango, par Fran\u00e7ois Bensignor<\/a><\/strong><\/p>\n\n\n\n<h2 class=\"wp-block-heading\"><\/h2>\n\n\n\n<h2 class=\"wp-block-heading\"><\/h2>\n\n\n\n<div class=\"wp-block-image\"><figure class=\"aligncenter size-large is-resized\"><img fetchpriority=\"high\" decoding=\"async\" src=\"https:\/\/collectifmdm-idf.org\/wp-content\/uploads\/2020\/03\/0Dibango-810x1024.png\" alt=\"\" class=\"wp-image-840\" width=\"458\" height=\"578\" srcset=\"https:\/\/collectifmdm-idf.org\/annuaire5\/wp-content\/uploads\/2020\/03\/0Dibango-810x1024.png 810w, https:\/\/collectifmdm-idf.org\/annuaire5\/wp-content\/uploads\/2020\/03\/0Dibango-237x300.png 237w, https:\/\/collectifmdm-idf.org\/annuaire5\/wp-content\/uploads\/2020\/03\/0Dibango-768x971.png 768w, https:\/\/collectifmdm-idf.org\/annuaire5\/wp-content\/uploads\/2020\/03\/0Dibango-1214x1536.png 1214w, https:\/\/collectifmdm-idf.org\/annuaire5\/wp-content\/uploads\/2020\/03\/0Dibango.png 1216w\" sizes=\"(max-width: 458px) 100vw, 458px\" \/><\/figure><\/div>\n\n\n\n<h2 class=\"wp-block-heading\"><\/h2>\n\n\n\n<h2 class=\"wp-block-heading\"><\/h2>\n\n\n\n<p class=\"has-text-align-center has-luminous-vivid-amber-color has-text-color has-medium-font-size\"><strong>&#8212;o&#8212;<\/strong><\/p>\n\n\n\n<h2 class=\"wp-block-heading\"><\/h2>\n","protected":false},"excerpt":{"rendered":"<p>Il y a un an le grand Manu Dibango nous quittait par la faute du COVID19 \ud83d\ude22, lire ou relire l&#8217;hommage que lui rendit Fran\u00e7ois Bensignor sur le site du Collectif : Hommage \u00e0 Manu Dibango, par Fran\u00e7ois Bensignor &#8212;o&#8212;<\/p>\n","protected":false},"author":1,"featured_media":846,"comment_status":"open","ping_status":"open","sticky":false,"template":"","format":"standard","meta":{"_rtcl_gb_attr":"","footnotes":""},"categories":[36],"tags":[],"class_list":["post-1661","post","type-post","status-publish","format-standard","has-post-thumbnail","hentry","category-communiques"],"_links":{"self":[{"href":"https:\/\/collectifmdm-idf.org\/annuaire5\/wp-json\/wp\/v2\/posts\/1661","targetHints":{"allow":["GET"]}}],"collection":[{"href":"https:\/\/collectifmdm-idf.org\/annuaire5\/wp-json\/wp\/v2\/posts"}],"about":[{"href":"https:\/\/collectifmdm-idf.org\/annuaire5\/wp-json\/wp\/v2\/types\/post"}],"author":[{"embeddable":true,"href":"https:\/\/collectifmdm-idf.org\/annuaire5\/wp-json\/wp\/v2\/users\/1"}],"replies":[{"embeddable":true,"href":"https:\/\/collectifmdm-idf.org\/annuaire5\/wp-json\/wp\/v2\/comments?post=1661"}],"version-history":[{"count":0,"href":"https:\/\/collectifmdm-idf.org\/annuaire5\/wp-json\/wp\/v2\/posts\/1661\/revisions"}],"wp:featuredmedia":[{"embeddable":true,"href":"https:\/\/collectifmdm-idf.org\/annuaire5\/wp-json\/wp\/v2\/media\/846"}],"wp:attachment":[{"href":"https:\/\/collectifmdm-idf.org\/annuaire5\/wp-json\/wp\/v2\/media?parent=1661"}],"wp:term":[{"taxonomy":"category","embeddable":true,"href":"https:\/\/collectifmdm-idf.org\/annuaire5\/wp-json\/wp\/v2\/categories?post=1661"},{"taxonomy":"post_tag","embeddable":true,"href":"https:\/\/collectifmdm-idf.org\/annuaire5\/wp-json\/wp\/v2\/tags?post=1661"}],"curies":[{"name":"wp","href":"https:\/\/api.w.org\/{rel}","templated":true}]}}