{"id":1624,"date":"2021-03-23T10:55:48","date_gmt":"2021-03-23T09:55:48","guid":{"rendered":"http:\/\/collectifmdm-idf.org\/?p=1624"},"modified":"2021-03-24T10:53:50","modified_gmt":"2021-03-24T09:53:50","slug":"playlist-n6-du-collectif-mdm-idf-coups-de-coeur-musique-du-monde-2021-de-lacademie-charles-cros","status":"publish","type":"post","link":"https:\/\/collectifmdm-idf.org\/annuaire5\/playlist-n6-du-collectif-mdm-idf-coups-de-coeur-musique-du-monde-2021-de-lacademie-charles-cros\/","title":{"rendered":"Playlist n\u00b06 du Collectif MDM IdF  &#8211; Coups de coeur Musique du Monde 2021 de l&#8217;Acad\u00e9mie Charles Cros"},"content":{"rendered":"\n<h2 class=\"wp-block-heading\"><\/h2>\n\n\n\n<p class=\"has-medium-font-size\"><strong>COUPS&nbsp;DE&nbsp;C\u0152UR&nbsp;MUSIQUES&nbsp;DU&nbsp;MONDE&nbsp;2021 DE L&#8217; ACAD\u00c9MIE&nbsp;CHARLES&nbsp;CROS&nbsp;<\/strong><\/p>\n\n\n\n<p class=\"has-medium-font-size\"><em>Comme chaque ann\u00e9e, l\u2019Acad\u00e9mie Charles Cros a d\u00e9cern\u00e9 ses Coups de c\u0153ur Musiques du monde. Pour les Coups de coeur de l&#8217;ann\u00e9e 2021, la c\u00e9r\u00e9monie a eu lieu au Mus\u00e9e des Confluences \u00e0 Lyon le mercredi 10 mars 2021.  <\/em><\/p>\n\n\n\n<p class=\"has-medium-font-size\"><em>En voici le palmar\u00e8s et une playlist d&#8217;extraits des albums r\u00e9compens\u00e9s<\/em>  :<\/p>\n\n\n\n<h2 class=\"wp-block-heading\"><\/h2>\n\n\n\n<p class=\"has-medium-font-size\"><strong>HOMMAGE<\/strong><\/p>\n\n\n\n<ul class=\"has-medium-font-size wp-block-list\"><li><strong>Bernard Lortat-Jacob,&nbsp;<\/strong>&nbsp;<em>Petits pays, grandes musiques. Le parcours d\u2019un ethnomusicologue en M\u00e9diterran\u00e9e<\/em>. Soci\u00e9t\u00e9 d\u2019Ethnologie, Collection Hommes et musiques.<\/li><\/ul>\n\n\n\n<div class=\"wp-block-image\"><figure class=\"aligncenter size-large is-resized\"><img decoding=\"async\" src=\"https:\/\/collectifmdm-idf.org\/wp-content\/uploads\/2021\/03\/9782365190398-475x500-1.jpg\" alt=\"\" class=\"wp-image-1648\" width=\"108\" height=\"162\" srcset=\"https:\/\/collectifmdm-idf.org\/annuaire5\/wp-content\/uploads\/2021\/03\/9782365190398-475x500-1.jpg 333w, https:\/\/collectifmdm-idf.org\/annuaire5\/wp-content\/uploads\/2021\/03\/9782365190398-475x500-1-200x300.jpg 200w\" sizes=\"(max-width: 108px) 100vw, 108px\" \/><\/figure><\/div>\n\n\n\n<p class=\"has-medium-font-size\"><strong>MEMOIRE&nbsp;VIVANTE<\/strong><\/p>\n\n\n\n<ul class=\"has-medium-font-size wp-block-list\"><li><strong>Rrways \/\u00a0<em>Voyage dans l\u2019univers des po\u00e8tes chanteurs itin\u00e9rants amazighs<\/em>.\u00a0<\/strong>R\u00e9alisation Brahim El Mazned. Anthologie de 10\u00a0CD, Atlas Azawan \/\u00a0Anya.<\/li><li><strong>Roumanie. Taraful Bucurestilor<em>.\u00a0La musique des l\u0103utari tsiganes de Bucarest<\/em>.\u00a0<\/strong>1\u00a0CD\u00a0In\u00e9dit \/ Maison des Cultures du\u00a0Monde. (La Maison des Cultures du Monde est adh\u00e9rente du Collectif MDM IdF)<\/li><li><strong>Sam Mangwana,\u00a0<\/strong><em>Lubamba,<\/em> \u00a0Grounded Music. 1\u00a0CD\u00a0MDC\u00a0\/\u00a0Pias.<\/li><\/ul>\n\n\n\n<p class=\"has-medium-font-size\"><strong>CREATIONS<\/strong><\/p>\n\n\n\n<ul class=\"has-medium-font-size wp-block-list\"><li><strong>San Salvador<\/strong>,\u00a0<em>La Grande Folie<\/em>. 1\u00a0CD\u00a0MDC\u00a0\/\u00a0Pias.<\/li><li><strong>Christine Salem,<\/strong>\u00a0<em>Mersi, 1\u00a0CD\u00a0<\/em> Blue Fanal\/ L\u2019Autre Distribution.<\/li><li><strong>Nicolas Repac,<\/strong>\u00a0<em>Rhapsodic<strong>.<\/strong><\/em> 1\u00a0CD\u00a0No Format \/\u00a0Idol.<\/li><li><strong>Tao Ravao et Vincent Bucher,<\/strong>\u00a0Tao Ravao et Vincent Bucher,\u00a0 <em>Piment bleu<\/em>,  Buda Musique. (Tao Ravao est adh\u00e9rent du Collectif MDM IdF)<\/li><li><strong>No Tongues,\u00a0<\/strong><em> Les Voies de l\u2019Oyapock<\/em>\u00a0, Ormo Records \/ L\u2019Autre Distribution<\/li><\/ul>\n\n\n\n<p class=\"has-medium-font-size\"><strong>LIVRES<\/strong><\/p>\n\n\n\n<div class=\"wp-block-image\"><figure class=\"aligncenter size-large is-resized\"><img decoding=\"async\" src=\"https:\/\/collectifmdm-idf.org\/wp-content\/uploads\/2021\/03\/Kofi-Agawu-piazzolla.jpg\" alt=\"\" class=\"wp-image-1652\" width=\"225\" height=\"164\" srcset=\"https:\/\/collectifmdm-idf.org\/annuaire5\/wp-content\/uploads\/2021\/03\/Kofi-Agawu-piazzolla.jpg 413w, https:\/\/collectifmdm-idf.org\/annuaire5\/wp-content\/uploads\/2021\/03\/Kofi-Agawu-piazzolla-300x218.jpg 300w\" sizes=\"(max-width: 225px) 100vw, 225px\" \/><\/figure><\/div>\n\n\n\n<ul class=\"has-medium-font-size wp-block-list\"><li><strong>Kofi Agawu,&nbsp;<\/strong><em>L\u2019Imagination africaine en musique<\/em>&nbsp;<strong>(<\/strong>traduction Thierry Bonhomme). Philharmonie de Paris Editions.<\/li><li><strong>S\u00e9bastien Authemayou et Marielle Gars,<\/strong>&nbsp;<em>Astor Piazzola, Libertad<\/em>. Editions Parole.<\/li><\/ul>\n\n\n\n<p class=\"has-medium-font-size\"><strong>FILM<\/strong><\/p>\n\n\n\n<ul class=\"has-medium-font-size wp-block-list\"><li><strong><em>Africa Mia<\/em><\/strong>&nbsp;de Richard Minier et Edouard&nbsp;Salier.&nbsp;UniversCin\u00e9 \/ New Story&nbsp;Film<\/li><\/ul>\n\n\n\n<p class=\"has-text-align-right has-medium-font-size\"><\/p>\n\n\n\n<p class=\"has-text-align-center\">_____<\/p>\n\n\n\n<h2 class=\"wp-block-heading\"><strong>La playlist (titres encha\u00een\u00e9s) :<\/strong><\/h2>\n\n\n\n<h2 class=\"wp-block-heading\"><\/h2>\n\n\n\n<figure class=\"wp-block-embed is-type-video is-provider-youtube wp-block-embed-youtube wp-embed-aspect-16-9 wp-has-aspect-ratio\"><div class=\"wp-block-embed__wrapper\">\n<div class=\"responsive-container\"><iframe title=\"Playlist n\u00b06 du Collectif MDM IdF - Coups de coeur Musique du Monde 2021 de l&#039;Acad\u00e9mie Charles Cros\" width=\"640\" height=\"360\" src=\"https:\/\/www.youtube.com\/embed\/videoseries?list=PLKtoMQHaKf3eftqPiAE9d6qlZsVtOU4_E\" frameborder=\"0\" allow=\"accelerometer; autoplay; clipboard-write; encrypted-media; gyroscope; picture-in-picture; web-share\" referrerpolicy=\"strict-origin-when-cross-origin\" allowfullscreen><\/iframe><\/div>\n<\/div><\/figure>\n\n\n\n<h2 class=\"wp-block-heading\"><\/h2>\n\n\n\n<h2 class=\"wp-block-heading\"><strong>Les dix titres de la playlist :<\/strong><\/h2>\n\n\n\n<p class=\"has-medium-font-size\"><br><strong>1. <em>Akoriabe <\/em>&#8211; de Tao RAVAO et Vincent BUCHER &#8211; extrait de l&#8217;album PIMENT BLEU &#8211;  Buda musique<\/strong><\/p>\n\n\n\n<p><div class=\"responsive-container\"><iframe title=\"Tao RAVAO et Vincent BUCHER - Akoriabe - Coup de coeur Musique du Monde de l&#039;Acad\u00e9mie Charles Cros -\" width=\"640\" height=\"360\" src=\"https:\/\/www.youtube.com\/embed\/BP-7PsHz00A?feature=oembed\" frameborder=\"0\" allow=\"accelerometer; autoplay; clipboard-write; encrypted-media; gyroscope; picture-in-picture; web-share\" referrerpolicy=\"strict-origin-when-cross-origin\" allowfullscreen><\/iframe><\/div><\/p>\n\n\n\n<p class=\"has-medium-font-size\"><br><strong>2. <em>Issa <\/em>&#8211; par Zahra Yassine &#8211; extrait de Rrways \/ Voyage dans l\u2019univers des po\u00e8tes chanteurs itin\u00e9rants amazighs &#8211; r\u00e9alisation Brahim El Mazned &#8211; Anthologie de 10 CD &#8211; Atlas Azawan \/ Anya.<\/strong><\/p>\n\n\n\n<p><div class=\"responsive-container\"><iframe title=\"Issan\" width=\"640\" height=\"480\" src=\"https:\/\/www.youtube.com\/embed\/RcINLiB3pX4?feature=oembed\" frameborder=\"0\" allow=\"accelerometer; autoplay; clipboard-write; encrypted-media; gyroscope; picture-in-picture; web-share\" referrerpolicy=\"strict-origin-when-cross-origin\" allowfullscreen><\/iframe><\/div><\/p>\n\n\n\n<p class=\"has-medium-font-size\"><strong>3. <em>De Esti Suparata<\/em> &#8211; par le TARAFUL BUCURESTILOR &#8211; extrait de La musique des l\u0103utari tsiganes de Bucarest &#8211; In\u00e9dit \/ Maison des Cultures du Monde.<\/strong><\/p>\n\n\n\n<p><div class=\"responsive-container\"><iframe title=\"De Esti Suparata\" width=\"640\" height=\"480\" src=\"https:\/\/www.youtube.com\/embed\/gM00KYcBPUQ?feature=oembed\" frameborder=\"0\" allow=\"accelerometer; autoplay; clipboard-write; encrypted-media; gyroscope; picture-in-picture; web-share\" referrerpolicy=\"strict-origin-when-cross-origin\" allowfullscreen><\/iframe><\/div><\/p>\n\n\n\n<p class=\"has-medium-font-size\"><strong>4. <em>Lokosso Ya Nzombo<\/em> &#8211; par Sam MANGWANA &#8211; extrait de Lubamba &#8211; Grounded Music \/ MDC \/ Pias.<\/strong><\/p>\n\n\n\n<p><div class=\"responsive-container\"><iframe title=\"Lokosso Ya Nzombo\" width=\"640\" height=\"480\" src=\"https:\/\/www.youtube.com\/embed\/79hRLc4Sogc?feature=oembed\" frameborder=\"0\" allow=\"accelerometer; autoplay; clipboard-write; encrypted-media; gyroscope; picture-in-picture; web-share\" referrerpolicy=\"strict-origin-when-cross-origin\" allowfullscreen><\/iframe><\/div><\/p>\n\n\n\n<p class=\"has-medium-font-size\"><strong>5.<em> La Liseta<\/em> &#8211; par SAN SALVADOR &#8211; extrait de l&#8217;album LA GRANDE FOLIE &#8211; MDC \/ Pias.<\/strong><\/p>\n\n\n\n<p><div class=\"responsive-container\"><iframe title=\"La Liseta\" width=\"640\" height=\"480\" src=\"https:\/\/www.youtube.com\/embed\/SD_O5k3X_Xk?feature=oembed\" frameborder=\"0\" allow=\"accelerometer; autoplay; clipboard-write; encrypted-media; gyroscope; picture-in-picture; web-share\" referrerpolicy=\"strict-origin-when-cross-origin\" allowfullscreen><\/iframe><\/div><\/p>\n\n\n\n<p class=\"has-medium-font-size\"><strong>6. <em>Tyinbo <\/em>&#8211; par Christine SALEM &#8211; extrait de MERSI &#8211; Blue Fanal\/ L\u2019Autre Distribution<\/strong><\/p>\n\n\n\n<p><div class=\"responsive-container\"><iframe title=\"Christine Salem - Tyinbo (Clip Officiel)\" width=\"640\" height=\"360\" src=\"https:\/\/www.youtube.com\/embed\/-iTrCmVoIjs?feature=oembed\" frameborder=\"0\" allow=\"accelerometer; autoplay; clipboard-write; encrypted-media; gyroscope; picture-in-picture; web-share\" referrerpolicy=\"strict-origin-when-cross-origin\" allowfullscreen><\/iframe><\/div><\/p>\n\n\n\n<p class=\"has-medium-font-size\"><strong>7. <em>Libertango <\/em>&#8211; par Astor PIAZZOLLA &#8211; <\/strong><\/p>\n\n\n\n<p><div class=\"responsive-container\"><iframe title=\"Astor Piazzolla - Libertango (1977)\" width=\"640\" height=\"360\" src=\"https:\/\/www.youtube.com\/embed\/MepPfI7ebMY?feature=oembed\" frameborder=\"0\" allow=\"accelerometer; autoplay; clipboard-write; encrypted-media; gyroscope; picture-in-picture; web-share\" referrerpolicy=\"strict-origin-when-cross-origin\" allowfullscreen><\/iframe><\/div><\/p>\n\n\n\n<p class=\"has-medium-font-size\"><strong>8.  <em>Go Future<\/em> &#8211; par Nicolas REPAC &#8211; extrait de RHAPSODIC<em> &#8211; <\/em>&nbsp;No Format \/&nbsp;Idol.<\/strong><\/p>\n\n\n\n<p><div class=\"responsive-container\"><iframe title=\"Nicolas Repac - Go Future\" width=\"640\" height=\"360\" src=\"https:\/\/www.youtube.com\/embed\/sgUsL6foM8c?feature=oembed\" frameborder=\"0\" allow=\"accelerometer; autoplay; clipboard-write; encrypted-media; gyroscope; picture-in-picture; web-share\" referrerpolicy=\"strict-origin-when-cross-origin\" allowfullscreen><\/iframe><\/div><\/p>\n\n\n\n<p class=\"has-medium-font-size\"><strong>9.<em> Troisi\u00e8me saut<\/em> &#8211; par No Tongues &#8211; extrait de l&#8217;album LES VOIES DE L&#8217;OYAPOCK &#8211; Ormo Records \/L\u2019Autre Distribution<\/strong><\/p>\n\n\n\n<p><div class=\"responsive-container\"><iframe title=\"Troisi\u00e8me saut\" width=\"640\" height=\"480\" src=\"https:\/\/www.youtube.com\/embed\/RBxs7SfBxGM?feature=oembed\" frameborder=\"0\" allow=\"accelerometer; autoplay; clipboard-write; encrypted-media; gyroscope; picture-in-picture; web-share\" referrerpolicy=\"strict-origin-when-cross-origin\" allowfullscreen><\/iframe><\/div><\/p>\n\n\n\n<p class=\"has-medium-font-size\"><strong>10. AFRICA MIA &#8211; un film de Richard Minier et Edouard Salier &#8211; UniversCin\u00e9 \/ New Story Film<\/strong><\/p>\n\n\n\n<p><div class=\"responsive-container\"><iframe title=\"Africa Mia - Bande annonce VF \ud83c\udfa5\" width=\"640\" height=\"360\" src=\"https:\/\/www.youtube.com\/embed\/eL_inQHG5v8?feature=oembed\" frameborder=\"0\" allow=\"accelerometer; autoplay; clipboard-write; encrypted-media; gyroscope; picture-in-picture; web-share\" referrerpolicy=\"strict-origin-when-cross-origin\" allowfullscreen><\/iframe><\/div><\/p>\n\n\n\n<hr class=\"wp-block-separator has-text-color has-background has-luminous-vivid-amber-background-color has-luminous-vivid-amber-color is-style-wide\"\/>\n\n\n\n<h2 class=\"wp-block-heading\"><\/h2>\n\n\n\n<p class=\"has-medium-font-size\"><strong><u>IN&nbsp;MEMORIAM<\/u><\/strong><\/p>\n\n\n\n<p class=\"has-medium-font-size\"><strong>Bill Akwa Betote<\/strong>&nbsp;(1952\u20132020), photographe des musiques du monde et l\u2019Acad\u00e9mie Charles Cros.<strong>&nbsp;Jacques Erwan<\/strong>&nbsp;(1946\u20132020).&nbsp;<strong>Mohammed Reza Shajarian<\/strong>&nbsp;(1940\u20132020, Iran).&nbsp;<strong>Alain Desjacques&nbsp;<\/strong>(1956\u20132020).&nbsp;<strong>Manu Dibango<\/strong>&nbsp;(1933\u20132020 Cameroun).&nbsp;<strong>Mory Kante<\/strong>&nbsp;(1950\u20132020, Guin\u00e9e-Conakry).&nbsp;<strong>Tony Allen&nbsp;<\/strong>(1940\u20132020, Nig\u00e9ria).&nbsp;<strong>Tony Ris<\/strong>&nbsp;(1951\u20132020, Etats-Unis). Idir (1945\u20131920, Alg\u00e9rie).&nbsp;<strong>Lionel Rocheman<\/strong>&nbsp;(1928\u20132020).&nbsp;<strong>Albert Griffiths<\/strong>&nbsp;(1946\u20132020, Jama\u00efque).&nbsp;<strong>Graeme Allwright<\/strong>&nbsp;(1926\u20132020, Nouvelle-Z\u00e9lande).&nbsp;<strong>Carlos do Carmo<\/strong>&nbsp;(1939\u20132021, Portugal).&nbsp;<strong>Carlos Burity&nbsp;<\/strong>(1952\u20132020, Angola).&nbsp;<strong>Waldemar Bastos<\/strong>&nbsp;(1954\u20132020, Angola).&nbsp;<strong>Moraes Moreira<\/strong>&nbsp;(1947\u20132020, Br\u00e9sil).&nbsp;<strong>Jacques Pellen&nbsp;<\/strong>(1957\u20132020).&nbsp;<strong>Luis Eduardo Aute<\/strong>&nbsp;(1943\u20132020, Espagne).&nbsp;<strong>Guem<\/strong>&nbsp;(1947\u20132021, Alg\u00e9rie).&nbsp;<strong>Aurlus Mabele<\/strong>&nbsp;(1953\u20132020, Congo-Brazza).&nbsp;<strong>Joan-Pau Verdier<\/strong>&nbsp;(1947\u20132020).&nbsp;<strong>John Prine (1946\u20132020, Etats-Unis)<\/strong>.&nbsp;<strong>Charley Pride<\/strong>&nbsp;(1934\u20132020, Etats-Unis).<strong>&nbsp;Kenny Rogers (1938\u20132020, Etats-Unis).<\/strong>&nbsp;<strong>Johnny Nash<\/strong>&nbsp;(1940\u20132020, Etats-Unis).&nbsp;<strong>Tiloun<\/strong>&nbsp;(1967\u20132020, Ile de la R\u00e9union).&nbsp;<strong>Toots Hibbert<\/strong>&nbsp;(1942\u20132020, Jama\u00efque).&nbsp;<strong>Albert Griffiths<\/strong>&nbsp;(1946\u20132020, Jama\u00efque).&nbsp;<strong>Pandit Jasraj<\/strong>&nbsp;(1930\u20132020, Inde).&nbsp;<strong>Ustad Gada Mohammad<\/strong>&nbsp;(Afghanistan,&nbsp;?-1921).&nbsp;<strong>Peter Cooke<\/strong>&nbsp;(Grande-Bretagne, 1930\u20132020),&nbsp;<strong>Al Colomb&nbsp;<\/strong>(1953\u20132021). Youra Marcus (1951- 2020).&nbsp;<strong>Jean Bona<\/strong>&nbsp;(1927\u20132021)&nbsp;<strong>Johnny Pacheco<\/strong>&nbsp;(1935\u20132021 R\u00e9publique Dominicaine).&nbsp;<strong>Joe Burke<\/strong>&nbsp;(1939\u20132021, Irlande),&nbsp;<strong>Isabelle Dhordain<\/strong>&nbsp;(1959\u20132021),&nbsp;<strong>U\u2011Roy<\/strong>&nbsp;(1942\u20131921, Jama\u00efque).<\/p>\n\n\n\n<h2 class=\"wp-block-heading\"><\/h2>\n\n\n\n<p class=\"has-text-align-center\" style=\"font-size:30px\"><a href=\"https:\/\/www.charlescros.org\" target=\"_blank\" rel=\"noreferrer noopener\">www.charlescros.org<\/a><\/p>\n\n\n\n<p class=\"has-text-align-center has-medium-font-size\"><a href=\"https:\/\/www.facebook.com\/CharlesCrosAcademie\/\" target=\"_blank\" rel=\"noreferrer noopener\">Facebook<\/a><\/p>\n\n\n\n<h2 class=\"wp-block-heading\"><\/h2>\n\n\n\n<h2 class=\"has-text-align-center has-luminous-vivid-amber-color has-text-color wp-block-heading\"><strong>\u2014o\u2014<\/strong><\/h2>\n\n\n\n<p><\/p>\n","protected":false},"excerpt":{"rendered":"<p>COUPS&nbsp;DE&nbsp;C\u0152UR&nbsp;MUSIQUES&nbsp;DU&nbsp;MONDE&nbsp;2021 DE L&#8217; ACAD\u00c9MIE&nbsp;CHARLES&nbsp;CROS&nbsp; Comme chaque ann\u00e9e, l\u2019Acad\u00e9mie Charles Cros a d\u00e9cern\u00e9 ses Coups de c\u0153ur Musiques du monde. Pour les Coups de coeur de l&#8217;ann\u00e9e 2021, la c\u00e9r\u00e9monie a eu lieu au Mus\u00e9e des Confluences \u00e0 Lyon le mercredi 10 mars<\/p>\n<p class=\"link-more\"><a class=\"myButt \" href=\"https:\/\/collectifmdm-idf.org\/annuaire5\/playlist-n6-du-collectif-mdm-idf-coups-de-coeur-musique-du-monde-2021-de-lacademie-charles-cros\/\">EN SAVOIR +<\/a><\/p>\n","protected":false},"author":1,"featured_media":1628,"comment_status":"open","ping_status":"open","sticky":false,"template":"","format":"standard","meta":{"_rtcl_gb_attr":"","footnotes":""},"categories":[33],"tags":[],"class_list":["post-1624","post","type-post","status-publish","format-standard","has-post-thumbnail","hentry","category-playlists"],"_links":{"self":[{"href":"https:\/\/collectifmdm-idf.org\/annuaire5\/wp-json\/wp\/v2\/posts\/1624","targetHints":{"allow":["GET"]}}],"collection":[{"href":"https:\/\/collectifmdm-idf.org\/annuaire5\/wp-json\/wp\/v2\/posts"}],"about":[{"href":"https:\/\/collectifmdm-idf.org\/annuaire5\/wp-json\/wp\/v2\/types\/post"}],"author":[{"embeddable":true,"href":"https:\/\/collectifmdm-idf.org\/annuaire5\/wp-json\/wp\/v2\/users\/1"}],"replies":[{"embeddable":true,"href":"https:\/\/collectifmdm-idf.org\/annuaire5\/wp-json\/wp\/v2\/comments?post=1624"}],"version-history":[{"count":0,"href":"https:\/\/collectifmdm-idf.org\/annuaire5\/wp-json\/wp\/v2\/posts\/1624\/revisions"}],"wp:featuredmedia":[{"embeddable":true,"href":"https:\/\/collectifmdm-idf.org\/annuaire5\/wp-json\/wp\/v2\/media\/1628"}],"wp:attachment":[{"href":"https:\/\/collectifmdm-idf.org\/annuaire5\/wp-json\/wp\/v2\/media?parent=1624"}],"wp:term":[{"taxonomy":"category","embeddable":true,"href":"https:\/\/collectifmdm-idf.org\/annuaire5\/wp-json\/wp\/v2\/categories?post=1624"},{"taxonomy":"post_tag","embeddable":true,"href":"https:\/\/collectifmdm-idf.org\/annuaire5\/wp-json\/wp\/v2\/tags?post=1624"}],"curies":[{"name":"wp","href":"https:\/\/api.w.org\/{rel}","templated":true}]}}