{"id":15089,"date":"2024-06-07T17:49:15","date_gmt":"2024-06-07T15:49:15","guid":{"rendered":"https:\/\/collectifmdm-idf.org\/?p=15089"},"modified":"2024-12-04T15:44:51","modified_gmt":"2024-12-04T14:44:51","slug":"scenes-du-monde-au-canal-3","status":"publish","type":"post","link":"https:\/\/collectifmdm-idf.org\/annuaire5\/scenes-du-monde-au-canal-3\/","title":{"rendered":"Appel \u00e0 candidature &#8211; Sc\u00e8nes du monde au Canal #3"},"content":{"rendered":"\t\t<div data-elementor-type=\"wp-post\" data-elementor-id=\"15089\" class=\"elementor elementor-15089\">\n\t\t\t\t\t\t<section class=\"elementor-section elementor-top-section elementor-element elementor-element-1af7c4e elementor-section-stretched elementor-section-boxed elementor-section-height-default elementor-section-height-default\" data-id=\"1af7c4e\" data-element_type=\"section\" data-settings=\"{&quot;stretch_section&quot;:&quot;section-stretched&quot;,&quot;background_background&quot;:&quot;classic&quot;}\">\n\t\t\t\t\t\t<div class=\"elementor-container elementor-column-gap-default\">\n\t\t\t\t\t<div class=\"elementor-column elementor-col-100 elementor-top-column elementor-element elementor-element-89c36c7\" data-id=\"89c36c7\" data-element_type=\"column\">\n\t\t\t<div class=\"elementor-widget-wrap elementor-element-populated\">\n\t\t\t\t\t\t<div class=\"elementor-element elementor-element-1f625bc elementor-widget elementor-widget-heading\" data-id=\"1f625bc\" data-element_type=\"widget\" data-widget_type=\"heading.default\">\n\t\t\t\t<div class=\"elementor-widget-container\">\n\t\t\t<h1 class=\"elementor-heading-title elementor-size-default\">Sc\u00e8nes du Monde au Canal #3<\/h1>\t\t<\/div>\n\t\t\t\t<\/div>\n\t\t\t\t\t<\/div>\n\t\t<\/div>\n\t\t\t\t\t<\/div>\n\t\t<\/section>\n\t\t\t\t<section class=\"elementor-section elementor-top-section elementor-element elementor-element-b036645 elementor-section-boxed elementor-section-height-default elementor-section-height-default\" data-id=\"b036645\" data-element_type=\"section\">\n\t\t\t\t\t\t<div class=\"elementor-container elementor-column-gap-default\">\n\t\t\t\t\t<div class=\"elementor-column elementor-col-100 elementor-top-column elementor-element elementor-element-25d45f1\" data-id=\"25d45f1\" data-element_type=\"column\">\n\t\t\t<div class=\"elementor-widget-wrap elementor-element-populated\">\n\t\t\t\t\t\t<div class=\"elementor-element elementor-element-ae3560a elementor-widget elementor-widget-heading\" data-id=\"ae3560a\" data-element_type=\"widget\" data-widget_type=\"heading.default\">\n\t\t\t\t<div class=\"elementor-widget-container\">\n\t\t\t<h1 class=\"elementor-heading-title elementor-size-default\">Appel \u00e0 candidature cl\u00f4tur\u00e9 !<\/h1>\t\t<\/div>\n\t\t\t\t<\/div>\n\t\t\t\t\t<\/div>\n\t\t<\/div>\n\t\t\t\t\t<\/div>\n\t\t<\/section>\n\t\t\t\t<section class=\"elementor-section elementor-top-section elementor-element elementor-element-28727a6 elementor-section-stretched elementor-section-boxed elementor-section-height-default elementor-section-height-default\" data-id=\"28727a6\" data-element_type=\"section\" data-settings=\"{&quot;stretch_section&quot;:&quot;section-stretched&quot;,&quot;background_background&quot;:&quot;classic&quot;}\">\n\t\t\t\t\t\t<div class=\"elementor-container elementor-column-gap-default\">\n\t\t\t\t\t<div class=\"elementor-column elementor-col-100 elementor-top-column elementor-element elementor-element-3d554ea\" data-id=\"3d554ea\" data-element_type=\"column\">\n\t\t\t<div class=\"elementor-widget-wrap elementor-element-populated\">\n\t\t\t\t\t\t<div class=\"elementor-element elementor-element-d038cff elementor-widget elementor-widget-image\" data-id=\"d038cff\" data-element_type=\"widget\" data-widget_type=\"image.default\">\n\t\t\t\t<div class=\"elementor-widget-container\">\n\t\t\t\t\t\t\t\t\t\t\t\t\t<img fetchpriority=\"high\" decoding=\"async\" width=\"1080\" height=\"280\" src=\"https:\/\/collectifmdm-idf.org\/annuaire5\/wp-content\/uploads\/2024\/06\/Modele-Banners-prolongation.png\" class=\"attachment-full size-full wp-image-15302\" alt=\"\" srcset=\"https:\/\/collectifmdm-idf.org\/annuaire5\/wp-content\/uploads\/2024\/06\/Modele-Banners-prolongation.png 1080w, https:\/\/collectifmdm-idf.org\/annuaire5\/wp-content\/uploads\/2024\/06\/Modele-Banners-prolongation-300x78.png 300w, https:\/\/collectifmdm-idf.org\/annuaire5\/wp-content\/uploads\/2024\/06\/Modele-Banners-prolongation-1024x265.png 1024w, https:\/\/collectifmdm-idf.org\/annuaire5\/wp-content\/uploads\/2024\/06\/Modele-Banners-prolongation-768x199.png 768w\" sizes=\"(max-width: 1080px) 100vw, 1080px\" title=\"\" \/>\t\t\t\t\t\t\t\t\t\t\t\t\t<\/div>\n\t\t\t\t<\/div>\n\t\t\t\t\t<\/div>\n\t\t<\/div>\n\t\t\t\t\t<\/div>\n\t\t<\/section>\n\t\t\t\t<section class=\"elementor-section elementor-top-section elementor-element elementor-element-456ee30 elementor-section-stretched elementor-section-boxed elementor-section-height-default elementor-section-height-default\" data-id=\"456ee30\" data-element_type=\"section\" data-settings=\"{&quot;stretch_section&quot;:&quot;section-stretched&quot;,&quot;background_background&quot;:&quot;classic&quot;}\">\n\t\t\t\t\t\t<div class=\"elementor-container elementor-column-gap-default\">\n\t\t\t\t\t<div class=\"elementor-column elementor-col-100 elementor-top-column elementor-element elementor-element-3b6bd1d\" data-id=\"3b6bd1d\" data-element_type=\"column\">\n\t\t\t<div class=\"elementor-widget-wrap elementor-element-populated\">\n\t\t\t\t\t\t<div class=\"elementor-element elementor-element-ac3bf6b elementor-widget elementor-widget-text-editor\" data-id=\"ac3bf6b\" data-element_type=\"widget\" data-widget_type=\"text-editor.default\">\n\t\t\t\t<div class=\"elementor-widget-container\">\n\t\t\t\t\t\t\t<p><span style=\"color: #000000;\"><strong><i>Le Collectif MDM IdF et le CRL10 ouvrent l&#8217;appel \u00e0 candidature de la 3\u00e8me \u00e9dition des Sc\u00e8nes du monde au Canal !<\/i><\/strong><strong>\u00a0<\/strong><\/span><\/p><p><span style=\"color: #000000;\"><strong>Artistes, musicien\u00b7ne\u00b7s, chanteurs\u00b7euses, danseurs\u00b7euses : <\/strong><strong>8 dates, 1 date par projet, entre octobre 2024 et mai 2025 pour pr\u00e9senter votre projet au c\u0153ur de Paris !<\/strong><\/span><\/p><p><span style=\"color: #000000;\"><strong>Les 8 dates :<\/strong> 04 octobre, 22 novembre, 13 d\u00e9cembre, 17 janvier, 7 f\u00e9vrier, 14 mars, 4 avril, 16 mai.<\/span><\/p>\t\t\t\t\t\t<\/div>\n\t\t\t\t<\/div>\n\t\t\t\t\t<\/div>\n\t\t<\/div>\n\t\t\t\t\t<\/div>\n\t\t<\/section>\n\t\t\t\t<section class=\"elementor-section elementor-top-section elementor-element elementor-element-c4646e6 elementor-section-boxed elementor-section-height-default elementor-section-height-default\" data-id=\"c4646e6\" data-element_type=\"section\">\n\t\t\t\t\t\t<div class=\"elementor-container elementor-column-gap-default\">\n\t\t\t\t\t<div class=\"elementor-column elementor-col-100 elementor-top-column elementor-element elementor-element-d598e1c\" data-id=\"d598e1c\" data-element_type=\"column\">\n\t\t\t<div class=\"elementor-widget-wrap elementor-element-populated\">\n\t\t\t\t\t\t<div class=\"elementor-element elementor-element-b83e5f4 elementor-widget elementor-widget-toggle\" data-id=\"b83e5f4\" data-element_type=\"widget\" data-widget_type=\"toggle.default\">\n\t\t\t\t<div class=\"elementor-widget-container\">\n\t\t\t\t\t<div class=\"elementor-toggle\">\n\t\t\t\t\t\t\t<div class=\"elementor-toggle-item\">\n\t\t\t\t\t<div id=\"elementor-tab-title-1931\" class=\"elementor-tab-title\" data-tab=\"1\" role=\"button\" aria-controls=\"elementor-tab-content-1931\" aria-expanded=\"false\">\n\t\t\t\t\t\t\t\t\t\t\t\t<span class=\"elementor-toggle-icon elementor-toggle-icon-left\" aria-hidden=\"true\">\n\t\t\t\t\t\t\t\t\t\t\t\t\t\t\t<span class=\"elementor-toggle-icon-closed\"><i class=\"fas fa-caret-right\"><\/i><\/span>\n\t\t\t\t\t\t\t\t<span class=\"elementor-toggle-icon-opened\"><i class=\"elementor-toggle-icon-opened fas fa-caret-up\"><\/i><\/span>\n\t\t\t\t\t\t\t\t\t\t\t\t\t<\/span>\n\t\t\t\t\t\t\t\t\t\t\t\t<a class=\"elementor-toggle-title\" tabindex=\"0\">CONDITIONS<\/a>\n\t\t\t\t\t<\/div>\n\n\t\t\t\t\t<div id=\"elementor-tab-content-1931\" class=\"elementor-tab-content elementor-clearfix\" data-tab=\"1\" role=\"region\" aria-labelledby=\"elementor-tab-title-1931\"><p>\u27a4 L\u2019organisateur (<b><a href=\"https:\/\/www.crl10.net\/\">le CRL10<\/a><\/b>) prend en charge <b>un cachet par artiste aux minimas <\/b>de la branche et <b>une part de cor\u00e9alisation <\/b>c\u2019est-\u00e0-dire un int\u00e9ressement sur la billetterie ;<\/p>\n<p>\u27a4 L\u2019organisateur <b>(Le CRL10<\/b>) prend en charge le <b>catering<\/b>, les <b>repas<\/b>, les <b>droits d\u2019auteurs<\/b> et les <b>co\u00fbts techniques<\/b> des projets concern\u00e9s ainsi que <b>l\u2019ensemble des salaires<\/b> et <b>charges de ses personnels<\/b>. L\u2019organisateur applique la<b> convention collective de l\u2019animation<\/b> ;<\/p>\n<p>\u27a4 <b>La salle <\/b>est mise \u00e0 disposition <b>en \u00e9tat de marche<\/b> avec un<b> r\u00e9gisseur son et lumi\u00e8re<\/b> ;<\/p>\n<p>\u27a4 <b>Le concert<\/b> ne devra pas exc\u00e9der <b>1h10<\/b> ;<\/p>\n<p>\u27a4 La salle : <b>110 places assises<\/b> ou <b>220 debout<\/b> ;<\/p>\n<p>\u27a4 \u00c0 noter : la salle est tenue de<b> respecter un niveau sonore raisonnable<\/b> dans le choix des projets artistiques programm\u00e9s ;<\/p>\n<p>\u27a4 <b>Communication<\/b> : chaque groupe a <b>la responsabilit\u00e9 de la communication<\/b> de la soir\u00e9e afin de <b>mobiliser son public<\/b>. Les organisateurs prennent en charge une <b>communication globale du dispositif<\/b> regroupant les huit dates. La communication des organisateurs intervient <b>en renfort,<\/b> mais <b>ne se substitue en aucun cas \u00e0 la communication cibl\u00e9e<\/b> qui doit \u00eatre men\u00e9e <b>par le groupe programm\u00e9<\/b> ;<\/p>\n<p>\u27a4 <b>Date limite<\/b> de d\u00e9p\u00f4t des candidatures : <b>le dimanche 30 juin \u00e0 minuit<\/b><\/p>\n<p>\u27a4 <b>Les groupes retenus<\/b> acceptent de <b>consacrer un temps de travail d\u00e9di\u00e9<\/b>, avec le Collectif, sur la <b>strat\u00e9gie de communication<\/b> de la date, sur le th\u00e8me \u201c<b>Quels objectifs je donne \u00e0 cette date parisienne ?<\/b> \u201d ;<\/p>\n<p>\u27a4 <b>La s\u00e9lection<\/b> est assur\u00e9e par le <b>CRL10<\/b>.<\/p><\/div>\n\t\t\t\t<\/div>\n\t\t\t\t\t\t\t<div class=\"elementor-toggle-item\">\n\t\t\t\t\t<div id=\"elementor-tab-title-1932\" class=\"elementor-tab-title\" data-tab=\"2\" role=\"button\" aria-controls=\"elementor-tab-content-1932\" aria-expanded=\"false\">\n\t\t\t\t\t\t\t\t\t\t\t\t<span class=\"elementor-toggle-icon elementor-toggle-icon-left\" aria-hidden=\"true\">\n\t\t\t\t\t\t\t\t\t\t\t\t\t\t\t<span class=\"elementor-toggle-icon-closed\"><i class=\"fas fa-caret-right\"><\/i><\/span>\n\t\t\t\t\t\t\t\t<span class=\"elementor-toggle-icon-opened\"><i class=\"elementor-toggle-icon-opened fas fa-caret-up\"><\/i><\/span>\n\t\t\t\t\t\t\t\t\t\t\t\t\t<\/span>\n\t\t\t\t\t\t\t\t\t\t\t\t<a class=\"elementor-toggle-title\" tabindex=\"0\">OBJECTIFS<\/a>\n\t\t\t\t\t<\/div>\n\n\t\t\t\t\t<div id=\"elementor-tab-content-1932\" class=\"elementor-tab-content elementor-clearfix\" data-tab=\"2\" role=\"region\" aria-labelledby=\"elementor-tab-title-1932\"><p>\u27a4 Le CRL10, adh\u00e9rent du Collectif des Musiques et Danses du monde en \u00cele-de-France, souhaite proposer un rendez-vous r\u00e9gulier et rep\u00e9r\u00e9 pour les musiques et les danses du Monde. L\u2019objectif principal est de cr\u00e9er une vitrine pour ces esth\u00e9tiques, de favoriser la circulation des projets et la mise en r\u00e9seau. Ce dispositif constitue un outil au service des artistes, des producteurs\u00b7trices, et de l\u2019ensemble de la fili\u00e8re ;<\/p><p>\u27a4 Accompagnement : afin de permettre une pleine r\u00e9ussite de cette date parisienne, le Collectif MDM IdF propose aux groupes retenus, un temps de travail d\u00e9di\u00e9, afin de pr\u00e9parer au mieux cette \u201cdate parisienne\u201d ;<\/p><p>\u27a4 Il s\u2019agit par ailleurs de sensibiliser de nouveaux publics aux musiques et danses du monde ;<\/p><p>\u27a4 Une premi\u00e8re partie avec un groupe amateur pourra avoir lieu avant chacune des dates de concerts.<\/p><\/div>\n\t\t\t\t<\/div>\n\t\t\t\t\t\t\t<div class=\"elementor-toggle-item\">\n\t\t\t\t\t<div id=\"elementor-tab-title-1933\" class=\"elementor-tab-title\" data-tab=\"3\" role=\"button\" aria-controls=\"elementor-tab-content-1933\" aria-expanded=\"false\">\n\t\t\t\t\t\t\t\t\t\t\t\t<span class=\"elementor-toggle-icon elementor-toggle-icon-left\" aria-hidden=\"true\">\n\t\t\t\t\t\t\t\t\t\t\t\t\t\t\t<span class=\"elementor-toggle-icon-closed\"><i class=\"fas fa-caret-right\"><\/i><\/span>\n\t\t\t\t\t\t\t\t<span class=\"elementor-toggle-icon-opened\"><i class=\"elementor-toggle-icon-opened fas fa-caret-up\"><\/i><\/span>\n\t\t\t\t\t\t\t\t\t\t\t\t\t<\/span>\n\t\t\t\t\t\t\t\t\t\t\t\t<a class=\"elementor-toggle-title\" tabindex=\"0\">CRIT\u00c8RES<\/a>\n\t\t\t\t\t<\/div>\n\n\t\t\t\t\t<div id=\"elementor-tab-content-1933\" class=\"elementor-tab-content elementor-clearfix\" data-tab=\"3\" role=\"region\" aria-labelledby=\"elementor-tab-title-1933\"><p>\u27a4 Le projet doit \u00eatre port\u00e9 par une structure adh\u00e9rente au Collectif des musiques du Monde en \u00cele-de-France (pour adh\u00e9rer, cliquez ICI) ;<\/p><p>\u27a4 Le spectacle doit avoir \u00e9t\u00e9 cr\u00e9\u00e9 dans les trois derni\u00e8res ann\u00e9es ;<\/p><p>\u27a4 Il doit \u00eatre accompagn\u00e9 par une structure professionnelle qui s\u2019engage \u00e0 s\u2019impliquer dans la pr\u00e9paration et la communication de la date ;<\/p><p>\u27a4 Les plateaux propos\u00e9s ne pourront pas exc\u00e9der quatre artistes sur sc\u00e8ne ;<\/p><p>\u27a4 Si vous disposez d\u2019une note d\u2019intention artistique, merci de la joindre \u00e0 votre candidature ;<\/p><p>\u27a4 Vous devrez pr\u00e9ciser les coordonn\u00e9es de la structure porteuse ;<\/p><p>\u27a4 Pour \u00eatre prise en compte, la candidature devra \u00eatre accompagn\u00e9e des documents de promotion suivants :<br \/>o Liens vers des fichiers audio ;<br \/>o Liens vers des fichiers vid\u00e9o (site de l\u2019artiste, YouTube, Dailymotion ou autre\u2026) ;<br \/>o Une photo de qualit\u00e9 professionnelle (300 DPI) ;<br \/>o Une fiche technique du projet.<\/p><\/div>\n\t\t\t\t<\/div>\n\t\t\t\t\t\t\t<div class=\"elementor-toggle-item\">\n\t\t\t\t\t<div id=\"elementor-tab-title-1934\" class=\"elementor-tab-title\" data-tab=\"4\" role=\"button\" aria-controls=\"elementor-tab-content-1934\" aria-expanded=\"false\">\n\t\t\t\t\t\t\t\t\t\t\t\t<span class=\"elementor-toggle-icon elementor-toggle-icon-left\" aria-hidden=\"true\">\n\t\t\t\t\t\t\t\t\t\t\t\t\t\t\t<span class=\"elementor-toggle-icon-closed\"><i class=\"fas fa-caret-right\"><\/i><\/span>\n\t\t\t\t\t\t\t\t<span class=\"elementor-toggle-icon-opened\"><i class=\"elementor-toggle-icon-opened fas fa-caret-up\"><\/i><\/span>\n\t\t\t\t\t\t\t\t\t\t\t\t\t<\/span>\n\t\t\t\t\t\t\t\t\t\t\t\t<a class=\"elementor-toggle-title\" tabindex=\"0\">POUR CANDIDATER<\/a>\n\t\t\t\t\t<\/div>\n\n\t\t\t\t\t<div id=\"elementor-tab-content-1934\" class=\"elementor-tab-content elementor-clearfix\" data-tab=\"4\" role=\"region\" aria-labelledby=\"elementor-tab-title-1934\"><p>\u27a4 Compl\u00e9ter le <a href=\"https:\/\/forms.gle\/aJRUrb2LSh5DFjjp8\" target=\"_blank\" rel=\"noopener\">formulaire de candidature<\/a> ;\u00a0<a href=\"https:\/\/forms.gle\/kFD7WnifapxDHJ9Z9\">https:\/\/forms.gle\/kFD7WnifapxDHJ9Z9<\/a>\u00a0;<\/p><p>\u27a4 Les pi\u00e8ces jointes \u00e9ventuellement manquantes sont \u00e0 envoyer \u00e0 <a href=\"mailto:jeanbaptiste@collectifmdm-idf.fr\">jeanbaptiste@collectifmdm-idf.fr<\/a>.<\/p><\/div>\n\t\t\t\t<\/div>\n\t\t\t\t\t\t\t\t<\/div>\n\t\t\t\t<\/div>\n\t\t\t\t<\/div>\n\t\t\t\t\t<\/div>\n\t\t<\/div>\n\t\t\t\t\t<\/div>\n\t\t<\/section>\n\t\t\t\t<section class=\"elementor-section elementor-top-section elementor-element elementor-element-ea96fb5 elementor-section-boxed elementor-section-height-default elementor-section-height-default\" data-id=\"ea96fb5\" data-element_type=\"section\">\n\t\t\t\t\t\t<div class=\"elementor-container elementor-column-gap-default\">\n\t\t\t\t\t<div class=\"elementor-column elementor-col-100 elementor-top-column elementor-element elementor-element-b7d478f\" data-id=\"b7d478f\" data-element_type=\"column\">\n\t\t\t<div class=\"elementor-widget-wrap elementor-element-populated\">\n\t\t\t\t\t\t<div class=\"elementor-element elementor-element-6cd2c66 elementor-widget elementor-widget-text-editor\" data-id=\"6cd2c66\" data-element_type=\"widget\" data-widget_type=\"text-editor.default\">\n\t\t\t\t<div class=\"elementor-widget-container\">\n\t\t\t\t\t\t\t<p><strong>LA FICHE TECHNIQUE DE LA SALLE <span style=\"color: #ff6d00;\"><a style=\"color: #ff6d00;\" href=\"https:\/\/drive.google.com\/open?id=14FHd9v9_fHXRkj_sogSY4Jcq2Uwlyr3S&amp;usp=drive_fs\" target=\"_blank\" rel=\"noopener\">ICI<\/a><\/span><\/strong><\/p>\t\t\t\t\t\t<\/div>\n\t\t\t\t<\/div>\n\t\t\t\t\t<\/div>\n\t\t<\/div>\n\t\t\t\t\t<\/div>\n\t\t<\/section>\n\t\t\t\t<section class=\"elementor-section elementor-top-section elementor-element elementor-element-327c61e elementor-section-boxed elementor-section-height-default elementor-section-height-default\" data-id=\"327c61e\" data-element_type=\"section\">\n\t\t\t\t\t\t<div class=\"elementor-container elementor-column-gap-default\">\n\t\t\t\t\t<div class=\"elementor-column elementor-col-100 elementor-top-column elementor-element elementor-element-816cc96\" data-id=\"816cc96\" data-element_type=\"column\">\n\t\t\t<div class=\"elementor-widget-wrap elementor-element-populated\">\n\t\t\t\t\t\t<div class=\"elementor-element elementor-element-cc708ef elementor-widget elementor-widget-toggle\" data-id=\"cc708ef\" data-element_type=\"widget\" data-widget_type=\"toggle.default\">\n\t\t\t\t<div class=\"elementor-widget-container\">\n\t\t\t\t\t<div class=\"elementor-toggle\">\n\t\t\t\t\t\t\t<div class=\"elementor-toggle-item\">\n\t\t\t\t\t<div id=\"elementor-tab-title-2141\" class=\"elementor-tab-title\" data-tab=\"1\" role=\"button\" aria-controls=\"elementor-tab-content-2141\" aria-expanded=\"false\">\n\t\t\t\t\t\t\t\t\t\t\t\t<span class=\"elementor-toggle-icon elementor-toggle-icon-left\" aria-hidden=\"true\">\n\t\t\t\t\t\t\t\t\t\t\t\t\t\t\t<span class=\"elementor-toggle-icon-closed\"><i class=\"fas fa-caret-right\"><\/i><\/span>\n\t\t\t\t\t\t\t\t<span class=\"elementor-toggle-icon-opened\"><i class=\"elementor-toggle-icon-opened fas fa-caret-up\"><\/i><\/span>\n\t\t\t\t\t\t\t\t\t\t\t\t\t<\/span>\n\t\t\t\t\t\t\t\t\t\t\t\t<a class=\"elementor-toggle-title\" tabindex=\"0\">LES AVANTAGES DE LA SC\u00c8NE DU CANAL<\/a>\n\t\t\t\t\t<\/div>\n\n\t\t\t\t\t<div id=\"elementor-tab-content-2141\" class=\"elementor-tab-content elementor-clearfix\" data-tab=\"1\" role=\"region\" aria-labelledby=\"elementor-tab-title-2141\"><p>\u27a4 Possibilit\u00e9s : <strong>captation<\/strong> avec possible <strong>diffusion en live stream<\/strong>, <b>r\u00e9cup\u00e9ration du<\/b><strong>&nbsp;son<\/strong> avec une <b>simple cl\u00e9 USB<\/b><\/p>\n<p>\u27a4 Salle en<strong> plein c\u0153ur de Paris<\/strong>, le long du Canal Saint Martin<\/p>\n<p>\u27a4 <b>La salle <\/b>est mise \u00e0 disposition <b>en ordre de marche<\/b> avec un<b> r\u00e9gisseur son et lumi\u00e8re<\/b><\/p>\n<p>\u27a4 La salle : <b>110 places assises<\/b> ou <b>220 debout<\/b><\/p>\n<p>\u27a4 <b>Espace d&#8217;<\/b><strong>accueil professionnel sp\u00e9cifique<\/strong> ( conf\u00e9rence de presse, temps d&#8217;\u00e9change, &#8230;)<\/p><\/div>\n\t\t\t\t<\/div>\n\t\t\t\t\t\t\t\t<\/div>\n\t\t\t\t<\/div>\n\t\t\t\t<\/div>\n\t\t\t\t\t<\/div>\n\t\t<\/div>\n\t\t\t\t\t<\/div>\n\t\t<\/section>\n\t\t\t\t<section class=\"elementor-section elementor-top-section elementor-element elementor-element-63dd4a2 elementor-section-boxed elementor-section-height-default elementor-section-height-default\" data-id=\"63dd4a2\" data-element_type=\"section\">\n\t\t\t\t\t\t<div class=\"elementor-container elementor-column-gap-default\">\n\t\t\t\t\t<div class=\"elementor-column elementor-col-100 elementor-top-column elementor-element elementor-element-2360df2\" data-id=\"2360df2\" data-element_type=\"column\">\n\t\t\t<div class=\"elementor-widget-wrap elementor-element-populated\">\n\t\t\t\t\t\t<div class=\"elementor-element elementor-element-64cbd11 elementor-widget-divider--view-line elementor-widget elementor-widget-divider\" data-id=\"64cbd11\" data-element_type=\"widget\" data-widget_type=\"divider.default\">\n\t\t\t\t<div class=\"elementor-widget-container\">\n\t\t\t\t\t<div class=\"elementor-divider\">\n\t\t\t<span class=\"elementor-divider-separator\">\n\t\t\t\t\t\t<\/span>\n\t\t<\/div>\n\t\t\t\t<\/div>\n\t\t\t\t<\/div>\n\t\t\t\t\t<\/div>\n\t\t<\/div>\n\t\t\t\t\t<\/div>\n\t\t<\/section>\n\t\t\t\t<section class=\"elementor-section elementor-top-section elementor-element elementor-element-9b5e73c elementor-section-boxed elementor-section-height-default elementor-section-height-default\" data-id=\"9b5e73c\" data-element_type=\"section\">\n\t\t\t\t\t\t<div class=\"elementor-container elementor-column-gap-default\">\n\t\t\t\t\t<div class=\"elementor-column elementor-col-100 elementor-top-column elementor-element elementor-element-9b02f49\" data-id=\"9b02f49\" data-element_type=\"column\">\n\t\t\t<div class=\"elementor-widget-wrap elementor-element-populated\">\n\t\t\t\t\t\t<div class=\"elementor-element elementor-element-0ff2a73 elementor-widget elementor-widget-text-editor\" data-id=\"0ff2a73\" data-element_type=\"widget\" data-widget_type=\"text-editor.default\">\n\t\t\t\t<div class=\"elementor-widget-container\">\n\t\t\t\t\t\t\t<p style=\"text-align: left;\"><strong>INFOS PRATIQUES :<br \/><\/strong><em>Sc\u00e8ne du Canal &#8211; Espace<\/em> Jemmapes<br \/>116, quai de Jemmapes 75010 Paris<br \/><strong>M\u00e9tro :<\/strong> 4 et 7<br \/><strong>Bus :<\/strong> 32, 39, 54, 75<\/p>\t\t\t\t\t\t<\/div>\n\t\t\t\t<\/div>\n\t\t\t\t\t<\/div>\n\t\t<\/div>\n\t\t\t\t\t<\/div>\n\t\t<\/section>\n\t\t\t\t<\/div>\n\t\t","protected":false},"excerpt":{"rendered":"<p>Sc\u00e8nes du Monde au Canal #3 Appel \u00e0 candidature cl\u00f4tur\u00e9 ! Le Collectif MDM IdF et le CRL10 ouvrent l&#8217;appel \u00e0 candidature de la 3\u00e8me \u00e9dition des Sc\u00e8nes du monde au Canal !\u00a0 Artistes, musicien\u00b7ne\u00b7s, chanteurs\u00b7euses, danseurs\u00b7euses : 8 dates, 1 date<\/p>\n<p class=\"link-more\"><a class=\"myButt \" href=\"https:\/\/collectifmdm-idf.org\/annuaire5\/scenes-du-monde-au-canal-3\/\">EN SAVOIR +<\/a><\/p>\n","protected":false},"author":1,"featured_media":15166,"comment_status":"open","ping_status":"open","sticky":false,"template":"elementor_header_footer","format":"standard","meta":{"_rtcl_gb_attr":"","footnotes":""},"categories":[37,288,7,15,292,290,104,129,89,87],"tags":[543,106,281,498],"class_list":["post-15089","post","type-post","status-publish","format-standard","has-post-thumbnail","hentry","category-appel-a-candidatures","category-artistes","category-concert","category-evenement","category-ile-de-france","category-musique","category-musiques-du-monde-au-canal","category-scenes-du-monde-au-canal","category-spectacle-sonorise-collectif-en-tournee-3","category-spectacles-collectif-en-tournee-3","tag-appel-a-candidature","tag-crl10","tag-musiques-du-monde","tag-scenes-du-monde-au-canal"],"_links":{"self":[{"href":"https:\/\/collectifmdm-idf.org\/annuaire5\/wp-json\/wp\/v2\/posts\/15089","targetHints":{"allow":["GET"]}}],"collection":[{"href":"https:\/\/collectifmdm-idf.org\/annuaire5\/wp-json\/wp\/v2\/posts"}],"about":[{"href":"https:\/\/collectifmdm-idf.org\/annuaire5\/wp-json\/wp\/v2\/types\/post"}],"author":[{"embeddable":true,"href":"https:\/\/collectifmdm-idf.org\/annuaire5\/wp-json\/wp\/v2\/users\/1"}],"replies":[{"embeddable":true,"href":"https:\/\/collectifmdm-idf.org\/annuaire5\/wp-json\/wp\/v2\/comments?post=15089"}],"version-history":[{"count":64,"href":"https:\/\/collectifmdm-idf.org\/annuaire5\/wp-json\/wp\/v2\/posts\/15089\/revisions"}],"predecessor-version":[{"id":15324,"href":"https:\/\/collectifmdm-idf.org\/annuaire5\/wp-json\/wp\/v2\/posts\/15089\/revisions\/15324"}],"wp:featuredmedia":[{"embeddable":true,"href":"https:\/\/collectifmdm-idf.org\/annuaire5\/wp-json\/wp\/v2\/media\/15166"}],"wp:attachment":[{"href":"https:\/\/collectifmdm-idf.org\/annuaire5\/wp-json\/wp\/v2\/media?parent=15089"}],"wp:term":[{"taxonomy":"category","embeddable":true,"href":"https:\/\/collectifmdm-idf.org\/annuaire5\/wp-json\/wp\/v2\/categories?post=15089"},{"taxonomy":"post_tag","embeddable":true,"href":"https:\/\/collectifmdm-idf.org\/annuaire5\/wp-json\/wp\/v2\/tags?post=15089"}],"curies":[{"name":"wp","href":"https:\/\/api.w.org\/{rel}","templated":true}]}}