{"id":14985,"date":"2024-06-07T16:52:48","date_gmt":"2024-06-07T14:52:48","guid":{"rendered":"https:\/\/collectifmdm-idf.org\/?p=14985"},"modified":"2024-12-04T15:44:57","modified_gmt":"2024-12-04T14:44:57","slug":"les-guinguettes-du-monde","status":"publish","type":"post","link":"https:\/\/collectifmdm-idf.org\/annuaire5\/les-guinguettes-du-monde\/","title":{"rendered":"Le Collectif aux Guinguettes Du Monde"},"content":{"rendered":"\t\t<div data-elementor-type=\"wp-post\" data-elementor-id=\"14985\" class=\"elementor elementor-14985\">\n\t\t\t\t\t\t<section class=\"elementor-section elementor-top-section elementor-element elementor-element-538b2a5 elementor-section-stretched elementor-section-boxed elementor-section-height-default elementor-section-height-default\" data-id=\"538b2a5\" data-element_type=\"section\" data-settings=\"{&quot;stretch_section&quot;:&quot;section-stretched&quot;,&quot;background_background&quot;:&quot;classic&quot;}\">\n\t\t\t\t\t\t<div class=\"elementor-container elementor-column-gap-default\">\n\t\t\t\t\t<div class=\"elementor-column elementor-col-100 elementor-top-column elementor-element elementor-element-938cf2c\" data-id=\"938cf2c\" data-element_type=\"column\">\n\t\t\t<div class=\"elementor-widget-wrap elementor-element-populated\">\n\t\t\t\t\t\t<div class=\"elementor-element elementor-element-e205e95 elementor-widget elementor-widget-text-editor\" data-id=\"e205e95\" data-element_type=\"widget\" data-widget_type=\"text-editor.default\">\n\t\t\t\t<div class=\"elementor-widget-container\">\n\t\t\t\t\t\t\t<h1><span style=\"color: #ffffff;\">Festival Les Guinguettes Du Monde<\/span><\/h1>\t\t\t\t\t\t<\/div>\n\t\t\t\t<\/div>\n\t\t\t\t\t<\/div>\n\t\t<\/div>\n\t\t\t\t\t<\/div>\n\t\t<\/section>\n\t\t\t\t<section class=\"elementor-section elementor-top-section elementor-element elementor-element-4e366c0 elementor-section-boxed elementor-section-height-default elementor-section-height-default\" data-id=\"4e366c0\" data-element_type=\"section\">\n\t\t\t\t\t\t<div class=\"elementor-container elementor-column-gap-default\">\n\t\t\t\t\t<div class=\"elementor-column elementor-col-100 elementor-top-column elementor-element elementor-element-429be21\" data-id=\"429be21\" data-element_type=\"column\">\n\t\t\t<div class=\"elementor-widget-wrap elementor-element-populated\">\n\t\t\t\t\t\t<div class=\"elementor-element elementor-element-80db0bc elementor-widget elementor-widget-text-editor\" data-id=\"80db0bc\" data-element_type=\"widget\" data-widget_type=\"text-editor.default\">\n\t\t\t\t<div class=\"elementor-widget-container\">\n\t\t\t\t\t\t\t<h1><strong>\u00c0 Corbeil &#8211; Essonnes, samedi 29 juin<\/strong><\/h1>\t\t\t\t\t\t<\/div>\n\t\t\t\t<\/div>\n\t\t\t\t<div class=\"elementor-element elementor-element-ef10d11 elementor-widget elementor-widget-text-editor\" data-id=\"ef10d11\" data-element_type=\"widget\" data-widget_type=\"text-editor.default\">\n\t\t\t\t<div class=\"elementor-widget-container\">\n\t\t\t\t\t\t\t<h2><span style=\"color: #ff6600;\">La 4\u00e8me \u00e9dition des Guinguettes du monde,\u00a0un \u00e9v\u00e9nement unique pour les d\u00e9couvertes culturelles !<\/span><\/h2>\t\t\t\t\t\t<\/div>\n\t\t\t\t<\/div>\n\t\t\t\t\t<\/div>\n\t\t<\/div>\n\t\t\t\t\t<\/div>\n\t\t<\/section>\n\t\t\t\t<section class=\"elementor-section elementor-top-section elementor-element elementor-element-ee373b2 elementor-section-boxed elementor-section-height-default elementor-section-height-default\" data-id=\"ee373b2\" data-element_type=\"section\" data-settings=\"{&quot;background_background&quot;:&quot;classic&quot;}\">\n\t\t\t\t\t\t<div class=\"elementor-container elementor-column-gap-default\">\n\t\t\t\t\t<div class=\"elementor-column elementor-col-100 elementor-top-column elementor-element elementor-element-988bdf7\" data-id=\"988bdf7\" data-element_type=\"column\">\n\t\t\t<div class=\"elementor-widget-wrap elementor-element-populated\">\n\t\t\t\t\t\t<div class=\"elementor-element elementor-element-d6edea3 elementor-widget__width-initial elementor-widget elementor-widget-text-editor\" data-id=\"d6edea3\" data-element_type=\"widget\" data-widget_type=\"text-editor.default\">\n\t\t\t\t<div class=\"elementor-widget-container\">\n\t\t\t\t\t\t\t<p>Dans le cadre de la <b>4\u00e8me \u00e9dition<\/b> du <a href=\"https:\/\/www.corbeil-essonnes.fr\/actualites\/les-guinguettes-du-monde-2024\/\">Festival Les Guinguettes du Monde<\/a> \u00e0 Corbeil, le Collectif Musiques et Danses du Monde en Ile-de-France vous invite \u00e0 vivre le <b>samedi 29 juin*<\/b> cet <b>\u00e9v\u00e9nement unique<\/b>. Une journ\u00e9e de <b>musiques du monde<\/b> et de <b>convivialit\u00e9<\/b>, riches en moments d&#8217;<b>\u00e9changes<\/b> et de <b>d\u00e9couvertes culturelles<\/b> !<\/p><p><b>Le Festival Les Guinguettes Du Monde<\/b> est un \u00e9v\u00e9nement unique dans la commune de Corbeil-Essonnes, o\u00f9 la <b>diversit\u00e9 culturelle<\/b> et le <b>respect <\/b>se rencontrent dans une <b>parfaite symbiose<\/b>. Il est le fruit de la rencontre du monde culturel \u00e0 travers une <b>programmation artistique professionnelle<\/b> et <b>en d\u00e9veloppement,<\/b> de la <b>MJC-CS Fernand L\u00e9ger<\/b>, les <b>services municipaux de la ville<\/b>, le <b>monde associatif<\/b> et les <b>habitants<\/b>.<\/p><p>Tous ces acteurs contribuent \u00e0 leur \u00e9chelle \u00e0 la r\u00e9ussite du festival. <b>L\u2019\u00e9dition 2024<\/b> du festival sera <b>plus sobre<\/b> et <b>responsable<\/b> en mati\u00e8re <b>environnementale <\/b>et <b>budg\u00e9taire<\/b>. Le nombre d\u2019associations participantes ne pourra d\u00e9passer 40 espaces.\u00a0<\/p><p><b>*<\/b> Face \u00e0 une<b> situation exceptionnelle<\/b>, r\u00e9sultant de l&#8217;<b>organisation des \u00e9lections l\u00e9gislatives anticip\u00e9es<\/b> le <b>dimanche 30 juin 2024<\/b>, et aux vus des <b>moyens logistiques cons\u00e9quents<\/b> \u00e0 mettre en \u0153uvre pour assurer la <b>bonne tenue de ces \u00e9lections<\/b>,la <b>Ville de Corbeil-Essonnes<\/b> et <b>Villes des Musiques du Monde<\/b> sont dans le <b>regret<\/b> de vous annoncer l&#8217;<b>annulation des festivit\u00e9s<\/b> des Guinguettes du Monde pour la <b>journ\u00e9e du dimanche 30 juin 2024<\/b>.<\/p><p>En revanche,<b> la journ\u00e9e du festival du samedi 29 juin 2024 est bien maintenue<\/b>.<\/p>\t\t\t\t\t\t<\/div>\n\t\t\t\t<\/div>\n\t\t\t\t<div class=\"elementor-element elementor-element-7abeaa0 elementor-widget elementor-widget-text-editor\" data-id=\"7abeaa0\" data-element_type=\"widget\" data-widget_type=\"text-editor.default\">\n\t\t\t\t<div class=\"elementor-widget-container\">\n\t\t\t\t\t\t\t<p><span style=\"color: #999999;\"><b><i>\u00c9<\/i><\/b><\/span><strong style=\"color: #999999;\"><em>dition 2023 des Guinguettes du monde \u00e0 Corbeil-Essonnes<\/em><\/strong><\/p>\t\t\t\t\t\t<\/div>\n\t\t\t\t<\/div>\n\t\t\t\t<div class=\"elementor-element elementor-element-d18ac0a elementor-widget__width-initial elementor-widget elementor-widget-video\" data-id=\"d18ac0a\" data-element_type=\"widget\" data-settings=\"{&quot;youtube_url&quot;:&quot;https:\\\/\\\/www.youtube.com\\\/watch?v=nWyqo21-uqk&quot;,&quot;autoplay&quot;:&quot;yes&quot;,&quot;play_on_mobile&quot;:&quot;yes&quot;,&quot;mute&quot;:&quot;yes&quot;,&quot;video_type&quot;:&quot;youtube&quot;,&quot;controls&quot;:&quot;yes&quot;}\" data-widget_type=\"video.default\">\n\t\t\t\t<div class=\"elementor-widget-container\">\n\t\t\t\t\t<div class=\"elementor-wrapper elementor-open-inline\">\n\t\t\t<div class=\"elementor-video\"><\/div>\t\t<\/div>\n\t\t\t\t<\/div>\n\t\t\t\t<\/div>\n\t\t\t\t\t<\/div>\n\t\t<\/div>\n\t\t\t\t\t<\/div>\n\t\t<\/section>\n\t\t\t\t<section class=\"elementor-section elementor-top-section elementor-element elementor-element-338c6d4 elementor-section-boxed elementor-section-height-default elementor-section-height-default\" data-id=\"338c6d4\" data-element_type=\"section\" data-settings=\"{&quot;background_background&quot;:&quot;classic&quot;}\">\n\t\t\t\t\t\t<div class=\"elementor-container elementor-column-gap-default\">\n\t\t\t\t\t<div class=\"elementor-column elementor-col-50 elementor-top-column elementor-element elementor-element-a799865\" data-id=\"a799865\" data-element_type=\"column\">\n\t\t\t<div class=\"elementor-widget-wrap elementor-element-populated\">\n\t\t\t\t\t\t<div class=\"elementor-element elementor-element-72660fc elementor-widget elementor-widget-spacer\" data-id=\"72660fc\" data-element_type=\"widget\" data-widget_type=\"spacer.default\">\n\t\t\t\t<div class=\"elementor-widget-container\">\n\t\t\t\t\t<div class=\"elementor-spacer\">\n\t\t\t<div class=\"elementor-spacer-inner\"><\/div>\n\t\t<\/div>\n\t\t\t\t<\/div>\n\t\t\t\t<\/div>\n\t\t\t\t<div class=\"elementor-element elementor-element-6a03737 elementor-widget elementor-widget-image\" data-id=\"6a03737\" data-element_type=\"widget\" data-widget_type=\"image.default\">\n\t\t\t\t<div class=\"elementor-widget-container\">\n\t\t\t\t\t\t\t\t\t\t\t\t\t\t<a href=\"https:\/\/collectifmdm-idf.org\/les-guinguettes-du-monde\/\">\n\t\t\t\t\t\t\t<img fetchpriority=\"high\" decoding=\"async\" width=\"513\" height=\"1024\" src=\"https:\/\/collectifmdm-idf.org\/annuaire5\/wp-content\/uploads\/2024\/06\/visuel-1-513x1024.png\" class=\"attachment-large size-large wp-image-15274\" alt=\"\" srcset=\"https:\/\/collectifmdm-idf.org\/annuaire5\/wp-content\/uploads\/2024\/06\/visuel-1-513x1024.png 513w, https:\/\/collectifmdm-idf.org\/annuaire5\/wp-content\/uploads\/2024\/06\/visuel-1-150x300.png 150w, https:\/\/collectifmdm-idf.org\/annuaire5\/wp-content\/uploads\/2024\/06\/visuel-1-768x1533.png 768w, https:\/\/collectifmdm-idf.org\/annuaire5\/wp-content\/uploads\/2024\/06\/visuel-1-769x1536.png 769w, https:\/\/collectifmdm-idf.org\/annuaire5\/wp-content\/uploads\/2024\/06\/visuel-1.png 789w\" sizes=\"(max-width: 513px) 100vw, 513px\" title=\"\" \/>\t\t\t\t\t\t\t\t<\/a>\n\t\t\t\t\t\t\t\t\t\t\t\t\t<\/div>\n\t\t\t\t<\/div>\n\t\t\t\t<div class=\"elementor-element elementor-element-7b2686c elementor-widget elementor-widget-spacer\" data-id=\"7b2686c\" data-element_type=\"widget\" data-widget_type=\"spacer.default\">\n\t\t\t\t<div class=\"elementor-widget-container\">\n\t\t\t\t\t<div class=\"elementor-spacer\">\n\t\t\t<div class=\"elementor-spacer-inner\"><\/div>\n\t\t<\/div>\n\t\t\t\t<\/div>\n\t\t\t\t<\/div>\n\t\t\t\t\t<\/div>\n\t\t<\/div>\n\t\t\t\t<div class=\"elementor-column elementor-col-50 elementor-top-column elementor-element elementor-element-64d046e\" data-id=\"64d046e\" data-element_type=\"column\">\n\t\t\t<div class=\"elementor-widget-wrap elementor-element-populated\">\n\t\t\t\t\t\t<div class=\"elementor-element elementor-element-b0bbb95 elementor-widget elementor-widget-spacer\" data-id=\"b0bbb95\" data-element_type=\"widget\" data-widget_type=\"spacer.default\">\n\t\t\t\t<div class=\"elementor-widget-container\">\n\t\t\t\t\t<div class=\"elementor-spacer\">\n\t\t\t<div class=\"elementor-spacer-inner\"><\/div>\n\t\t<\/div>\n\t\t\t\t<\/div>\n\t\t\t\t<\/div>\n\t\t\t\t<div class=\"elementor-element elementor-element-a2ff04e elementor-widget elementor-widget-image\" data-id=\"a2ff04e\" data-element_type=\"widget\" data-widget_type=\"image.default\">\n\t\t\t\t<div class=\"elementor-widget-container\">\n\t\t\t\t\t\t\t\t\t\t\t\t\t\t<a href=\"https:\/\/collectifmdm-idf.org\/les-guinguettes-du-monde\/\">\n\t\t\t\t\t\t\t<img decoding=\"async\" width=\"300\" height=\"207\" src=\"https:\/\/collectifmdm-idf.org\/annuaire5\/wp-content\/uploads\/2024\/06\/logo_noir_recadre-300x207.png\" class=\"attachment-medium size-medium wp-image-15276\" alt=\"\" srcset=\"https:\/\/collectifmdm-idf.org\/annuaire5\/wp-content\/uploads\/2024\/06\/logo_noir_recadre-300x207.png 300w, https:\/\/collectifmdm-idf.org\/annuaire5\/wp-content\/uploads\/2024\/06\/logo_noir_recadre-1024x707.png 1024w, https:\/\/collectifmdm-idf.org\/annuaire5\/wp-content\/uploads\/2024\/06\/logo_noir_recadre-768x530.png 768w, https:\/\/collectifmdm-idf.org\/annuaire5\/wp-content\/uploads\/2024\/06\/logo_noir_recadre.png 1080w\" sizes=\"(max-width: 300px) 100vw, 300px\" title=\"\" \/>\t\t\t\t\t\t\t\t<\/a>\n\t\t\t\t\t\t\t\t\t\t\t\t\t<\/div>\n\t\t\t\t<\/div>\n\t\t\t\t<div class=\"elementor-element elementor-element-c2fbdda elementor-widget elementor-widget-spacer\" data-id=\"c2fbdda\" data-element_type=\"widget\" data-widget_type=\"spacer.default\">\n\t\t\t\t<div class=\"elementor-widget-container\">\n\t\t\t\t\t<div class=\"elementor-spacer\">\n\t\t\t<div class=\"elementor-spacer-inner\"><\/div>\n\t\t<\/div>\n\t\t\t\t<\/div>\n\t\t\t\t<\/div>\n\t\t\t\t<div class=\"elementor-element elementor-element-fa20f53 elementor-widget elementor-widget-heading\" data-id=\"fa20f53\" data-element_type=\"widget\" data-widget_type=\"heading.default\">\n\t\t\t\t<div class=\"elementor-widget-container\">\n\t\t\t<h1 class=\"elementor-heading-title elementor-size-default\">Venez <b>retrouver les artistes<\/b> lors du Festival <b>Les Guinguettes du monde<\/b>, le samedi <b>29 juin<\/b> apr\u00e8s leur concert, sur le stand du Collectif des Musiques et Danses du Monde en IdF <b>\u00e0 la Maison du festival<\/b> !<\/h1>\t\t<\/div>\n\t\t\t\t<\/div>\n\t\t\t\t<div class=\"elementor-element elementor-element-6565eeb elementor-widget elementor-widget-heading\" data-id=\"6565eeb\" data-element_type=\"widget\" data-widget_type=\"heading.default\">\n\t\t\t\t<div class=\"elementor-widget-container\">\n\t\t\t<h1 class=\"elementor-heading-title elementor-size-default\">Quai Jacques-Bourgoin\n<b>\u00e0 Corbeil-Essonnes<\/b><\/h1>\t\t<\/div>\n\t\t\t\t<\/div>\n\t\t\t\t<div class=\"elementor-element elementor-element-ed8a22e elementor-widget elementor-widget-spacer\" data-id=\"ed8a22e\" data-element_type=\"widget\" data-widget_type=\"spacer.default\">\n\t\t\t\t<div class=\"elementor-widget-container\">\n\t\t\t\t\t<div class=\"elementor-spacer\">\n\t\t\t<div class=\"elementor-spacer-inner\"><\/div>\n\t\t<\/div>\n\t\t\t\t<\/div>\n\t\t\t\t<\/div>\n\t\t\t\t<div class=\"elementor-element elementor-element-b12f247 elementor-widget elementor-widget-heading\" data-id=\"b12f247\" data-element_type=\"widget\" data-widget_type=\"heading.default\">\n\t\t\t\t<div class=\"elementor-widget-container\">\n\t\t\t<h1 class=\"elementor-heading-title elementor-size-default\">Et cette ann\u00e9e, <b>Imagine Radio<\/b> propose un <b>plateau radio<\/b> \u00e0 partir de <b>15h30<\/b> avec de nombreux\u00b7euses invit\u00e9s ! Cette <b>\u00e9mission sp\u00e9ciale<\/b> sera consacr\u00e9e aux droit culturels. \nAu programme, micro trottoirs, interviews, reportages et d\u00e9bats.\n<\/h1>\t\t<\/div>\n\t\t\t\t<\/div>\n\t\t\t\t\t<\/div>\n\t\t<\/div>\n\t\t\t\t\t<\/div>\n\t\t<\/section>\n\t\t\t\t<section class=\"elementor-section elementor-top-section elementor-element elementor-element-b452c63 elementor-section-boxed elementor-section-height-default elementor-section-height-default\" data-id=\"b452c63\" data-element_type=\"section\">\n\t\t\t\t\t\t<div class=\"elementor-container elementor-column-gap-default\">\n\t\t\t\t\t<div class=\"elementor-column elementor-col-100 elementor-top-column elementor-element elementor-element-e01fd0a\" data-id=\"e01fd0a\" data-element_type=\"column\">\n\t\t\t<div class=\"elementor-widget-wrap elementor-element-populated\">\n\t\t\t\t\t\t<div class=\"elementor-element elementor-element-f375134 elementor-widget elementor-widget-image\" data-id=\"f375134\" data-element_type=\"widget\" data-widget_type=\"image.default\">\n\t\t\t\t<div class=\"elementor-widget-container\">\n\t\t\t\t\t\t\t\t\t\t\t\t\t\t<a href=\"https:\/\/collectifmdm-idf.org\/wp-content\/uploads\/2024\/06\/site-web-1-e1719506762604.png\" data-elementor-open-lightbox=\"yes\" data-elementor-lightbox-title=\"La programmations du festival Les Guinguettes du Monde 2024\" data-e-action-hash=\"#elementor-action%3Aaction%3Dlightbox%26settings%3DeyJpZCI6MTUyMzgsInVybCI6Imh0dHBzOlwvXC9jb2xsZWN0aWZtZG0taWRmLm9yZ1wvYW5udWFpcmU1XC93cC1jb250ZW50XC91cGxvYWRzXC8yMDI0XC8wNlwvc2l0ZS13ZWItMS1lMTcxOTUwNjc2MjYwNC5wbmcifQ%3D%3D\" data-rel=\"lightbox-image-0\" data-rl_title=\"\" data-rl_caption=\"\">\n\t\t\t\t\t\t\t<img decoding=\"async\" width=\"1529\" height=\"1024\" src=\"https:\/\/collectifmdm-idf.org\/annuaire5\/wp-content\/uploads\/2024\/06\/site-web-1-e1719506762604.png\" class=\"attachment-full size-full wp-image-15238\" alt=\"\" srcset=\"https:\/\/collectifmdm-idf.org\/annuaire5\/wp-content\/uploads\/2024\/06\/site-web-1-e1719506762604.png 1529w, https:\/\/collectifmdm-idf.org\/annuaire5\/wp-content\/uploads\/2024\/06\/site-web-1-e1719506762604-300x201.png 300w, https:\/\/collectifmdm-idf.org\/annuaire5\/wp-content\/uploads\/2024\/06\/site-web-1-e1719506762604-1024x686.png 1024w, https:\/\/collectifmdm-idf.org\/annuaire5\/wp-content\/uploads\/2024\/06\/site-web-1-e1719506762604-768x514.png 768w\" sizes=\"(max-width: 1529px) 100vw, 1529px\" title=\"\" \/>\t\t\t\t\t\t\t\t<\/a>\n\t\t\t\t\t\t\t\t\t\t\t\t\t<\/div>\n\t\t\t\t<\/div>\n\t\t\t\t\t<\/div>\n\t\t<\/div>\n\t\t\t\t\t<\/div>\n\t\t<\/section>\n\t\t\t\t<section class=\"elementor-section elementor-top-section elementor-element elementor-element-f5b1a3e elementor-section-boxed elementor-section-height-default elementor-section-height-default\" data-id=\"f5b1a3e\" data-element_type=\"section\">\n\t\t\t\t\t\t<div class=\"elementor-container elementor-column-gap-default\">\n\t\t\t\t\t<div class=\"elementor-column elementor-col-100 elementor-top-column elementor-element elementor-element-2da5fc6\" data-id=\"2da5fc6\" data-element_type=\"column\">\n\t\t\t<div class=\"elementor-widget-wrap elementor-element-populated\">\n\t\t\t\t\t\t<div class=\"elementor-element elementor-element-c951df4 elementor-widget elementor-widget-image\" data-id=\"c951df4\" data-element_type=\"widget\" data-widget_type=\"image.default\">\n\t\t\t\t<div class=\"elementor-widget-container\">\n\t\t\t\t\t\t\t\t\t\t\t\t\t\t<a href=\"https:\/\/collectifmdm-idf.org\/wp-content\/uploads\/2024\/06\/ld.png\" data-elementor-open-lightbox=\"yes\" data-elementor-lightbox-title=\"Infos du festival Les Guinguettes du Monde 2024\" data-e-action-hash=\"#elementor-action%3Aaction%3Dlightbox%26settings%3DeyJpZCI6MTUyMzYsInVybCI6Imh0dHBzOlwvXC9jb2xsZWN0aWZtZG0taWRmLm9yZ1wvYW5udWFpcmU1XC93cC1jb250ZW50XC91cGxvYWRzXC8yMDI0XC8wNlwvbGQucG5nIn0%3D\" data-rel=\"lightbox-image-1\" data-rl_title=\"\" data-rl_caption=\"\">\n\t\t\t\t\t\t\t<img loading=\"lazy\" decoding=\"async\" width=\"1900\" height=\"950\" src=\"https:\/\/collectifmdm-idf.org\/annuaire5\/wp-content\/uploads\/2024\/06\/ld.png\" class=\"attachment-full size-full wp-image-15236\" alt=\"\" srcset=\"https:\/\/collectifmdm-idf.org\/annuaire5\/wp-content\/uploads\/2024\/06\/ld.png 1900w, https:\/\/collectifmdm-idf.org\/annuaire5\/wp-content\/uploads\/2024\/06\/ld-300x150.png 300w, https:\/\/collectifmdm-idf.org\/annuaire5\/wp-content\/uploads\/2024\/06\/ld-1024x512.png 1024w, https:\/\/collectifmdm-idf.org\/annuaire5\/wp-content\/uploads\/2024\/06\/ld-768x384.png 768w, https:\/\/collectifmdm-idf.org\/annuaire5\/wp-content\/uploads\/2024\/06\/ld-1536x768.png 1536w, https:\/\/collectifmdm-idf.org\/annuaire5\/wp-content\/uploads\/2024\/06\/ld-924x462.png 924w\" sizes=\"(max-width: 1900px) 100vw, 1900px\" title=\"\" \/>\t\t\t\t\t\t\t\t<\/a>\n\t\t\t\t\t\t\t\t\t\t\t\t\t<\/div>\n\t\t\t\t<\/div>\n\t\t\t\t<div class=\"elementor-element elementor-element-30582e2 elementor-widget-divider--view-line elementor-widget elementor-widget-divider\" data-id=\"30582e2\" data-element_type=\"widget\" data-widget_type=\"divider.default\">\n\t\t\t\t<div class=\"elementor-widget-container\">\n\t\t\t\t\t<div class=\"elementor-divider\">\n\t\t\t<span class=\"elementor-divider-separator\">\n\t\t\t\t\t\t<\/span>\n\t\t<\/div>\n\t\t\t\t<\/div>\n\t\t\t\t<\/div>\n\t\t\t\t<div class=\"elementor-element elementor-element-fa8bc16 elementor-widget elementor-widget-text-editor\" data-id=\"fa8bc16\" data-element_type=\"widget\" data-widget_type=\"text-editor.default\">\n\t\t\t\t<div class=\"elementor-widget-container\">\n\t\t\t\t\t\t\t<h2><span style=\"color: #ff6600;\">Les artistes du Collectif Musiques et Danses du Monde <\/span><br \/><span style=\"color: #ff6600;\">au Festival Les Guinguettes du Monde !<\/span><\/h2>\t\t\t\t\t\t<\/div>\n\t\t\t\t<\/div>\n\t\t\t\t<div class=\"elementor-element elementor-element-28e0ea3 elementor-widget__width-initial elementor-widget elementor-widget-text-editor\" data-id=\"28e0ea3\" data-element_type=\"widget\" data-widget_type=\"text-editor.default\">\n\t\t\t\t<div class=\"elementor-widget-container\">\n\t\t\t\t\t\t\t<p>Le Collectif Musiques et Danses du Monde participera \u00e0 nouveau \u00e0 cette \u00e9dition, avec la pr\u00e9sence d&#8217;artistes de <a href=\"https:\/\/collectifmdm-idf.org\/lannuaire-du-collectif-5\/\">l&#8217;Annuaire du Collectif<\/a>, qui sont au programme de ce week-end multiculturel plein de musiques, de danses et de rythmes du monde.<\/p>\t\t\t\t\t\t<\/div>\n\t\t\t\t<\/div>\n\t\t\t\t\t<\/div>\n\t\t<\/div>\n\t\t\t\t\t<\/div>\n\t\t<\/section>\n\t\t\t\t<section class=\"elementor-section elementor-top-section elementor-element elementor-element-cc2d61d elementor-section-boxed elementor-section-height-default elementor-section-height-default\" data-id=\"cc2d61d\" data-element_type=\"section\">\n\t\t\t\t\t\t<div class=\"elementor-container elementor-column-gap-default\">\n\t\t\t\t\t<div class=\"elementor-column elementor-col-50 elementor-top-column elementor-element elementor-element-f334ad0\" data-id=\"f334ad0\" data-element_type=\"column\">\n\t\t\t<div class=\"elementor-widget-wrap elementor-element-populated\">\n\t\t\t\t\t\t<div class=\"elementor-element elementor-element-60855d8 elementor-widget__width-initial elementor-widget elementor-widget-text-editor\" data-id=\"60855d8\" data-element_type=\"widget\" data-widget_type=\"text-editor.default\">\n\t\t\t\t<div class=\"elementor-widget-container\">\n\t\t\t\t\t\t\t<p style=\"line-height: 19px; text-align: left;\" data-testid=\"PslL2SNZnby-oSAAmzssP\"><strong>PACO KON\u00c9 &#8211; 17h30, Escale 1<\/strong><\/p><p><a href=\"https:\/\/collectifmdm-idf.org\/paco_kone\/\">Paco Kon\u00e9<\/a> vit toutes ses exp\u00e9riences intens\u00e9ment. Il vous les livre sur sc\u00e8ne \u00e0 c\u0153ur ouvert. Musicien depuis la nuit des temps \u00e0 travers ses anc\u00eatres, griots ! Sa musique est toujours \u00e0 porter de main, instruments ou machines, elle se charge de toutes ses rencontres d\u2019\u00e9lectron libre, rencontre de bars, rencontre de sc\u00e8nes, rencontre du quotidien\u2026 A Paris, \u00e0 Ouaga ou ailleurs, pr\u00e9sent au monde, il communique la vie\u2026Une sensibilit\u00e9 \u00e0 fleur de peau qui se traduit dans une voix indompt\u00e9e, douce et d\u00e9chirante sur des rythmes maitris\u00e9s qui vont balayer la plan\u00e8te musicale dans les grandes largeurs\u2026<br \/>A \u00e9couter avec attention, au-del\u00e0 de votre envie de bouger\u2026 mais bougez ! bougez ! sans mod\u00e9ration<\/p>\t\t\t\t\t\t<\/div>\n\t\t\t\t<\/div>\n\t\t\t\t\t<\/div>\n\t\t<\/div>\n\t\t\t\t<div class=\"elementor-column elementor-col-50 elementor-top-column elementor-element elementor-element-74ca3a6\" data-id=\"74ca3a6\" data-element_type=\"column\">\n\t\t\t<div class=\"elementor-widget-wrap elementor-element-populated\">\n\t\t\t\t\t\t<div class=\"elementor-element elementor-element-e296aa2 elementor-widget elementor-widget-image\" data-id=\"e296aa2\" data-element_type=\"widget\" data-widget_type=\"image.default\">\n\t\t\t\t<div class=\"elementor-widget-container\">\n\t\t\t\t\t\t\t\t\t\t\t\t\t\t<a href=\"https:\/\/collectifmdm-idf.org\/paco_kone\/\">\n\t\t\t\t\t\t\t<img loading=\"lazy\" decoding=\"async\" width=\"1365\" height=\"1365\" src=\"https:\/\/collectifmdm-idf.org\/annuaire5\/wp-content\/uploads\/2024\/06\/Paco-Kone.jpg\" class=\"attachment-full size-full wp-image-15138\" alt=\"\" srcset=\"https:\/\/collectifmdm-idf.org\/annuaire5\/wp-content\/uploads\/2024\/06\/Paco-Kone.jpg 1365w, https:\/\/collectifmdm-idf.org\/annuaire5\/wp-content\/uploads\/2024\/06\/Paco-Kone-300x300.jpg 300w, https:\/\/collectifmdm-idf.org\/annuaire5\/wp-content\/uploads\/2024\/06\/Paco-Kone-1024x1024.jpg 1024w, https:\/\/collectifmdm-idf.org\/annuaire5\/wp-content\/uploads\/2024\/06\/Paco-Kone-150x150.jpg 150w, https:\/\/collectifmdm-idf.org\/annuaire5\/wp-content\/uploads\/2024\/06\/Paco-Kone-768x768.jpg 768w, https:\/\/collectifmdm-idf.org\/annuaire5\/wp-content\/uploads\/2024\/06\/Paco-Kone-600x600.jpg 600w\" sizes=\"(max-width: 1365px) 100vw, 1365px\" title=\"\" \/>\t\t\t\t\t\t\t\t<\/a>\n\t\t\t\t\t\t\t\t\t\t\t\t\t<\/div>\n\t\t\t\t<\/div>\n\t\t\t\t\t<\/div>\n\t\t<\/div>\n\t\t\t\t\t<\/div>\n\t\t<\/section>\n\t\t\t\t<section class=\"elementor-section elementor-top-section elementor-element elementor-element-e7cffa2 elementor-section-boxed elementor-section-height-default elementor-section-height-default\" data-id=\"e7cffa2\" data-element_type=\"section\">\n\t\t\t\t\t\t<div class=\"elementor-container elementor-column-gap-default\">\n\t\t\t\t\t<div class=\"elementor-column elementor-col-100 elementor-top-column elementor-element elementor-element-5339a07\" data-id=\"5339a07\" data-element_type=\"column\">\n\t\t\t<div class=\"elementor-widget-wrap elementor-element-populated\">\n\t\t\t\t\t\t<div class=\"elementor-element elementor-element-306e86c elementor-widget elementor-widget-spacer\" data-id=\"306e86c\" data-element_type=\"widget\" data-widget_type=\"spacer.default\">\n\t\t\t\t<div class=\"elementor-widget-container\">\n\t\t\t\t\t<div class=\"elementor-spacer\">\n\t\t\t<div class=\"elementor-spacer-inner\"><\/div>\n\t\t<\/div>\n\t\t\t\t<\/div>\n\t\t\t\t<\/div>\n\t\t\t\t\t<\/div>\n\t\t<\/div>\n\t\t\t\t\t<\/div>\n\t\t<\/section>\n\t\t\t\t<section class=\"elementor-section elementor-top-section elementor-element elementor-element-76bd055 elementor-section-boxed elementor-section-height-default elementor-section-height-default\" data-id=\"76bd055\" data-element_type=\"section\">\n\t\t\t\t\t\t<div class=\"elementor-container elementor-column-gap-default\">\n\t\t\t\t\t<div class=\"elementor-column elementor-col-50 elementor-top-column elementor-element elementor-element-f3a736a\" data-id=\"f3a736a\" data-element_type=\"column\">\n\t\t\t<div class=\"elementor-widget-wrap elementor-element-populated\">\n\t\t\t\t\t\t<div class=\"elementor-element elementor-element-f6df82c elementor-widget elementor-widget-image\" data-id=\"f6df82c\" data-element_type=\"widget\" data-widget_type=\"image.default\">\n\t\t\t\t<div class=\"elementor-widget-container\">\n\t\t\t\t\t\t\t\t\t\t\t\t\t\t<a href=\"https:\/\/collectifmdm-idf.org\/projet-artistique\/paris-kinshasa-express\/\">\n\t\t\t\t\t\t\t<img loading=\"lazy\" decoding=\"async\" width=\"640\" height=\"640\" src=\"https:\/\/collectifmdm-idf.org\/annuaire5\/wp-content\/uploads\/2024\/06\/PKE.jpg\" class=\"attachment-large size-large wp-image-15139\" alt=\"\" srcset=\"https:\/\/collectifmdm-idf.org\/annuaire5\/wp-content\/uploads\/2024\/06\/PKE.jpg 800w, https:\/\/collectifmdm-idf.org\/annuaire5\/wp-content\/uploads\/2024\/06\/PKE-300x300.jpg 300w, https:\/\/collectifmdm-idf.org\/annuaire5\/wp-content\/uploads\/2024\/06\/PKE-150x150.jpg 150w, https:\/\/collectifmdm-idf.org\/annuaire5\/wp-content\/uploads\/2024\/06\/PKE-768x768.jpg 768w, https:\/\/collectifmdm-idf.org\/annuaire5\/wp-content\/uploads\/2024\/06\/PKE-600x600.jpg 600w\" sizes=\"(max-width: 640px) 100vw, 640px\" title=\"\" \/>\t\t\t\t\t\t\t\t<\/a>\n\t\t\t\t\t\t\t\t\t\t\t\t\t<\/div>\n\t\t\t\t<\/div>\n\t\t\t\t\t<\/div>\n\t\t<\/div>\n\t\t\t\t<div class=\"elementor-column elementor-col-50 elementor-top-column elementor-element elementor-element-8eb20ee\" data-id=\"8eb20ee\" data-element_type=\"column\">\n\t\t\t<div class=\"elementor-widget-wrap elementor-element-populated\">\n\t\t\t\t\t\t<div class=\"elementor-element elementor-element-8fddcab elementor-widget__width-initial elementor-widget elementor-widget-text-editor\" data-id=\"8fddcab\" data-element_type=\"widget\" data-widget_type=\"text-editor.default\">\n\t\t\t\t<div class=\"elementor-widget-container\">\n\t\t\t\t\t\t\t<p style=\"line-height: 19px; text-align: left;\" data-testid=\"PslL2SNZnby-oSAAmzssP\"><strong>PARIS KINSHASA EXPRESS &#8211; 20h, Escale 1<\/strong><\/p><p style=\"line-height: 19px; text-align: left;\" data-testid=\"PslL2SNZnby-oSAAmzssP\">\u201cLe CONGO GROOVE sauce fran\u00e7aise \u201c<\/p><p>Initi\u00e9 par le musicien Patrick Mund\u00e9l\u00e9 et la danseuse Mama C\u00e9cilia, le <a href=\"https:\/\/collectifmdm-idf.org\/paris_kinshasa_express\/\">PKE<\/a> diffuse son \u00e9nergique \u201cCongo Groove\u201d, motiv\u00e9 par ce besoin de cr\u00e9er des ponts artistiques et culturels. <br \/>Musiques chaloup\u00e9es du bassin congolais revisit\u00e9es, voix harmonis\u00e9es, textes imag\u00e9s m\u00ealant d\u00e9rision et gravit\u00e9 en lingala et en fran\u00e7ais: le style unique et m\u00e9tiss\u00e9 du PKE d\u00e9lie les corps mais n\u2019a de cesse d\u2019\u00e9mouvoir et d\u2019interroger les esprits\u2026 Attention le voyage pourrait secouer un peu !\u00a0<\/p>\t\t\t\t\t\t<\/div>\n\t\t\t\t<\/div>\n\t\t\t\t\t<\/div>\n\t\t<\/div>\n\t\t\t\t\t<\/div>\n\t\t<\/section>\n\t\t\t\t<section class=\"elementor-section elementor-top-section elementor-element elementor-element-94bb885 elementor-section-boxed elementor-section-height-default elementor-section-height-default\" data-id=\"94bb885\" data-element_type=\"section\">\n\t\t\t\t\t\t<div class=\"elementor-container elementor-column-gap-default\">\n\t\t\t\t\t<div class=\"elementor-column elementor-col-100 elementor-top-column elementor-element elementor-element-6eb9c1a\" data-id=\"6eb9c1a\" data-element_type=\"column\">\n\t\t\t<div class=\"elementor-widget-wrap elementor-element-populated\">\n\t\t\t\t\t\t<div class=\"elementor-element elementor-element-9bb03ac elementor-widget elementor-widget-spacer\" data-id=\"9bb03ac\" data-element_type=\"widget\" data-widget_type=\"spacer.default\">\n\t\t\t\t<div class=\"elementor-widget-container\">\n\t\t\t\t\t<div class=\"elementor-spacer\">\n\t\t\t<div class=\"elementor-spacer-inner\"><\/div>\n\t\t<\/div>\n\t\t\t\t<\/div>\n\t\t\t\t<\/div>\n\t\t\t\t\t<\/div>\n\t\t<\/div>\n\t\t\t\t\t<\/div>\n\t\t<\/section>\n\t\t\t\t<section class=\"elementor-section elementor-top-section elementor-element elementor-element-4f5807d elementor-section-boxed elementor-section-height-default elementor-section-height-default\" data-id=\"4f5807d\" data-element_type=\"section\">\n\t\t\t\t\t\t<div class=\"elementor-container elementor-column-gap-default\">\n\t\t\t\t\t<div class=\"elementor-column elementor-col-50 elementor-top-column elementor-element elementor-element-b1cf2ab\" data-id=\"b1cf2ab\" data-element_type=\"column\">\n\t\t\t<div class=\"elementor-widget-wrap elementor-element-populated\">\n\t\t\t\t\t\t<div class=\"elementor-element elementor-element-4fad8be elementor-widget__width-initial elementor-widget elementor-widget-text-editor\" data-id=\"4fad8be\" data-element_type=\"widget\" data-widget_type=\"text-editor.default\">\n\t\t\t\t<div class=\"elementor-widget-container\">\n\t\t\t\t\t\t\t<p style=\"line-height: 19px; text-align: left;\" data-testid=\"PslL2SNZnby-oSAAmzssP\"><strong>AMZIK &#8211; 21h30, Escale 1<\/strong><\/p><p><a href=\"https:\/\/collectifmdm-idf.org\/projet-artistique\/amzik\/\">AmZik<\/a>, est un groupe de musique et d\u2019expression kabyle qui a \u00e9t\u00e9 cr\u00e9\u00e9 par deux fr\u00e8res jumeaux Nonor et Karim Belkadi et un musicien Khireddine Kati. Leurs premiers pas prend le d\u00e9but en kabylie sous l\u2019inspiration des chansons de Idir, Slimane Azem, Matoub Loun\u00e8s, tout en s\u2019ouvrant sur les musicalit\u00e9s du monde. Entre musique traditionnelle et nouvelles sonorit\u00e9s, le style de musique d\u2019Amzik (compos\u00e9 de AM- \u201ccomme\u201d et -ZIK \u201cavant, litt\u00e9ralement traduit \u201ccomme avant\u201d) cherche \u00e0 s\u2019ouvrir \u00e0 d\u2019autres influences, dans le but de lier les musiques de leurs racines et d\u2019ailleurs.<\/p>\t\t\t\t\t\t<\/div>\n\t\t\t\t<\/div>\n\t\t\t\t\t<\/div>\n\t\t<\/div>\n\t\t\t\t<div class=\"elementor-column elementor-col-50 elementor-top-column elementor-element elementor-element-6ab99bd\" data-id=\"6ab99bd\" data-element_type=\"column\">\n\t\t\t<div class=\"elementor-widget-wrap elementor-element-populated\">\n\t\t\t\t\t\t<div class=\"elementor-element elementor-element-b2f2247 elementor-widget elementor-widget-image\" data-id=\"b2f2247\" data-element_type=\"widget\" data-widget_type=\"image.default\">\n\t\t\t\t<div class=\"elementor-widget-container\">\n\t\t\t\t\t\t\t\t\t\t\t\t\t\t<a href=\"https:\/\/collectifmdm-idf.org\/projet-artistique\/amzik\/\">\n\t\t\t\t\t\t\t<img loading=\"lazy\" decoding=\"async\" width=\"640\" height=\"640\" src=\"https:\/\/collectifmdm-idf.org\/annuaire5\/wp-content\/uploads\/2024\/06\/AmZik.jpg\" class=\"attachment-large size-large wp-image-15132\" alt=\"\" srcset=\"https:\/\/collectifmdm-idf.org\/annuaire5\/wp-content\/uploads\/2024\/06\/AmZik.jpg 769w, https:\/\/collectifmdm-idf.org\/annuaire5\/wp-content\/uploads\/2024\/06\/AmZik-300x300.jpg 300w, https:\/\/collectifmdm-idf.org\/annuaire5\/wp-content\/uploads\/2024\/06\/AmZik-150x150.jpg 150w, https:\/\/collectifmdm-idf.org\/annuaire5\/wp-content\/uploads\/2024\/06\/AmZik-600x600.jpg 600w\" sizes=\"(max-width: 640px) 100vw, 640px\" title=\"\" \/>\t\t\t\t\t\t\t\t<\/a>\n\t\t\t\t\t\t\t\t\t\t\t\t\t<\/div>\n\t\t\t\t<\/div>\n\t\t\t\t\t<\/div>\n\t\t<\/div>\n\t\t\t\t\t<\/div>\n\t\t<\/section>\n\t\t\t\t<section class=\"elementor-section elementor-top-section elementor-element elementor-element-f37e2c5 elementor-section-boxed elementor-section-height-default elementor-section-height-default\" data-id=\"f37e2c5\" data-element_type=\"section\">\n\t\t\t\t\t\t<div class=\"elementor-container elementor-column-gap-default\">\n\t\t\t\t\t<div class=\"elementor-column elementor-col-100 elementor-top-column elementor-element elementor-element-2578871\" data-id=\"2578871\" data-element_type=\"column\">\n\t\t\t<div class=\"elementor-widget-wrap elementor-element-populated\">\n\t\t\t\t\t\t<div class=\"elementor-element elementor-element-88d0f2b elementor-widget elementor-widget-spacer\" data-id=\"88d0f2b\" data-element_type=\"widget\" data-widget_type=\"spacer.default\">\n\t\t\t\t<div class=\"elementor-widget-container\">\n\t\t\t\t\t<div class=\"elementor-spacer\">\n\t\t\t<div class=\"elementor-spacer-inner\"><\/div>\n\t\t<\/div>\n\t\t\t\t<\/div>\n\t\t\t\t<\/div>\n\t\t\t\t\t<\/div>\n\t\t<\/div>\n\t\t\t\t\t<\/div>\n\t\t<\/section>\n\t\t\t\t<section class=\"elementor-section elementor-top-section elementor-element elementor-element-eea7de8 elementor-section-boxed elementor-section-height-default elementor-section-height-default\" data-id=\"eea7de8\" data-element_type=\"section\">\n\t\t\t\t\t\t<div class=\"elementor-container elementor-column-gap-default\">\n\t\t\t\t\t<div class=\"elementor-column elementor-col-50 elementor-top-column elementor-element elementor-element-d7e652a\" data-id=\"d7e652a\" data-element_type=\"column\">\n\t\t\t<div class=\"elementor-widget-wrap elementor-element-populated\">\n\t\t\t\t\t\t<div class=\"elementor-element elementor-element-c72adf0 elementor-widget elementor-widget-image\" data-id=\"c72adf0\" data-element_type=\"widget\" data-widget_type=\"image.default\">\n\t\t\t\t<div class=\"elementor-widget-container\">\n\t\t\t\t\t\t\t\t\t\t\t\t\t<img loading=\"lazy\" decoding=\"async\" width=\"309\" height=\"309\" src=\"https:\/\/collectifmdm-idf.org\/annuaire5\/wp-content\/uploads\/2024\/06\/NGITA.jpg\" class=\"attachment-large size-large wp-image-15137\" alt=\"\" srcset=\"https:\/\/collectifmdm-idf.org\/annuaire5\/wp-content\/uploads\/2024\/06\/NGITA.jpg 309w, https:\/\/collectifmdm-idf.org\/annuaire5\/wp-content\/uploads\/2024\/06\/NGITA-300x300.jpg 300w, https:\/\/collectifmdm-idf.org\/annuaire5\/wp-content\/uploads\/2024\/06\/NGITA-150x150.jpg 150w\" sizes=\"(max-width: 309px) 100vw, 309px\" title=\"\" \/>\t\t\t\t\t\t\t\t\t\t\t\t\t<\/div>\n\t\t\t\t<\/div>\n\t\t\t\t\t<\/div>\n\t\t<\/div>\n\t\t\t\t<div class=\"elementor-column elementor-col-50 elementor-top-column elementor-element elementor-element-7633ad2\" data-id=\"7633ad2\" data-element_type=\"column\">\n\t\t\t<div class=\"elementor-widget-wrap elementor-element-populated\">\n\t\t\t\t\t\t<div class=\"elementor-element elementor-element-aaec8ba elementor-widget__width-initial elementor-widget elementor-widget-text-editor\" data-id=\"aaec8ba\" data-element_type=\"widget\" data-widget_type=\"text-editor.default\">\n\t\t\t\t<div class=\"elementor-widget-container\">\n\t\t\t\t\t\t\t<p style=\"line-height: 19px; text-align: left;\" data-testid=\"PslL2SNZnby-oSAAmzssP\"><strong>NGITA &#8211; 16h30, Escale 2<\/strong><\/p><p><a href=\"https:\/\/collectifmdm-idf.org\/projet-artistique\/ngita\/\">Ngita<\/a> et ses musiciens vous transportent dans les rythmes multiples et vari\u00e9s de Madagascar . Chaque r\u00e9gion et chacune des 18 ethnies de la Grande \u00cele, a sa musique et sonorit\u00e9 qui lui est propre . Ngita chante une fusion de ces diff\u00e9rentes cultures musicales malgaches, en un m\u00e9lange fougueux de musique traditionnelle, contemporaine et populaire de la Grande \u00cele.<br \/>Car Madagascar est un pays o\u00f9 l\u2019on chante et o\u00f9 l\u2019on joue de la musique en toutes circonstances. Les chansons de Ngita sont inspir\u00e9es du quotidien des habitants de l\u2019\u00eele , mais expriment \u00e9galement la d\u00e9fense de grandes causes, telles que la lutte contre la d\u00e9forestation et la s\u00e9cheresse, ou encore la douleur de l\u2019exil.<\/p>\t\t\t\t\t\t<\/div>\n\t\t\t\t<\/div>\n\t\t\t\t\t<\/div>\n\t\t<\/div>\n\t\t\t\t\t<\/div>\n\t\t<\/section>\n\t\t\t\t<section class=\"elementor-section elementor-top-section elementor-element elementor-element-3bbc4c3 elementor-section-boxed elementor-section-height-default elementor-section-height-default\" data-id=\"3bbc4c3\" data-element_type=\"section\">\n\t\t\t\t\t\t<div class=\"elementor-container elementor-column-gap-default\">\n\t\t\t\t\t<div class=\"elementor-column elementor-col-100 elementor-top-column elementor-element elementor-element-196a9cf\" data-id=\"196a9cf\" data-element_type=\"column\">\n\t\t\t<div class=\"elementor-widget-wrap elementor-element-populated\">\n\t\t\t\t\t\t<div class=\"elementor-element elementor-element-8d7d355 elementor-widget elementor-widget-spacer\" data-id=\"8d7d355\" data-element_type=\"widget\" data-widget_type=\"spacer.default\">\n\t\t\t\t<div class=\"elementor-widget-container\">\n\t\t\t\t\t<div class=\"elementor-spacer\">\n\t\t\t<div class=\"elementor-spacer-inner\"><\/div>\n\t\t<\/div>\n\t\t\t\t<\/div>\n\t\t\t\t<\/div>\n\t\t\t\t\t<\/div>\n\t\t<\/div>\n\t\t\t\t\t<\/div>\n\t\t<\/section>\n\t\t\t\t<section class=\"elementor-section elementor-top-section elementor-element elementor-element-972f342 elementor-section-boxed elementor-section-height-default elementor-section-height-default\" data-id=\"972f342\" data-element_type=\"section\">\n\t\t\t\t\t\t<div class=\"elementor-container elementor-column-gap-default\">\n\t\t\t\t\t<div class=\"elementor-column elementor-col-100 elementor-top-column elementor-element elementor-element-50bc86a\" data-id=\"50bc86a\" data-element_type=\"column\">\n\t\t\t<div class=\"elementor-widget-wrap elementor-element-populated\">\n\t\t\t\t\t\t<div class=\"elementor-element elementor-element-8add6e9 elementor-widget elementor-widget-spacer\" data-id=\"8add6e9\" data-element_type=\"widget\" data-widget_type=\"spacer.default\">\n\t\t\t\t<div class=\"elementor-widget-container\">\n\t\t\t\t\t<div class=\"elementor-spacer\">\n\t\t\t<div class=\"elementor-spacer-inner\"><\/div>\n\t\t<\/div>\n\t\t\t\t<\/div>\n\t\t\t\t<\/div>\n\t\t\t\t\t<\/div>\n\t\t<\/div>\n\t\t\t\t\t<\/div>\n\t\t<\/section>\n\t\t\t\t<section class=\"elementor-section elementor-top-section elementor-element elementor-element-0a5c288 elementor-section-boxed elementor-section-height-default elementor-section-height-default\" data-id=\"0a5c288\" data-element_type=\"section\">\n\t\t\t\t\t\t<div class=\"elementor-container elementor-column-gap-default\">\n\t\t\t\t\t<div class=\"elementor-column elementor-col-50 elementor-top-column elementor-element elementor-element-e96aa9a\" data-id=\"e96aa9a\" data-element_type=\"column\">\n\t\t\t<div class=\"elementor-widget-wrap elementor-element-populated\">\n\t\t\t\t\t\t<div class=\"elementor-element elementor-element-e5633d0 elementor-widget__width-initial elementor-widget elementor-widget-text-editor\" data-id=\"e5633d0\" data-element_type=\"widget\" data-widget_type=\"text-editor.default\">\n\t\t\t\t<div class=\"elementor-widget-container\">\n\t\t\t\t\t\t\t<p style=\"line-height: 19px; text-align: left;\" data-testid=\"PslL2SNZnby-oSAAmzssP\"><strong>JAPANISTAN &#8211; 16h, Escale 3<\/strong><\/p><p>Le son du rubab (luth afghan) se pr\u00eate de fa\u00e7on \u00e9tonnamment parfaite aux m\u00e9lodies venues du Japon. <a href=\"https:\/\/collectifmdm-idf.org\/kengo_saito\/\">Kengo Saito<\/a> m\u00eale son h\u00e9ritage japonais \u00e0 la musique afghane pour faire jaillir les paysages sonores hybrides de Japanistan, une cr\u00e9ation in\u00e9dite \u2018made in Paris\u2019.<br \/>Au concert, le shakuhachi, la flute traditionnelle japonaise au timbre sublime et a\u00e9rien, rejoint le son envoutant du rubab. Et la r\u00e9sonance majestueuse soutenue du daf et du tombak, les percussions persanes, compl\u00e8te la formation en trio. Cette formation atypique invite \u00e0 d\u00e9couvrir des cultures musicales originales et au voyage dans l\u2019imaginaire.<\/p>\t\t\t\t\t\t<\/div>\n\t\t\t\t<\/div>\n\t\t\t\t\t<\/div>\n\t\t<\/div>\n\t\t\t\t<div class=\"elementor-column elementor-col-50 elementor-top-column elementor-element elementor-element-be9a16c\" data-id=\"be9a16c\" data-element_type=\"column\">\n\t\t\t<div class=\"elementor-widget-wrap elementor-element-populated\">\n\t\t\t\t\t\t<div class=\"elementor-element elementor-element-dca33aa elementor-widget__width-initial elementor-widget elementor-widget-image\" data-id=\"dca33aa\" data-element_type=\"widget\" data-widget_type=\"image.default\">\n\t\t\t\t<div class=\"elementor-widget-container\">\n\t\t\t\t\t\t\t\t\t\t\t\t\t\t<a href=\"https:\/\/collectifmdm-idf.org\/projet-artistique\/kengo-saito\/\">\n\t\t\t\t\t\t\t<img loading=\"lazy\" decoding=\"async\" width=\"640\" height=\"640\" src=\"https:\/\/collectifmdm-idf.org\/annuaire5\/wp-content\/uploads\/2024\/06\/japanistan-1024x1024.jpg\" class=\"attachment-large size-large wp-image-15136\" alt=\"\" srcset=\"https:\/\/collectifmdm-idf.org\/annuaire5\/wp-content\/uploads\/2024\/06\/japanistan-1024x1024.jpg 1024w, https:\/\/collectifmdm-idf.org\/annuaire5\/wp-content\/uploads\/2024\/06\/japanistan-300x300.jpg 300w, https:\/\/collectifmdm-idf.org\/annuaire5\/wp-content\/uploads\/2024\/06\/japanistan-150x150.jpg 150w, https:\/\/collectifmdm-idf.org\/annuaire5\/wp-content\/uploads\/2024\/06\/japanistan-768x768.jpg 768w, https:\/\/collectifmdm-idf.org\/annuaire5\/wp-content\/uploads\/2024\/06\/japanistan-1536x1536.jpg 1536w, https:\/\/collectifmdm-idf.org\/annuaire5\/wp-content\/uploads\/2024\/06\/japanistan-2048x2048.jpg 2048w, https:\/\/collectifmdm-idf.org\/annuaire5\/wp-content\/uploads\/2024\/06\/japanistan-600x600.jpg 600w\" sizes=\"(max-width: 640px) 100vw, 640px\" title=\"\" \/>\t\t\t\t\t\t\t\t<\/a>\n\t\t\t\t\t\t\t\t\t\t\t\t\t<\/div>\n\t\t\t\t<\/div>\n\t\t\t\t\t<\/div>\n\t\t<\/div>\n\t\t\t\t\t<\/div>\n\t\t<\/section>\n\t\t\t\t<section class=\"elementor-section elementor-top-section elementor-element elementor-element-13622ba elementor-section-boxed elementor-section-height-default elementor-section-height-default\" data-id=\"13622ba\" data-element_type=\"section\">\n\t\t\t\t\t\t<div class=\"elementor-container elementor-column-gap-default\">\n\t\t\t\t\t<div class=\"elementor-column elementor-col-100 elementor-top-column elementor-element elementor-element-49280b6\" data-id=\"49280b6\" data-element_type=\"column\">\n\t\t\t<div class=\"elementor-widget-wrap elementor-element-populated\">\n\t\t\t\t\t\t<div class=\"elementor-element elementor-element-329762d elementor-widget elementor-widget-spacer\" data-id=\"329762d\" data-element_type=\"widget\" data-widget_type=\"spacer.default\">\n\t\t\t\t<div class=\"elementor-widget-container\">\n\t\t\t\t\t<div class=\"elementor-spacer\">\n\t\t\t<div class=\"elementor-spacer-inner\"><\/div>\n\t\t<\/div>\n\t\t\t\t<\/div>\n\t\t\t\t<\/div>\n\t\t\t\t\t<\/div>\n\t\t<\/div>\n\t\t\t\t\t<\/div>\n\t\t<\/section>\n\t\t\t\t<section class=\"elementor-section elementor-top-section elementor-element elementor-element-f115590 elementor-section-boxed elementor-section-height-default elementor-section-height-default\" data-id=\"f115590\" data-element_type=\"section\">\n\t\t\t\t\t\t<div class=\"elementor-container elementor-column-gap-default\">\n\t\t\t\t\t<div class=\"elementor-column elementor-col-50 elementor-top-column elementor-element elementor-element-3705704\" data-id=\"3705704\" data-element_type=\"column\">\n\t\t\t<div class=\"elementor-widget-wrap elementor-element-populated\">\n\t\t\t\t\t\t<div class=\"elementor-element elementor-element-b0f4a0e elementor-widget elementor-widget-image\" data-id=\"b0f4a0e\" data-element_type=\"widget\" data-widget_type=\"image.default\">\n\t\t\t\t<div class=\"elementor-widget-container\">\n\t\t\t\t\t\t\t\t\t\t\t\t\t\t<a href=\"https:\/\/collectifmdm-idf.org\/projet-artistique\/azahar\/\">\n\t\t\t\t\t\t\t<img loading=\"lazy\" decoding=\"async\" width=\"640\" height=\"640\" src=\"https:\/\/collectifmdm-idf.org\/annuaire5\/wp-content\/uploads\/2024\/06\/Azahar-768x768.jpg\" class=\"attachment-medium_large size-medium_large wp-image-15141\" alt=\"\" srcset=\"https:\/\/collectifmdm-idf.org\/annuaire5\/wp-content\/uploads\/2024\/06\/Azahar-768x768.jpg 768w, https:\/\/collectifmdm-idf.org\/annuaire5\/wp-content\/uploads\/2024\/06\/Azahar-300x300.jpg 300w, https:\/\/collectifmdm-idf.org\/annuaire5\/wp-content\/uploads\/2024\/06\/Azahar-1024x1024.jpg 1024w, https:\/\/collectifmdm-idf.org\/annuaire5\/wp-content\/uploads\/2024\/06\/Azahar-150x150.jpg 150w, https:\/\/collectifmdm-idf.org\/annuaire5\/wp-content\/uploads\/2024\/06\/Azahar-1536x1536.jpg 1536w, https:\/\/collectifmdm-idf.org\/annuaire5\/wp-content\/uploads\/2024\/06\/Azahar-2048x2048.jpg 2048w, https:\/\/collectifmdm-idf.org\/annuaire5\/wp-content\/uploads\/2024\/06\/Azahar-600x600.jpg 600w\" sizes=\"(max-width: 640px) 100vw, 640px\" title=\"\" \/>\t\t\t\t\t\t\t\t<\/a>\n\t\t\t\t\t\t\t\t\t\t\t\t\t<\/div>\n\t\t\t\t<\/div>\n\t\t\t\t\t<\/div>\n\t\t<\/div>\n\t\t\t\t<div class=\"elementor-column elementor-col-50 elementor-top-column elementor-element elementor-element-ca0a649\" data-id=\"ca0a649\" data-element_type=\"column\">\n\t\t\t<div class=\"elementor-widget-wrap elementor-element-populated\">\n\t\t\t\t\t\t<div class=\"elementor-element elementor-element-d75b6bf elementor-widget__width-initial elementor-widget elementor-widget-text-editor\" data-id=\"d75b6bf\" data-element_type=\"widget\" data-widget_type=\"text-editor.default\">\n\t\t\t\t<div class=\"elementor-widget-container\">\n\t\t\t\t\t\t\t<p style=\"line-height: 19px; text-align: left;\" data-testid=\"PslL2SNZnby-oSAAmzssP\"><strong>AZAHAR &#8211; 19h, Escale 3<\/strong><\/p><p>De la Cueca Chilienne, aux rythmes Afro-Colombiens, en passant par les Valses P\u00e9ruviennes et le Son Jarocho Mexicain, ces musicien.e.s passion\u00e9.e.s de musiques traditionnelles interpr\u00eatent compositions et airs populaires, en jouant de leurs diff\u00e9rentes influences. La po\u00e9sie des textes d&#8217;<a href=\"https:\/\/collectifmdm-idf.org\/projet-artistique\/azahar\/\">Azahar<\/a>, port\u00e9s par des voix puissantes et des rythmes chaleureux, vous entra\u00eeneront dans la danse !<\/p>\t\t\t\t\t\t<\/div>\n\t\t\t\t<\/div>\n\t\t\t\t\t<\/div>\n\t\t<\/div>\n\t\t\t\t\t<\/div>\n\t\t<\/section>\n\t\t\t\t<section class=\"elementor-section elementor-top-section elementor-element elementor-element-a78d609 elementor-section-boxed elementor-section-height-default elementor-section-height-default\" data-id=\"a78d609\" data-element_type=\"section\">\n\t\t\t\t\t\t<div class=\"elementor-container elementor-column-gap-default\">\n\t\t\t\t\t<div class=\"elementor-column elementor-col-100 elementor-top-column elementor-element elementor-element-1a44372\" data-id=\"1a44372\" data-element_type=\"column\">\n\t\t\t<div class=\"elementor-widget-wrap elementor-element-populated\">\n\t\t\t\t\t\t<div class=\"elementor-element elementor-element-6d0489a elementor-widget elementor-widget-spacer\" data-id=\"6d0489a\" data-element_type=\"widget\" data-widget_type=\"spacer.default\">\n\t\t\t\t<div class=\"elementor-widget-container\">\n\t\t\t\t\t<div class=\"elementor-spacer\">\n\t\t\t<div class=\"elementor-spacer-inner\"><\/div>\n\t\t<\/div>\n\t\t\t\t<\/div>\n\t\t\t\t<\/div>\n\t\t\t\t\t<\/div>\n\t\t<\/div>\n\t\t\t\t\t<\/div>\n\t\t<\/section>\n\t\t\t\t<section class=\"elementor-section elementor-top-section elementor-element elementor-element-685598c elementor-section-boxed elementor-section-height-default elementor-section-height-default\" data-id=\"685598c\" data-element_type=\"section\">\n\t\t\t\t\t\t<div class=\"elementor-container elementor-column-gap-default\">\n\t\t\t\t\t<div class=\"elementor-column elementor-col-100 elementor-top-column elementor-element elementor-element-b6ed9c4\" data-id=\"b6ed9c4\" data-element_type=\"column\">\n\t\t\t<div class=\"elementor-widget-wrap elementor-element-populated\">\n\t\t\t\t\t\t<div class=\"elementor-element elementor-element-72944a9 elementor-widget-divider--view-line elementor-widget elementor-widget-divider\" data-id=\"72944a9\" data-element_type=\"widget\" data-widget_type=\"divider.default\">\n\t\t\t\t<div class=\"elementor-widget-container\">\n\t\t\t\t\t<div class=\"elementor-divider\">\n\t\t\t<span class=\"elementor-divider-separator\">\n\t\t\t\t\t\t<\/span>\n\t\t<\/div>\n\t\t\t\t<\/div>\n\t\t\t\t<\/div>\n\t\t\t\t\t<\/div>\n\t\t<\/div>\n\t\t\t\t\t<\/div>\n\t\t<\/section>\n\t\t\t\t<section class=\"elementor-section elementor-top-section elementor-element elementor-element-0ecf5b4 elementor-section-boxed elementor-section-height-default elementor-section-height-default\" data-id=\"0ecf5b4\" data-element_type=\"section\">\n\t\t\t\t\t\t<div class=\"elementor-container elementor-column-gap-default\">\n\t\t\t\t\t<div class=\"elementor-column elementor-col-100 elementor-top-column elementor-element elementor-element-1e65379\" data-id=\"1e65379\" data-element_type=\"column\">\n\t\t\t<div class=\"elementor-widget-wrap elementor-element-populated\">\n\t\t\t\t\t\t<div class=\"elementor-element elementor-element-ccd263b elementor-widget elementor-widget-text-editor\" data-id=\"ccd263b\" data-element_type=\"widget\" data-widget_type=\"text-editor.default\">\n\t\t\t\t<div class=\"elementor-widget-container\">\n\t\t\t\t\t\t\t<h2 style=\"text-align: center;\">INFORMATIONS PRATIQUES<\/h2>\t\t\t\t\t\t<\/div>\n\t\t\t\t<\/div>\n\t\t\t\t\t<\/div>\n\t\t<\/div>\n\t\t\t\t\t<\/div>\n\t\t<\/section>\n\t\t\t\t<section class=\"elementor-section elementor-top-section elementor-element elementor-element-9dc6c27 elementor-section-boxed elementor-section-height-default elementor-section-height-default\" data-id=\"9dc6c27\" data-element_type=\"section\">\n\t\t\t\t\t\t<div class=\"elementor-container elementor-column-gap-default\">\n\t\t\t\t\t<div class=\"elementor-column elementor-col-100 elementor-top-column elementor-element elementor-element-b5f4188\" data-id=\"b5f4188\" data-element_type=\"column\">\n\t\t\t<div class=\"elementor-widget-wrap elementor-element-populated\">\n\t\t\t\t\t\t<div class=\"elementor-element elementor-element-df8a613 elementor-widget__width-initial elementor-widget elementor-widget-text-editor\" data-id=\"df8a613\" data-element_type=\"widget\" data-widget_type=\"text-editor.default\">\n\t\t\t\t<div class=\"elementor-widget-container\">\n\t\t\t\t\t\t\t<p style=\"text-align: center;\">Samedi 29 juin &#8211; 14h \u00e0 minuit<br \/><b>Sur le quai Jacques-Bourgoin, 91100 Corbeil &#8211; Essonnes.<\/b><\/p>\t\t\t\t\t\t<\/div>\n\t\t\t\t<\/div>\n\t\t\t\t\t<\/div>\n\t\t<\/div>\n\t\t\t\t\t<\/div>\n\t\t<\/section>\n\t\t\t\t<\/div>\n\t\t","protected":false},"excerpt":{"rendered":"<p>Festival Les Guinguettes Du Monde \u00c0 Corbeil &#8211; Essonnes, samedi 29 juin La 4\u00e8me \u00e9dition des Guinguettes du monde,\u00a0un \u00e9v\u00e9nement unique pour les d\u00e9couvertes culturelles ! Dans le cadre de la 4\u00e8me \u00e9dition du Festival Les Guinguettes du Monde \u00e0 Corbeil, le<\/p>\n<p class=\"link-more\"><a class=\"myButt \" href=\"https:\/\/collectifmdm-idf.org\/annuaire5\/les-guinguettes-du-monde\/\">EN SAVOIR +<\/a><\/p>\n","protected":false},"author":1,"featured_media":15243,"comment_status":"open","ping_status":"open","sticky":false,"template":"elementor_header_footer","format":"standard","meta":{"_rtcl_gb_attr":"","footnotes":""},"categories":[288,8,15,6,292,9],"tags":[],"class_list":["post-14985","post","type-post","status-publish","format-standard","has-post-thumbnail","hentry","category-artistes","category-danse","category-evenement","category-festival","category-ile-de-france","category-rencontres"],"_links":{"self":[{"href":"https:\/\/collectifmdm-idf.org\/annuaire5\/wp-json\/wp\/v2\/posts\/14985","targetHints":{"allow":["GET"]}}],"collection":[{"href":"https:\/\/collectifmdm-idf.org\/annuaire5\/wp-json\/wp\/v2\/posts"}],"about":[{"href":"https:\/\/collectifmdm-idf.org\/annuaire5\/wp-json\/wp\/v2\/types\/post"}],"author":[{"embeddable":true,"href":"https:\/\/collectifmdm-idf.org\/annuaire5\/wp-json\/wp\/v2\/users\/1"}],"replies":[{"embeddable":true,"href":"https:\/\/collectifmdm-idf.org\/annuaire5\/wp-json\/wp\/v2\/comments?post=14985"}],"version-history":[{"count":119,"href":"https:\/\/collectifmdm-idf.org\/annuaire5\/wp-json\/wp\/v2\/posts\/14985\/revisions"}],"predecessor-version":[{"id":15478,"href":"https:\/\/collectifmdm-idf.org\/annuaire5\/wp-json\/wp\/v2\/posts\/14985\/revisions\/15478"}],"wp:featuredmedia":[{"embeddable":true,"href":"https:\/\/collectifmdm-idf.org\/annuaire5\/wp-json\/wp\/v2\/media\/15243"}],"wp:attachment":[{"href":"https:\/\/collectifmdm-idf.org\/annuaire5\/wp-json\/wp\/v2\/media?parent=14985"}],"wp:term":[{"taxonomy":"category","embeddable":true,"href":"https:\/\/collectifmdm-idf.org\/annuaire5\/wp-json\/wp\/v2\/categories?post=14985"},{"taxonomy":"post_tag","embeddable":true,"href":"https:\/\/collectifmdm-idf.org\/annuaire5\/wp-json\/wp\/v2\/tags?post=14985"}],"curies":[{"name":"wp","href":"https:\/\/api.w.org\/{rel}","templated":true}]}}