{"id":1493,"date":"2021-01-30T15:14:54","date_gmt":"2021-01-30T14:14:54","guid":{"rendered":"http:\/\/collectifmdm-idf.org\/?p=1493"},"modified":"2021-02-10T18:18:24","modified_gmt":"2021-02-10T17:18:24","slug":"festival-au-fil-des-voix-14eme-edition-du-1er-au-12-fevrier-2021-en-numerique","status":"publish","type":"post","link":"https:\/\/collectifmdm-idf.org\/annuaire5\/festival-au-fil-des-voix-14eme-edition-du-1er-au-12-fevrier-2021-en-numerique\/","title":{"rendered":"Festival Au Fil des Voix &#8211; 14\u00e8me \u00e9dition &#8211; du 15 au 28 f\u00e9vrier 2021 &#8211; \u00c9DITION NUM\u00c9RIQUE"},"content":{"rendered":"\n<h2 class=\"wp-block-heading\"><\/h2>\n\n\n\n<p class=\"has-medium-font-size\"><strong>Festival Au Fil des Voix &#8211; 14\u00e8me \u00e9dition<\/strong><\/p>\n\n\n\n<p class=\"has-medium-font-size\">2021, UNE \u00c9DITION NUM\u00c9RIQUE : POUR LES ARTISTES, POUR LES PROFESSIONNELS, POUR LE PUBLIC, POUR LA CULTURE, LE FESTIVAL AU FIL DES VOIX VOUS DONNE RENDEZ-VOUS !<\/p>\n\n\n\n<p class=\"has-medium-font-size\"><strong>Comme chaque ann\u00e9e, le Festival Au Fil des Voix vous donne rendez-vous avec des artistes parmi les plus talentueux, venus des quatre coins du monde.<\/strong><\/p>\n\n\n\n<h2 class=\"wp-block-heading\"><\/h2>\n\n\n\n<div class=\"wp-block-image\"><figure class=\"aligncenter size-large\"><img fetchpriority=\"high\" decoding=\"async\" width=\"724\" height=\"1024\" src=\"https:\/\/collectifmdm-idf.org\/wp-content\/uploads\/2021\/02\/Aufildesvoix-2020-en-STREAMING-724x1024.jpg\" alt=\"\" class=\"wp-image-1523\" srcset=\"https:\/\/collectifmdm-idf.org\/annuaire5\/wp-content\/uploads\/2021\/02\/Aufildesvoix-2020-en-STREAMING-724x1024.jpg 724w, https:\/\/collectifmdm-idf.org\/annuaire5\/wp-content\/uploads\/2021\/02\/Aufildesvoix-2020-en-STREAMING-212x300.jpg 212w, https:\/\/collectifmdm-idf.org\/annuaire5\/wp-content\/uploads\/2021\/02\/Aufildesvoix-2020-en-STREAMING-768x1086.jpg 768w, https:\/\/collectifmdm-idf.org\/annuaire5\/wp-content\/uploads\/2021\/02\/Aufildesvoix-2020-en-STREAMING-1086x1536.jpg 1086w, https:\/\/collectifmdm-idf.org\/annuaire5\/wp-content\/uploads\/2021\/02\/Aufildesvoix-2020-en-STREAMING.jpg 1240w\" sizes=\"(max-width: 724px) 100vw, 724px\" \/><\/figure><\/div>\n\n\n\n<p class=\"has-medium-font-size\">L\u2019\u00e9dition 2021 se tiendra exceptionnellement en ligne. Pour l\u2019\u00e9quipe d\u2019<strong>Au Fil des&nbsp;Voix<\/strong>, il n\u2019\u00e9tait pas question d\u2019annuler l\u2019\u00e9v\u00e9nement. Dans ce contexte si difficile o\u00f9 la&nbsp;reprise de la vie culturelle est syst\u00e9matiquement report\u00e9e au lendemain, nous avons&nbsp;choisi, depuis le d\u00e9but de l\u2019\u00e9pid\u00e9mie de prendre le parti d\u2019une adaptation&nbsp;dynamique pour faire vivre la culture. Ces artistes et musiciens ont consacr\u00e9 leur&nbsp;temps, leur talent et leur \u00e9nergie \u00e0 ce floril\u00e8ge de projets sc\u00e9niques et&nbsp;discographiques in\u00e9dits. Ils attendent depuis trop longtemps de les partager au&nbsp;public et aux professionnels. En faisant ce choix, en leur offrant une sc\u00e8ne, en nous&nbsp;r\u00e9inventant, nous soulignons l\u2019importance de la cr\u00e9ation et de l\u2019expression artistique,&nbsp;mais aussi du lien entre les artistes et le public.<\/p>\n\n\n\n<p class=\"has-medium-font-size\">L\u2019exp\u00e9rience restera extraordinaire : tout est mis en place pour que le public puisse&nbsp;profiter des performances programm\u00e9es au <strong>360 Paris Music Factory<\/strong> depuis chez lui.&nbsp;T<strong>ous les concerts seront ainsi capt\u00e9s sur un plateau de pr\u00e8s de 100m2 en haute&nbsp;qualit\u00e9 par six cam\u00e9ras sous le regard d\u2019un r\u00e9alisateur<\/strong> en pr\u00e9sence de quelques journalistes et programmateurs invit\u00e9s.<\/p>\n\n\n\n<p class=\"has-text-align-right has-medium-font-size\"><strong>Sa\u00efd ASSADI<\/strong>, Fondateur<\/p>\n\n\n\n<p class=\"has-text-align-center has-medium-font-size\"><strong><a href=\"https:\/\/www.aufildesvoix.com\/fr\/programme\" target=\"_blank\" rel=\"noreferrer noopener\">RETROUVEZ LA PROGRAMMATION ICI <\/a><\/strong><\/p>\n\n\n\n<p class=\"has-medium-font-size\"><strong>Tous les concerts seront diffus\u00e9s en f\u00e9vrier sur diff\u00e9rentes plateformes, dont toutes les informations seront \u00e0 retrouver sur les sites <\/strong><\/p>\n\n\n\n<p class=\"has-medium-font-size\"><strong>du 360 Paris Music Factory  <a href=\"https:\/\/le360paris.com\/\" target=\"_blank\" rel=\"noreferrer noopener\">https:\/\/le360paris.com<\/a><\/strong><\/p>\n\n\n\n<p class=\"has-medium-font-size\"><strong>et Au Fil des Voix  <a href=\"https:\/\/www.aufildesvoix.com\/\" target=\"_blank\" rel=\"noreferrer noopener\">https:\/\/www.aufildesvoix.com<\/a><\/strong><\/p>\n\n\n\n<h2 class=\"wp-block-heading\"><\/h2>\n\n\n\n<p class=\"has-text-align-center has-luminous-vivid-amber-color has-text-color has-medium-font-size\"><strong>&#8212;o&#8212;<\/strong><\/p>\n\n\n\n<h2 class=\"wp-block-heading\"><\/h2>\n\n\n\n<p><\/p>\n","protected":false},"excerpt":{"rendered":"<p>Festival Au Fil des Voix &#8211; 14\u00e8me \u00e9dition 2021, UNE \u00c9DITION NUM\u00c9RIQUE : POUR LES ARTISTES, POUR LES PROFESSIONNELS, POUR LE PUBLIC, POUR LA CULTURE, LE FESTIVAL AU FIL DES VOIX VOUS DONNE RENDEZ-VOUS ! Comme chaque ann\u00e9e, le Festival Au Fil<\/p>\n<p class=\"link-more\"><a class=\"myButt \" href=\"https:\/\/collectifmdm-idf.org\/annuaire5\/festival-au-fil-des-voix-14eme-edition-du-1er-au-12-fevrier-2021-en-numerique\/\">EN SAVOIR +<\/a><\/p>\n","protected":false},"author":1,"featured_media":1494,"comment_status":"open","ping_status":"open","sticky":false,"template":"","format":"standard","meta":{"_rtcl_gb_attr":"","footnotes":""},"categories":[7,6],"tags":[],"class_list":["post-1493","post","type-post","status-publish","format-standard","has-post-thumbnail","hentry","category-concert","category-festival"],"_links":{"self":[{"href":"https:\/\/collectifmdm-idf.org\/annuaire5\/wp-json\/wp\/v2\/posts\/1493","targetHints":{"allow":["GET"]}}],"collection":[{"href":"https:\/\/collectifmdm-idf.org\/annuaire5\/wp-json\/wp\/v2\/posts"}],"about":[{"href":"https:\/\/collectifmdm-idf.org\/annuaire5\/wp-json\/wp\/v2\/types\/post"}],"author":[{"embeddable":true,"href":"https:\/\/collectifmdm-idf.org\/annuaire5\/wp-json\/wp\/v2\/users\/1"}],"replies":[{"embeddable":true,"href":"https:\/\/collectifmdm-idf.org\/annuaire5\/wp-json\/wp\/v2\/comments?post=1493"}],"version-history":[{"count":0,"href":"https:\/\/collectifmdm-idf.org\/annuaire5\/wp-json\/wp\/v2\/posts\/1493\/revisions"}],"wp:featuredmedia":[{"embeddable":true,"href":"https:\/\/collectifmdm-idf.org\/annuaire5\/wp-json\/wp\/v2\/media\/1494"}],"wp:attachment":[{"href":"https:\/\/collectifmdm-idf.org\/annuaire5\/wp-json\/wp\/v2\/media?parent=1493"}],"wp:term":[{"taxonomy":"category","embeddable":true,"href":"https:\/\/collectifmdm-idf.org\/annuaire5\/wp-json\/wp\/v2\/categories?post=1493"},{"taxonomy":"post_tag","embeddable":true,"href":"https:\/\/collectifmdm-idf.org\/annuaire5\/wp-json\/wp\/v2\/tags?post=1493"}],"curies":[{"name":"wp","href":"https:\/\/api.w.org\/{rel}","templated":true}]}}