{"id":14745,"date":"2024-04-19T16:29:30","date_gmt":"2024-04-19T14:29:30","guid":{"rendered":"https:\/\/collectifmdm-idf.org\/?p=14745"},"modified":"2024-05-23T13:09:03","modified_gmt":"2024-05-23T11:09:03","slug":"journee-dediee-aux-danses-du-monde-festival-alors-on-danse","status":"publish","type":"post","link":"https:\/\/collectifmdm-idf.org\/annuaire5\/journee-dediee-aux-danses-du-monde-festival-alors-on-danse\/","title":{"rendered":"Journ\u00e9e d\u00e9di\u00e9e aux Danses du monde | Dans le cadre du Festival Alors On Danse !"},"content":{"rendered":"\t\t<div data-elementor-type=\"wp-post\" data-elementor-id=\"14745\" class=\"elementor elementor-14745\">\n\t\t\t\t\t\t<section class=\"elementor-section elementor-top-section elementor-element elementor-element-538b2a5 elementor-section-stretched elementor-section-boxed elementor-section-height-default elementor-section-height-default\" data-id=\"538b2a5\" data-element_type=\"section\" data-settings=\"{&quot;stretch_section&quot;:&quot;section-stretched&quot;,&quot;background_background&quot;:&quot;classic&quot;}\">\n\t\t\t\t\t\t<div class=\"elementor-container elementor-column-gap-default\">\n\t\t\t\t\t<div class=\"elementor-column elementor-col-100 elementor-top-column elementor-element elementor-element-938cf2c\" data-id=\"938cf2c\" data-element_type=\"column\">\n\t\t\t<div class=\"elementor-widget-wrap elementor-element-populated\">\n\t\t\t\t\t\t<div class=\"elementor-element elementor-element-e205e95 elementor-widget elementor-widget-text-editor\" data-id=\"e205e95\" data-element_type=\"widget\" data-widget_type=\"text-editor.default\">\n\t\t\t\t<div class=\"elementor-widget-container\">\n\t\t\t\t\t\t\t<h1><span style=\"color: #ffffff;\">Rencontre D\u00e9di\u00e9e aux danses du monde<\/span><\/h1>\t\t\t\t\t\t<\/div>\n\t\t\t\t<\/div>\n\t\t\t\t\t<\/div>\n\t\t<\/div>\n\t\t\t\t\t<\/div>\n\t\t<\/section>\n\t\t\t\t<section class=\"elementor-section elementor-top-section elementor-element elementor-element-4e366c0 elementor-section-boxed elementor-section-height-default elementor-section-height-default\" data-id=\"4e366c0\" data-element_type=\"section\">\n\t\t\t\t\t\t<div class=\"elementor-container elementor-column-gap-default\">\n\t\t\t\t\t<div class=\"elementor-column elementor-col-100 elementor-top-column elementor-element elementor-element-429be21\" data-id=\"429be21\" data-element_type=\"column\">\n\t\t\t<div class=\"elementor-widget-wrap elementor-element-populated\">\n\t\t\t\t\t\t<div class=\"elementor-element elementor-element-80db0bc elementor-widget elementor-widget-text-editor\" data-id=\"80db0bc\" data-element_type=\"widget\" data-widget_type=\"text-editor.default\">\n\t\t\t\t<div class=\"elementor-widget-container\">\n\t\t\t\t\t\t\t<h2>Vendredi 24 mai 2024<br \/>Dans le cadre du Festival Alors On Danse !<\/h2>\t\t\t\t\t\t<\/div>\n\t\t\t\t<\/div>\n\t\t\t\t<div class=\"elementor-element elementor-element-b042263 elementor-widget elementor-widget-image\" data-id=\"b042263\" data-element_type=\"widget\" data-widget_type=\"image.default\">\n\t\t\t\t<div class=\"elementor-widget-container\">\n\t\t\t\t\t\t\t\t\t\t\t\t\t\t<a href=\"https:\/\/forms.gle\/RUVcQNbGeC4h6zZk8\">\n\t\t\t\t\t\t\t<img fetchpriority=\"high\" decoding=\"async\" width=\"1596\" height=\"591\" src=\"https:\/\/collectifmdm-idf.org\/annuaire5\/wp-content\/uploads\/2024\/04\/Banner-avec-texte.png\" class=\"attachment-full size-full wp-image-14892\" alt=\"Journ\u00e9e d\u00e9di\u00e9e aux Danses du Monde - 24 mai 2024\" srcset=\"https:\/\/collectifmdm-idf.org\/annuaire5\/wp-content\/uploads\/2024\/04\/Banner-avec-texte.png 1596w, https:\/\/collectifmdm-idf.org\/annuaire5\/wp-content\/uploads\/2024\/04\/Banner-avec-texte-300x111.png 300w, https:\/\/collectifmdm-idf.org\/annuaire5\/wp-content\/uploads\/2024\/04\/Banner-avec-texte-1024x379.png 1024w, https:\/\/collectifmdm-idf.org\/annuaire5\/wp-content\/uploads\/2024\/04\/Banner-avec-texte-768x284.png 768w, https:\/\/collectifmdm-idf.org\/annuaire5\/wp-content\/uploads\/2024\/04\/Banner-avec-texte-1536x569.png 1536w\" sizes=\"(max-width: 1596px) 100vw, 1596px\" title=\"\" \/>\t\t\t\t\t\t\t\t<\/a>\n\t\t\t\t\t\t\t\t\t\t\t\t\t<\/div>\n\t\t\t\t<\/div>\n\t\t\t\t<div class=\"elementor-element elementor-element-ef10d11 elementor-widget__width-initial elementor-widget elementor-widget-text-editor\" data-id=\"ef10d11\" data-element_type=\"widget\" data-widget_type=\"text-editor.default\">\n\t\t\t\t<div class=\"elementor-widget-container\">\n\t\t\t\t\t\t\t<p><b>Rencontre gratuite et ouverte \u00e0 tous.tes :\u00a0<\/b>danseurs.euses amateurs.trices et professionnel.le.s, associations, enseignant.e.s, porteur.euse.s de projets, charg\u00e9.e.s de diffusion, chercheur.euse.s, institutions, etc.<\/p><p><b>Le vendredi 24 mai de 15h30 \u00e0 18h30<\/b><\/p>\t\t\t\t\t\t<\/div>\n\t\t\t\t<\/div>\n\t\t\t\t<div class=\"elementor-element elementor-element-d6edea3 elementor-widget elementor-widget-text-editor\" data-id=\"d6edea3\" data-element_type=\"widget\" data-widget_type=\"text-editor.default\">\n\t\t\t\t<div class=\"elementor-widget-container\">\n\t\t\t\t\t\t\t<p><span style=\"font-weight: 400;\">Dans le cadre de la d\u00e9clinaison de son sch\u00e9ma <\/span><b>CAP\u2019Amateurs<\/b><span style=\"font-weight: 400;\">, le D\u00e9partement de la Seine-Saint-Denis a pour objectif de renforcer l\u2019accompagnement d\u2019esth\u00e9tiques encore peu repr\u00e9sent\u00e9es. Avec un focus sur la danse, cette nouvelle rencontre restituera les \u00e9l\u00e9ments cl\u00e9s de l\u2019\u00e9tude <\/span><b>\u00ab Sono Mundo en Seine-Saint-Denis. Reconna\u00eetre, accompagner et valoriser les pratiques amateures en musiques et danses du monde en Seine-Saint-Denis \u00bb<\/b><span style=\"font-weight: 400;\"> r\u00e9alis\u00e9e par le Collectif Musiques et Danses du Monde en Ile-de-France .<\/span><\/p><p>Sur la base de cette restitution, qui prendra la forme d\u2019une<b> pr\u00e9sentation des r\u00e9sultats<\/b> et d\u2019une <b>table ronde<\/b>, nous vous proposons d\u2019initier et de d\u00e9battre ensemble des actions concr\u00e8tes \u00e0 d\u00e9velopper <b>prioritairement autour des questions li\u00e9es \u00e0 la danse au sein de notre territoire<\/b>.\u00a0<\/p><p><span style=\"font-weight: 400;\">Cette \u00e9tape permettra de poser avec vous les jalons d\u2019une <\/span><b>meilleure reconnaissance<\/b><span style=\"font-weight: 400;\"> et d\u2019un <\/span><b>d\u00e9veloppement des danses du monde<\/b><span style=\"font-weight: 400;\"> en termes de <\/span><b>transmission, cr\u00e9ation et diffusion<\/b><span style=\"font-weight: 400;\">.<\/span><\/p>\t\t\t\t\t\t<\/div>\n\t\t\t\t<\/div>\n\t\t\t\t<div class=\"elementor-element elementor-element-0194669 elementor-widget__width-initial elementor-widget elementor-widget-text-editor\" data-id=\"0194669\" data-element_type=\"widget\" data-widget_type=\"text-editor.default\">\n\t\t\t\t<div class=\"elementor-widget-container\">\n\t\t\t\t\t\t\t<p><b>D\u2019ailleurs ces danses\u2026 Sont-elles bien d\u2019ici ?<\/b>\u00a0<\/p><p><i>Reconna\u00eetre, accompagner et valoriser les danses du monde en <\/i><i>Seine-Saint-Denis.<\/i><\/p><p>Un temps d\u2019<b>\u00e9change<\/b>\u00a0et de\u00a0<b>mise en commun<\/b>\u00a0des exp\u00e9riences afin de favoriser une meilleure\u00a0<b>reconnaissance<\/b>\u00a0des danses du monde en\u00a0<b>Seine-Saint-Denis.<\/b><\/p>\t\t\t\t\t\t<\/div>\n\t\t\t\t<\/div>\n\t\t\t\t<div class=\"elementor-element elementor-element-59bae80 elementor-widget elementor-widget-spacer\" data-id=\"59bae80\" data-element_type=\"widget\" data-widget_type=\"spacer.default\">\n\t\t\t\t<div class=\"elementor-widget-container\">\n\t\t\t\t\t<div class=\"elementor-spacer\">\n\t\t\t<div class=\"elementor-spacer-inner\"><\/div>\n\t\t<\/div>\n\t\t\t\t<\/div>\n\t\t\t\t<\/div>\n\t\t\t\t\t<\/div>\n\t\t<\/div>\n\t\t\t\t\t<\/div>\n\t\t<\/section>\n\t\t\t\t<section class=\"elementor-section elementor-top-section elementor-element elementor-element-ee373b2 elementor-section-boxed elementor-section-height-default elementor-section-height-default\" data-id=\"ee373b2\" data-element_type=\"section\">\n\t\t\t\t\t\t<div class=\"elementor-container elementor-column-gap-default\">\n\t\t\t\t\t<div class=\"elementor-column elementor-col-100 elementor-top-column elementor-element elementor-element-988bdf7\" data-id=\"988bdf7\" data-element_type=\"column\">\n\t\t\t<div class=\"elementor-widget-wrap elementor-element-populated\">\n\t\t\t\t\t\t<div class=\"elementor-element elementor-element-28e0ea3 elementor-widget__width-initial elementor-widget elementor-widget-text-editor\" data-id=\"28e0ea3\" data-element_type=\"widget\" data-widget_type=\"text-editor.default\">\n\t\t\t\t<div class=\"elementor-widget-container\">\n\t\t\t\t\t\t\t<p><b>Horaires :<\/b><br \/><b>\u00b7 15h30 : <\/b>accueil caf\u00e9<br \/><span style=\"font-weight: bold;\">\u00b7 16h &#8211; 18h30 :\u00a0<\/span>tables rondes<\/p>\t\t\t\t\t\t<\/div>\n\t\t\t\t<\/div>\n\t\t\t\t<div class=\"elementor-element elementor-element-2464fb2 elementor-widget__width-initial elementor-widget elementor-widget-text-editor\" data-id=\"2464fb2\" data-element_type=\"widget\" data-widget_type=\"text-editor.default\">\n\t\t\t\t<div class=\"elementor-widget-container\">\n\t\t\t\t\t\t\t<p style=\"line-height: 19px; text-align: left;\" data-testid=\"PslL2SNZnby-oSAAmzssP\"><span style=\"color: #000000;\"><span style=\"font-size: 15px;\"><b><span style=\"color: #f66914;\">Avec l&#8217;intervention de<\/span> :<br><\/b><\/span><\/span><b style=\"font-size: 15px; color: #000000;\"><br>Cap Amateurs Musiques et Danses du Monde<br><\/b><b style=\"font-size: 15px; color: #000000;\">Jonathan Ruiz Huidobro &#8211; D\u00e9partement de la Seine-Saint-Denis<br><\/b><b style=\"font-size: 15px; color: #000000;\">Zakia Bouzidi &#8211; Ville d\u2019Aubervilliers<br><\/b><b style=\"font-size: 15px; color: #000000;\">Mahina Kanum &#8211; Conservatoire de Bobigny<br><\/b><b style=\"font-size: 15px; color: #000000;\">Isabelle Anna &#8211; Centre Mandapa<br><\/b><b style=\"font-size: 15px; color: #000000;\">Manu Sissoko &#8211; Transmission des danses mandingues<br><\/b><b style=\"font-size: 15px; color: #000000;\">Nathalie Garcia Ramos &#8211; Flamenco en France<br><\/b><b style=\"font-size: 15px; color: #000000;\">Alexia Traor\u00e9 &#8211; Compagnie Dayma<br><\/b><span style=\"color: #000000;\"><span style=\"font-size: 15px;\"><b>Ra\u00efssa Le\u00ef<\/b><\/span><\/span><b style=\"color: #000000; font-size: 15px;\">&nbsp;&#8211; Compagnie Kif-Kif Bledi<\/b><br><b style=\"font-size: 15px; color: #000000;\">Chantal Lo\u00efal &#8211; Compagnie Dif\u00e9 Kako<\/b><b style=\"font-size: 15px; color: #000000;\"><br><\/b><b style=\"color: #000000; font-size: 15px;\">Fanny Delmas &#8211; P\u00f4le \u00c9ducation artistique et culturelle (projet Assembl\u00e9) du CND<\/b><br><span style=\"color: #000000;\"><span style=\"font-size: 15px;\"><b>Fr\u00e9d\u00e9rique Latu &#8211; Rencontres chor\u00e9graphiques internationales de Seine-Saint-Denis<br>Judith Depaule &#8211; Atelier des artistes en exil<br>Sa\u00e2dia Souyah &#8211; Danseuse et chor\u00e9graphe<\/b><\/span><\/span><\/p>\n<p style=\"line-height: 19px; text-align: left;\" data-testid=\"PslL2SNZnby-oSAAmzssP\"><span style=\"color: #000000;\"><span style=\"font-size: 15px;\">(sous r\u00e9serve de modification)<\/span><\/span><\/p>\n<p style=\"line-height: 19px; text-align: left;\" data-testid=\"PslL2SNZnby-oSAAmzssP\"><span style=\"color: #000000;\"><span style=\"font-size: 15px;\">Tables rondes anim\u00e9es par <b>Arihana Villamil,&nbsp;<\/b><\/span><\/span><b style=\"font-size: 15px; color: #000000;\">co-autrice de l&#8217;<span style=\"color: #f66914;\"><a style=\"color: #f66914;\" href=\"https:\/\/collectifmdm-idf.org\/etude_sono-mundo\/\">\u00c9tude Sono Mundo<\/a>Jpnathan Ruiz<\/span>.<\/b><\/p>\t\t\t\t\t\t<\/div>\n\t\t\t\t<\/div>\n\t\t\t\t<div class=\"elementor-element elementor-element-5280b50 elementor-widget__width-initial elementor-widget elementor-widget-text-editor\" data-id=\"5280b50\" data-element_type=\"widget\" data-widget_type=\"text-editor.default\">\n\t\t\t\t<div class=\"elementor-widget-container\">\n\t\t\t\t\t\t\t<p style=\"line-height: 19px; text-align: left;\" data-testid=\"PslL2SNZnby-oSAAmzssP\"><strong style=\"background-color: transparent; color: #000000; font-size: 15px;\">Lors des tables rondes, trois axes seront d\u00e9velopp\u00e9s :<\/strong><\/p><p style=\"text-align: left;\"><span style=\"background-color: transparent; color: #000000; font-size: 15px;\"><strong>1. \u00a0<\/strong>Reconnaitre les danses d&#8217;ici : \u00e9tat des lieux et pratiques de transmission.\u00a0<\/span><\/p><p style=\"line-height: 19px; text-align: left;\" data-testid=\"PslL2SNZnby-oSAAmzssP\"><span style=\"background-color: transparent; color: #000000; font-size: 15px;\"><strong>2. <\/strong>Accompagner les artistes dans leur d\u00e9sir de professionnalisation.\u00a0<\/span><\/p><p style=\"line-height: 19px; text-align: left;\" data-testid=\"PslL2SNZnby-oSAAmzssP\"><span style=\"background-color: transparent; color: #000000; font-size: 15px;\"><strong>3. <\/strong>Montrer et accompagner les danses d&#8217;ici.<\/span><\/p>\t\t\t\t\t\t<\/div>\n\t\t\t\t<\/div>\n\t\t\t\t<div class=\"elementor-element elementor-element-806cacf elementor-widget__width-initial elementor-widget elementor-widget-text-editor\" data-id=\"806cacf\" data-element_type=\"widget\" data-widget_type=\"text-editor.default\">\n\t\t\t\t<div class=\"elementor-widget-container\">\n\t\t\t\t\t\t\t<h2>Pr\u00e9sentation<\/h2><p><span style=\"font-weight: 400;\">Danses d\u2019ici mais aussi un peu de l\u00e0-bas, ce f\u00e9cond entre-deux a permis de nombreuses hybridations \u00e0 mille lieues des cadres institutionnels. Elles sont le t\u00e9moin d&#8217;un h\u00e9ritage issu des vagues d&#8217;immigration successives et d&#8217;un m\u00e9tissage qui s\u00e9dimentent aujourd&#8217;hui la cr\u00e9ation. En cela, elles incarnent la diversit\u00e9 culturelle, elles sont m\u00eames transculturelles car elles traversent les courants et les disciplines du classique, du contemporain, du hip hop et des autres danses urbaines.<\/span><\/p><p>Danses m\u00e9tiss\u00e9es, danses mixant traditions et urbanit\u00e9, danses sociales, de couples, danses d&#8217;Outre-mer, danses afro, danses s&#8217;inspirant des arts martiaux, parades chor\u00e9graphiques articulant mode et politique, danses s&#8217;inspirant de rituels, danses de bal et nouvelles danses d\u2019expression traditionnelle, celles des peuples dans toute leur diversit\u00e9.<\/p><p>Les mouvements ont une signification, voyons comment ils s\u2019int\u00e8grent \u00e0 la soci\u00e9t\u00e9 \u00e0 laquelle ils font \u00e9cho.\u00a0<\/p><p>\u00c0\u00a0<span style=\"font-weight: 400;\">partir de cette rencontre, il s&#8217;agira :<\/span><\/p><p><span style=\"color: #3f4e55; font-family: Inter, Helvetica, sans-serif; letter-spacing: -0.1px; font-size: 14px;\">\u2022<\/span><b>\u00a0de montrer la richesse des danses dites du monde d\u2019ici et d\u2019aujourd\u2019hui<\/b><span style=\"font-weight: 400;\"> sur notre territoire ; la modernit\u00e9, l&#8217;\u00e9nergie et la source d&#8217;inspiration qu&#8217;elles repr\u00e9sentent ; de donner un \u00e9clairage sur les musiques \u00e0 danser et sur le renouveau et l\u2019attrait du bal.<\/span><\/p><p><span style=\"color: #3f4e55; font-family: Inter, Helvetica, sans-serif; letter-spacing: -0.1px; font-size: 14px;\">\u2022\u00a0<\/span><b>d&#8217;accompagner l\u2019effervescence des pratiques amateurs<\/b><span style=\"font-weight: 400;\"> des danses en lien avec les traditions qui existent hors des institutions\u00a0<\/span><\/p><p><span style=\"color: #3f4e55; font-family: Inter, Helvetica, sans-serif; letter-spacing: -0.1px; font-size: 14px;\">\u2022\u00a0<\/span><b>de soutenir<\/b><span style=\"font-weight: 400;\"> des artistes, des chor\u00e9graphes et leurs projets issus soit directement d&#8217;un h\u00e9ritage artistique diasporique, soit d\u2019une appropriation des r\u00e9pertoires dans\u00e9s venus d&#8217;ailleurs ou encore des esth\u00e9tiques plus urbaines. Quelle que soit l\u2019origine de l\u2019influence, tous et toutes apportent une vitalit\u00e9 ind\u00e9niable \u00e0 la cr\u00e9ation contemporaine.<\/span><\/p><p><b>Rencontre gratuite et ouverte \u00e0 tous.te.s : <\/b>danseurs.euses amateur.rices et professionnel.le.s, associations, enseignant.e.s, porteurs.euses de projets, charg\u00e9.e.s de diffusion, chercheurs.euses, institutions, etc.<\/p>\t\t\t\t\t\t<\/div>\n\t\t\t\t<\/div>\n\t\t\t\t<div class=\"elementor-element elementor-element-306e86c elementor-widget elementor-widget-spacer\" data-id=\"306e86c\" data-element_type=\"widget\" data-widget_type=\"spacer.default\">\n\t\t\t\t<div class=\"elementor-widget-container\">\n\t\t\t\t\t<div class=\"elementor-spacer\">\n\t\t\t<div class=\"elementor-spacer-inner\"><\/div>\n\t\t<\/div>\n\t\t\t\t<\/div>\n\t\t\t\t<\/div>\n\t\t\t\t<div class=\"elementor-element elementor-element-17a0554 elementor-align-center elementor-widget elementor-widget-button\" data-id=\"17a0554\" data-element_type=\"widget\" data-widget_type=\"button.default\">\n\t\t\t\t<div class=\"elementor-widget-container\">\n\t\t\t\t\t\t\t<div class=\"elementor-button-wrapper\">\n\t\t\t\t\t<a class=\"elementor-button elementor-button-link elementor-size-sm\" href=\"https:\/\/forms.gle\/j5U4D59F7QNWawJt8\" target=\"_blank\">\n\t\t\t\t\t\t<span class=\"elementor-button-content-wrapper\">\n\t\t\t\t\t\t\t\t\t<span class=\"elementor-button-text\">JE SUIS INT\u00c9RESS\u00c9<\/span>\n\t\t\t\t\t<\/span>\n\t\t\t\t\t<\/a>\n\t\t\t\t<\/div>\n\t\t\t\t\t\t<\/div>\n\t\t\t\t<\/div>\n\t\t\t\t<div class=\"elementor-element elementor-element-0959830 elementor-widget__width-initial elementor-widget elementor-widget-text-editor\" data-id=\"0959830\" data-element_type=\"widget\" data-widget_type=\"text-editor.default\">\n\t\t\t\t<div class=\"elementor-widget-container\">\n\t\t\t\t\t\t\t<p><strong>Soir\u00e9e d\u2019ouverture &#8211; spectacle de danse entre amateurs et professionnels\u00a0<\/strong><\/p><p>Pour r\u00e9server (<span style=\"text-decoration: underline;\">gratuit sur r\u00e9servation dans la limite des places disponibles<\/span>), cliquez <strong><a href=\"https:\/\/my.weezevent.com\/soiree-douverture-spectacle-danse-entre-amateurs-et-professionnels\" target=\"_blank\" rel=\"noopener\">ICI\u00a0<\/a><\/strong><\/p><ul><li>19h : <i>Association <\/i>culturelle et sportive Bambas<\/li><li>20h : Chor\u00e9graphies de 4 groupes d\u2019Indans\u2019cit\u00e9<\/li><li>20h15 : Compagnie La Mangrove &#8211; Extrait de sa cr\u00e9ation 2024 Corpos (2024)<\/li><li>20h45 : Compagnie Encorm\u00eal\u00e9 \u2013 \u00ab Contre-temps \u00bb<\/li><li>21h : Compagnie Move to Circus \u2013 Cr\u00e9ation \u00ab Slow release \u00bb<\/li><\/ul><p><b>L\u2019Embarcad\u00e8re <\/b>\u2013 5 rue \u00c9douard Poisson<\/p>\t\t\t\t\t\t<\/div>\n\t\t\t\t<\/div>\n\t\t\t\t\t<\/div>\n\t\t<\/div>\n\t\t\t\t\t<\/div>\n\t\t<\/section>\n\t\t\t\t<section class=\"elementor-section elementor-top-section elementor-element elementor-element-685598c elementor-section-boxed elementor-section-height-default elementor-section-height-default\" data-id=\"685598c\" data-element_type=\"section\">\n\t\t\t\t\t\t<div class=\"elementor-container elementor-column-gap-default\">\n\t\t\t\t\t<div class=\"elementor-column elementor-col-100 elementor-top-column elementor-element elementor-element-b6ed9c4\" data-id=\"b6ed9c4\" data-element_type=\"column\">\n\t\t\t<div class=\"elementor-widget-wrap elementor-element-populated\">\n\t\t\t\t\t\t<div class=\"elementor-element elementor-element-72944a9 elementor-widget-divider--view-line elementor-widget elementor-widget-divider\" data-id=\"72944a9\" data-element_type=\"widget\" data-widget_type=\"divider.default\">\n\t\t\t\t<div class=\"elementor-widget-container\">\n\t\t\t\t\t<div class=\"elementor-divider\">\n\t\t\t<span class=\"elementor-divider-separator\">\n\t\t\t\t\t\t<\/span>\n\t\t<\/div>\n\t\t\t\t<\/div>\n\t\t\t\t<\/div>\n\t\t\t\t\t<\/div>\n\t\t<\/div>\n\t\t\t\t\t<\/div>\n\t\t<\/section>\n\t\t\t\t<section class=\"elementor-section elementor-top-section elementor-element elementor-element-0ecf5b4 elementor-section-boxed elementor-section-height-default elementor-section-height-default\" data-id=\"0ecf5b4\" data-element_type=\"section\">\n\t\t\t\t\t\t<div class=\"elementor-container elementor-column-gap-default\">\n\t\t\t\t\t<div class=\"elementor-column elementor-col-100 elementor-top-column elementor-element elementor-element-1e65379\" data-id=\"1e65379\" data-element_type=\"column\">\n\t\t\t<div class=\"elementor-widget-wrap elementor-element-populated\">\n\t\t\t\t\t\t<div class=\"elementor-element elementor-element-ccd263b elementor-widget elementor-widget-text-editor\" data-id=\"ccd263b\" data-element_type=\"widget\" data-widget_type=\"text-editor.default\">\n\t\t\t\t<div class=\"elementor-widget-container\">\n\t\t\t\t\t\t\t<h2>INFORMATIONS PRATIQUES<\/h2>\t\t\t\t\t\t<\/div>\n\t\t\t\t<\/div>\n\t\t\t\t\t<\/div>\n\t\t<\/div>\n\t\t\t\t\t<\/div>\n\t\t<\/section>\n\t\t\t\t<section class=\"elementor-section elementor-top-section elementor-element elementor-element-9dc6c27 elementor-section-boxed elementor-section-height-default elementor-section-height-default\" data-id=\"9dc6c27\" data-element_type=\"section\">\n\t\t\t\t\t\t<div class=\"elementor-container elementor-column-gap-default\">\n\t\t\t\t\t<div class=\"elementor-column elementor-col-100 elementor-top-column elementor-element elementor-element-b5f4188\" data-id=\"b5f4188\" data-element_type=\"column\">\n\t\t\t<div class=\"elementor-widget-wrap elementor-element-populated\">\n\t\t\t\t\t\t<div class=\"elementor-element elementor-element-df8a613 elementor-widget__width-initial elementor-widget elementor-widget-text-editor\" data-id=\"df8a613\" data-element_type=\"widget\" data-widget_type=\"text-editor.default\">\n\t\t\t\t<div class=\"elementor-widget-container\">\n\t\t\t\t\t\t\t<p><strong>Horaire\u00a0<\/strong><br \/>15h30 &#8211; Accueil Caf\u00e9<br \/>16h \u00e0 18h30 &#8211; Table Ronde<\/p><p><strong>Lieu :<\/strong> \u00e0 l&#8217;auditorium du <strong>CRR 93 Jack Ralite<\/strong> <br \/>5 rue Edouard Poisson \u00e0 <strong>Aubervilliers<\/strong><br \/><strong>M\u00e9tro :<\/strong> ligne 7 arr\u00eat Aubervilliers Quatre Chemins<br \/>puis 15 min \u00e0 pied<br \/><strong>Bus :<\/strong> 150 ou 170 (arr\u00eat Andr\u00e9 Karman)<\/p>\t\t\t\t\t\t<\/div>\n\t\t\t\t<\/div>\n\t\t\t\t\t<\/div>\n\t\t<\/div>\n\t\t\t\t\t<\/div>\n\t\t<\/section>\n\t\t\t\t<section class=\"elementor-section elementor-top-section elementor-element elementor-element-4b4a371 elementor-section-boxed elementor-section-height-default elementor-section-height-default\" data-id=\"4b4a371\" data-element_type=\"section\">\n\t\t\t\t\t\t<div class=\"elementor-container elementor-column-gap-default\">\n\t\t\t\t\t<div class=\"elementor-column elementor-col-100 elementor-top-column elementor-element elementor-element-1c91a16\" data-id=\"1c91a16\" data-element_type=\"column\">\n\t\t\t<div class=\"elementor-widget-wrap\">\n\t\t\t\t\t\t\t<\/div>\n\t\t<\/div>\n\t\t\t\t\t<\/div>\n\t\t<\/section>\n\t\t\t\t<\/div>\n\t\t","protected":false},"excerpt":{"rendered":"<p>Rencontre D\u00e9di\u00e9e aux danses du monde Vendredi 24 mai 2024Dans le cadre du Festival Alors On Danse ! Rencontre gratuite et ouverte \u00e0 tous.tes :\u00a0danseurs.euses amateurs.trices et professionnel.le.s, associations, enseignant.e.s, porteur.euse.s de projets, charg\u00e9.e.s de diffusion, chercheur.euse.s, institutions, etc. Le vendredi 24<\/p>\n<p class=\"link-more\"><a class=\"myButt \" href=\"https:\/\/collectifmdm-idf.org\/annuaire5\/journee-dediee-aux-danses-du-monde-festival-alors-on-danse\/\">EN SAVOIR +<\/a><\/p>\n","protected":false},"author":1,"featured_media":0,"comment_status":"open","ping_status":"open","sticky":false,"template":"elementor_header_footer","format":"standard","meta":{"_rtcl_gb_attr":"","footnotes":""},"categories":[288,8,15,6,292,1,9],"tags":[],"class_list":["post-14745","post","type-post","status-publish","format-standard","hentry","category-artistes","category-danse","category-evenement","category-festival","category-ile-de-france","category-non-classe","category-rencontres"],"_links":{"self":[{"href":"https:\/\/collectifmdm-idf.org\/annuaire5\/wp-json\/wp\/v2\/posts\/14745","targetHints":{"allow":["GET"]}}],"collection":[{"href":"https:\/\/collectifmdm-idf.org\/annuaire5\/wp-json\/wp\/v2\/posts"}],"about":[{"href":"https:\/\/collectifmdm-idf.org\/annuaire5\/wp-json\/wp\/v2\/types\/post"}],"author":[{"embeddable":true,"href":"https:\/\/collectifmdm-idf.org\/annuaire5\/wp-json\/wp\/v2\/users\/1"}],"replies":[{"embeddable":true,"href":"https:\/\/collectifmdm-idf.org\/annuaire5\/wp-json\/wp\/v2\/comments?post=14745"}],"version-history":[{"count":106,"href":"https:\/\/collectifmdm-idf.org\/annuaire5\/wp-json\/wp\/v2\/posts\/14745\/revisions"}],"predecessor-version":[{"id":14964,"href":"https:\/\/collectifmdm-idf.org\/annuaire5\/wp-json\/wp\/v2\/posts\/14745\/revisions\/14964"}],"wp:attachment":[{"href":"https:\/\/collectifmdm-idf.org\/annuaire5\/wp-json\/wp\/v2\/media?parent=14745"}],"wp:term":[{"taxonomy":"category","embeddable":true,"href":"https:\/\/collectifmdm-idf.org\/annuaire5\/wp-json\/wp\/v2\/categories?post=14745"},{"taxonomy":"post_tag","embeddable":true,"href":"https:\/\/collectifmdm-idf.org\/annuaire5\/wp-json\/wp\/v2\/tags?post=14745"}],"curies":[{"name":"wp","href":"https:\/\/api.w.org\/{rel}","templated":true}]}}