{"id":14372,"date":"2024-03-15T16:33:08","date_gmt":"2024-03-15T15:33:08","guid":{"rendered":"https:\/\/collectifmdm-idf.org\/?p=14372"},"modified":"2024-04-16T16:56:57","modified_gmt":"2024-04-16T14:56:57","slug":"assemblee-generale-du-collectif","status":"publish","type":"post","link":"https:\/\/collectifmdm-idf.org\/annuaire5\/assemblee-generale-du-collectif\/","title":{"rendered":"L&#8217;AG du Collectif &#8211; 25 avril"},"content":{"rendered":"\t\t<div data-elementor-type=\"wp-post\" data-elementor-id=\"14372\" class=\"elementor elementor-14372\">\n\t\t\t\t\t\t<section class=\"elementor-section elementor-top-section elementor-element elementor-element-758a04a elementor-section-boxed elementor-section-height-default elementor-section-height-default\" data-id=\"758a04a\" data-element_type=\"section\">\n\t\t\t\t\t\t<div class=\"elementor-container elementor-column-gap-default\">\n\t\t\t\t\t<div class=\"elementor-column elementor-col-100 elementor-top-column elementor-element elementor-element-17e12d9\" data-id=\"17e12d9\" data-element_type=\"column\">\n\t\t\t<div class=\"elementor-widget-wrap elementor-element-populated\">\n\t\t\t\t\t\t<div class=\"elementor-element elementor-element-f854552 elementor-widget elementor-widget-text-editor\" data-id=\"f854552\" data-element_type=\"widget\" data-widget_type=\"text-editor.default\">\n\t\t\t\t<div class=\"elementor-widget-container\">\n\t\t\t\t\t\t\t<h2>SAVE THE DATE !<\/h2>\t\t\t\t\t\t<\/div>\n\t\t\t\t<\/div>\n\t\t\t\t\t<\/div>\n\t\t<\/div>\n\t\t\t\t\t<\/div>\n\t\t<\/section>\n\t\t\t\t<section class=\"elementor-section elementor-top-section elementor-element elementor-element-5e05add elementor-section-boxed elementor-section-height-default elementor-section-height-default\" data-id=\"5e05add\" data-element_type=\"section\">\n\t\t\t\t\t\t<div class=\"elementor-container elementor-column-gap-default\">\n\t\t\t\t\t<div class=\"elementor-column elementor-col-100 elementor-top-column elementor-element elementor-element-24bb4d5\" data-id=\"24bb4d5\" data-element_type=\"column\">\n\t\t\t<div class=\"elementor-widget-wrap elementor-element-populated\">\n\t\t\t\t\t\t<div class=\"elementor-element elementor-element-a8fcff1 elementor-widget elementor-widget-image\" data-id=\"a8fcff1\" data-element_type=\"widget\" data-widget_type=\"image.default\">\n\t\t\t\t<div class=\"elementor-widget-container\">\n\t\t\t\t\t\t\t\t\t\t\t\t\t<img fetchpriority=\"high\" decoding=\"async\" width=\"1824\" height=\"718\" src=\"https:\/\/collectifmdm-idf.org\/annuaire5\/wp-content\/uploads\/2024\/03\/juin2023_collectifmdm_ag_BIS.jpg\" class=\"attachment-full size-full wp-image-14693\" alt=\"Le Comit\u00e9 d&#039;administration du Collectif MDM IdF\" srcset=\"https:\/\/collectifmdm-idf.org\/annuaire5\/wp-content\/uploads\/2024\/03\/juin2023_collectifmdm_ag_BIS.jpg 1824w, https:\/\/collectifmdm-idf.org\/annuaire5\/wp-content\/uploads\/2024\/03\/juin2023_collectifmdm_ag_BIS-300x118.jpg 300w, https:\/\/collectifmdm-idf.org\/annuaire5\/wp-content\/uploads\/2024\/03\/juin2023_collectifmdm_ag_BIS-1024x403.jpg 1024w, https:\/\/collectifmdm-idf.org\/annuaire5\/wp-content\/uploads\/2024\/03\/juin2023_collectifmdm_ag_BIS-768x302.jpg 768w, https:\/\/collectifmdm-idf.org\/annuaire5\/wp-content\/uploads\/2024\/03\/juin2023_collectifmdm_ag_BIS-1536x605.jpg 1536w\" sizes=\"(max-width: 1824px) 100vw, 1824px\" title=\"\" \/>\t\t\t\t\t\t\t\t\t\t\t\t\t<\/div>\n\t\t\t\t<\/div>\n\t\t\t\t\t<\/div>\n\t\t<\/div>\n\t\t\t\t\t<\/div>\n\t\t<\/section>\n\t\t\t\t<section class=\"elementor-section elementor-top-section elementor-element elementor-element-3d769b4 elementor-section-boxed elementor-section-height-default elementor-section-height-default\" data-id=\"3d769b4\" data-element_type=\"section\">\n\t\t\t\t\t\t<div class=\"elementor-container elementor-column-gap-default\">\n\t\t\t\t\t<div class=\"elementor-column elementor-col-100 elementor-top-column elementor-element elementor-element-e28fb31\" data-id=\"e28fb31\" data-element_type=\"column\">\n\t\t\t<div class=\"elementor-widget-wrap elementor-element-populated\">\n\t\t\t\t\t\t<div class=\"elementor-element elementor-element-3cb3ffc elementor-widget elementor-widget-text-editor\" data-id=\"3cb3ffc\" data-element_type=\"widget\" data-widget_type=\"text-editor.default\">\n\t\t\t\t<div class=\"elementor-widget-container\">\n\t\t\t\t\t\t\t<p><b>#Adh\u00e9rent\u00b7e\u00b7s<\/b> &amp; <b>#Acteurs\u00b7trices<\/b> des musiques et danses du monde qui souhaitent <b>rejoindre une dynamique collective<\/b> d&#8217;exp\u00e9rimentation et de d\u00e9veloppement des projets pour le <b>soutien des droits culturels.<\/b><\/p>\n<p>Andr\u00e9 Falcucci, Pr\u00e9sident du Collectif MDM IdF, vous convie \u00e0 <b>participer \u00e0 l\u2019Assembl\u00e9e G\u00e9n\u00e9rale Ordinaire<\/b> qui se d\u00e9roulera le :<br><b>JEUDI 25 AVRIL, de 16h \u00e0 18h30<\/b><br>\u00c0 la Rotonde de l&#8217;espace Jemmapes<br>116 quai Jemmapes, 75010, Paris<\/p>\n<p><u>I<\/u><u style=\"\">nscriptions obligatoires<\/u> <a href=\"https:\/\/forms.gle\/Z4UotdpqG4XjaMJi7\"><b>ICI<\/b><\/a><br>Votre r\u00e9ponse est pr\u00e9cieuse pour le bon fonctionnement de l&#8217;association, que vous puissiez venir ou pas. 2 min maximum pour remplir.<\/p>\t\t\t\t\t\t<\/div>\n\t\t\t\t<\/div>\n\t\t\t\t\t<\/div>\n\t\t<\/div>\n\t\t\t\t\t<\/div>\n\t\t<\/section>\n\t\t\t\t<section class=\"elementor-section elementor-top-section elementor-element elementor-element-4f97e75 elementor-section-boxed elementor-section-height-default elementor-section-height-default\" data-id=\"4f97e75\" data-element_type=\"section\">\n\t\t\t\t\t\t<div class=\"elementor-container elementor-column-gap-default\">\n\t\t\t\t\t<div class=\"elementor-column elementor-col-100 elementor-top-column elementor-element elementor-element-6e5526e\" data-id=\"6e5526e\" data-element_type=\"column\">\n\t\t\t<div class=\"elementor-widget-wrap elementor-element-populated\">\n\t\t\t\t\t\t<div class=\"elementor-element elementor-element-efcc8dc elementor-widget elementor-widget-toggle\" data-id=\"efcc8dc\" data-element_type=\"widget\" data-widget_type=\"toggle.default\">\n\t\t\t\t<div class=\"elementor-widget-container\">\n\t\t\t\t\t<div class=\"elementor-toggle\">\n\t\t\t\t\t\t\t<div class=\"elementor-toggle-item\">\n\t\t\t\t\t<div id=\"elementor-tab-title-2511\" class=\"elementor-tab-title\" data-tab=\"1\" role=\"button\" aria-controls=\"elementor-tab-content-2511\" aria-expanded=\"false\">\n\t\t\t\t\t\t\t\t\t\t\t\t<span class=\"elementor-toggle-icon elementor-toggle-icon-left\" aria-hidden=\"true\">\n\t\t\t\t\t\t\t\t\t\t\t\t\t\t\t<span class=\"elementor-toggle-icon-closed\"><i class=\"fas fa-caret-right\"><\/i><\/span>\n\t\t\t\t\t\t\t\t<span class=\"elementor-toggle-icon-opened\"><i class=\"elementor-toggle-icon-opened fas fa-caret-up\"><\/i><\/span>\n\t\t\t\t\t\t\t\t\t\t\t\t\t<\/span>\n\t\t\t\t\t\t\t\t\t\t\t\t<a class=\"elementor-toggle-title\" tabindex=\"0\">LE D\u00c9ROUL\u00c9<\/a>\n\t\t\t\t\t<\/div>\n\n\t\t\t\t\t<div id=\"elementor-tab-content-2511\" class=\"elementor-tab-content elementor-clearfix\" data-tab=\"1\" role=\"region\" aria-labelledby=\"elementor-tab-title-2511\"><p><span style=\"font-weight: bold;\">13h45 :<\/span>\u00a0Accueil caf\u00e9<br \/><span style=\"font-weight: bold;\">14h &#8211; 16h :<\/span>\u00a0CA pour les administrateurs\u00b7trices<br \/><span style=\"font-weight: bold;\">16h15 &#8211; 18h15 :<\/span>\u00a0AG pour tous\u00b7tes les adh\u00e9rent\u00b7e\u00b7s<br \/><span style=\"font-weight: bold;\">18h30 &#8211; 20h :<\/span>\u00a0Ap\u00e9ritif d\u00eenatoire<br \/><span style=\"font-weight: bold;\">20h :<\/span>\u00a0Concert d&#8217;<a style=\"background-color: #ffffff; font-weight: bold;\" href=\"https:\/\/collectifmdm-idf.org\/aagut-jeu-25-avril\/\">A\u00e0gut<\/a><span style=\"font-weight: bold;\">\u00a0<\/span>(<u>gratuit pour les adh\u00e9rent\u00b7e\u00b7s<\/u>\u00a0\u00e0 jour de leur cotisation), dans le cadre des\u00a0<span style=\"font-weight: bold;\"><a href=\"https:\/\/collectifmdm-idf.org\/la-programmation-des-scenes-du-monde-au-canal-2\/\">Sc\u00e8nes du Monde au Canal #2<\/a><\/span><\/p><\/div>\n\t\t\t\t<\/div>\n\t\t\t\t\t\t\t<div class=\"elementor-toggle-item\">\n\t\t\t\t\t<div id=\"elementor-tab-title-2512\" class=\"elementor-tab-title\" data-tab=\"2\" role=\"button\" aria-controls=\"elementor-tab-content-2512\" aria-expanded=\"false\">\n\t\t\t\t\t\t\t\t\t\t\t\t<span class=\"elementor-toggle-icon elementor-toggle-icon-left\" aria-hidden=\"true\">\n\t\t\t\t\t\t\t\t\t\t\t\t\t\t\t<span class=\"elementor-toggle-icon-closed\"><i class=\"fas fa-caret-right\"><\/i><\/span>\n\t\t\t\t\t\t\t\t<span class=\"elementor-toggle-icon-opened\"><i class=\"elementor-toggle-icon-opened fas fa-caret-up\"><\/i><\/span>\n\t\t\t\t\t\t\t\t\t\t\t\t\t<\/span>\n\t\t\t\t\t\t\t\t\t\t\t\t<a class=\"elementor-toggle-title\" tabindex=\"0\">ORDRE DU JOUR<\/a>\n\t\t\t\t\t<\/div>\n\n\t\t\t\t\t<div id=\"elementor-tab-content-2512\" class=\"elementor-tab-content elementor-clearfix\" data-tab=\"2\" role=\"region\" aria-labelledby=\"elementor-tab-title-2512\"><p><b>1\/<\/b> Approbation du compte rendu de l\u2019Assembl\u00e9e G\u00e9n\u00e9rale du 30 juin 2023<\/p><p><b>2\/<\/b> Rapport moral 2023 et projet d&#8217;orientation 2024 :<br \/><b>a.<\/b> Lecture du bilan moral du Pr\u00e9sident, Andr\u00e9 Falcucci<br \/><b>b.<\/b> Pr\u00e9sentation crois\u00e9e du bilan d\u2019activit\u00e9 2023 et du projet 2024<br \/><b>c.<\/b> Validation du rapport moral, du bilan d\u2019activit\u00e9 et du projet 2024<\/p><p><b>3\/<\/b> Comptes :<br \/><b>a.<\/b> Approbation des comptes 2023<br \/><b>b.<\/b> R\u00e9solution : Affectation du r\u00e9sultat<\/p><p><b>4\/<\/b> Budget 2024 pr\u00e9visionnel<\/p><p><b>5\/<\/b> Renouvellement des dirigeants du Comit\u00e9 d&#8217;Administration<\/p><p><b>6\/<\/b> Questions diverses<\/p><\/div>\n\t\t\t\t<\/div>\n\t\t\t\t\t\t\t<div class=\"elementor-toggle-item\">\n\t\t\t\t\t<div id=\"elementor-tab-title-2513\" class=\"elementor-tab-title\" data-tab=\"3\" role=\"button\" aria-controls=\"elementor-tab-content-2513\" aria-expanded=\"false\">\n\t\t\t\t\t\t\t\t\t\t\t\t<span class=\"elementor-toggle-icon elementor-toggle-icon-left\" aria-hidden=\"true\">\n\t\t\t\t\t\t\t\t\t\t\t\t\t\t\t<span class=\"elementor-toggle-icon-closed\"><i class=\"fas fa-caret-right\"><\/i><\/span>\n\t\t\t\t\t\t\t\t<span class=\"elementor-toggle-icon-opened\"><i class=\"elementor-toggle-icon-opened fas fa-caret-up\"><\/i><\/span>\n\t\t\t\t\t\t\t\t\t\t\t\t\t<\/span>\n\t\t\t\t\t\t\t\t\t\t\t\t<a class=\"elementor-toggle-title\" tabindex=\"0\">APERCU DES PROJETS & ENJEUX AU COLLECTIF \u2022  2023 & 2024<\/a>\n\t\t\t\t\t<\/div>\n\n\t\t\t\t\t<div id=\"elementor-tab-content-2513\" class=\"elementor-tab-content elementor-clearfix\" data-tab=\"3\" role=\"region\" aria-labelledby=\"elementor-tab-title-2513\"><p><b>I. Le Collectif : un observatoire des musiques et danses d\u2019ICI<br \/><\/b>\u00c9tude \u00ab Sono Mundo \u00bb, Reconna\u00eetre, accompagner et valoriser les pratiques amateures en musiques et danses du monde en Seine-Saint-Denis 2020-2022. Restitution et suite. Lien de l&#8217;\u00e9tude ICI<\/p><p><b>II. Le Collectif : un alli\u00e9 pour rendre visible la diversit\u00e9 culturelle francilienne<\/b><\/p><ul><li>Cartographie des adh\u00e9rent\u00b7e\u00b7s &amp; des partenaires identifi\u00e9s (en savoir +)<\/li><li>Le partenariat avec le Prix des Musiques d\u2019ICI (en savoir +)<\/li><li>Des outils pluri m\u00e9dia partenaires au service de la diversit\u00e9<\/li><li>La n\u00e9cessit\u00e9 de d\u00e9velopper un prix des danses d\u2019ICI<\/li><li>Les Guinguettes du monde \u00e0 Corbeil-Essonnes : une mise en avant des artistes du Collectif.<\/li><\/ul><p><b>III. Le Collectif : un laboratoire d\u2019exp\u00e9rimentation pour produire et diffuser solidairement<\/b><\/p><ul><li>L\u2019Annuaire des musiques, danses et contes d&#8217;ICI (en savoir +)<\/li><li>Exp\u00e9rimentation d\u2019une mission sur les non lieux de spectacles<\/li><li>Sc\u00e8ne du monde au canal : une sc\u00e8ne ouverte dans Paris, avec un accompagnement \u00e0 la date (en savoir +)<\/li><li>Jeune public : \u00ab Escales \u00bb un nouvel appel \u00e0 projet (en savoir +)<\/li><\/ul><p><b>IV. Le Collectif : un laboratoire pour inventer des syst\u00e8mes et outils d\u2019accompagnement<\/b><\/p><ul><li>Des formations pour monter en comp\u00e9tences, en partenariat avec le CNM (en savoir +)<\/li><li>Mise en r\u00e9seau des besoins des adh\u00e9rent\u00b7e\u00b7s et de leurs apports contributifs<\/li><\/ul><p><b>V. Des outils<\/b><\/p><ul><li>Des supports de communication d\u00e9di\u00e9s qui \u00e9voluent (collectifmdm-idf.fr)<\/li><li>Pr\u00e9sence dans les r\u00e9seaux, les salons, les grands rendez-vous&#8230;<\/li><\/ul><p><b>VI. Les ressources : une dynamique collective \u00e0 consolider<\/b><\/p><\/div>\n\t\t\t\t<\/div>\n\t\t\t\t\t\t\t\t<\/div>\n\t\t\t\t<\/div>\n\t\t\t\t<\/div>\n\t\t\t\t\t<\/div>\n\t\t<\/div>\n\t\t\t\t\t<\/div>\n\t\t<\/section>\n\t\t\t\t<section class=\"elementor-section elementor-top-section elementor-element elementor-element-95b0a92 elementor-section-boxed elementor-section-height-default elementor-section-height-default\" data-id=\"95b0a92\" data-element_type=\"section\">\n\t\t\t\t\t\t<div class=\"elementor-container elementor-column-gap-default\">\n\t\t\t\t\t<div class=\"elementor-column elementor-col-100 elementor-top-column elementor-element elementor-element-f2d2df4\" data-id=\"f2d2df4\" data-element_type=\"column\">\n\t\t\t<div class=\"elementor-widget-wrap elementor-element-populated\">\n\t\t\t\t\t\t<div class=\"elementor-element elementor-element-0cd320e elementor-widget elementor-widget-text-editor\" data-id=\"0cd320e\" data-element_type=\"widget\" data-widget_type=\"text-editor.default\">\n\t\t\t\t<div class=\"elementor-widget-container\">\n\t\t\t\t\t\t\t<h2>LE CONCERT<\/h2>\t\t\t\t\t\t<\/div>\n\t\t\t\t<\/div>\n\t\t\t\t\t<\/div>\n\t\t<\/div>\n\t\t\t\t\t<\/div>\n\t\t<\/section>\n\t\t\t\t<section class=\"elementor-section elementor-top-section elementor-element elementor-element-e84a611 elementor-section-boxed elementor-section-height-default elementor-section-height-default\" data-id=\"e84a611\" data-element_type=\"section\">\n\t\t\t\t\t\t<div class=\"elementor-container elementor-column-gap-default\">\n\t\t\t\t\t<div class=\"elementor-column elementor-col-50 elementor-top-column elementor-element elementor-element-7260daa\" data-id=\"7260daa\" data-element_type=\"column\">\n\t\t\t<div class=\"elementor-widget-wrap elementor-element-populated\">\n\t\t\t\t\t\t<div class=\"elementor-element elementor-element-acd8fca elementor-widget elementor-widget-text-editor\" data-id=\"acd8fca\" data-element_type=\"widget\" data-widget_type=\"text-editor.default\">\n\t\t\t\t<div class=\"elementor-widget-container\">\n\t\t\t\t\t\t\t<p>Dans le cadre des Sc\u00e8nes du Monde au Canal, laissez-vous emporter par A\u00e0gut et ses chants polyphoniques et rythmiques qui puisent leurs \u00e9nergies des Pyr\u00e9n\u00e9es, du B\u00e9arn et de la Galice.<\/p>\n<p><b>Caroline Sasal <\/b>&#8211; Chanteuse |&nbsp;<b>Ang\u00e9lique Zaini <\/b>&#8211; Chanteuse |&nbsp;<b>Miriam Le Guen<\/b> &#8211; Chanteuse |&nbsp;<b>Alan Blum<\/b> &#8211; Batteur et percussionniste<\/p>\t\t\t\t\t\t<\/div>\n\t\t\t\t<\/div>\n\t\t\t\t\t<\/div>\n\t\t<\/div>\n\t\t\t\t<div class=\"elementor-column elementor-col-50 elementor-top-column elementor-element elementor-element-e1b8610\" data-id=\"e1b8610\" data-element_type=\"column\">\n\t\t\t<div class=\"elementor-widget-wrap elementor-element-populated\">\n\t\t\t\t\t\t<div class=\"elementor-element elementor-element-ae4b413 elementor-widget elementor-widget-image\" data-id=\"ae4b413\" data-element_type=\"widget\" data-widget_type=\"image.default\">\n\t\t\t\t<div class=\"elementor-widget-container\">\n\t\t\t\t\t\t\t\t\t\t\t\t\t\t<a href=\"https:\/\/www.crl10.net\/blog\/aagut\" target=\"_blank\">\n\t\t\t\t\t\t\t<img decoding=\"async\" width=\"924\" height=\"462\" src=\"https:\/\/collectifmdm-idf.org\/annuaire5\/wp-content\/uploads\/2024\/02\/HD_Aagut_mars23_ld-924x462.jpg\" class=\"attachment-rtcl-gallery size-rtcl-gallery wp-image-14140\" alt=\"A\u00e0gut - Sc\u00e8nes du Monde au Canal #2\" title=\"\" \/>\t\t\t\t\t\t\t\t<\/a>\n\t\t\t\t\t\t\t\t\t\t\t\t\t<\/div>\n\t\t\t\t<\/div>\n\t\t\t\t\t<\/div>\n\t\t<\/div>\n\t\t\t\t\t<\/div>\n\t\t<\/section>\n\t\t\t\t<section class=\"elementor-section elementor-top-section elementor-element elementor-element-9ea4015 elementor-section-boxed elementor-section-height-default elementor-section-height-default\" data-id=\"9ea4015\" data-element_type=\"section\">\n\t\t\t\t\t\t<div class=\"elementor-container elementor-column-gap-default\">\n\t\t\t\t\t<div class=\"elementor-column elementor-col-100 elementor-top-column elementor-element elementor-element-c239853\" data-id=\"c239853\" data-element_type=\"column\">\n\t\t\t<div class=\"elementor-widget-wrap elementor-element-populated\">\n\t\t\t\t\t\t<div class=\"elementor-element elementor-element-6059d7f elementor-shape-circle e-grid-align-right elementor-grid-0 elementor-widget elementor-widget-social-icons\" data-id=\"6059d7f\" data-element_type=\"widget\" data-widget_type=\"social-icons.default\">\n\t\t\t\t<div class=\"elementor-widget-container\">\n\t\t\t\t\t<div class=\"elementor-social-icons-wrapper elementor-grid\">\n\t\t\t\t\t\t\t<span class=\"elementor-grid-item\">\n\t\t\t\t\t<a class=\"elementor-icon elementor-social-icon elementor-social-icon-facebook elementor-repeater-item-93f4494\" href=\"https:\/\/fb.me\/e\/fxmYP7KmO\" target=\"_blank\">\n\t\t\t\t\t\t<span class=\"elementor-screen-only\">Facebook<\/span>\n\t\t\t\t\t\t<i class=\"fab fa-facebook\"><\/i>\t\t\t\t\t<\/a>\n\t\t\t\t<\/span>\n\t\t\t\t\t\t\t<span class=\"elementor-grid-item\">\n\t\t\t\t\t<a class=\"elementor-icon elementor-social-icon elementor-social-icon-instagram elementor-repeater-item-0b66c20\" href=\"https:\/\/www.instagram.com\/aagut.contact\/\" target=\"_blank\">\n\t\t\t\t\t\t<span class=\"elementor-screen-only\">Instagram<\/span>\n\t\t\t\t\t\t<i class=\"fab fa-instagram\"><\/i>\t\t\t\t\t<\/a>\n\t\t\t\t<\/span>\n\t\t\t\t\t\t\t<span class=\"elementor-grid-item\">\n\t\t\t\t\t<a class=\"elementor-icon elementor-social-icon elementor-social-icon-directions elementor-repeater-item-9466b4e\" href=\"https:\/\/www.crl10.net\/blog\/aagut\" target=\"_blank\">\n\t\t\t\t\t\t<span class=\"elementor-screen-only\">Directions<\/span>\n\t\t\t\t\t\t<i class=\"fas fa-directions\"><\/i>\t\t\t\t\t<\/a>\n\t\t\t\t<\/span>\n\t\t\t\t\t<\/div>\n\t\t\t\t<\/div>\n\t\t\t\t<\/div>\n\t\t\t\t\t<\/div>\n\t\t<\/div>\n\t\t\t\t\t<\/div>\n\t\t<\/section>\n\t\t\t\t<section class=\"elementor-section elementor-top-section elementor-element elementor-element-f6c768b elementor-section-boxed elementor-section-height-default elementor-section-height-default\" data-id=\"f6c768b\" data-element_type=\"section\">\n\t\t\t\t\t\t<div class=\"elementor-container elementor-column-gap-default\">\n\t\t\t\t\t<div class=\"elementor-column elementor-col-100 elementor-top-column elementor-element elementor-element-e57cf4e\" data-id=\"e57cf4e\" data-element_type=\"column\">\n\t\t\t<div class=\"elementor-widget-wrap elementor-element-populated\">\n\t\t\t\t\t\t<div class=\"elementor-element elementor-element-b8735b6 elementor-widget-divider--view-line elementor-widget elementor-widget-divider\" data-id=\"b8735b6\" data-element_type=\"widget\" data-widget_type=\"divider.default\">\n\t\t\t\t<div class=\"elementor-widget-container\">\n\t\t\t\t\t<div class=\"elementor-divider\">\n\t\t\t<span class=\"elementor-divider-separator\">\n\t\t\t\t\t\t<\/span>\n\t\t<\/div>\n\t\t\t\t<\/div>\n\t\t\t\t<\/div>\n\t\t\t\t\t<\/div>\n\t\t<\/div>\n\t\t\t\t\t<\/div>\n\t\t<\/section>\n\t\t\t\t<section class=\"elementor-section elementor-top-section elementor-element elementor-element-2db717e elementor-section-boxed elementor-section-height-default elementor-section-height-default\" data-id=\"2db717e\" data-element_type=\"section\">\n\t\t\t\t\t\t<div class=\"elementor-container elementor-column-gap-default\">\n\t\t\t\t\t<div class=\"elementor-column elementor-col-100 elementor-top-column elementor-element elementor-element-ed9622f\" data-id=\"ed9622f\" data-element_type=\"column\">\n\t\t\t<div class=\"elementor-widget-wrap elementor-element-populated\">\n\t\t\t\t\t\t<div class=\"elementor-element elementor-element-9eb06d2 elementor-widget elementor-widget-text-editor\" data-id=\"9eb06d2\" data-element_type=\"widget\" data-widget_type=\"text-editor.default\">\n\t\t\t\t<div class=\"elementor-widget-container\">\n\t\t\t\t\t\t\t<p><em><strong>Sc\u00e8ne du Canal &#8211; Espace Jemmapes (la Rotonde)<br \/><\/strong><\/em>M\u00e9tro 5 Jacques Bonsergent \/ M\u00e9tro 2 Colonel Fabien<br \/>116 Quai de Jemmapes, 75010 Paris<br \/><span style=\"color: #ff6d00;\"><strong><a style=\"color: #ff6d00;\" href=\"mailto:jeanbaptiste@collectifmdm-idf.fr\" target=\"_blank\" rel=\"noopener\">jeanbaptiste@collectifmdm-idf.fr<\/a><\/strong><\/span><br \/><a href=\"https:\/\/collectifmdm-idf.org\/\">collectifmdm-idf.org<\/a><br \/>01.48.36.34.02<\/p>\t\t\t\t\t\t<\/div>\n\t\t\t\t<\/div>\n\t\t\t\t\t<\/div>\n\t\t<\/div>\n\t\t\t\t\t<\/div>\n\t\t<\/section>\n\t\t\t\t<\/div>\n\t\t","protected":false},"excerpt":{"rendered":"<p>SAVE THE DATE ! #Adh\u00e9rent\u00b7e\u00b7s &amp; #Acteurs\u00b7trices des musiques et danses du monde qui souhaitent rejoindre une dynamique collective d&#8217;exp\u00e9rimentation et de d\u00e9veloppement des projets pour le soutien des droits culturels. Andr\u00e9 Falcucci, Pr\u00e9sident du Collectif MDM IdF, vous convie \u00e0 participer<\/p>\n<p class=\"link-more\"><a class=\"myButt \" href=\"https:\/\/collectifmdm-idf.org\/annuaire5\/assemblee-generale-du-collectif\/\">EN SAVOIR +<\/a><\/p>\n","protected":false},"author":1,"featured_media":0,"comment_status":"open","ping_status":"open","sticky":false,"template":"elementor_header_footer","format":"standard","meta":{"_rtcl_gb_attr":"","footnotes":""},"categories":[7,14,15,292,104,1,129],"tags":[497,526,106,110,527],"class_list":["post-14372","post","type-post","status-publish","format-standard","hentry","category-concert","category-entretien","category-evenement","category-ile-de-france","category-musiques-du-monde-au-canal","category-non-classe","category-scenes-du-monde-au-canal","tag-aagut","tag-assemblee-generale","tag-crl10","tag-espace-jemmapes","tag-temps-de-rencontre"],"_links":{"self":[{"href":"https:\/\/collectifmdm-idf.org\/annuaire5\/wp-json\/wp\/v2\/posts\/14372","targetHints":{"allow":["GET"]}}],"collection":[{"href":"https:\/\/collectifmdm-idf.org\/annuaire5\/wp-json\/wp\/v2\/posts"}],"about":[{"href":"https:\/\/collectifmdm-idf.org\/annuaire5\/wp-json\/wp\/v2\/types\/post"}],"author":[{"embeddable":true,"href":"https:\/\/collectifmdm-idf.org\/annuaire5\/wp-json\/wp\/v2\/users\/1"}],"replies":[{"embeddable":true,"href":"https:\/\/collectifmdm-idf.org\/annuaire5\/wp-json\/wp\/v2\/comments?post=14372"}],"version-history":[{"count":36,"href":"https:\/\/collectifmdm-idf.org\/annuaire5\/wp-json\/wp\/v2\/posts\/14372\/revisions"}],"predecessor-version":[{"id":14722,"href":"https:\/\/collectifmdm-idf.org\/annuaire5\/wp-json\/wp\/v2\/posts\/14372\/revisions\/14722"}],"wp:attachment":[{"href":"https:\/\/collectifmdm-idf.org\/annuaire5\/wp-json\/wp\/v2\/media?parent=14372"}],"wp:term":[{"taxonomy":"category","embeddable":true,"href":"https:\/\/collectifmdm-idf.org\/annuaire5\/wp-json\/wp\/v2\/categories?post=14372"},{"taxonomy":"post_tag","embeddable":true,"href":"https:\/\/collectifmdm-idf.org\/annuaire5\/wp-json\/wp\/v2\/tags?post=14372"}],"curies":[{"name":"wp","href":"https:\/\/api.w.org\/{rel}","templated":true}]}}