{"id":1427,"date":"2021-01-28T02:04:40","date_gmt":"2021-01-28T01:04:40","guid":{"rendered":"http:\/\/collectifmdm-idf.org\/?p=1427"},"modified":"2021-01-30T00:00:09","modified_gmt":"2021-01-29T23:00:09","slug":"playlist-du-collectif-mdm-idf-n4-janvier-2021-best-of-2020-par-francois-bensignor","status":"publish","type":"post","link":"https:\/\/collectifmdm-idf.org\/annuaire5\/playlist-du-collectif-mdm-idf-n4-janvier-2021-best-of-2020-par-francois-bensignor\/","title":{"rendered":"Playlist du Collectif MDM IdF n\u00b04 \u2013 Janvier 2021 \u2013 \u201cBest of 2020\u201d \u2013 par Fran\u00e7ois BENSIGNOR"},"content":{"rendered":"\n<h2 class=\"wp-block-heading\"><\/h2>\n\n\n\n<p class=\"has-medium-font-size\"><strong>Best of 2020<\/strong><\/p>\n\n\n\n<p class=\"has-medium-font-size\">Voici un choix de douze titres tir\u00e9s du palmar\u00e8s de la saison 2019-20 parmi les 30 meilleurs albums \u00e9lus par le jury de T<strong><a href=\"http:\/\/www.transglobalwmc.com\/category\/charts\/annual-charts\/\" target=\"_blank\" rel=\"noreferrer noopener\">ransglobal World Music Chart<\/a><\/strong>. <\/p>\n\n\n\n<p class=\"has-text-align-right has-medium-font-size\">par Fran\u00e7ois Bensignor<\/p>\n\n\n\n<h2 class=\"wp-block-heading\"><\/h2>\n\n\n\n<h2 class=\"wp-block-heading\"><strong>La playlist (titres encha\u00een\u00e9s) :<\/strong><\/h2>\n\n\n\n<figure class=\"wp-block-embed is-type-video is-provider-youtube wp-block-embed-youtube wp-embed-aspect-16-9 wp-has-aspect-ratio\"><div class=\"wp-block-embed__wrapper\">\n<div class=\"responsive-container\"><iframe title=\"Playlist du Collectif MDM IdF n\u00b04 - 2020 - par Fran\u00e7ois BENSIGNOR\" width=\"640\" height=\"360\" src=\"https:\/\/www.youtube.com\/embed\/videoseries?list=PLKtoMQHaKf3fxDeAvLORZyJHL9VHIQiSZ\" frameborder=\"0\" allow=\"accelerometer; autoplay; clipboard-write; encrypted-media; gyroscope; picture-in-picture; web-share\" referrerpolicy=\"strict-origin-when-cross-origin\" allowfullscreen><\/iframe><\/div>\n<\/div><\/figure>\n\n\n\n<p><\/p>\n\n\n\n<p><\/p>\n\n\n\n<h2 class=\"wp-block-heading\"><\/h2>\n\n\n\n<h2 class=\"wp-block-heading\"><\/h2>\n\n\n\n<h2 class=\"wp-block-heading\"><strong>Les douze titres de la playlist :<\/strong><br><\/h2>\n\n\n\n<p class=\"has-medium-font-size\">1 &#8211; <strong>Lakou Mizik + 79rs Gang feat. R\u00e9gine Chassagne &amp; Pres. Hall Jazz Band &#8211; Iko Krey\u00f2l (Windows 98 Mix)<\/strong><\/p>\n\n\n\n<p class=\"has-medium-font-size\">Fond\u00e9 \u00e0 <strong>Ha\u00efti <\/strong>pour redonner courage aux survivants du tremblement de terre de 2010, <strong>Lakou Mizik<\/strong> d\u00e9couvre les connexions musicales avec <strong>La Nouvelle Orl\u00e9ans<\/strong> lors de son passage remarqu\u00e9 au New Orleans Jazz &amp; Heritage Festival. L\u2019album <em><strong>HaitiaNola<\/strong><\/em> r\u00e9unit le groupe avec une impressionnante brochette d\u2019artistes embl\u00e9matique de la capitale de la Louisiane.<\/p>\n\n\n\n<figure class=\"wp-block-embed is-type-video is-provider-youtube wp-block-embed-youtube wp-embed-aspect-16-9 wp-has-aspect-ratio\"><div class=\"wp-block-embed__wrapper\">\n<div class=\"responsive-container\"><iframe title=\"Lakou Mizik + 79rs Gang feat. R\u00e9gine Chassagne &amp; Pres. Hall Jazz Band - Iko Krey\u00f2l (Windows 98 Mix)\" width=\"640\" height=\"360\" src=\"https:\/\/www.youtube.com\/embed\/Iyu9U_e8yno?feature=oembed\" frameborder=\"0\" allow=\"accelerometer; autoplay; clipboard-write; encrypted-media; gyroscope; picture-in-picture; web-share\" referrerpolicy=\"strict-origin-when-cross-origin\" allowfullscreen><\/iframe><\/div>\n<\/div><\/figure>\n\n\n\n<h2 class=\"wp-block-heading\"><\/h2>\n\n\n\n<p class=\"has-medium-font-size\">2 &#8211; <strong>Roberto Fonseca &#8211; La Llamada (Feat. Gema4)<\/strong><\/p>\n\n\n\n<p class=\"has-medium-font-size\"><em>\u00ab&nbsp;Toutes mes influences sont rassembl\u00e9es ici. Tous les sons, les ambiances qui font ce que je suis aujourd\u2019hui,&nbsp;\u00bb<\/em> explique le fastueux pianiste cubain \u00e0 propos de son neuvi\u00e8me album, <em><strong>Yesun<\/strong><\/em>. Ce titre fait briller la souplesse envoutante du quartet vocal f\u00e9minin <strong>Gema 4<\/strong>, des Cubaines bas\u00e9es \u00e0 Barcelone.<\/p>\n\n\n\n<figure class=\"wp-block-embed is-type-video is-provider-youtube wp-block-embed-youtube wp-embed-aspect-16-9 wp-has-aspect-ratio\"><div class=\"wp-block-embed__wrapper\">\n<div class=\"responsive-container\"><iframe title=\"Roberto Fonseca - La Llamada (Feat. Gema4)\" width=\"640\" height=\"360\" src=\"https:\/\/www.youtube.com\/embed\/J3EbmcSIFQ0?feature=oembed\" frameborder=\"0\" allow=\"accelerometer; autoplay; clipboard-write; encrypted-media; gyroscope; picture-in-picture; web-share\" referrerpolicy=\"strict-origin-when-cross-origin\" allowfullscreen><\/iframe><\/div>\n<\/div><\/figure>\n\n\n\n<h2 class=\"wp-block-heading\"><\/h2>\n\n\n\n<p class=\"has-medium-font-size\">3 &#8211; <strong>The Garifuna Collective &#8211; Hamala (Let Him Fly)<\/strong><\/p>\n\n\n\n<p class=\"has-medium-font-size\">Les <strong>Garifunas <\/strong>sont les descendants des fameux Cara\u00efbes Noirs, Africains rescap\u00e9s du naufrage d\u2019un bateau d\u2019esclaves recueillis par les Arawak vivant sur l\u2019\u00eele de Saint-Vincent. Ensemble ils firent soci\u00e9t\u00e9 et combattirent les colons anglais durant un si\u00e8cle, avant d\u2019\u00eatre d\u00e9port\u00e9s sur les c\u00f4tes d\u2019Am\u00e9rique centrale. Ils y ont pr\u00e9serv\u00e9 une culture, une langue et une musique sp\u00e9cifiques, inscrites au patrimoine immat\u00e9riel mondial de l\u2019Unesco. \u00c0 Belize, <strong>The Garifuna Collective<\/strong> poursuit le prodigieux travail de transmission entam\u00e9 par leur mentor, le regrett\u00e9 <strong>Andy Palacio<\/strong>.<\/p>\n\n\n\n<figure class=\"wp-block-embed is-type-video is-provider-youtube wp-block-embed-youtube wp-embed-aspect-16-9 wp-has-aspect-ratio\"><div class=\"wp-block-embed__wrapper\">\n<div class=\"responsive-container\"><iframe title=\"The Garifuna Collective - Hamala (Let Him Fly)\" width=\"640\" height=\"360\" src=\"https:\/\/www.youtube.com\/embed\/ClTcxAfYUes?feature=oembed\" frameborder=\"0\" allow=\"accelerometer; autoplay; clipboard-write; encrypted-media; gyroscope; picture-in-picture; web-share\" referrerpolicy=\"strict-origin-when-cross-origin\" allowfullscreen><\/iframe><\/div>\n<\/div><\/figure>\n\n\n\n<h2 class=\"wp-block-heading\"><\/h2>\n\n\n\n<p class=\"has-medium-font-size\">4 &#8211; <strong>Aziza Brahim &#8211; Sahari (official video)<\/strong><\/p>\n\n\n\n<p class=\"has-medium-font-size\">Grandie dans un camp de r\u00e9fugi\u00e9s Sahraouis dans le d\u00e9sert alg\u00e9rien, <strong>Aziza Brahim<\/strong> perp\u00e9tue l\u2019h\u00e9ritage de sa grand-m\u00e8re po\u00e9tesse et de sa m\u00e8re chanteuse. Son engagement aux c\u00f4t\u00e9s des siens pour la restitution des terres occup\u00e9es par les Marocains ne faiblit pas dans l\u2019album <em><strong>Sahari<\/strong><\/em>. Et d\u2019autant moins depuis que Trump, \u00e0 la veille du d\u00e9part, a reconnu la souverainet\u00e9 du Maroc sur le Sahara Occidental.<\/p>\n\n\n\n<figure class=\"wp-block-embed is-type-video is-provider-youtube wp-block-embed-youtube wp-embed-aspect-16-9 wp-has-aspect-ratio\"><div class=\"wp-block-embed__wrapper\">\n<div class=\"responsive-container\"><iframe title=\"Aziza Brahim - Sahari (official video)\" width=\"640\" height=\"360\" src=\"https:\/\/www.youtube.com\/embed\/_0Z34P3tOK8?feature=oembed\" frameborder=\"0\" allow=\"accelerometer; autoplay; clipboard-write; encrypted-media; gyroscope; picture-in-picture; web-share\" referrerpolicy=\"strict-origin-when-cross-origin\" allowfullscreen><\/iframe><\/div>\n<\/div><\/figure>\n\n\n\n<h2 class=\"wp-block-heading\"><\/h2>\n\n\n\n<p class=\"has-medium-font-size\">5 &#8211;<strong>Tamikrest &#8211; Awnafin<\/strong><\/p>\n\n\n\n<p class=\"has-medium-font-size\">\u00ab&nbsp;Mon v\u0153u le plus cher est de voir hisser ce drapeau d\u00e9sir\u00e9. Il unira tout le peuple <strong>Kel Tamasheq<\/strong>. Tous pour l\u2019unit\u00e9 faisant de <strong>Kidal <\/strong>la capitale (\u2026) Ce jour o\u00f9 mon peuple sera uni.&nbsp;\u00bb Telles sont les paroles de cette chanson de l\u2019album <em><strong>Tamota\u00eft<\/strong><\/em>.<\/p>\n\n\n\n<figure class=\"wp-block-embed is-type-video is-provider-youtube wp-block-embed-youtube wp-embed-aspect-16-9 wp-has-aspect-ratio\"><div class=\"wp-block-embed__wrapper\">\n<div class=\"responsive-container\"><iframe title=\"Tamikrest - Awnafin\" width=\"640\" height=\"360\" src=\"https:\/\/www.youtube.com\/embed\/puZJEspk06w?feature=oembed\" frameborder=\"0\" allow=\"accelerometer; autoplay; clipboard-write; encrypted-media; gyroscope; picture-in-picture; web-share\" referrerpolicy=\"strict-origin-when-cross-origin\" allowfullscreen><\/iframe><\/div>\n<\/div><\/figure>\n\n\n\n<h2 class=\"wp-block-heading\"><\/h2>\n\n\n\n<p class=\"has-medium-font-size\">6 &#8211; <strong>Asm\u00e2a Hamzaoui &amp; Bnat Timbouktou &#8211; Foulani<\/strong><\/p>\n\n\n\n<p class=\"has-medium-font-size\">Chez les <strong>Gnawa <\/strong>du Maroc, les <strong>m\u00e2alem <\/strong>(ma\u00eetres) femmes se comptent sur les doigts d\u2019une main. <strong>Asm\u00e2a Hamzaoui<\/strong> (fille d\u2019un m\u00e2alem r\u00e9put\u00e9), allie magnifiquement \u00e9nergie, modernit\u00e9 et musicalit\u00e9 \u00e0 la t\u00eate d\u2019un ensemble exclusivement f\u00e9minin.<\/p>\n\n\n\n<figure class=\"wp-block-embed is-type-video is-provider-youtube wp-block-embed-youtube wp-embed-aspect-16-9 wp-has-aspect-ratio\"><div class=\"wp-block-embed__wrapper\">\n<div class=\"responsive-container\"><iframe title=\"Asm\u00e2a Hamzaoui &amp; Bnat Timbouktou - Foulani (Official Video)\" width=\"640\" height=\"360\" src=\"https:\/\/www.youtube.com\/embed\/W86q1LNoGAg?feature=oembed\" frameborder=\"0\" allow=\"accelerometer; autoplay; clipboard-write; encrypted-media; gyroscope; picture-in-picture; web-share\" referrerpolicy=\"strict-origin-when-cross-origin\" allowfullscreen><\/iframe><\/div>\n<\/div><\/figure>\n\n\n\n<h2 class=\"wp-block-heading\"><\/h2>\n\n\n\n<p class=\"has-medium-font-size\">7 &#8211; <strong>Santrofi &#8211; Black and White<\/strong><\/p>\n\n\n\n<p class=\"has-medium-font-size\">Les jeunes Ghan\u00e9ens de <strong>Santrofi <\/strong>remettent au go\u00fbt du jour le <strong>highlife<\/strong>, premi\u00e8re musique africaine \u00e0 s\u2019exporter d\u00e8s les ann\u00e9es 1940 sur les pistes de danse du monde entier. Leur premier album, <em><strong>Alewa<\/strong><\/em>, en explore toutes les formes, du son gorg\u00e9 de soul des rues d\u2019Accra aux torrides guitares 70\u2019s, du c\u00f4t\u00e9 funk \u00e0 l\u2019afrobeat.<\/p>\n\n\n\n<figure class=\"wp-block-embed is-type-video is-provider-youtube wp-block-embed-youtube wp-embed-aspect-16-9 wp-has-aspect-ratio\"><div class=\"wp-block-embed__wrapper\">\n<div class=\"responsive-container\"><iframe title=\"Santrofi - Black and White - LIVE at Afrikafestival Hertme 2019\" width=\"640\" height=\"360\" src=\"https:\/\/www.youtube.com\/embed\/KYBR0sNB0cA?feature=oembed\" frameborder=\"0\" allow=\"accelerometer; autoplay; clipboard-write; encrypted-media; gyroscope; picture-in-picture; web-share\" referrerpolicy=\"strict-origin-when-cross-origin\" allowfullscreen><\/iframe><\/div>\n<\/div><\/figure>\n\n\n\n<h2 class=\"wp-block-heading\"><\/h2>\n\n\n\n<p class=\"has-medium-font-size\">8 &#8211; <strong>Antibalas: Fight Am Finish<\/strong><\/p>\n\n\n\n<p class=\"has-medium-font-size\">Dans la galaxie <strong>Afrobeat<\/strong>, les New Yorkais d\u2019<strong>Antibalas<\/strong> font figure de mod\u00e8les. En effet, ils constituaient sur sc\u00e8ne l\u2019orchestre produisant la musique impeccable de la com\u00e9die musicale <strong><em>Fela&nbsp;!<\/em><\/strong>, retra\u00e7ant sur Broadway la l\u00e9gende de la star nig\u00e9riane. L\u2019album <em><strong>Fu Chronicles<\/strong>, <\/em>qui c\u00e9l\u00e8bre leur vingti\u00e8me anniversaire, les trouve \u00e0 la hauteur de leur r\u00e9putation.<\/p>\n\n\n\n<figure class=\"wp-block-embed is-type-video is-provider-youtube wp-block-embed-youtube wp-embed-aspect-16-9 wp-has-aspect-ratio\"><div class=\"wp-block-embed__wrapper\">\n<div class=\"responsive-container\"><iframe title=\"Antibalas: Fight Am Finish\" width=\"640\" height=\"360\" src=\"https:\/\/www.youtube.com\/embed\/7DRfryRTKbc?feature=oembed\" frameborder=\"0\" allow=\"accelerometer; autoplay; clipboard-write; encrypted-media; gyroscope; picture-in-picture; web-share\" referrerpolicy=\"strict-origin-when-cross-origin\" allowfullscreen><\/iframe><\/div>\n<\/div><\/figure>\n\n\n\n<h2 class=\"wp-block-heading\"><\/h2>\n\n\n\n<p class=\"has-medium-font-size\">9 &#8211; <strong>Ballake Sissoko &amp; Baba Sissoko \u2013 Sigi Gno GonyaI<\/strong><\/p>\n\n\n\n<p class=\"has-medium-font-size\">Dans l\u2019aire d\u2019influence mandingue, <strong>Sissoko <\/strong>est un nom de griot. <strong>Ballake <\/strong>et <strong>Baba<\/strong>, issus de cette grande lign\u00e9e qui compte de nombreux musiciens, sont cousins. Adolescents, tous deux ont remplac\u00e9 leurs p\u00e8res respectifs au sein de l\u2019<strong>Ensemble Instrumental National du Mali<\/strong>. Et c\u2019est \u00e0 leurs m\u00e9moires qu\u2019ils d\u00e9dient leur album de retrouvailles en duo, <em><strong>Sissoko &amp; Sissoko<\/strong><\/em>.<\/p>\n\n\n\n<figure class=\"wp-block-embed is-type-video is-provider-youtube wp-block-embed-youtube wp-embed-aspect-16-9 wp-has-aspect-ratio\"><div class=\"wp-block-embed__wrapper\">\n<div class=\"responsive-container\"><iframe title=\"Ballake Sissoko &amp; Baba Sissoko - SIGI GNO  GONYA\" width=\"640\" height=\"360\" src=\"https:\/\/www.youtube.com\/embed\/qmEBYJ4IRAs?feature=oembed\" frameborder=\"0\" allow=\"accelerometer; autoplay; clipboard-write; encrypted-media; gyroscope; picture-in-picture; web-share\" referrerpolicy=\"strict-origin-when-cross-origin\" allowfullscreen><\/iframe><\/div>\n<\/div><\/figure>\n\n\n\n<h2 class=\"wp-block-heading\"><\/h2>\n\n\n\n<p class=\"has-medium-font-size\">10 &#8211; <strong>Petroloukas Halkias &amp; Vasilis Kostas<\/strong><\/p>\n\n\n\n<p class=\"has-medium-font-size\">Frontali\u00e8re avec l\u2019Albanie, la province grecque d\u2019<strong>\u00c9pire<\/strong> regarde la semelle de la botte de l\u2019Italie. Il s\u2019y d\u00e9veloppe une musique particuli\u00e8re, dont le clarinettiste <strong>Petroloukas Halkias<\/strong> d\u00e9tient la savoureuse langue secr\u00e8te. Elle est traduite avec virtuosit\u00e9 sur les cordes du \u201c<strong>laouto<\/strong>\u201d de <strong>Vasilis Kostas<\/strong>, originaire de la m\u00eame r\u00e9gion que le vieux ma\u00eetre, avec lequel il entretient une musicale conversation jubilatoire.<\/p>\n\n\n\n<figure class=\"wp-block-embed is-type-video is-provider-youtube wp-block-embed-youtube wp-embed-aspect-16-9 wp-has-aspect-ratio\"><div class=\"wp-block-embed__wrapper\">\n<div class=\"responsive-container\"><iframe title=\"\u03a4\u03bf \u03bb\u03b1\u03bf\u03cd\u03c4\u03bf \u03c4\u03bf\u03c5 \u0392\u03b1\u03c3\u03af\u03bb\u03b7 \u039a\u03ce\u03c3\u03c4\u03b1 \u03c3\u03c4\u03b1 \u03c3\u03bf\u03bb\u03b9\u03c3\u03c4\u03b9\u03ba\u03ac \u03ba\u03bf\u03bc\u03bc\u03ac\u03c4\u03b9\u03b1 \u03c4\u03bf\u03c5 \u03b6\u03c9\u03bd\u03c4\u03b1\u03bd\u03bf\u03cd \u03b8\u03c1\u03cd\u03bb\u03bf\u03c5 \u03a0\u03b5\u03c4\u03c1\u03bf\u03bb\u03bf\u03cd\u03ba\u03b1 \u03a7\u03b1\u03bb\u03ba\u03b9\u03ac\" width=\"640\" height=\"360\" src=\"https:\/\/www.youtube.com\/embed\/MJk3Lq_nYE0?feature=oembed\" frameborder=\"0\" allow=\"accelerometer; autoplay; clipboard-write; encrypted-media; gyroscope; picture-in-picture; web-share\" referrerpolicy=\"strict-origin-when-cross-origin\" allowfullscreen><\/iframe><\/div>\n<\/div><\/figure>\n\n\n\n<h2 class=\"wp-block-heading\"><\/h2>\n\n\n\n<p class=\"has-medium-font-size\">11 &#8211; <strong>Damir Imamovic: O bosanske gore snje\u017ene<\/strong><\/p>\n\n\n\n<p class=\"has-medium-font-size\">H\u00e9ritier d\u2019une grande famille de musiciens, transportant leur audience au son du \u201c<strong>sevdah<\/strong>\u201d, <strong>Damir Imamovic<\/strong> perp\u00e9tue le r\u00e9pertoire qui faisait chavirer les caf\u00e9s de Mostar et de Sarajevo. Comme la \u201c<strong>saudade<\/strong>\u201d portugaise, le mot \u201c<strong>sevdah<\/strong>\u201d d\u00e9rive du terme arabe d\u00e9signant la \u201c<strong>bile noire<\/strong>\u201d. Il est le si\u00e8ge du spleen, de la m\u00e9lancolie, de l\u2019\u00e9motion et de l\u2019amour, que l\u2019enfant de <strong>Bosnie <\/strong>distille avec d\u00e9licatesse tout au long de l\u2019album <em><strong>Singer of Tales<\/strong><\/em>.<\/p>\n\n\n\n<figure class=\"wp-block-embed is-type-video is-provider-youtube wp-block-embed-youtube wp-embed-aspect-16-9 wp-has-aspect-ratio\"><div class=\"wp-block-embed__wrapper\">\n<div class=\"responsive-container\"><iframe title=\"Damir Imamovic: O bosanske gore snje\u017ene\" width=\"640\" height=\"360\" src=\"https:\/\/www.youtube.com\/embed\/xfNw-QKisKw?feature=oembed\" frameborder=\"0\" allow=\"accelerometer; autoplay; clipboard-write; encrypted-media; gyroscope; picture-in-picture; web-share\" referrerpolicy=\"strict-origin-when-cross-origin\" allowfullscreen><\/iframe><\/div>\n<\/div><\/figure>\n\n\n\n<h2 class=\"wp-block-heading\"><\/h2>\n\n\n\n<h2 class=\"wp-block-heading\"><\/h2>\n\n\n\n<p class=\"has-medium-font-size\">12 &#8211; <strong>Aynur Do\u011fan &#8211; Hed\u00fbr [ Official Video 2020 \u2117 &amp; \u24d2 ]<\/strong><\/p>\n\n\n\n<p class=\"has-medium-font-size\">D\u00e9but mars 2020, la diva kurde <strong>Aynur Do\u011fan<\/strong> publiait un septi\u00e8me album studio tr\u00e8s attendu, que devait promouvoir une intense tourn\u00e9e internationale. H\u00e9las, elle se solda par une succession d\u2019annulations de concerts. Gageons que, comme l\u2019indique le titre de cet album, <em><strong>Hed\u00fbr<\/strong><\/em>, elle a su \u00ab&nbsp;trouver la consolation avec le temps&nbsp;\u00bb.<\/p>\n\n\n\n<figure class=\"wp-block-embed is-type-video is-provider-youtube wp-block-embed-youtube wp-embed-aspect-16-9 wp-has-aspect-ratio\"><div class=\"wp-block-embed__wrapper\">\n<div class=\"responsive-container\"><iframe title=\"Aynur Do\u011fan - Hed\u00fbr | Official Video \u24c5 &amp; \u24d2\" width=\"640\" height=\"360\" src=\"https:\/\/www.youtube.com\/embed\/I5l-Nj5RxOA?feature=oembed\" frameborder=\"0\" allow=\"accelerometer; autoplay; clipboard-write; encrypted-media; gyroscope; picture-in-picture; web-share\" referrerpolicy=\"strict-origin-when-cross-origin\" allowfullscreen><\/iframe><\/div>\n<\/div><\/figure>\n\n\n\n<h2 class=\"wp-block-heading\"><\/h2>\n\n\n\n<h2 class=\"has-text-align-center has-luminous-vivid-amber-color has-text-color wp-block-heading\"><strong>&#8212;o&#8212;<\/strong><\/h2>\n","protected":false},"excerpt":{"rendered":"<p>Best of 2020 Voici un choix de douze titres tir\u00e9s du palmar\u00e8s de la saison 2019-20 parmi les 30 meilleurs albums \u00e9lus par le jury de Transglobal World Music Chart. par Fran\u00e7ois Bensignor La playlist (titres encha\u00een\u00e9s) : Les douze titres de<\/p>\n<p class=\"link-more\"><a class=\"myButt \" href=\"https:\/\/collectifmdm-idf.org\/annuaire5\/playlist-du-collectif-mdm-idf-n4-janvier-2021-best-of-2020-par-francois-bensignor\/\">EN SAVOIR +<\/a><\/p>\n","protected":false},"author":1,"featured_media":1488,"comment_status":"open","ping_status":"open","sticky":false,"template":"","format":"standard","meta":{"_rtcl_gb_attr":"","footnotes":""},"categories":[33],"tags":[],"class_list":["post-1427","post","type-post","status-publish","format-standard","has-post-thumbnail","hentry","category-playlists"],"_links":{"self":[{"href":"https:\/\/collectifmdm-idf.org\/annuaire5\/wp-json\/wp\/v2\/posts\/1427","targetHints":{"allow":["GET"]}}],"collection":[{"href":"https:\/\/collectifmdm-idf.org\/annuaire5\/wp-json\/wp\/v2\/posts"}],"about":[{"href":"https:\/\/collectifmdm-idf.org\/annuaire5\/wp-json\/wp\/v2\/types\/post"}],"author":[{"embeddable":true,"href":"https:\/\/collectifmdm-idf.org\/annuaire5\/wp-json\/wp\/v2\/users\/1"}],"replies":[{"embeddable":true,"href":"https:\/\/collectifmdm-idf.org\/annuaire5\/wp-json\/wp\/v2\/comments?post=1427"}],"version-history":[{"count":0,"href":"https:\/\/collectifmdm-idf.org\/annuaire5\/wp-json\/wp\/v2\/posts\/1427\/revisions"}],"wp:featuredmedia":[{"embeddable":true,"href":"https:\/\/collectifmdm-idf.org\/annuaire5\/wp-json\/wp\/v2\/media\/1488"}],"wp:attachment":[{"href":"https:\/\/collectifmdm-idf.org\/annuaire5\/wp-json\/wp\/v2\/media?parent=1427"}],"wp:term":[{"taxonomy":"category","embeddable":true,"href":"https:\/\/collectifmdm-idf.org\/annuaire5\/wp-json\/wp\/v2\/categories?post=1427"},{"taxonomy":"post_tag","embeddable":true,"href":"https:\/\/collectifmdm-idf.org\/annuaire5\/wp-json\/wp\/v2\/tags?post=1427"}],"curies":[{"name":"wp","href":"https:\/\/api.w.org\/{rel}","templated":true}]}}