{"id":14253,"date":"2024-03-08T18:38:29","date_gmt":"2024-03-08T17:38:29","guid":{"rendered":"https:\/\/collectifmdm-idf.org\/?p=14253"},"modified":"2024-06-06T13:16:40","modified_gmt":"2024-06-06T11:16:40","slug":"rencontres-artistiques-escales-inter-festivals-26-juin-2024","status":"publish","type":"post","link":"https:\/\/collectifmdm-idf.org\/annuaire5\/rencontres-artistiques-escales-inter-festivals-26-juin-2024\/","title":{"rendered":"Rencontres artistiques &#8220;Escales inter-festivals&#8221; &#8211; 26 juin 2024"},"content":{"rendered":"\t\t<div data-elementor-type=\"wp-post\" data-elementor-id=\"14253\" class=\"elementor elementor-14253\">\n\t\t\t\t\t\t<section class=\"elementor-section elementor-top-section elementor-element elementor-element-fc1ea9f elementor-section-stretched elementor-section-boxed elementor-section-height-default elementor-section-height-default\" data-id=\"fc1ea9f\" data-element_type=\"section\" data-settings=\"{&quot;stretch_section&quot;:&quot;section-stretched&quot;,&quot;background_background&quot;:&quot;classic&quot;}\">\n\t\t\t\t\t\t<div class=\"elementor-container elementor-column-gap-default\">\n\t\t\t\t\t<div class=\"elementor-column elementor-col-100 elementor-top-column elementor-element elementor-element-41c2f45\" data-id=\"41c2f45\" data-element_type=\"column\">\n\t\t\t<div class=\"elementor-widget-wrap elementor-element-populated\">\n\t\t\t\t\t\t<div class=\"elementor-element elementor-element-17549b5 elementor-widget__width-initial elementor-widget elementor-widget-text-editor\" data-id=\"17549b5\" data-element_type=\"widget\" data-widget_type=\"text-editor.default\">\n\t\t\t\t<div class=\"elementor-widget-container\">\n\t\t\t\t\t\t\t<h2 class=\"elementor-heading-title elementor-size-default elementor-inline-editing pen\" contenteditable=\"true\" data-elementor-setting-key=\"title\" data-pen-placeholder=\"\u00c9crivez ici...\"><span style=\"color: #ffffff;\">ESCALES inter-festivals musiques et jeune public en \u00cele-de-France<\/span><\/h2>\t\t\t\t\t\t<\/div>\n\t\t\t\t<\/div>\n\t\t\t\t\t<\/div>\n\t\t<\/div>\n\t\t\t\t\t<\/div>\n\t\t<\/section>\n\t\t\t\t<section class=\"elementor-section elementor-top-section elementor-element elementor-element-e3a52c0 elementor-section-boxed elementor-section-height-default elementor-section-height-default\" data-id=\"e3a52c0\" data-element_type=\"section\">\n\t\t\t\t\t\t<div class=\"elementor-container elementor-column-gap-default\">\n\t\t\t\t\t<div class=\"elementor-column elementor-col-100 elementor-top-column elementor-element elementor-element-b8edf44\" data-id=\"b8edf44\" data-element_type=\"column\">\n\t\t\t<div class=\"elementor-widget-wrap elementor-element-populated\">\n\t\t\t\t\t\t<div class=\"elementor-element elementor-element-9a03bd8 elementor-widget__width-initial elementor-widget elementor-widget-text-editor\" data-id=\"9a03bd8\" data-element_type=\"widget\" data-widget_type=\"text-editor.default\">\n\t\t\t\t<div class=\"elementor-widget-container\">\n\t\t\t\t\t\t\t<h2 contenteditable=\"true\" data-elementor-setting-key=\"title\" data-pen-placeholder=\"\u00c9crivez ici...\"><span style=\"color: #ff6d00;\">Appel \u00e0 projets en soutien \u00e0 la cr\u00e9ation jeune public en \u00e9criture ou en cours de conception<\/span><\/h2>\t\t\t\t\t\t<\/div>\n\t\t\t\t<\/div>\n\t\t\t\t\t<\/div>\n\t\t<\/div>\n\t\t\t\t\t<\/div>\n\t\t<\/section>\n\t\t\t\t<section class=\"elementor-section elementor-top-section elementor-element elementor-element-0dcc421 elementor-section-boxed elementor-section-height-default elementor-section-height-default\" data-id=\"0dcc421\" data-element_type=\"section\">\n\t\t\t\t\t\t<div class=\"elementor-container elementor-column-gap-default\">\n\t\t\t\t\t<div class=\"elementor-column elementor-col-100 elementor-top-column elementor-element elementor-element-e46ea5d\" data-id=\"e46ea5d\" data-element_type=\"column\">\n\t\t\t<div class=\"elementor-widget-wrap elementor-element-populated\">\n\t\t\t\t\t\t<div class=\"elementor-element elementor-element-0c62a3c elementor-widget__width-initial elementor-widget elementor-widget-text-editor\" data-id=\"0c62a3c\" data-element_type=\"widget\" data-widget_type=\"text-editor.default\">\n\t\t\t\t<div class=\"elementor-widget-container\">\n\t\t\t\t\t\t\t<h3><span style=\"color: #ff6d00;\"><strong><span style=\"color: #000000;\">AUDITIONS DES PROJETS S\u00c9LECTIONN\u00c9S LE MERCREDI 26 JUIN,<br \/>LORS DES RENCONTRES ARTISTIQUES AU TH\u00c9\u00c2TRE DU PARC FLORAL<\/span><\/strong><\/span><\/h3>\t\t\t\t\t\t<\/div>\n\t\t\t\t<\/div>\n\t\t\t\t\t<\/div>\n\t\t<\/div>\n\t\t\t\t\t<\/div>\n\t\t<\/section>\n\t\t\t\t<section class=\"elementor-section elementor-top-section elementor-element elementor-element-ca430e7 elementor-section-boxed elementor-section-height-default elementor-section-height-default\" data-id=\"ca430e7\" data-element_type=\"section\">\n\t\t\t\t\t\t<div class=\"elementor-container elementor-column-gap-default\">\n\t\t\t\t\t<div class=\"elementor-column elementor-col-100 elementor-top-column elementor-element elementor-element-2e1d063\" data-id=\"2e1d063\" data-element_type=\"column\">\n\t\t\t<div class=\"elementor-widget-wrap elementor-element-populated\">\n\t\t\t\t\t\t<div class=\"elementor-element elementor-element-cfeb445 elementor-widget elementor-widget-image\" data-id=\"cfeb445\" data-element_type=\"widget\" data-widget_type=\"image.default\">\n\t\t\t\t<div class=\"elementor-widget-container\">\n\t\t\t\t\t\t\t\t\t\t\t\t\t<img fetchpriority=\"high\" decoding=\"async\" width=\"2334\" height=\"584\" src=\"https:\/\/collectifmdm-idf.org\/annuaire5\/wp-content\/uploads\/2024\/03\/EN-TETE-COURRIER-FPF2024.png\" class=\"attachment-full size-full wp-image-14667\" alt=\"Festival du Parc Floral - 26 juin 2024\" srcset=\"https:\/\/collectifmdm-idf.org\/annuaire5\/wp-content\/uploads\/2024\/03\/EN-TETE-COURRIER-FPF2024.png 2334w, https:\/\/collectifmdm-idf.org\/annuaire5\/wp-content\/uploads\/2024\/03\/EN-TETE-COURRIER-FPF2024-300x75.png 300w, https:\/\/collectifmdm-idf.org\/annuaire5\/wp-content\/uploads\/2024\/03\/EN-TETE-COURRIER-FPF2024-1024x256.png 1024w, https:\/\/collectifmdm-idf.org\/annuaire5\/wp-content\/uploads\/2024\/03\/EN-TETE-COURRIER-FPF2024-768x192.png 768w, https:\/\/collectifmdm-idf.org\/annuaire5\/wp-content\/uploads\/2024\/03\/EN-TETE-COURRIER-FPF2024-1536x384.png 1536w, https:\/\/collectifmdm-idf.org\/annuaire5\/wp-content\/uploads\/2024\/03\/EN-TETE-COURRIER-FPF2024-2048x512.png 2048w\" sizes=\"(max-width: 2334px) 100vw, 2334px\" title=\"\" \/>\t\t\t\t\t\t\t\t\t\t\t\t\t<\/div>\n\t\t\t\t<\/div>\n\t\t\t\t\t<\/div>\n\t\t<\/div>\n\t\t\t\t\t<\/div>\n\t\t<\/section>\n\t\t\t\t<section class=\"elementor-section elementor-top-section elementor-element elementor-element-527e22c elementor-section-boxed elementor-section-height-default elementor-section-height-default\" data-id=\"527e22c\" data-element_type=\"section\">\n\t\t\t\t\t\t<div class=\"elementor-container elementor-column-gap-default\">\n\t\t\t\t\t<div class=\"elementor-column elementor-col-100 elementor-top-column elementor-element elementor-element-599b89c\" data-id=\"599b89c\" data-element_type=\"column\">\n\t\t\t<div class=\"elementor-widget-wrap elementor-element-populated\">\n\t\t\t\t\t\t<div class=\"elementor-element elementor-element-799fa2e elementor-widget__width-initial elementor-widget elementor-widget-text-editor\" data-id=\"799fa2e\" data-element_type=\"widget\" data-widget_type=\"text-editor.default\">\n\t\t\t\t<div class=\"elementor-widget-container\">\n\t\t\t\t\t\t\t<p><span style=\"color: #000000;\">Le <b>Festival Pestacles\/<a href=\"https:\/\/festivalsduparcfloral.paris\/programmation\/\" target=\"_blank\" rel=\"noopener\">Festivals<\/a><\/b> <b>du Parc Floral<\/b> de Paris (<a href=\"https:\/\/traffixmusic.com\/\" target=\"_blank\" rel=\"noopener\"><b>Traffix Music<\/b><\/a>), le <b>Festival Babel M\u00f4mes\/<a href=\"https:\/\/www.lepointfort.com\/\" target=\"_blank\" rel=\"noopener\">Le Point Fort d\u2019Aubervilliers<\/a><\/b> (<a href=\"https:\/\/www.villesdesmusiquesdumonde.com\/\" target=\"_blank\" rel=\"noopener\"><b>Villes des Musiques du Monde<\/b><\/a>) en coop\u00e9ration avec le\u00a0<b>Collectif Musiques et Danses du Monde en IDF<\/b>\u00a0s&#8217;associent pour exp\u00e9rimenter un\u00a0dispositif inter-festivals\u00a0au service de la\u00a0cr\u00e9ation \u00e9mergente musicale jeune public francilienne. En partenariat avec le\u00a0r\u00e9seau\u00a0<a href=\"https:\/\/www.ramdam.pro\/\" target=\"_blank\" rel=\"noopener\"><b>RAMDAM<\/b><\/a>.<\/span><\/p><p><span style=\"color: #d9540d;\"><span style=\"color: #ff6d00;\"><b>Appel \u00e0 candidatures cl\u00f4tur\u00e9 depuis le :<\/b><\/span><\/span><span style=\"color: #000000;\"><br \/><\/span><span style=\"color: #4d5156; font-family: arial, sans-serif; font-size: 14px;\">\u25c9 <\/span><span style=\"color: #000000;\"><b>vendredi 17 mai<\/b>\u00a0inclus.<\/span><span style=\"color: #000000;\">.\u00a0<\/span><\/p><p><b style=\"color: #000000;\">Pour tout besoin<\/b><span style=\"color: #000000;\"> d&#8217;informations compl\u00e9mentaires, vous pouvez <\/span><b style=\"color: #000000;\">nous contactez par email<\/b><span style=\"color: #000000;\"> \u00e0 l&#8217;adresse suivante : <\/span><b style=\"color: #000000;\">jeanbaptiste@collectifmdm-idf.fr.<\/b><\/p><p><span style=\"color: #000000;\"><b>Pour candidater<\/b> \u00e0 l&#8217;appel \u00e0 projets en soutien \u00e0 la cr\u00e9ation jeune public, <b>compl\u00e9tez le formulaire ci-dessous.<\/b><\/span><\/p>\t\t\t\t\t\t<\/div>\n\t\t\t\t<\/div>\n\t\t\t\t\t<\/div>\n\t\t<\/div>\n\t\t\t\t\t<\/div>\n\t\t<\/section>\n\t\t\t\t<section class=\"elementor-section elementor-top-section elementor-element elementor-element-436f05f elementor-section-boxed elementor-section-height-default elementor-section-height-default\" data-id=\"436f05f\" data-element_type=\"section\">\n\t\t\t\t\t\t<div class=\"elementor-container elementor-column-gap-default\">\n\t\t\t\t\t<div class=\"elementor-column elementor-col-100 elementor-top-column elementor-element elementor-element-a5e26a3\" data-id=\"a5e26a3\" data-element_type=\"column\">\n\t\t\t<div class=\"elementor-widget-wrap elementor-element-populated\">\n\t\t\t\t\t\t<div class=\"elementor-element elementor-element-b8de0de elementor-widget elementor-widget-spacer\" data-id=\"b8de0de\" data-element_type=\"widget\" data-widget_type=\"spacer.default\">\n\t\t\t\t<div class=\"elementor-widget-container\">\n\t\t\t\t\t<div class=\"elementor-spacer\">\n\t\t\t<div class=\"elementor-spacer-inner\"><\/div>\n\t\t<\/div>\n\t\t\t\t<\/div>\n\t\t\t\t<\/div>\n\t\t\t\t\t<\/div>\n\t\t<\/div>\n\t\t\t\t\t<\/div>\n\t\t<\/section>\n\t\t\t\t<section class=\"elementor-section elementor-top-section elementor-element elementor-element-7c29e20 elementor-section-boxed elementor-section-height-default elementor-section-height-default\" data-id=\"7c29e20\" data-element_type=\"section\">\n\t\t\t\t\t\t<div class=\"elementor-container elementor-column-gap-default\">\n\t\t\t\t\t<div class=\"elementor-column elementor-col-100 elementor-top-column elementor-element elementor-element-7159ae1\" data-id=\"7159ae1\" data-element_type=\"column\">\n\t\t\t<div class=\"elementor-widget-wrap elementor-element-populated\">\n\t\t\t\t\t\t<div class=\"elementor-element elementor-element-414f5d3 elementor-widget elementor-widget-toggle\" data-id=\"414f5d3\" data-element_type=\"widget\" data-widget_type=\"toggle.default\">\n\t\t\t\t<div class=\"elementor-widget-container\">\n\t\t\t\t\t<div class=\"elementor-toggle\">\n\t\t\t\t\t\t\t<div class=\"elementor-toggle-item\">\n\t\t\t\t\t<div id=\"elementor-tab-title-6841\" class=\"elementor-tab-title\" data-tab=\"1\" role=\"button\" aria-controls=\"elementor-tab-content-6841\" aria-expanded=\"false\">\n\t\t\t\t\t\t\t\t\t\t\t\t<span class=\"elementor-toggle-icon elementor-toggle-icon-left\" aria-hidden=\"true\">\n\t\t\t\t\t\t\t\t\t\t\t\t\t\t\t<span class=\"elementor-toggle-icon-closed\"><i class=\"fas fa-caret-right\"><\/i><\/span>\n\t\t\t\t\t\t\t\t<span class=\"elementor-toggle-icon-opened\"><i class=\"elementor-toggle-icon-opened fas fa-caret-up\"><\/i><\/span>\n\t\t\t\t\t\t\t\t\t\t\t\t\t<\/span>\n\t\t\t\t\t\t\t\t\t\t\t\t<a class=\"elementor-toggle-title\" tabindex=\"0\">D\u00e9roul\u00e9 des rencontres artistiques professionnelles - mer. 26 juin<\/a>\n\t\t\t\t\t<\/div>\n\n\t\t\t\t\t<div id=\"elementor-tab-content-6841\" class=\"elementor-tab-content elementor-clearfix\" data-tab=\"1\" role=\"region\" aria-labelledby=\"elementor-tab-title-6841\"><p><span style=\"color: #ffffff;\"><b>10h30 \u00e0 12h30 |<\/b> Th\u00e9\u00e2tre du Parc- Parc Floral de Paris<\/span><br \/><span style=\"color: #ffffff;\">Pr\u00e9sentation de 4 projets de spectacles musicaux jeune public en pr\u00e9-production et en recherche de partenaires et de coproducteurs. La s\u00e9lection se fera par appel \u00e0 projets. Nous souhaitons mettre dans les crit\u00e8res de s\u00e9lection une proposition d\u2019adaptabilit\u00e9 des projets sur diff\u00e9rents types de lieux (salles \u00e9quip\u00e9es, non \u00e9quip\u00e9es, plein air, \u2026) et une r\u00e9flexion sur la mobilit\u00e9 et l&#8217;\u00e9co responsabilit\u00e9 dans la conception sc\u00e9nographique notamment.<\/span><\/p><p><span style=\"color: #ffffff;\"><b>13-14h |<\/b> Picnic convivial entre professionnels et \u00e9quipes artistiques<\/span><\/p><div><p dir=\"ltr\"><span style=\"color: #ffffff;\"><b>14h | <\/b>Pr\u00e9sentation de la Fabrique \u00e0 musique Sacem de Fanny Charmont, artiste de Ys\u00e9e et la travers\u00e9e du Monde Pointu &#8211; Sc\u00e8ne Delta\/ Parc Floral de Paris<\/span><\/p><p dir=\"ltr\"><span style=\"color: #ffffff;\"><b>14h30 |<\/b> Pestacles &#8211; Version plein air d&#8217;Ys\u00e9e et la travers\u00e9e du Monde Pointu &#8211; Sc\u00e8ne Delta\/Parc Floral de Paris \u00a0<\/span><\/p><p><span id=\"gmail-docs-internal-guid-1a98e0dd-7fff-9b86-2cc2-4bd1120b5149\" style=\"color: #ffffff;\"><b>15h30 \u00e0 17h | <\/b>Table ronde conviviale en format brainstorming co-anim\u00e9e par Andr\u00e9 Cayot (r\u00e9seau Ramdam) et Dani\u00e8le Gambino. Th\u00e9matique : Festivals jeune publics musicaux : quels enjeux, quel public, moyens de production, mutualisation, les dispositifs de coordination de productions, les r\u00e9sidences mutualis\u00e9es, \u2026 <br \/><i>en cours d&#8217;\u00e9laboration<\/i><i> &#8211;<\/i>\u00a0<i>lieu \u00e0 d\u00e9finir\/ Parc Floral de Paris <\/i><br \/><\/span><\/p><\/div><\/div>\n\t\t\t\t<\/div>\n\t\t\t\t\t\t\t\t<\/div>\n\t\t\t\t<\/div>\n\t\t\t\t<\/div>\n\t\t\t\t\t<\/div>\n\t\t<\/div>\n\t\t\t\t\t<\/div>\n\t\t<\/section>\n\t\t\t\t<section class=\"elementor-section elementor-top-section elementor-element elementor-element-07dba6f elementor-section-boxed elementor-section-height-default elementor-section-height-default\" data-id=\"07dba6f\" data-element_type=\"section\">\n\t\t\t\t\t\t<div class=\"elementor-container elementor-column-gap-default\">\n\t\t\t\t\t<div class=\"elementor-column elementor-col-100 elementor-top-column elementor-element elementor-element-34496da\" data-id=\"34496da\" data-element_type=\"column\">\n\t\t\t<div class=\"elementor-widget-wrap elementor-element-populated\">\n\t\t\t\t\t\t<div class=\"elementor-element elementor-element-68c436b elementor-widget elementor-widget-spacer\" data-id=\"68c436b\" data-element_type=\"widget\" data-widget_type=\"spacer.default\">\n\t\t\t\t<div class=\"elementor-widget-container\">\n\t\t\t\t\t<div class=\"elementor-spacer\">\n\t\t\t<div class=\"elementor-spacer-inner\"><\/div>\n\t\t<\/div>\n\t\t\t\t<\/div>\n\t\t\t\t<\/div>\n\t\t\t\t\t<\/div>\n\t\t<\/div>\n\t\t\t\t\t<\/div>\n\t\t<\/section>\n\t\t\t\t<section class=\"elementor-section elementor-top-section elementor-element elementor-element-fe21ee5 elementor-section-boxed elementor-section-height-default elementor-section-height-default\" data-id=\"fe21ee5\" data-element_type=\"section\">\n\t\t\t\t\t\t<div class=\"elementor-container elementor-column-gap-default\">\n\t\t\t\t\t<div class=\"elementor-column elementor-col-100 elementor-top-column elementor-element elementor-element-7f96146\" data-id=\"7f96146\" data-element_type=\"column\">\n\t\t\t<div class=\"elementor-widget-wrap elementor-element-populated\">\n\t\t\t\t\t\t<div class=\"elementor-element elementor-element-0332550 elementor-widget__width-initial elementor-widget elementor-widget-text-editor\" data-id=\"0332550\" data-element_type=\"widget\" data-widget_type=\"text-editor.default\">\n\t\t\t\t<div class=\"elementor-widget-container\">\n\t\t\t\t\t\t\t<p>Pour <b>vous inscrire aux rencontres du 26 juin<\/b> au Th\u00e9\u00e2tre du Parc Floral, <b>compl\u00e9tez le formulaire ci-dessous.<\/b><\/p>\t\t\t\t\t\t<\/div>\n\t\t\t\t<\/div>\n\t\t\t\t\t<\/div>\n\t\t<\/div>\n\t\t\t\t\t<\/div>\n\t\t<\/section>\n\t\t\t\t<section class=\"elementor-section elementor-top-section elementor-element elementor-element-107cabd elementor-section-boxed elementor-section-height-default elementor-section-height-default\" data-id=\"107cabd\" data-element_type=\"section\">\n\t\t\t\t\t\t<div class=\"elementor-container elementor-column-gap-default\">\n\t\t\t\t\t<div class=\"elementor-column elementor-col-100 elementor-top-column elementor-element elementor-element-5beb0fc\" data-id=\"5beb0fc\" data-element_type=\"column\">\n\t\t\t<div class=\"elementor-widget-wrap elementor-element-populated\">\n\t\t\t\t\t\t<div class=\"elementor-element elementor-element-d03d713 elementor-widget elementor-widget-html\" data-id=\"d03d713\" data-element_type=\"widget\" data-widget_type=\"html.default\">\n\t\t\t\t<div class=\"elementor-widget-container\">\n\t\t\t<iframe src=\"https:\/\/docs.google.com\/forms\/d\/e\/1FAIpQLSepaS0EVCU0Do8Brk58cFNme9MoEQ-SE23IsMbtllp7Z7bsGg\/viewform?embedded=true\" width=\"640\" height=\"512\" frameborder=\"0\" marginheight=\"0\" marginwidth=\"0\">Chargement\u2026<\/iframe>\t\t<\/div>\n\t\t\t\t<\/div>\n\t\t\t\t\t<\/div>\n\t\t<\/div>\n\t\t\t\t\t<\/div>\n\t\t<\/section>\n\t\t\t\t<section class=\"elementor-section elementor-top-section elementor-element elementor-element-ae08dc9 elementor-section-boxed elementor-section-height-default elementor-section-height-default\" data-id=\"ae08dc9\" data-element_type=\"section\">\n\t\t\t\t\t\t<div class=\"elementor-container elementor-column-gap-default\">\n\t\t\t\t\t<div class=\"elementor-column elementor-col-100 elementor-top-column elementor-element elementor-element-4ce3266\" data-id=\"4ce3266\" data-element_type=\"column\" data-settings=\"{&quot;background_background&quot;:&quot;classic&quot;}\">\n\t\t\t<div class=\"elementor-widget-wrap elementor-element-populated\">\n\t\t\t\t\t\t<div class=\"elementor-element elementor-element-b525b2a elementor-widget-divider--view-line elementor-widget elementor-widget-divider\" data-id=\"b525b2a\" data-element_type=\"widget\" data-widget_type=\"divider.default\">\n\t\t\t\t<div class=\"elementor-widget-container\">\n\t\t\t\t\t<div class=\"elementor-divider\">\n\t\t\t<span class=\"elementor-divider-separator\">\n\t\t\t\t\t\t<\/span>\n\t\t<\/div>\n\t\t\t\t<\/div>\n\t\t\t\t<\/div>\n\t\t\t\t\t<\/div>\n\t\t<\/div>\n\t\t\t\t\t<\/div>\n\t\t<\/section>\n\t\t\t\t<section class=\"elementor-section elementor-top-section elementor-element elementor-element-76fca71 elementor-section-boxed elementor-section-height-default elementor-section-height-default\" data-id=\"76fca71\" data-element_type=\"section\">\n\t\t\t\t\t\t<div class=\"elementor-container elementor-column-gap-default\">\n\t\t\t\t\t<div class=\"elementor-column elementor-col-100 elementor-top-column elementor-element elementor-element-86b3b89\" data-id=\"86b3b89\" data-element_type=\"column\">\n\t\t\t<div class=\"elementor-widget-wrap elementor-element-populated\">\n\t\t\t\t\t\t<div class=\"elementor-element elementor-element-7f4f431 elementor-widget__width-initial elementor-widget elementor-widget-text-editor\" data-id=\"7f4f431\" data-element_type=\"widget\" data-widget_type=\"text-editor.default\">\n\t\t\t\t<div class=\"elementor-widget-container\">\n\t\t\t\t\t\t\t<p><strong>INFOS PRATIQUES<\/strong><br \/><b><span style=\"color: #ff6d00;\"><em>Le Th\u00e9\u00e2tre du Parc Floral<br \/><\/em><\/span><\/b><span style=\"color: #ff6d00;\"><span style=\"color: #000000;\">Route de la Pyramide, 75012 Paris<br \/><\/span><\/span><\/p><p>Pour tout besoin d&#8217;informations compl\u00e9mentaires, vous pouvez nous contactez :<br \/><strong>par email<\/strong> \u00e0 l&#8217;adresse suivante : jeanbaptiste@collectifmdm-idf.fr<br \/><b>par t\u00e9l\u00e9phone : <\/b>01 48 36 34 02<\/p><p>\u00a0<\/p>\t\t\t\t\t\t<\/div>\n\t\t\t\t<\/div>\n\t\t\t\t\t<\/div>\n\t\t<\/div>\n\t\t\t\t\t<\/div>\n\t\t<\/section>\n\t\t\t\t<section class=\"elementor-section elementor-top-section elementor-element elementor-element-1198457 elementor-section-boxed elementor-section-height-default elementor-section-height-default\" data-id=\"1198457\" data-element_type=\"section\">\n\t\t\t\t\t\t<div class=\"elementor-container elementor-column-gap-default\">\n\t\t\t\t\t<div class=\"elementor-column elementor-col-100 elementor-top-column elementor-element elementor-element-ec864d9\" data-id=\"ec864d9\" data-element_type=\"column\">\n\t\t\t<div class=\"elementor-widget-wrap elementor-element-populated\">\n\t\t\t\t\t\t<div class=\"elementor-element elementor-element-bf1d708 elementor-widget elementor-widget-toggle\" data-id=\"bf1d708\" data-element_type=\"widget\" data-widget_type=\"toggle.default\">\n\t\t\t\t<div class=\"elementor-widget-container\">\n\t\t\t\t\t<div class=\"elementor-toggle\">\n\t\t\t\t\t\t\t<div class=\"elementor-toggle-item\">\n\t\t\t\t\t<div id=\"elementor-tab-title-2001\" class=\"elementor-tab-title\" data-tab=\"1\" role=\"button\" aria-controls=\"elementor-tab-content-2001\" aria-expanded=\"false\">\n\t\t\t\t\t\t\t\t\t\t\t\t<span class=\"elementor-toggle-icon elementor-toggle-icon-left\" aria-hidden=\"true\">\n\t\t\t\t\t\t\t\t\t\t\t\t\t\t\t<span class=\"elementor-toggle-icon-closed\"><i class=\"fas fa-caret-right\"><\/i><\/span>\n\t\t\t\t\t\t\t\t<span class=\"elementor-toggle-icon-opened\"><i class=\"elementor-toggle-icon-opened fas fa-caret-up\"><\/i><\/span>\n\t\t\t\t\t\t\t\t\t\t\t\t\t<\/span>\n\t\t\t\t\t\t\t\t\t\t\t\t<a class=\"elementor-toggle-title\" tabindex=\"0\">Les objectifs\u00a0de cette coop\u00e9ration sont multiples : <\/a>\n\t\t\t\t\t<\/div>\n\n\t\t\t\t\t<div id=\"elementor-tab-content-2001\" class=\"elementor-tab-content elementor-clearfix\" data-tab=\"1\" role=\"region\" aria-labelledby=\"elementor-tab-title-2001\"><ul><li><span style=\"color: #000000;\">Mettre en lumi\u00e8re la cr\u00e9ation jeune public musicale francilienne ;<\/span><\/li><li><span style=\"color: #000000;\">Valoriser la diversit\u00e9 culturelle et celle de tous les r\u00e9pertoires musicaux en IDF ;<\/span><\/li><li><span style=\"color: #000000;\">Mettre en valeur les mutualisations\u00a0existantes afin d&#8217;en stimuler de nouvelles dans un souci de soutien aux projets culturels fragilis\u00e9s\u00a0dans le contexte actuel mais aussi dans un objectif\u00a0d&#8217;\u00e9co- responsabilit\u00e9 ;<\/span><\/li><li><span style=\"color: #000000;\">Faciliter les\u00a0mises en relations et les logiques d\u2019accompagnement entre\u00a0artistes, producteurs\u00b7trices, diffuseurs\u00b7euses et lieux de cr\u00e9ation ;<\/span><\/li><li><span style=\"color: #000000;\">Mutualiser nos moyens pour permettre l\u2019\u00e9mergence de nouvelles cr\u00e9ations musicales jeune public ;<\/span><\/li><li><span style=\"color: #000000;\">Soutenir les jeunes artistes \u00e9mergent\u00b7e\u00b7s de la cr\u00e9ation musicale jeune public.<\/span><\/li><\/ul><\/div>\n\t\t\t\t<\/div>\n\t\t\t\t\t\t\t<div class=\"elementor-toggle-item\">\n\t\t\t\t\t<div id=\"elementor-tab-title-2002\" class=\"elementor-tab-title\" data-tab=\"2\" role=\"button\" aria-controls=\"elementor-tab-content-2002\" aria-expanded=\"false\">\n\t\t\t\t\t\t\t\t\t\t\t\t<span class=\"elementor-toggle-icon elementor-toggle-icon-left\" aria-hidden=\"true\">\n\t\t\t\t\t\t\t\t\t\t\t\t\t\t\t<span class=\"elementor-toggle-icon-closed\"><i class=\"fas fa-caret-right\"><\/i><\/span>\n\t\t\t\t\t\t\t\t<span class=\"elementor-toggle-icon-opened\"><i class=\"elementor-toggle-icon-opened fas fa-caret-up\"><\/i><\/span>\n\t\t\t\t\t\t\t\t\t\t\t\t\t<\/span>\n\t\t\t\t\t\t\t\t\t\t\t\t<a class=\"elementor-toggle-title\" tabindex=\"0\">Finalit\u00e9s\u00a0: deux possibilit\u00e9s de pr\u00e9sentation de votre projet dans un r\u00e9seau de professionnels<\/a>\n\t\t\t\t\t<\/div>\n\n\t\t\t\t\t<div id=\"elementor-tab-content-2002\" class=\"elementor-tab-content elementor-clearfix\" data-tab=\"2\" role=\"region\" aria-labelledby=\"elementor-tab-title-2002\"><ul><li><span style=\"color: #000000;\">le 21 mars pour les projets sp\u00e9cifiquement Musiques du monde\u00a0: 3 ou 4 projets seront retenus pour \u00eatre pr\u00e9sent\u00e9s et auditionn\u00e9s devant un public de professionnels, dans le cadre du festival Babel M\u00f4mes, le jeudi 21 mars 2024 ;<br \/><\/span><span style=\"color: #000000;\"><br \/><\/span><\/li><li><span style=\"color: #000000;\">le 26 juin pour toutes esth\u00e9tiques musicales du projet : 3 ou 4 projets seront retenus pour \u00eatre pr\u00e9sent\u00e9s et auditionn\u00e9s devant un public de professionnels, dans le cadre du festival Pestacles, le mercredi 26 juin 2024.<br \/><br \/><strong>Lors des deux journ\u00e9es (21 mars et 26 juin), un jury compos\u00e9 de professionnels de \u00ab\u00a0Escales\u00a0\u00bb retiendra un projet avec pour objectif de l\u2019aider \u00e0 acc\u00e9l\u00e9rer son processus de recherche de coproduction et de r\u00e9sidence.\u00a0<\/strong><br \/><\/span><\/li><\/ul><\/div>\n\t\t\t\t<\/div>\n\t\t\t\t\t\t\t<div class=\"elementor-toggle-item\">\n\t\t\t\t\t<div id=\"elementor-tab-title-2003\" class=\"elementor-tab-title\" data-tab=\"3\" role=\"button\" aria-controls=\"elementor-tab-content-2003\" aria-expanded=\"false\">\n\t\t\t\t\t\t\t\t\t\t\t\t<span class=\"elementor-toggle-icon elementor-toggle-icon-left\" aria-hidden=\"true\">\n\t\t\t\t\t\t\t\t\t\t\t\t\t\t\t<span class=\"elementor-toggle-icon-closed\"><i class=\"fas fa-caret-right\"><\/i><\/span>\n\t\t\t\t\t\t\t\t<span class=\"elementor-toggle-icon-opened\"><i class=\"elementor-toggle-icon-opened fas fa-caret-up\"><\/i><\/span>\n\t\t\t\t\t\t\t\t\t\t\t\t\t<\/span>\n\t\t\t\t\t\t\t\t\t\t\t\t<a class=\"elementor-toggle-title\" tabindex=\"0\">B\u00e9n\u00e9ficiaires :<\/a>\n\t\t\t\t\t<\/div>\n\n\t\t\t\t\t<div id=\"elementor-tab-content-2003\" class=\"elementor-tab-content elementor-clearfix\" data-tab=\"3\" role=\"region\" aria-labelledby=\"elementor-tab-title-2003\"><ul><li><span style=\"color: #000000;\">\u00c9quipe artistique \u00e9mergente dans le domaine du jeune public ;<\/span><\/li><li><span style=\"color: #000000;\">Artistes et\/ou structures domicili\u00e9.e.s en r\u00e9gion \u00cele-de-France ;<\/span><\/li><li><span style=\"color: #000000;\">Artistes et musiciens ayant d\u00e9j\u00e0 particip\u00e9 \u00e0 un projet professionnel et engag\u00e9s professionnellement dans le secteur culturel.<\/span><\/li><\/ul><\/div>\n\t\t\t\t<\/div>\n\t\t\t\t\t\t\t<div class=\"elementor-toggle-item\">\n\t\t\t\t\t<div id=\"elementor-tab-title-2004\" class=\"elementor-tab-title\" data-tab=\"4\" role=\"button\" aria-controls=\"elementor-tab-content-2004\" aria-expanded=\"false\">\n\t\t\t\t\t\t\t\t\t\t\t\t<span class=\"elementor-toggle-icon elementor-toggle-icon-left\" aria-hidden=\"true\">\n\t\t\t\t\t\t\t\t\t\t\t\t\t\t\t<span class=\"elementor-toggle-icon-closed\"><i class=\"fas fa-caret-right\"><\/i><\/span>\n\t\t\t\t\t\t\t\t<span class=\"elementor-toggle-icon-opened\"><i class=\"elementor-toggle-icon-opened fas fa-caret-up\"><\/i><\/span>\n\t\t\t\t\t\t\t\t\t\t\t\t\t<\/span>\n\t\t\t\t\t\t\t\t\t\t\t\t<a class=\"elementor-toggle-title\" tabindex=\"0\">Conditions de participation :<\/a>\n\t\t\t\t\t<\/div>\n\n\t\t\t\t\t<div id=\"elementor-tab-content-2004\" class=\"elementor-tab-content elementor-clearfix\" data-tab=\"4\" role=\"region\" aria-labelledby=\"elementor-tab-title-2004\"><ul><li><span style=\"color: #000000;\">Projet de spectacle pour enfants 0 -10 ans ;<\/span><\/li><li><span style=\"color: #000000;\">Spectacle \u00e0 dominante musicale (une attention sera apport\u00e9e aux r\u00e9pertoires issus des musiques du monde et m\u00e9tisses, notamment pour la journ\u00e9e du 21 mars \u00e0 Babel M\u00f4mes) ;<\/span><\/li><li><span style=\"color: #000000;\">Spectacle pluridisciplinaire possible ;<\/span><\/li><li><span style=\"color: #000000;\">Le spectacle doit \u00eatre une cr\u00e9ation musicale ;<\/span><\/li><li><span style=\"color: #000000;\">La cr\u00e9ation doit \u00eatre d\u00e9j\u00e0 amorc\u00e9e ;<\/span><\/li><li><span style=\"color: #000000;\">Le projet doit comporter une intention de dur\u00e9e ainsi qu\u2019une mention concernant la jauge spectateurs, d\u00e9tailler les diverses formes possibles (plein air, salles non \u00e9quip\u00e9es\u2026) ;<\/span><span style=\"color: #000000;\"><br \/><\/span><\/li><li><span style=\"color: #000000;\">Une attention particuli\u00e8re sera port\u00e9e aux actions p\u00e9dagogiques ;<\/span><span style=\"color: #000000;\"><br \/><\/span><\/li><li><span style=\"color: #000000;\">D\u00e9cor et technique\u00a0: pas de d\u00e9cor pour la pr\u00e9sentation et formule l\u00e9g\u00e8re techniquement ;<\/span><span style=\"color: #000000;\"><br \/><\/span><\/li><li><span style=\"color: #000000;\">Installation technique : le temps d\u2019installation pour l\u2019audition proprement dite \u00e9tant tr\u00e8s court (10 min.), pr\u00e9voir une technique adapt\u00e9e aux conditions simplifi\u00e9es de la prestation sur sc\u00e8ne. Toutes informations de d\u00e9tail seront donn\u00e9es le cas \u00e9ch\u00e9ant aux candidats s\u00e9lectionn\u00e9s ;<\/span><span style=\"color: #000000;\"><br \/><\/span><\/li><li><span style=\"color: #000000;\">En cas de s\u00e9lection\u00a0: \u00eatre disponible le jeudi 21 mars apr\u00e8s-midi pour pr\u00e9senter sur sc\u00e8ne son projet et\/ou le 26 juin matin.<\/span><\/li><\/ul><\/div>\n\t\t\t\t<\/div>\n\t\t\t\t\t\t\t<div class=\"elementor-toggle-item\">\n\t\t\t\t\t<div id=\"elementor-tab-title-2005\" class=\"elementor-tab-title\" data-tab=\"5\" role=\"button\" aria-controls=\"elementor-tab-content-2005\" aria-expanded=\"false\">\n\t\t\t\t\t\t\t\t\t\t\t\t<span class=\"elementor-toggle-icon elementor-toggle-icon-left\" aria-hidden=\"true\">\n\t\t\t\t\t\t\t\t\t\t\t\t\t\t\t<span class=\"elementor-toggle-icon-closed\"><i class=\"fas fa-caret-right\"><\/i><\/span>\n\t\t\t\t\t\t\t\t<span class=\"elementor-toggle-icon-opened\"><i class=\"elementor-toggle-icon-opened fas fa-caret-up\"><\/i><\/span>\n\t\t\t\t\t\t\t\t\t\t\t\t\t<\/span>\n\t\t\t\t\t\t\t\t\t\t\t\t<a class=\"elementor-toggle-title\" tabindex=\"0\">Supports\/ pi\u00e8ces \u00e0 fournir :<\/a>\n\t\t\t\t\t<\/div>\n\n\t\t\t\t\t<div id=\"elementor-tab-content-2005\" class=\"elementor-tab-content elementor-clearfix\" data-tab=\"5\" role=\"region\" aria-labelledby=\"elementor-tab-title-2005\"><p><span style=\"color: #000000;\">Liens url \u00e0 ins\u00e9rer dans le formulaire :<\/span><\/p><ul><li><span style=\"color: #000000;\">Dossier de pr\u00e9sentation du projet (incluant une biographie)\u00a0;<\/span><\/li><li><span style=\"color: #000000;\">Lien(s) d&#8217;\u00e9coute sonore. Projet(s) pr\u00e9c\u00e9dent(s) ou maquette(s)\u00a0;<\/span><\/li><li><span style=\"color: #000000;\">Support(s) vid\u00e9o si existant(s) ;<\/span><\/li><li><span style=\"color: #000000;\">Son et\/ou vid\u00e9o d&#8217;ancienne(s) cr\u00e9ation(s), si existant et pertinent\u00a0;<\/span><span style=\"color: #000000;\"><br \/><\/span><\/li><li><span style=\"color: #000000;\">Une vid\u00e9o de 5 \u00e0 10 min racontant le projet. La vid\u00e9o reste un support pour partager le pitch du spectacle. La qualit\u00e9 de la vid\u00e9o n\u2019est pas un crit\u00e8re de s\u00e9lection.<\/span><\/li><\/ul><\/div>\n\t\t\t\t<\/div>\n\t\t\t\t\t\t\t<div class=\"elementor-toggle-item\">\n\t\t\t\t\t<div id=\"elementor-tab-title-2006\" class=\"elementor-tab-title\" data-tab=\"6\" role=\"button\" aria-controls=\"elementor-tab-content-2006\" aria-expanded=\"false\">\n\t\t\t\t\t\t\t\t\t\t\t\t<span class=\"elementor-toggle-icon elementor-toggle-icon-left\" aria-hidden=\"true\">\n\t\t\t\t\t\t\t\t\t\t\t\t\t\t\t<span class=\"elementor-toggle-icon-closed\"><i class=\"fas fa-caret-right\"><\/i><\/span>\n\t\t\t\t\t\t\t\t<span class=\"elementor-toggle-icon-opened\"><i class=\"elementor-toggle-icon-opened fas fa-caret-up\"><\/i><\/span>\n\t\t\t\t\t\t\t\t\t\t\t\t\t<\/span>\n\t\t\t\t\t\t\t\t\t\t\t\t<a class=\"elementor-toggle-title\" tabindex=\"0\">Exemples de pistes d'argumentation :<\/a>\n\t\t\t\t\t<\/div>\n\n\t\t\t\t\t<div id=\"elementor-tab-content-2006\" class=\"elementor-tab-content elementor-clearfix\" data-tab=\"6\" role=\"region\" aria-labelledby=\"elementor-tab-title-2006\"><ul><li><span style=\"color: #000000;\">Propos artistique et \u00e9tat d\u2019avancement du projet ;<\/span><\/li><li><span style=\"color: #000000;\">Pour quelle raison le projet est-il adress\u00e9 au jeune public ?<\/span><\/li><li><span style=\"color: #000000;\">Une strat\u00e9gie de diffusion a-t-elle d\u00e9j\u00e0 \u00e9t\u00e9 pens\u00e9e\u00a0?<\/span><\/li><li><span style=\"color: #000000;\">Y a-t-il un projet EAC ? Si oui, d\u00e9tailler le projet d\u2019actions culturelles et p\u00e9dagogiques ;<\/span><\/li><li><span style=\"color: #000000;\">Existe-t-il d\u00e9j\u00e0 des moyens financiers et humains ?<\/span><\/li><\/ul><\/div>\n\t\t\t\t<\/div>\n\t\t\t\t\t\t\t<div class=\"elementor-toggle-item\">\n\t\t\t\t\t<div id=\"elementor-tab-title-2007\" class=\"elementor-tab-title\" data-tab=\"7\" role=\"button\" aria-controls=\"elementor-tab-content-2007\" aria-expanded=\"false\">\n\t\t\t\t\t\t\t\t\t\t\t\t<span class=\"elementor-toggle-icon elementor-toggle-icon-left\" aria-hidden=\"true\">\n\t\t\t\t\t\t\t\t\t\t\t\t\t\t\t<span class=\"elementor-toggle-icon-closed\"><i class=\"fas fa-caret-right\"><\/i><\/span>\n\t\t\t\t\t\t\t\t<span class=\"elementor-toggle-icon-opened\"><i class=\"elementor-toggle-icon-opened fas fa-caret-up\"><\/i><\/span>\n\t\t\t\t\t\t\t\t\t\t\t\t\t<\/span>\n\t\t\t\t\t\t\t\t\t\t\t\t<a class=\"elementor-toggle-title\" tabindex=\"0\">Calendrier de l\u2019Appel \u00e0 projets du 14 f\u00e9vrier au 27 avril<\/a>\n\t\t\t\t\t<\/div>\n\n\t\t\t\t\t<div id=\"elementor-tab-content-2007\" class=\"elementor-tab-content elementor-clearfix\" data-tab=\"7\" role=\"region\" aria-labelledby=\"elementor-tab-title-2007\"><ul><li><span style=\"color: #000000;\">Lancement : 14 f\u00e9vrier ;<\/span><\/li><li><span style=\"color: #000000;\">Cl\u00f4ture du 1er appel \u00e0 projet (sp\u00e9cifique aux musiques du monde) : 27 f\u00e9vrier minuit ;<\/span><\/li><li><span style=\"color: #000000;\">Premi\u00e8re S\u00e9lection pour le Point Fort : 4 mars ;<\/span><span style=\"color: #000000;\"><br \/><\/span><\/li><li><span style=\"color: #000000;\">Premi\u00e8re journ\u00e9e de pr\u00e9sentation des projets : jeudi 21 mars au Point Fort ;<\/span><span style=\"color: #000000;\"><br \/><\/span><\/li><li><span style=\"color: #000000;\">Cl\u00f4ture du 2eme appel \u00e0 projet (toutes esth\u00e9tiques musicales) : 27 avril minuit ;<\/span><span style=\"color: #000000;\"><br \/><\/span><\/li><li><span style=\"color: #000000;\">Deuxi\u00e8me s\u00e9lection pour le Parc Floral : 17 mai ;<\/span><span style=\"color: #000000;\"><br \/><\/span><\/li><li><span style=\"color: #000000;\">Deuxi\u00e8me Journ\u00e9e de pr\u00e9sentation des projets : mercredi 26 juin au Parc Floral de Paris.<\/span><\/li><\/ul><\/div>\n\t\t\t\t<\/div>\n\t\t\t\t\t\t\t<div class=\"elementor-toggle-item\">\n\t\t\t\t\t<div id=\"elementor-tab-title-2008\" class=\"elementor-tab-title\" data-tab=\"8\" role=\"button\" aria-controls=\"elementor-tab-content-2008\" aria-expanded=\"false\">\n\t\t\t\t\t\t\t\t\t\t\t\t<span class=\"elementor-toggle-icon elementor-toggle-icon-left\" aria-hidden=\"true\">\n\t\t\t\t\t\t\t\t\t\t\t\t\t\t\t<span class=\"elementor-toggle-icon-closed\"><i class=\"fas fa-caret-right\"><\/i><\/span>\n\t\t\t\t\t\t\t\t<span class=\"elementor-toggle-icon-opened\"><i class=\"elementor-toggle-icon-opened fas fa-caret-up\"><\/i><\/span>\n\t\t\t\t\t\t\t\t\t\t\t\t\t<\/span>\n\t\t\t\t\t\t\t\t\t\t\t\t<a class=\"elementor-toggle-title\" tabindex=\"0\">D\u00e9roul\u00e9 de la rencontre artistique du 21 mars (Le Point Fort d'Aubervilliers)<\/a>\n\t\t\t\t\t<\/div>\n\n\t\t\t\t\t<div id=\"elementor-tab-content-2008\" class=\"elementor-tab-content elementor-clearfix\" data-tab=\"8\" role=\"region\" aria-labelledby=\"elementor-tab-title-2008\"><ul><li><span style=\"color: #000000;\">Matin : Pr\u00e9sentation de la cr\u00e9ation \u00ab Iris au fil de la Seine \u00bb \/ Traffix Music ;<\/span><span style=\"color: #000000;\"><br \/><\/span><\/li><li><span style=\"color: #000000;\">Apr\u00e8s-midi : audition des projets et \u00e9changes avec la salle ;<\/span><span style=\"color: #000000;\"><br \/><\/span><\/li><li><span style=\"color: #000000;\">Buffet pour un temps d\u2019\u00e9changes informels.<\/span><\/li><\/ul><\/div>\n\t\t\t\t<\/div>\n\t\t\t\t\t\t\t\t<\/div>\n\t\t\t\t<\/div>\n\t\t\t\t<\/div>\n\t\t\t\t\t<\/div>\n\t\t<\/div>\n\t\t\t\t\t<\/div>\n\t\t<\/section>\n\t\t\t\t<section class=\"elementor-section elementor-top-section elementor-element elementor-element-f4d3d88 elementor-section-boxed elementor-section-height-default elementor-section-height-default\" data-id=\"f4d3d88\" data-element_type=\"section\">\n\t\t\t\t\t\t<div class=\"elementor-container elementor-column-gap-default\">\n\t\t\t\t\t<div class=\"elementor-column elementor-col-100 elementor-top-column elementor-element elementor-element-5cbdab4\" data-id=\"5cbdab4\" data-element_type=\"column\" data-settings=\"{&quot;background_background&quot;:&quot;classic&quot;}\">\n\t\t\t<div class=\"elementor-widget-wrap elementor-element-populated\">\n\t\t\t\t\t\t<div class=\"elementor-element elementor-element-cb3c80c elementor-widget-divider--view-line elementor-widget elementor-widget-divider\" data-id=\"cb3c80c\" data-element_type=\"widget\" data-widget_type=\"divider.default\">\n\t\t\t\t<div class=\"elementor-widget-container\">\n\t\t\t\t\t<div class=\"elementor-divider\">\n\t\t\t<span class=\"elementor-divider-separator\">\n\t\t\t\t\t\t<\/span>\n\t\t<\/div>\n\t\t\t\t<\/div>\n\t\t\t\t<\/div>\n\t\t\t\t\t<\/div>\n\t\t<\/div>\n\t\t\t\t\t<\/div>\n\t\t<\/section>\n\t\t\t\t<section class=\"elementor-section elementor-top-section elementor-element elementor-element-136bc6c elementor-section-boxed elementor-section-height-default elementor-section-height-default\" data-id=\"136bc6c\" data-element_type=\"section\">\n\t\t\t\t\t\t<div class=\"elementor-container elementor-column-gap-default\">\n\t\t\t\t\t<div class=\"elementor-column elementor-col-25 elementor-top-column elementor-element elementor-element-66e2adb\" data-id=\"66e2adb\" data-element_type=\"column\">\n\t\t\t<div class=\"elementor-widget-wrap elementor-element-populated\">\n\t\t\t\t\t\t<div class=\"elementor-element elementor-element-09c2c6f elementor-widget elementor-widget-image\" data-id=\"09c2c6f\" data-element_type=\"widget\" data-widget_type=\"image.default\">\n\t\t\t\t<div class=\"elementor-widget-container\">\n\t\t\t\t\t\t\t\t\t\t\t\t\t\t<a href=\"https:\/\/traffixmusic.com\/\" target=\"_blank\">\n\t\t\t\t\t\t\t<img decoding=\"async\" width=\"120\" height=\"89\" src=\"https:\/\/collectifmdm-idf.org\/annuaire5\/wp-content\/uploads\/2024\/02\/Logo-traffix-music-musique-spectacle-jeune-public-producteur-concert-enfants-famille-e1707835976713.png\" class=\"attachment-large size-large wp-image-13301\" alt=\"\" title=\"\" \/>\t\t\t\t\t\t\t\t<\/a>\n\t\t\t\t\t\t\t\t\t\t\t\t\t<\/div>\n\t\t\t\t<\/div>\n\t\t\t\t\t<\/div>\n\t\t<\/div>\n\t\t\t\t<div class=\"elementor-column elementor-col-25 elementor-top-column elementor-element elementor-element-60da541\" data-id=\"60da541\" data-element_type=\"column\">\n\t\t\t<div class=\"elementor-widget-wrap elementor-element-populated\">\n\t\t\t\t\t\t<div class=\"elementor-element elementor-element-bc926fa elementor-widget elementor-widget-image\" data-id=\"bc926fa\" data-element_type=\"widget\" data-widget_type=\"image.default\">\n\t\t\t\t<div class=\"elementor-widget-container\">\n\t\t\t\t\t\t\t\t\t\t\t\t\t\t<a href=\"https:\/\/www.villesdesmusiquesdumonde.com\/\" target=\"_blank\">\n\t\t\t\t\t\t\t<img decoding=\"async\" width=\"75\" height=\"71\" src=\"https:\/\/collectifmdm-idf.org\/annuaire5\/wp-content\/uploads\/2024\/02\/VDMDM_New_logo-noirHD-e1707836087584.jpg\" class=\"attachment-full size-full wp-image-13300\" alt=\"\" title=\"\" \/>\t\t\t\t\t\t\t\t<\/a>\n\t\t\t\t\t\t\t\t\t\t\t\t\t<\/div>\n\t\t\t\t<\/div>\n\t\t\t\t\t<\/div>\n\t\t<\/div>\n\t\t\t\t<div class=\"elementor-column elementor-col-25 elementor-top-column elementor-element elementor-element-8909f6a\" data-id=\"8909f6a\" data-element_type=\"column\">\n\t\t\t<div class=\"elementor-widget-wrap elementor-element-populated\">\n\t\t\t\t\t\t<div class=\"elementor-element elementor-element-0c2d2c7 elementor-widget elementor-widget-image\" data-id=\"0c2d2c7\" data-element_type=\"widget\" data-widget_type=\"image.default\">\n\t\t\t\t<div class=\"elementor-widget-container\">\n\t\t\t\t\t\t\t\t\t\t\t\t\t\t<a href=\"https:\/\/collectifmdm-idf.org\/\">\n\t\t\t\t\t\t\t<img loading=\"lazy\" decoding=\"async\" width=\"85\" height=\"65\" src=\"https:\/\/collectifmdm-idf.org\/annuaire5\/wp-content\/uploads\/2024\/02\/logo_noir-1-e1719509689176.png\" class=\"attachment-full size-full wp-image-13308\" alt=\"\" title=\"\" \/>\t\t\t\t\t\t\t\t<\/a>\n\t\t\t\t\t\t\t\t\t\t\t\t\t<\/div>\n\t\t\t\t<\/div>\n\t\t\t\t\t<\/div>\n\t\t<\/div>\n\t\t\t\t<div class=\"elementor-column elementor-col-25 elementor-top-column elementor-element elementor-element-3762636\" data-id=\"3762636\" data-element_type=\"column\">\n\t\t\t<div class=\"elementor-widget-wrap elementor-element-populated\">\n\t\t\t\t\t\t<div class=\"elementor-element elementor-element-b94ca50 elementor-widget elementor-widget-image\" data-id=\"b94ca50\" data-element_type=\"widget\" data-widget_type=\"image.default\">\n\t\t\t\t<div class=\"elementor-widget-container\">\n\t\t\t\t\t\t\t\t\t\t\t\t\t\t<a href=\"https:\/\/www.ramdam.pro\/\" target=\"_blank\">\n\t\t\t\t\t\t\t<img loading=\"lazy\" decoding=\"async\" width=\"80\" height=\"80\" src=\"https:\/\/collectifmdm-idf.org\/annuaire5\/wp-content\/uploads\/2024\/02\/ramdam-1-e1707836331870.png\" class=\"attachment-full size-full wp-image-13303\" alt=\"\" title=\"\" \/>\t\t\t\t\t\t\t\t<\/a>\n\t\t\t\t\t\t\t\t\t\t\t\t\t<\/div>\n\t\t\t\t<\/div>\n\t\t\t\t\t<\/div>\n\t\t<\/div>\n\t\t\t\t\t<\/div>\n\t\t<\/section>\n\t\t\t\t<\/div>\n\t\t","protected":false},"excerpt":{"rendered":"<p>ESCALES inter-festivals musiques et jeune public en \u00cele-de-France Appel \u00e0 projets en soutien \u00e0 la cr\u00e9ation jeune public en \u00e9criture ou en cours de conception AUDITIONS DES PROJETS S\u00c9LECTIONN\u00c9S LE MERCREDI 26 JUIN,LORS DES RENCONTRES ARTISTIQUES AU TH\u00c9\u00c2TRE DU PARC FLORAL Le<\/p>\n<p class=\"link-more\"><a class=\"myButt \" href=\"https:\/\/collectifmdm-idf.org\/annuaire5\/rencontres-artistiques-escales-inter-festivals-26-juin-2024\/\">EN SAVOIR +<\/a><\/p>\n","protected":false},"author":1,"featured_media":0,"comment_status":"open","ping_status":"open","sticky":false,"template":"elementor_header_footer","format":"standard","meta":{"_rtcl_gb_attr":"","footnotes":""},"categories":[288,6,292,178,1,9],"tags":[519,520,179,522,523,524,521,205],"class_list":["post-14253","post","type-post","status-publish","format-standard","hentry","category-artistes","category-festival","category-ile-de-france","category-jeune-public","category-non-classe","category-rencontres","tag-escales","tag-inter-festivals","tag-jeune-public","tag-ramdam-reseau","tag-soutien-a-la-creation","tag-theatre-du-parc-floral","tag-traffix-music","tag-villes-des-musiques-du-monde"],"_links":{"self":[{"href":"https:\/\/collectifmdm-idf.org\/annuaire5\/wp-json\/wp\/v2\/posts\/14253","targetHints":{"allow":["GET"]}}],"collection":[{"href":"https:\/\/collectifmdm-idf.org\/annuaire5\/wp-json\/wp\/v2\/posts"}],"about":[{"href":"https:\/\/collectifmdm-idf.org\/annuaire5\/wp-json\/wp\/v2\/types\/post"}],"author":[{"embeddable":true,"href":"https:\/\/collectifmdm-idf.org\/annuaire5\/wp-json\/wp\/v2\/users\/1"}],"replies":[{"embeddable":true,"href":"https:\/\/collectifmdm-idf.org\/annuaire5\/wp-json\/wp\/v2\/comments?post=14253"}],"version-history":[{"count":68,"href":"https:\/\/collectifmdm-idf.org\/annuaire5\/wp-json\/wp\/v2\/posts\/14253\/revisions"}],"predecessor-version":[{"id":15081,"href":"https:\/\/collectifmdm-idf.org\/annuaire5\/wp-json\/wp\/v2\/posts\/14253\/revisions\/15081"}],"wp:attachment":[{"href":"https:\/\/collectifmdm-idf.org\/annuaire5\/wp-json\/wp\/v2\/media?parent=14253"}],"wp:term":[{"taxonomy":"category","embeddable":true,"href":"https:\/\/collectifmdm-idf.org\/annuaire5\/wp-json\/wp\/v2\/categories?post=14253"},{"taxonomy":"post_tag","embeddable":true,"href":"https:\/\/collectifmdm-idf.org\/annuaire5\/wp-json\/wp\/v2\/tags?post=14253"}],"curies":[{"name":"wp","href":"https:\/\/api.w.org\/{rel}","templated":true}]}}