{"id":14246,"date":"2024-03-08T18:25:46","date_gmt":"2024-03-08T17:25:46","guid":{"rendered":"https:\/\/collectifmdm-idf.org\/?p=14246"},"modified":"2024-03-18T13:05:49","modified_gmt":"2024-03-18T12:05:49","slug":"rencontres-artistiques-escales-inter-festivals-21-mars","status":"publish","type":"post","link":"https:\/\/collectifmdm-idf.org\/annuaire5\/rencontres-artistiques-escales-inter-festivals-21-mars\/","title":{"rendered":"Rencontres artistiques &#8220;Escales inter-festivals&#8221; &#8211; 21 mars 2024"},"content":{"rendered":"\t\t<div data-elementor-type=\"wp-post\" data-elementor-id=\"14246\" class=\"elementor elementor-14246\">\n\t\t\t\t\t\t<section class=\"elementor-section elementor-top-section elementor-element elementor-element-ca430e7 elementor-section-boxed elementor-section-height-default elementor-section-height-default\" data-id=\"ca430e7\" data-element_type=\"section\">\n\t\t\t\t\t\t<div class=\"elementor-container elementor-column-gap-default\">\n\t\t\t\t\t<div class=\"elementor-column elementor-col-100 elementor-top-column elementor-element elementor-element-2e1d063\" data-id=\"2e1d063\" data-element_type=\"column\">\n\t\t\t<div class=\"elementor-widget-wrap elementor-element-populated\">\n\t\t\t\t\t\t<div class=\"elementor-element elementor-element-cfeb445 elementor-widget elementor-widget-image\" data-id=\"cfeb445\" data-element_type=\"widget\" data-widget_type=\"image.default\">\n\t\t\t\t<div class=\"elementor-widget-container\">\n\t\t\t\t\t\t\t\t\t\t\t\t\t<img fetchpriority=\"high\" decoding=\"async\" width=\"1920\" height=\"480\" src=\"https:\/\/collectifmdm-idf.org\/annuaire5\/wp-content\/uploads\/2024\/02\/ESCALES-inter-festivals-musiques-et-jeune-public.png\" class=\"attachment-full size-full wp-image-14042\" alt=\"\" srcset=\"https:\/\/collectifmdm-idf.org\/annuaire5\/wp-content\/uploads\/2024\/02\/ESCALES-inter-festivals-musiques-et-jeune-public.png 1920w, https:\/\/collectifmdm-idf.org\/annuaire5\/wp-content\/uploads\/2024\/02\/ESCALES-inter-festivals-musiques-et-jeune-public-300x75.png 300w, https:\/\/collectifmdm-idf.org\/annuaire5\/wp-content\/uploads\/2024\/02\/ESCALES-inter-festivals-musiques-et-jeune-public-1024x256.png 1024w, https:\/\/collectifmdm-idf.org\/annuaire5\/wp-content\/uploads\/2024\/02\/ESCALES-inter-festivals-musiques-et-jeune-public-768x192.png 768w, https:\/\/collectifmdm-idf.org\/annuaire5\/wp-content\/uploads\/2024\/02\/ESCALES-inter-festivals-musiques-et-jeune-public-1536x384.png 1536w\" sizes=\"(max-width: 1920px) 100vw, 1920px\" title=\"\" \/>\t\t\t\t\t\t\t\t\t\t\t\t\t<\/div>\n\t\t\t\t<\/div>\n\t\t\t\t\t<\/div>\n\t\t<\/div>\n\t\t\t\t\t<\/div>\n\t\t<\/section>\n\t\t\t\t<section class=\"elementor-section elementor-top-section elementor-element elementor-element-0dcc421 elementor-section-boxed elementor-section-height-default elementor-section-height-default\" data-id=\"0dcc421\" data-element_type=\"section\">\n\t\t\t\t\t\t<div class=\"elementor-container elementor-column-gap-default\">\n\t\t\t\t\t<div class=\"elementor-column elementor-col-100 elementor-top-column elementor-element elementor-element-e46ea5d\" data-id=\"e46ea5d\" data-element_type=\"column\">\n\t\t\t<div class=\"elementor-widget-wrap elementor-element-populated\">\n\t\t\t\t\t\t<div class=\"elementor-element elementor-element-0c62a3c elementor-widget__width-initial elementor-widget elementor-widget-text-editor\" data-id=\"0c62a3c\" data-element_type=\"widget\" data-widget_type=\"text-editor.default\">\n\t\t\t\t<div class=\"elementor-widget-container\">\n\t\t\t\t\t\t\t<h2><span style=\"color: #ff6d00;\"><strong><span style=\"color: #000000;\">RENCONTRES ARTISTIQUES | <\/span><\/strong><\/span>JEUDI 21 MARS &#8211; LE POINT FORT D&#8217;AUBERVILLIERS<span style=\"color: #ff6d00;\"><strong><span style=\"color: #000000;\"><br \/><\/span><\/strong><\/span><\/h2>\t\t\t\t\t\t<\/div>\n\t\t\t\t<\/div>\n\t\t\t\t\t<\/div>\n\t\t<\/div>\n\t\t\t\t\t<\/div>\n\t\t<\/section>\n\t\t\t\t<section class=\"elementor-section elementor-top-section elementor-element elementor-element-f5bf918 elementor-section-boxed elementor-section-height-default elementor-section-height-default\" data-id=\"f5bf918\" data-element_type=\"section\">\n\t\t\t\t\t\t<div class=\"elementor-container elementor-column-gap-default\">\n\t\t\t\t\t<div class=\"elementor-column elementor-col-100 elementor-top-column elementor-element elementor-element-0349ac5\" data-id=\"0349ac5\" data-element_type=\"column\">\n\t\t\t<div class=\"elementor-widget-wrap elementor-element-populated\">\n\t\t\t\t\t\t<div class=\"elementor-element elementor-element-287651b elementor-widget elementor-widget-heading\" data-id=\"287651b\" data-element_type=\"widget\" data-widget_type=\"heading.default\">\n\t\t\t\t<div class=\"elementor-widget-container\">\n\t\t\t<h2 class=\"elementor-heading-title elementor-size-default\">ESCALES inter-festivals musiques et jeune public en \u00cele-de-France<\/h2>\t\t<\/div>\n\t\t\t\t<\/div>\n\t\t\t\t\t<\/div>\n\t\t<\/div>\n\t\t\t\t\t<\/div>\n\t\t<\/section>\n\t\t\t\t<section class=\"elementor-section elementor-top-section elementor-element elementor-element-825173a elementor-section-boxed elementor-section-height-default elementor-section-height-default\" data-id=\"825173a\" data-element_type=\"section\">\n\t\t\t\t\t\t<div class=\"elementor-container elementor-column-gap-default\">\n\t\t\t\t\t<div class=\"elementor-column elementor-col-100 elementor-top-column elementor-element elementor-element-79f6fb2\" data-id=\"79f6fb2\" data-element_type=\"column\">\n\t\t\t<div class=\"elementor-widget-wrap elementor-element-populated\">\n\t\t\t\t\t\t<div class=\"elementor-element elementor-element-71972b1 elementor-widget__width-initial elementor-widget elementor-widget-text-editor\" data-id=\"71972b1\" data-element_type=\"widget\" data-widget_type=\"text-editor.default\">\n\t\t\t\t<div class=\"elementor-widget-container\">\n\t\t\t\t\t\t\t<p><font color=\"#000000\">Le<b> <a href=\"https:\/\/festivalsduparcfloral.paris\/programmation\/pestacles\/\">Festival Pestacles<\/a><\/b><a href=\"https:\/\/festivalsduparcfloral.paris\/programmation\/pestacles\/\">\/<b>Festivals du Parc Floral<\/b><\/a> de Paris (<b><a href=\"https:\/\/traffixmusic.com\/\">Traffix Music<\/a><\/b>), le <b><a href=\"https:\/\/www.villesdesmusiquesdumonde.com\/2024\/02\/09\/babel-momes-revient\/\">Festival Babel M\u00f4mes<\/a><\/b>\/<b><a href=\"https:\/\/www.lepointfort.com\/\">Le Point Fort d\u2019Aubervilliers<\/a><\/b> (<b><a href=\"https:\/\/www.villesdesmusiquesdumonde.com\/\">Villes des Musiques du Monde<\/a><\/b>) en coop\u00e9ration avec le <b>Collectif Musiques et Danses du Monde en \u00cele-de-France<\/b>&nbsp;s&#8217;associent pour exp\u00e9rimenter <b>un dispositif inter-festivals<\/b> au service de la <b>cr\u00e9ation \u00e9mergente musicale jeune public francilienne<\/b>. En partenariat avec le r\u00e9seau <b><a href=\"https:\/\/www.ramdam.pro\/\">RAMDAM<\/a><\/b>.<\/font><br><br><b style=\"color: rgb(0, 0, 0);\">Deux temps de rencontres artistiques<\/b><font color=\"#000000\"> compl\u00e9mentaires sont organis\u00e9s :<\/font><br><\/p>\n<ul>\n<li><span style=\"color: #000000;\"><b>le jeudi 21 mars<\/b> au <a href=\"https:\/\/www.lepointfort.com\/\"><b>Point Fort d&#8217;Aubervilliers<\/b><\/a><\/span><\/li>\n<li><span style=\"color: #000000;\"><b>le mercredi 26 juin<\/b> au <b>Th\u00e9\u00e2tre du Parc Floral<\/b><\/span><\/li>\n<\/ul>\n<p><span style=\"color: #000000;\"><b>Au programme<\/b> de la journ\u00e9e du <b>21 mars<\/b> :<br><\/span><\/p>\n<ul>\n<li><span style=\"color: #000000;\"><b>10h\/10h45 :<\/b> Pr\u00e9sentation de la cr\u00e9ation&nbsp;<a href=\"https:\/\/www.villesdesmusiquesdumonde.com\/dates\/iris-au-fil-de-la-seine\/\"><b>Iris au fil de la Seine<\/b><\/a>&nbsp;et \u00e9changes avec l&#8217;\u00e9quipe artistique<\/span><\/li>\n<li><span style=\"color: #000000;\"><b>12h\/14h :<\/b> Buffet offert (sur inscription pr\u00e9alable aux auditions de l\u2019apr\u00e8s-midi)<\/span><\/li>\n<li><span style=\"color: #000000;\"><b>14h\/15h30 :<\/b> Pr\u00e9sentation, audition de trois projets en pr\u00e9s\u00e9lection<\/span><\/li>\n<li><span style=\"color: #000000;\"><b>15h30\/17h :<\/b> Rencontres professionnelles sur le th\u00e8me de l&#8217;utilit\u00e9 de faire r\u00e9seau pour mieux accompagner, produire et diffuser les cr\u00e9ations musicales jeune public en rebond aux pr\u00e9conisations du Minist\u00e8re de la Culture et des Communications :<br><\/span>\u2022 Pr\u00e9sentation du panorama des initiatives marquantes en \u00cele-de-France ;<br>\u2022 Le r\u00f4le des acteurs de la fili\u00e8re ;<br>\u2022 Le r\u00f4le et attentes des partenaires \u00e9tat, collectivit\u00e9s, soci\u00e9t\u00e9s civiles :<br>\u2022 Quels v\u0153ux \u00e0 formuler collectivement pour l&#8217;avenir ?<br>\u2022 Mod\u00e9ration : <b>Dani\u00e8le Gambino<\/b> (Traffix Music), avec <b>Andr\u00e9 Cayot <\/b>(Ramdam)<\/li>\n<\/ul>\n<p><span style=\"color: #000000;\">La journ\u00e9e des rencontres artistiques du <a href=\"https:\/\/collectifmdm-idf.org\/rencontres-artistiques-escales-inter-festivals-26-juin-2024\/\"><b>26 juin au Th\u00e9\u00e2tre du Parc Floral <\/b><\/a>sera un rebond \u00e0 celle du 21 mars et abordera la question de la coop\u00e9ration sous le prisme de la collaboration des diffuseurs et plus particuli\u00e8rement des festivals.<\/span><\/p>\t\t\t\t\t\t<\/div>\n\t\t\t\t<\/div>\n\t\t\t\t\t<\/div>\n\t\t<\/div>\n\t\t\t\t\t<\/div>\n\t\t<\/section>\n\t\t\t\t<section class=\"elementor-section elementor-top-section elementor-element elementor-element-96f5559 elementor-section-boxed elementor-section-height-default elementor-section-height-default\" data-id=\"96f5559\" data-element_type=\"section\">\n\t\t\t\t\t\t<div class=\"elementor-container elementor-column-gap-default\">\n\t\t\t\t\t<div class=\"elementor-column elementor-col-50 elementor-top-column elementor-element elementor-element-e95438e\" data-id=\"e95438e\" data-element_type=\"column\">\n\t\t\t<div class=\"elementor-widget-wrap elementor-element-populated\">\n\t\t\t\t\t\t<div class=\"elementor-element elementor-element-d95c6ca elementor-widget__width-initial elementor-widget elementor-widget-text-editor\" data-id=\"d95c6ca\" data-element_type=\"widget\" data-widget_type=\"text-editor.default\">\n\t\t\t\t<div class=\"elementor-widget-container\">\n\t\t\t\t\t\t\t<p><strong>RENCONTRES ARTISTIQUES DU 21 MARS<\/strong><\/p>\t\t\t\t\t\t<\/div>\n\t\t\t\t<\/div>\n\t\t\t\t<div class=\"elementor-element elementor-element-e627cff elementor-align-center elementor-widget elementor-widget-button\" data-id=\"e627cff\" data-element_type=\"widget\" data-widget_type=\"button.default\">\n\t\t\t\t<div class=\"elementor-widget-container\">\n\t\t\t\t\t\t\t<div class=\"elementor-button-wrapper\">\n\t\t\t\t\t<a class=\"elementor-button elementor-button-link elementor-size-sm\" href=\"https:\/\/forms.gle\/eepyhAvjmJ5898XX8\" target=\"_blank\">\n\t\t\t\t\t\t<span class=\"elementor-button-content-wrapper\">\n\t\t\t\t\t\t\t\t\t<span class=\"elementor-button-text\">S'INSCRIRE<\/span>\n\t\t\t\t\t<\/span>\n\t\t\t\t\t<\/a>\n\t\t\t\t<\/div>\n\t\t\t\t\t\t<\/div>\n\t\t\t\t<\/div>\n\t\t\t\t\t<\/div>\n\t\t<\/div>\n\t\t\t\t<div class=\"elementor-column elementor-col-50 elementor-top-column elementor-element elementor-element-7296180\" data-id=\"7296180\" data-element_type=\"column\">\n\t\t\t<div class=\"elementor-widget-wrap elementor-element-populated\">\n\t\t\t\t\t\t<div class=\"elementor-element elementor-element-afb9bf1 elementor-widget__width-initial elementor-widget elementor-widget-text-editor\" data-id=\"afb9bf1\" data-element_type=\"widget\" data-widget_type=\"text-editor.default\">\n\t\t\t\t<div class=\"elementor-widget-container\">\n\t\t\t\t\t\t\t<p><strong>APPEL \u00c0 PROJETS POUR LE 26 JUIN<\/strong><\/p>\t\t\t\t\t\t<\/div>\n\t\t\t\t<\/div>\n\t\t\t\t<div class=\"elementor-element elementor-element-03a4060 elementor-align-center elementor-widget elementor-widget-button\" data-id=\"03a4060\" data-element_type=\"widget\" data-widget_type=\"button.default\">\n\t\t\t\t<div class=\"elementor-widget-container\">\n\t\t\t\t\t\t\t<div class=\"elementor-button-wrapper\">\n\t\t\t\t\t<a class=\"elementor-button elementor-button-link elementor-size-sm\" href=\"https:\/\/forms.gle\/6n7zBtXXEwpMrWsV8\" target=\"_blank\">\n\t\t\t\t\t\t<span class=\"elementor-button-content-wrapper\">\n\t\t\t\t\t\t\t\t\t<span class=\"elementor-button-text\">CANDIDATER<\/span>\n\t\t\t\t\t<\/span>\n\t\t\t\t\t<\/a>\n\t\t\t\t<\/div>\n\t\t\t\t\t\t<\/div>\n\t\t\t\t<\/div>\n\t\t\t\t\t<\/div>\n\t\t<\/div>\n\t\t\t\t\t<\/div>\n\t\t<\/section>\n\t\t\t\t<section class=\"elementor-section elementor-top-section elementor-element elementor-element-fe21ee5 elementor-section-boxed elementor-section-height-default elementor-section-height-default\" data-id=\"fe21ee5\" data-element_type=\"section\">\n\t\t\t\t\t\t<div class=\"elementor-container elementor-column-gap-default\">\n\t\t\t\t\t<div class=\"elementor-column elementor-col-100 elementor-top-column elementor-element elementor-element-7f96146\" data-id=\"7f96146\" data-element_type=\"column\">\n\t\t\t<div class=\"elementor-widget-wrap elementor-element-populated\">\n\t\t\t\t\t\t<div class=\"elementor-element elementor-element-0e64a57 elementor-widget-divider--view-line elementor-widget elementor-widget-divider\" data-id=\"0e64a57\" data-element_type=\"widget\" data-widget_type=\"divider.default\">\n\t\t\t\t<div class=\"elementor-widget-container\">\n\t\t\t\t\t<div class=\"elementor-divider\">\n\t\t\t<span class=\"elementor-divider-separator\">\n\t\t\t\t\t\t<\/span>\n\t\t<\/div>\n\t\t\t\t<\/div>\n\t\t\t\t<\/div>\n\t\t\t\t<div class=\"elementor-element elementor-element-0332550 elementor-widget__width-initial elementor-widget elementor-widget-text-editor\" data-id=\"0332550\" data-element_type=\"widget\" data-widget_type=\"text-editor.default\">\n\t\t\t\t<div class=\"elementor-widget-container\">\n\t\t\t\t\t\t\t<p><strong>INFOS PRATIQUES<\/strong><br \/><b><span style=\"color: #ff6d00;\"><em>Le Point Fort d&#8217;Aubervilliers<br \/><\/em><\/span><\/b><span style=\"color: #ff6d00;\"><span style=\"color: #000000;\">174 avenue Jean Jaur\u00e8s, 93300 Aubervilliers<br \/>M\u00e9tro 7 : Fort d\u2019Aubervilliers (\u00e0 5 minutes de la station)<br \/>Bus : 134 \/ 152 \/ 173 \/ 234 \/ 248 \/ 250 \/ 330<\/span><\/span><\/p><p>Pour tout besoin d&#8217;informations compl\u00e9mentaires, vous pouvez nous contactez :<br \/><strong>\u00b7 par email<\/strong> \u00e0 l&#8217;adresse suivante : jeanbaptiste@collectifmdm-idf.fr<br \/><b>\u00b7 par t\u00e9l\u00e9phone : <\/b>01 48 36 34 02<b><\/b><\/p><p>\u00a0<\/p>\t\t\t\t\t\t<\/div>\n\t\t\t\t<\/div>\n\t\t\t\t\t<\/div>\n\t\t<\/div>\n\t\t\t\t\t<\/div>\n\t\t<\/section>\n\t\t\t\t<section class=\"elementor-section elementor-top-section elementor-element elementor-element-7ed4159 elementor-section-boxed elementor-section-height-default elementor-section-height-default\" data-id=\"7ed4159\" data-element_type=\"section\">\n\t\t\t\t\t\t<div class=\"elementor-container elementor-column-gap-default\">\n\t\t\t\t\t<div class=\"elementor-column elementor-col-100 elementor-top-column elementor-element elementor-element-6f30626\" data-id=\"6f30626\" data-element_type=\"column\">\n\t\t\t<div class=\"elementor-widget-wrap elementor-element-populated\">\n\t\t\t\t\t\t<div class=\"elementor-element elementor-element-5959589 elementor-widget__width-initial elementor-widget elementor-widget-text-editor\" data-id=\"5959589\" data-element_type=\"widget\" data-widget_type=\"text-editor.default\">\n\t\t\t\t<div class=\"elementor-widget-container\">\n\t\t\t\t\t\t\t<h2>L&#8217;APPEL \u00c0 PROJETS CONTINUE <a href=\"https:\/\/forms.gle\/pGQ9gLJQnFgqWgsU6\"><u>ICI<\/u><\/a> JUSQU&#8217;AU 27 AVRIL<br><\/h2>\t\t\t\t\t\t<\/div>\n\t\t\t\t<\/div>\n\t\t\t\t\t<\/div>\n\t\t<\/div>\n\t\t\t\t\t<\/div>\n\t\t<\/section>\n\t\t\t\t<section class=\"elementor-section elementor-top-section elementor-element elementor-element-207e5f4 elementor-section-boxed elementor-section-height-default elementor-section-height-default\" data-id=\"207e5f4\" data-element_type=\"section\">\n\t\t\t\t\t\t<div class=\"elementor-container elementor-column-gap-default\">\n\t\t\t\t\t<div class=\"elementor-column elementor-col-100 elementor-top-column elementor-element elementor-element-4d19f14\" data-id=\"4d19f14\" data-element_type=\"column\">\n\t\t\t<div class=\"elementor-widget-wrap elementor-element-populated\">\n\t\t\t\t\t\t<div class=\"elementor-element elementor-element-40aadb1 elementor-widget elementor-widget-wp-widget-recent-posts\" data-id=\"40aadb1\" data-element_type=\"widget\" data-widget_type=\"wp-widget-recent-posts.default\">\n\t\t\t\t<div class=\"elementor-widget-container\">\n\t\t\t\n\t\t\n\t\t<h5>Pour en savoir plus sur le deuxi\u00e8me temps de rencontres<\/h5>\n\t\t<ul>\n\t\t\t\t\t\t\t\t\t\t\t<li>\n\t\t\t\t\t<a href=\"https:\/\/collectifmdm-idf.org\/annuaire5\/laureats_prix-des-musiques-dici_2024\/\">Les Laur\u00e9at\u00b7e\u00b7s 2024 du Prix des Musiques d&#8217;ICI<\/a>\n\t\t\t\t\t\t\t\t\t<\/li>\n\t\t\t\t\t<\/ul>\n\n\t\t\t\t<\/div>\n\t\t\t\t<\/div>\n\t\t\t\t\t<\/div>\n\t\t<\/div>\n\t\t\t\t\t<\/div>\n\t\t<\/section>\n\t\t\t\t<section class=\"elementor-section elementor-top-section elementor-element elementor-element-10cd992 elementor-section-boxed elementor-section-height-default elementor-section-height-default\" data-id=\"10cd992\" data-element_type=\"section\">\n\t\t\t\t\t\t<div class=\"elementor-container elementor-column-gap-default\">\n\t\t\t\t\t<div class=\"elementor-column elementor-col-100 elementor-top-column elementor-element elementor-element-8d16815\" data-id=\"8d16815\" data-element_type=\"column\" data-settings=\"{&quot;background_background&quot;:&quot;classic&quot;}\">\n\t\t\t<div class=\"elementor-widget-wrap elementor-element-populated\">\n\t\t\t\t\t\t<div class=\"elementor-element elementor-element-afc0726 elementor-widget-divider--view-line elementor-widget elementor-widget-divider\" data-id=\"afc0726\" data-element_type=\"widget\" data-widget_type=\"divider.default\">\n\t\t\t\t<div class=\"elementor-widget-container\">\n\t\t\t\t\t<div class=\"elementor-divider\">\n\t\t\t<span class=\"elementor-divider-separator\">\n\t\t\t\t\t\t<\/span>\n\t\t<\/div>\n\t\t\t\t<\/div>\n\t\t\t\t<\/div>\n\t\t\t\t\t<\/div>\n\t\t<\/div>\n\t\t\t\t\t<\/div>\n\t\t<\/section>\n\t\t\t\t<section class=\"elementor-section elementor-top-section elementor-element elementor-element-11e703b elementor-section-boxed elementor-section-height-default elementor-section-height-default\" data-id=\"11e703b\" data-element_type=\"section\">\n\t\t\t\t\t\t<div class=\"elementor-container elementor-column-gap-default\">\n\t\t\t\t\t<div class=\"elementor-column elementor-col-25 elementor-top-column elementor-element elementor-element-0a7518f\" data-id=\"0a7518f\" data-element_type=\"column\">\n\t\t\t<div class=\"elementor-widget-wrap elementor-element-populated\">\n\t\t\t\t\t\t<div class=\"elementor-element elementor-element-0759203 elementor-widget elementor-widget-image\" data-id=\"0759203\" data-element_type=\"widget\" data-widget_type=\"image.default\">\n\t\t\t\t<div class=\"elementor-widget-container\">\n\t\t\t\t\t\t\t\t\t\t\t\t\t\t<a href=\"https:\/\/traffixmusic.com\/\" target=\"_blank\">\n\t\t\t\t\t\t\t<img decoding=\"async\" width=\"120\" height=\"89\" src=\"https:\/\/collectifmdm-idf.org\/annuaire5\/wp-content\/uploads\/2024\/02\/Logo-traffix-music-musique-spectacle-jeune-public-producteur-concert-enfants-famille-e1707835976713.png\" class=\"attachment-large size-large wp-image-13301\" alt=\"\" title=\"\" \/>\t\t\t\t\t\t\t\t<\/a>\n\t\t\t\t\t\t\t\t\t\t\t\t\t<\/div>\n\t\t\t\t<\/div>\n\t\t\t\t\t<\/div>\n\t\t<\/div>\n\t\t\t\t<div class=\"elementor-column elementor-col-25 elementor-top-column elementor-element elementor-element-cd459b8\" data-id=\"cd459b8\" data-element_type=\"column\">\n\t\t\t<div class=\"elementor-widget-wrap elementor-element-populated\">\n\t\t\t\t\t\t<div class=\"elementor-element elementor-element-0d199f8 elementor-widget elementor-widget-image\" data-id=\"0d199f8\" data-element_type=\"widget\" data-widget_type=\"image.default\">\n\t\t\t\t<div class=\"elementor-widget-container\">\n\t\t\t\t\t\t\t\t\t\t\t\t\t\t<a href=\"https:\/\/www.villesdesmusiquesdumonde.com\/\" target=\"_blank\">\n\t\t\t\t\t\t\t<img decoding=\"async\" width=\"75\" height=\"71\" src=\"https:\/\/collectifmdm-idf.org\/annuaire5\/wp-content\/uploads\/2024\/02\/VDMDM_New_logo-noirHD-e1707836087584.jpg\" class=\"attachment-full size-full wp-image-13300\" alt=\"\" title=\"\" \/>\t\t\t\t\t\t\t\t<\/a>\n\t\t\t\t\t\t\t\t\t\t\t\t\t<\/div>\n\t\t\t\t<\/div>\n\t\t\t\t\t<\/div>\n\t\t<\/div>\n\t\t\t\t<div class=\"elementor-column elementor-col-25 elementor-top-column elementor-element elementor-element-3705bbe\" data-id=\"3705bbe\" data-element_type=\"column\">\n\t\t\t<div class=\"elementor-widget-wrap elementor-element-populated\">\n\t\t\t\t\t\t<div class=\"elementor-element elementor-element-3a6ec80 elementor-widget elementor-widget-image\" data-id=\"3a6ec80\" data-element_type=\"widget\" data-widget_type=\"image.default\">\n\t\t\t\t<div class=\"elementor-widget-container\">\n\t\t\t\t\t\t\t\t\t\t\t\t\t\t<a href=\"https:\/\/collectifmdm-idf.org\/\">\n\t\t\t\t\t\t\t<img loading=\"lazy\" decoding=\"async\" width=\"85\" height=\"65\" src=\"https:\/\/collectifmdm-idf.org\/annuaire5\/wp-content\/uploads\/2024\/02\/logo_noir-1-e1719509689176.png\" class=\"attachment-full size-full wp-image-13308\" alt=\"\" title=\"\" \/>\t\t\t\t\t\t\t\t<\/a>\n\t\t\t\t\t\t\t\t\t\t\t\t\t<\/div>\n\t\t\t\t<\/div>\n\t\t\t\t\t<\/div>\n\t\t<\/div>\n\t\t\t\t<div class=\"elementor-column elementor-col-25 elementor-top-column elementor-element elementor-element-de7997a\" data-id=\"de7997a\" data-element_type=\"column\">\n\t\t\t<div class=\"elementor-widget-wrap elementor-element-populated\">\n\t\t\t\t\t\t<div class=\"elementor-element elementor-element-c2692a4 elementor-widget elementor-widget-image\" data-id=\"c2692a4\" data-element_type=\"widget\" data-widget_type=\"image.default\">\n\t\t\t\t<div class=\"elementor-widget-container\">\n\t\t\t\t\t\t\t\t\t\t\t\t\t\t<a href=\"https:\/\/www.ramdam.pro\/\" target=\"_blank\">\n\t\t\t\t\t\t\t<img loading=\"lazy\" decoding=\"async\" width=\"80\" height=\"80\" src=\"https:\/\/collectifmdm-idf.org\/annuaire5\/wp-content\/uploads\/2024\/02\/ramdam-1-e1707836331870.png\" class=\"attachment-full size-full wp-image-13303\" alt=\"\" title=\"\" \/>\t\t\t\t\t\t\t\t<\/a>\n\t\t\t\t\t\t\t\t\t\t\t\t\t<\/div>\n\t\t\t\t<\/div>\n\t\t\t\t\t<\/div>\n\t\t<\/div>\n\t\t\t\t\t<\/div>\n\t\t<\/section>\n\t\t\t\t<\/div>\n\t\t","protected":false},"excerpt":{"rendered":"<p>RENCONTRES ARTISTIQUES | JEUDI 21 MARS &#8211; LE POINT FORT D&#8217;AUBERVILLIERS ESCALES inter-festivals musiques et jeune public en \u00cele-de-France Le Festival Pestacles\/Festivals du Parc Floral de Paris (Traffix Music), le Festival Babel M\u00f4mes\/Le Point Fort d\u2019Aubervilliers (Villes des Musiques du Monde) en<\/p>\n<p class=\"link-more\"><a class=\"myButt \" href=\"https:\/\/collectifmdm-idf.org\/annuaire5\/rencontres-artistiques-escales-inter-festivals-21-mars\/\">EN SAVOIR +<\/a><\/p>\n","protected":false},"author":1,"featured_media":0,"comment_status":"open","ping_status":"open","sticky":false,"template":"elementor_header_footer","format":"standard","meta":{"_rtcl_gb_attr":"","footnotes":""},"categories":[288,6,292,178,1,9],"tags":[519,520,179,525,522,523,521,205],"class_list":["post-14246","post","type-post","status-publish","format-standard","hentry","category-artistes","category-festival","category-ile-de-france","category-jeune-public","category-non-classe","category-rencontres","tag-escales","tag-inter-festivals","tag-jeune-public","tag-le-point-fort-daubervilliers","tag-ramdam-reseau","tag-soutien-a-la-creation","tag-traffix-music","tag-villes-des-musiques-du-monde"],"_links":{"self":[{"href":"https:\/\/collectifmdm-idf.org\/annuaire5\/wp-json\/wp\/v2\/posts\/14246","targetHints":{"allow":["GET"]}}],"collection":[{"href":"https:\/\/collectifmdm-idf.org\/annuaire5\/wp-json\/wp\/v2\/posts"}],"about":[{"href":"https:\/\/collectifmdm-idf.org\/annuaire5\/wp-json\/wp\/v2\/types\/post"}],"author":[{"embeddable":true,"href":"https:\/\/collectifmdm-idf.org\/annuaire5\/wp-json\/wp\/v2\/users\/1"}],"replies":[{"embeddable":true,"href":"https:\/\/collectifmdm-idf.org\/annuaire5\/wp-json\/wp\/v2\/comments?post=14246"}],"version-history":[{"count":63,"href":"https:\/\/collectifmdm-idf.org\/annuaire5\/wp-json\/wp\/v2\/posts\/14246\/revisions"}],"predecessor-version":[{"id":14391,"href":"https:\/\/collectifmdm-idf.org\/annuaire5\/wp-json\/wp\/v2\/posts\/14246\/revisions\/14391"}],"wp:attachment":[{"href":"https:\/\/collectifmdm-idf.org\/annuaire5\/wp-json\/wp\/v2\/media?parent=14246"}],"wp:term":[{"taxonomy":"category","embeddable":true,"href":"https:\/\/collectifmdm-idf.org\/annuaire5\/wp-json\/wp\/v2\/categories?post=14246"},{"taxonomy":"post_tag","embeddable":true,"href":"https:\/\/collectifmdm-idf.org\/annuaire5\/wp-json\/wp\/v2\/tags?post=14246"}],"curies":[{"name":"wp","href":"https:\/\/api.w.org\/{rel}","templated":true}]}}