{"id":1411,"date":"2020-12-19T20:05:00","date_gmt":"2020-12-19T19:05:00","guid":{"rendered":"http:\/\/collectifmdm-idf.org\/?p=1411"},"modified":"2020-12-20T13:22:27","modified_gmt":"2020-12-20T12:22:27","slug":"mobilisation-culture-en-danger-rassemblement-a-paris-le-21-decembre-a-10h00","status":"publish","type":"post","link":"https:\/\/collectifmdm-idf.org\/annuaire5\/mobilisation-culture-en-danger-rassemblement-a-paris-le-21-decembre-a-10h00\/","title":{"rendered":"Mobilisation Culture en danger &#8211; Rassemblement \u00e0 Paris le 21 d\u00e9cembre \u00e0 10h00"},"content":{"rendered":"\n<h2 class=\"wp-block-heading\"><\/h2>\n\n\n\n<h2 class=\"wp-block-heading\"><\/h2>\n\n\n\n<p class=\"has-medium-font-size\">L\u2019UFISC a d\u00e9cid\u00e9 de s&#8217;engager, avec d\u2019autres organisations professionnelles culturelles, en un recours par un r\u00e9f\u00e9r\u00e9-libert\u00e9 devant le Conseil d\u2019\u00e9tat.<\/p>\n\n\n\n<p class=\"has-medium-font-size\">Cette d\u00e9marche collective vise \u00e0 obtenir la possibilit\u00e9 de r\u00e9ouverture des lieux culturels et artistiques, espaces de vie sociale et culturelle, indispensables aux libert\u00e9s et au vivre-ensemble, et \u00e0 d\u00e9fendre la reprise des activit\u00e9s pour tous les collectifs et \u00e9quipes artistiques dans la diversit\u00e9 des structures.<\/p>\n\n\n\n<p class=\"has-medium-font-size\">Les recours en r\u00e9f\u00e9r\u00e9 libert\u00e9 au Conseil d\u2019\u00c9tat contre la poursuite de l\u2019interdiction de r\u00e9ouverture pour les lieux de spectacle, les salles de cin\u00e9ma et les espaces d\u2019exposition<br>d\u2019arts visuels seront examin\u00e9s en d\u00e9but de semaine.<\/p>\n\n\n\n<p class=\"has-medium-font-size\"><strong>Les organisations professionnelles qui portent ces recours donnent rendez-vous lundi 21 d\u00e9cembre \u00e0 10h \u00e0 Paris place du Palais Royal pour rendre compte de l\u2019audience des r\u00e9f\u00e9r\u00e9 spectacle au conseil d\u2019\u00c9tat<\/strong>.&nbsp;<\/p>\n\n\n\n<p class=\"has-medium-font-size\">La mobilisation du 15 d\u00e9cembre a \u00e9t\u00e9 un succ\u00e8s, plus de 20&nbsp;000 personnes rassembl\u00e9es pour d\u00e9fendre la culture&nbsp;! Quel que soit le r\u00e9sultat des r\u00e9f\u00e9r\u00e9s libert\u00e9 (qui devrait \u00eatre connu 48 heures plus tard),&nbsp;<strong>nous appelons l\u2019ensemble des acteur.rice.s artistiques et culturel.le.s \u00e0 poursuivre la formidable mobilisation en cours pour que le gouvernement entende toutes nos revendications.&nbsp;<\/strong><\/p>\n\n\n\n<p class=\"has-medium-font-size\">Nous voulons la r\u00e9ouverture des lieux culturels, nous voulons des moyens pour travailler, r\u00e9p\u00e9ter, cr\u00e9er, tout en respectant les protocoles sanitaires. Et nous voulons la garantie de tous les droits sociaux des professionnel-le-s, notamment artistes et technicien-ne-s intermittent-e-s du spectacle comme autrices et auteurs !&nbsp;<\/p>\n\n\n\n<p class=\"has-medium-font-size\">Toutes les structures doivent \u00eatre soutenues pour maintenir la vitalit\u00e9 de notre \u00e9cosyst\u00e8me ! N\u2019en laissons aucune dispara\u00eetre !<\/p>\n\n\n\n<ul class=\"wp-block-list\"><li>Nous voulons un soutien pour travailler : r\u00e9sidences de cr\u00e9ation et r\u00e9p\u00e9titions doivent \u00eatre financ\u00e9es&nbsp;;<\/li><li>Nous voulons un soutien \u00e0 la diversit\u00e9 d\u2019action et d\u2019\u00e9ducation artistiques et culturelle ;<\/li><li>Nous voulons la garantie de tous les droits sociaux, dont l\u2019acc\u00e8s est de plus en plus compromis (assurance ch\u00f4mage, s\u00e9curit\u00e9 sociale, protection compl\u00e9mentaire, m\u00e9decine du travail&#8230;)&nbsp;;<\/li><li>Nous voulons de la coconstruction et \u00eatre associ\u00e9s \u00e0 toutes les d\u00e9cisions y compris sanitaires pour permettre la r\u00e9ouverture au plus vite et l\u2019accueil de tou\u00b7te\u00b7s en salle comme dans l\u2019espace public.<\/li><\/ul>\n\n\n\n<p class=\"has-medium-font-size\">Alors que la crise actuelle nous d\u00e9montre chaque jour la n\u00e9cessit\u00e9, pour tou\u00b7te\u00b7s, d\u2019aiguiser son sens critique, d\u2019ouvrir des espaces de dialogue, de tisser des relations dignes, de prendre soin des autres et du vivant, de nourrir les imaginaires, de participer \u00e0 la vie culturelle, la reprise de toutes les activit\u00e9s culturelles et artistiques est un enjeu crucial, social et d\u00e9mocratique.&nbsp;<\/p>\n\n\n\n<p class=\"has-medium-font-size\"><strong>Pr\u00e9parons d\u00e8s \u00e0 pr\u00e9sent nos mobilisations pour le d\u00e9but d\u2019ann\u00e9e !<\/strong><br><strong><br>Rendez-vous lundi 21 d\u00e9cembre \u00e0 10h \u00e0 Paris,1 place du palais Royal !<\/strong><\/p>\n\n\n\n<h2 class=\"wp-block-heading\"><\/h2>\n\n\n\n<hr class=\"wp-block-separator has-text-color has-background has-luminous-vivid-amber-background-color has-luminous-vivid-amber-color is-style-wide\"\/>\n\n\n\n<h2 class=\"wp-block-heading\"><\/h2>\n\n\n\n<p class=\"has-medium-font-size\">Rappel : le\u00a0<strong><a href=\"https:\/\/collectifmdm-idf.org\/a-propos-de\/\">Collectif MDM IDF<\/a>\u00a0<\/strong>est membre de la\u00a0<strong><a rel=\"noreferrer noopener\" href=\"http:\/\/www.famdt.com\/\" target=\"_blank\">FAMDT<\/a><\/strong>, elle-m\u00eame membre de l\u2019<strong><a rel=\"noreferrer noopener\" href=\"http:\/\/ufisc.org\/\" target=\"_blank\">UFISC<\/a><\/strong>.<\/p>\n\n\n\n<hr class=\"wp-block-separator alignwide has-text-color has-background has-luminous-vivid-amber-background-color has-luminous-vivid-amber-color is-style-wide\"\/>\n\n\n\n<p class=\"has-text-align-center has-luminous-vivid-amber-color has-text-color has-medium-font-size\"><strong>&#8212;o&#8212;<\/strong><\/p>\n\n\n\n<h2 class=\"wp-block-heading\"><\/h2>\n","protected":false},"excerpt":{"rendered":"<p>L\u2019UFISC a d\u00e9cid\u00e9 de s&#8217;engager, avec d\u2019autres organisations professionnelles culturelles, en un recours par un r\u00e9f\u00e9r\u00e9-libert\u00e9 devant le Conseil d\u2019\u00e9tat. Cette d\u00e9marche collective vise \u00e0 obtenir la possibilit\u00e9 de r\u00e9ouverture des lieux culturels et artistiques, espaces de vie sociale et culturelle, indispensables<\/p>\n<p class=\"link-more\"><a class=\"myButt \" href=\"https:\/\/collectifmdm-idf.org\/annuaire5\/mobilisation-culture-en-danger-rassemblement-a-paris-le-21-decembre-a-10h00\/\">EN SAVOIR +<\/a><\/p>\n","protected":false},"author":1,"featured_media":1413,"comment_status":"open","ping_status":"open","sticky":false,"template":"","format":"standard","meta":{"_rtcl_gb_attr":"","footnotes":""},"categories":[36],"tags":[],"class_list":["post-1411","post","type-post","status-publish","format-standard","has-post-thumbnail","hentry","category-communiques"],"_links":{"self":[{"href":"https:\/\/collectifmdm-idf.org\/annuaire5\/wp-json\/wp\/v2\/posts\/1411","targetHints":{"allow":["GET"]}}],"collection":[{"href":"https:\/\/collectifmdm-idf.org\/annuaire5\/wp-json\/wp\/v2\/posts"}],"about":[{"href":"https:\/\/collectifmdm-idf.org\/annuaire5\/wp-json\/wp\/v2\/types\/post"}],"author":[{"embeddable":true,"href":"https:\/\/collectifmdm-idf.org\/annuaire5\/wp-json\/wp\/v2\/users\/1"}],"replies":[{"embeddable":true,"href":"https:\/\/collectifmdm-idf.org\/annuaire5\/wp-json\/wp\/v2\/comments?post=1411"}],"version-history":[{"count":0,"href":"https:\/\/collectifmdm-idf.org\/annuaire5\/wp-json\/wp\/v2\/posts\/1411\/revisions"}],"wp:featuredmedia":[{"embeddable":true,"href":"https:\/\/collectifmdm-idf.org\/annuaire5\/wp-json\/wp\/v2\/media\/1413"}],"wp:attachment":[{"href":"https:\/\/collectifmdm-idf.org\/annuaire5\/wp-json\/wp\/v2\/media?parent=1411"}],"wp:term":[{"taxonomy":"category","embeddable":true,"href":"https:\/\/collectifmdm-idf.org\/annuaire5\/wp-json\/wp\/v2\/categories?post=1411"},{"taxonomy":"post_tag","embeddable":true,"href":"https:\/\/collectifmdm-idf.org\/annuaire5\/wp-json\/wp\/v2\/tags?post=1411"}],"curies":[{"name":"wp","href":"https:\/\/api.w.org\/{rel}","templated":true}]}}