{"id":1394,"date":"2020-12-15T11:43:00","date_gmt":"2020-12-15T10:43:00","guid":{"rendered":"http:\/\/collectifmdm-idf.org\/?p=1394"},"modified":"2020-12-20T12:53:09","modified_gmt":"2020-12-20T11:53:09","slug":"1394","status":"publish","type":"post","link":"https:\/\/collectifmdm-idf.org\/annuaire5\/1394\/","title":{"rendered":"Culture en danger &#8211; Mobilisons-nous ensemble le 15 d\u00e9cembre"},"content":{"rendered":"\n<h2 class=\"wp-block-heading\"><\/h2>\n\n\n\n<p class=\"has-text-align-right has-medium-font-size\"> communiqu\u00e9 unitaire sign\u00e9 par la FAMDT (dont le Collectif MDM IdF) &#8211; 14 d\u00e9cembre 2020<\/p>\n\n\n\n<p class=\"has-medium-font-size\">Les annonces du Premier Ministre du 10 d\u00e9cembre ont provoqu\u00e9 un \u00e9lan de col\u00e8re et d\u2019incompr\u00e9hension dans toutes les professions du spectacle et du cin\u00e9ma. D\u2019un seul coup, la promesse d\u2019une demi-r\u00e9ouverture est devenue une prolongation de fermeture, au moins jusqu\u2019au 7 janvier, et certainement au-del\u00e0.<\/p>\n\n\n\n<p class=\"has-medium-font-size\">La m\u00e9thode surprend et n\u2019est pas acceptable : aucune concertation comme le recommande le conseil scientifique lui-m\u00eame, aucune prise en compte des protocoles sanitaires tr\u00e8s stricts mis en place dans les lieux de spectacle et de cin\u00e9ma, ou consacr\u00e9s aux arts visuels, aucune prise en compte de la mobilisation et du travail des \u00e9quipes artistiques et des lieux qui ont \u0153uvr\u00e9 sans rel\u00e2che pour \u00eatre au rendez-vous !<\/p>\n\n\n\n<p class=\"has-medium-font-size\">Les lieux de culture ne sont pas trait\u00e9s \u00e9quitablement avec les lieux de culte, aux conditions pourtant \u00e9quivalentes en termes d\u2019espace et d\u2019accueil du public.<\/p>\n\n\n\n<p class=\"has-medium-font-size\">Des recours en r\u00e9f\u00e9r\u00e9 libert\u00e9 vont \u00eatre d\u00e9pos\u00e9s. Un grand nombre d\u2019organisations s\u2019associent \u00e0 ces d\u00e9marches.<\/p>\n\n\n\n<p class=\"has-medium-font-size\">La Ministre de la Culture a \u00e9t\u00e9 d\u00e9p\u00each\u00e9e pour \u00e9teindre l\u2019incendie en annon\u00e7ant 35 millions \u20ac d\u2019aides, un montant qui ne couvre pas l\u2019ensemble des d\u00e9g\u00e2ts. Nous exigeons qu\u2019elles soient fl\u00e9ch\u00e9es pour soutenir l\u2019emploi direct des artistes et technicien-ne-s et l\u2019activit\u00e9 des autrices et auteurs.<\/p>\n\n\n\n<p class=\"has-medium-font-size\">Toutes les structures ne sont pas soutenues de la m\u00eame mani\u00e8re. Toutes doivent l\u2019\u00eatre pour maintenir la vitalit\u00e9 de notre \u00e9cosyst\u00e8me ! N\u2019en laissons aucune dispara\u00eetre ! Le plan de relance et la loi de finances pour 2021 sont d\u00e9j\u00e0 d\u00e9pass\u00e9s et n\u2019apportent pas de moyens \u00e0 la hauteur de la crise.<\/p>\n\n\n\n<p class=\"has-medium-font-size\">Pour que nos secteurs survivent et que le public nous retrouve, nous avons besoin de r\u00e9ponses \u00e0 nos exigences :<\/p>\n\n\n\n<p class=\"has-medium-font-size\">\u00a7 Nous voulons un soutien pour travailler quand m\u00eame : r\u00e9sidences de cr\u00e9ation et r\u00e9p\u00e9titions doivent \u00eatre financ\u00e9es ;<\/p>\n\n\n\n<p class=\"has-medium-font-size\">\u00a7 Nous voulons un soutien \u00e0 la diversit\u00e9 d\u2019action et d\u2019\u00e9ducation artistiques et culturelle, notamment en conservatoires ;<\/p>\n\n\n\n<p class=\"has-medium-font-size\">\u00a7 Nous voulons la garantie de tous les droits sociaux, dont l\u2019acc\u00e8s est de plus en plus compromis (assurance ch\u00f4mage, s\u00e9curit\u00e9 sociale, protection compl\u00e9mentaire, m\u00e9decine du travail&#8230;) ;<\/p>\n\n\n\n<p class=\"has-medium-font-size\">\u00a7 Nous voulons \u00eatre associ\u00e9s \u00e0 toutes les d\u00e9cisions y compris sanitaires pour permettre la r\u00e9ouverture au plus vite et l\u2019accueil du public en salles comme dans l\u2019espace public.<\/p>\n\n\n\n<p class=\"has-medium-font-size\"><strong>Sans r\u00e9ponse positive \u00e0 ces demandes formul\u00e9es depuis plusieurs mois, nous envisageons d\u2019ouvrir les lieux en janvier !<\/strong><\/p>\n\n\n\n<p><strong>LE 15 D\u00c9CEMBRE, NOUS APPELONS AUX RASSEMBLEMENTS UNITAIRES DU MONDE DE LA CULTURE PARTOUT EN FRANCE POUR LA R\u00c9OUVERTURE DE TOUS LES LIEUX DE SPECTACLE.<\/strong><\/p>\n\n\n\n<p>CO-SIGNATAIRES : <\/p>\n\n\n\n<p>La F\u00e9d\u00e9ration nationale des syndicats du spectacle, du cin\u00e9ma, de l&#8217;audiovisuel et de l&#8217;action culturelle Cgt &#8211; FNSAC CGT ;<br>La F\u00e9d\u00e9ration nationale des Arts, des Spectacles, de l&#8217;audiovisuel du Cin\u00e9ma et de la Presse FO &#8211; FASAP- FO ;<br>La F\u00e9d\u00e9ration Nationale des Arts de la Rue &#8211; FNAR ;<br>La F\u00e9d\u00e9ration Culture Communication Spectacle CFE\/CGC- FCCS CFE\/CGC ;<br>L&#8217;Association Nationale des Th\u00e9\u00e2tres de Marionnettes et Arts Associ\u00e9s &#8211; THEMAA ;<br>La F\u00e9d\u00e9ration Communication, conseil, culture CFDT &#8211; F3C-CFDT ;<br>Le Syndicat des Cirques et Compagnies de Cr\u00e9ation &#8211; SCC ;<br>Le Syndicat National des Arts Vivants &#8211; SYNAVI ;<br>Le Syndicat national des Sc\u00e8nes Publiques &#8211; SNPS ;<br>Le Centre International pour les Th\u00e9\u00e2tres Itin\u00e9rants &#8211; CITI ;<br>Le Syndicat des Musiques Actuelles &#8211; SMA ;<br>La F\u00e9d\u00e9ration de lieux et projets de musiques actuelles &#8211; FEDELIMA ;<br>Le Syndicat professionnel des Producteurs, Ensembles et Diffuseurs Ind\u00e9pendants de Musique &#8211; PROFEDIM ;<br>L&#8217;Union F\u00e9d\u00e9rale d&#8217;Intervention des Structures Culturelles &#8211; UFISC ;<br>La F\u00e9d\u00e9ration des acteurs et Actrices des Musiques et Danses Traditionnelles &#8211; FAMDT ;<br>La F\u00e9d\u00e9ration des r\u00e9seaux et associations d&#8217;artistes plasticiens &#8211; FRAAP ;<br>La f\u00e9d\u00e9ration d&#8217;artistes pour la musique en GRANDS FORMATS ;<br>Actes If &#8211; r\u00e9seau solidaire de lieux interm\u00e9diaires et ind\u00e9pendants en Ile-de-France ;<br>Zone Franche.<\/p>\n\n\n\n<h2 class=\"wp-block-heading\"><\/h2>\n\n\n\n<h2 class=\"has-text-align-center has-luminous-vivid-amber-color has-text-color wp-block-heading\">&#8212;o&#8212;<\/h2>\n\n\n\n<h2 class=\"wp-block-heading\"><\/h2>\n","protected":false},"excerpt":{"rendered":"<p>communiqu\u00e9 unitaire sign\u00e9 par la FAMDT (dont le Collectif MDM IdF) &#8211; 14 d\u00e9cembre 2020 Les annonces du Premier Ministre du 10 d\u00e9cembre ont provoqu\u00e9 un \u00e9lan de col\u00e8re et d\u2019incompr\u00e9hension dans toutes les professions du spectacle et du cin\u00e9ma. D\u2019un seul<\/p>\n<p class=\"link-more\"><a class=\"myButt \" href=\"https:\/\/collectifmdm-idf.org\/annuaire5\/1394\/\">EN SAVOIR +<\/a><\/p>\n","protected":false},"author":1,"featured_media":1399,"comment_status":"open","ping_status":"open","sticky":false,"template":"","format":"standard","meta":{"_rtcl_gb_attr":"","footnotes":""},"categories":[36],"tags":[],"class_list":["post-1394","post","type-post","status-publish","format-standard","has-post-thumbnail","hentry","category-communiques"],"_links":{"self":[{"href":"https:\/\/collectifmdm-idf.org\/annuaire5\/wp-json\/wp\/v2\/posts\/1394","targetHints":{"allow":["GET"]}}],"collection":[{"href":"https:\/\/collectifmdm-idf.org\/annuaire5\/wp-json\/wp\/v2\/posts"}],"about":[{"href":"https:\/\/collectifmdm-idf.org\/annuaire5\/wp-json\/wp\/v2\/types\/post"}],"author":[{"embeddable":true,"href":"https:\/\/collectifmdm-idf.org\/annuaire5\/wp-json\/wp\/v2\/users\/1"}],"replies":[{"embeddable":true,"href":"https:\/\/collectifmdm-idf.org\/annuaire5\/wp-json\/wp\/v2\/comments?post=1394"}],"version-history":[{"count":0,"href":"https:\/\/collectifmdm-idf.org\/annuaire5\/wp-json\/wp\/v2\/posts\/1394\/revisions"}],"wp:featuredmedia":[{"embeddable":true,"href":"https:\/\/collectifmdm-idf.org\/annuaire5\/wp-json\/wp\/v2\/media\/1399"}],"wp:attachment":[{"href":"https:\/\/collectifmdm-idf.org\/annuaire5\/wp-json\/wp\/v2\/media?parent=1394"}],"wp:term":[{"taxonomy":"category","embeddable":true,"href":"https:\/\/collectifmdm-idf.org\/annuaire5\/wp-json\/wp\/v2\/categories?post=1394"},{"taxonomy":"post_tag","embeddable":true,"href":"https:\/\/collectifmdm-idf.org\/annuaire5\/wp-json\/wp\/v2\/tags?post=1394"}],"curies":[{"name":"wp","href":"https:\/\/api.w.org\/{rel}","templated":true}]}}