{"id":13282,"date":"2024-02-13T12:44:11","date_gmt":"2024-02-13T11:44:11","guid":{"rendered":"https:\/\/collectifmdm-idf.org\/?p=13282"},"modified":"2024-05-06T16:36:36","modified_gmt":"2024-05-06T14:36:36","slug":"appel-a-projet-en-soutien-a-la-creation-jeune-public","status":"publish","type":"post","link":"https:\/\/collectifmdm-idf.org\/annuaire5\/appel-a-projet-en-soutien-a-la-creation-jeune-public\/","title":{"rendered":"Appel \u00e0 projets en soutien \u00e0 la cr\u00e9ation jeune public en \u00e9criture ou en cours de conception"},"content":{"rendered":"\t\t<div data-elementor-type=\"wp-post\" data-elementor-id=\"13282\" class=\"elementor elementor-13282\">\n\t\t\t\t\t\t<section class=\"elementor-section elementor-top-section elementor-element elementor-element-da40846 elementor-section-boxed elementor-section-height-default elementor-section-height-default\" data-id=\"da40846\" data-element_type=\"section\">\n\t\t\t\t\t\t<div class=\"elementor-container elementor-column-gap-default\">\n\t\t\t\t\t<div class=\"elementor-column elementor-col-100 elementor-top-column elementor-element elementor-element-058a85a\" data-id=\"058a85a\" data-element_type=\"column\">\n\t\t\t<div class=\"elementor-widget-wrap elementor-element-populated\">\n\t\t\t\t\t\t<div class=\"elementor-element elementor-element-3e0ab1b elementor-widget elementor-widget-image\" data-id=\"3e0ab1b\" data-element_type=\"widget\" data-widget_type=\"image.default\">\n\t\t\t\t<div class=\"elementor-widget-container\">\n\t\t\t\t\t\t\t\t\t\t\t\t\t<img fetchpriority=\"high\" decoding=\"async\" width=\"1920\" height=\"480\" src=\"https:\/\/collectifmdm-idf.org\/annuaire5\/wp-content\/uploads\/2024\/02\/ESCALES-inter-festivals-musiques-et-jeune-public.png\" class=\"attachment-full size-full wp-image-14042\" alt=\"\" srcset=\"https:\/\/collectifmdm-idf.org\/annuaire5\/wp-content\/uploads\/2024\/02\/ESCALES-inter-festivals-musiques-et-jeune-public.png 1920w, https:\/\/collectifmdm-idf.org\/annuaire5\/wp-content\/uploads\/2024\/02\/ESCALES-inter-festivals-musiques-et-jeune-public-300x75.png 300w, https:\/\/collectifmdm-idf.org\/annuaire5\/wp-content\/uploads\/2024\/02\/ESCALES-inter-festivals-musiques-et-jeune-public-1024x256.png 1024w, https:\/\/collectifmdm-idf.org\/annuaire5\/wp-content\/uploads\/2024\/02\/ESCALES-inter-festivals-musiques-et-jeune-public-768x192.png 768w, https:\/\/collectifmdm-idf.org\/annuaire5\/wp-content\/uploads\/2024\/02\/ESCALES-inter-festivals-musiques-et-jeune-public-1536x384.png 1536w\" sizes=\"(max-width: 1920px) 100vw, 1920px\" title=\"\" \/>\t\t\t\t\t\t\t\t\t\t\t\t\t<\/div>\n\t\t\t\t<\/div>\n\t\t\t\t\t<\/div>\n\t\t<\/div>\n\t\t\t\t\t<\/div>\n\t\t<\/section>\n\t\t\t\t<section class=\"elementor-section elementor-top-section elementor-element elementor-element-c55f95a elementor-section-boxed elementor-section-height-default elementor-section-height-default\" data-id=\"c55f95a\" data-element_type=\"section\">\n\t\t\t\t\t\t<div class=\"elementor-container elementor-column-gap-default\">\n\t\t\t\t\t<div class=\"elementor-column elementor-col-100 elementor-top-column elementor-element elementor-element-78df647\" data-id=\"78df647\" data-element_type=\"column\">\n\t\t\t<div class=\"elementor-widget-wrap elementor-element-populated\">\n\t\t\t\t\t\t<div class=\"elementor-element elementor-element-09d53c0 elementor-widget__width-initial elementor-widget elementor-widget-text-editor\" data-id=\"09d53c0\" data-element_type=\"widget\" data-widget_type=\"text-editor.default\">\n\t\t\t\t<div class=\"elementor-widget-container\">\n\t\t\t\t\t\t\t<h2><span style=\"color: #000000;\"><b><i>Appel \u00e0 projets en soutien \u00e0 la cr\u00e9ation jeune public en \u00e9criture ou en cours de conception<\/i><\/b><\/span><\/h2>\t\t\t\t\t\t<\/div>\n\t\t\t\t<\/div>\n\t\t\t\t\t<\/div>\n\t\t<\/div>\n\t\t\t\t\t<\/div>\n\t\t<\/section>\n\t\t\t\t<section class=\"elementor-section elementor-top-section elementor-element elementor-element-14501bc elementor-section-boxed elementor-section-height-default elementor-section-height-default\" data-id=\"14501bc\" data-element_type=\"section\">\n\t\t\t\t\t\t<div class=\"elementor-container elementor-column-gap-default\">\n\t\t\t\t\t<div class=\"elementor-column elementor-col-100 elementor-top-column elementor-element elementor-element-37f08da\" data-id=\"37f08da\" data-element_type=\"column\">\n\t\t\t<div class=\"elementor-widget-wrap elementor-element-populated\">\n\t\t\t\t\t\t<div class=\"elementor-element elementor-element-1e1755b elementor-widget elementor-widget-heading\" data-id=\"1e1755b\" data-element_type=\"widget\" data-widget_type=\"heading.default\">\n\t\t\t\t<div class=\"elementor-widget-container\">\n\t\t\t<h2 class=\"elementor-heading-title elementor-size-default\">ESCALES inter-festivals musiques et jeune public en \u00cele-de-France<\/h2>\t\t<\/div>\n\t\t\t\t<\/div>\n\t\t\t\t\t<\/div>\n\t\t<\/div>\n\t\t\t\t\t<\/div>\n\t\t<\/section>\n\t\t\t\t<section class=\"elementor-section elementor-top-section elementor-element elementor-element-4229387 elementor-section-boxed elementor-section-height-default elementor-section-height-default\" data-id=\"4229387\" data-element_type=\"section\">\n\t\t\t\t\t\t<div class=\"elementor-container elementor-column-gap-default\">\n\t\t\t\t\t<div class=\"elementor-column elementor-col-100 elementor-top-column elementor-element elementor-element-2d7a3db\" data-id=\"2d7a3db\" data-element_type=\"column\">\n\t\t\t<div class=\"elementor-widget-wrap elementor-element-populated\">\n\t\t\t\t\t\t<div class=\"elementor-element elementor-element-a521cf9 elementor-widget__width-initial elementor-widget elementor-widget-text-editor\" data-id=\"a521cf9\" data-element_type=\"widget\" data-widget_type=\"text-editor.default\">\n\t\t\t\t<div class=\"elementor-widget-container\">\n\t\t\t\t\t\t\t<p><span style=\"color: #000000;\">Le <b>Festival Pestacles\/Festivals<\/b> <b>du Parc Floral<\/b> de Paris (<b>Traffix Music<\/b>), le <b>Festival Babel M\u00f4mes\/Le Point Fort d\u2019Aubervilliers<\/b> (<b>Villes des Musiques du Monde<\/b>) en coop\u00e9ration avec le\u00a0<b>Collectif Musiques et Danses du Monde en IDF<\/b>\u00a0s&#8217;associent pour exp\u00e9rimenter un\u00a0dispositif inter-festivals\u00a0au service de la\u00a0cr\u00e9ation \u00e9mergente musicale jeune public francilienne. En partenariat avec le\u00a0r\u00e9seau\u00a0<b>RAMDAM<\/b>.<\/span><\/p><p><span style=\"color: #000000;\">Pour vous inscrire, <b>compl\u00e9tez le formulaire<\/b> en cliquant<\/span> <a href=\"https:\/\/forms.gle\/NgWnJyL5rYh3nR8f7\"><b>ICI<\/b><\/a><\/p><p><span style=\"color: #d9540d;\"><span style=\"color: #ff6d00;\"><b>Cl\u00f4<span style=\"color: #ff6d00;\">ture<\/span> des inscriptions :<\/b><\/span><br \/><\/span><span style=\"color: #4d5156; font-family: arial, sans-serif; font-size: 14px;\">\u25c9\u00a0\u00a0<\/span><span style=\"color: #000000;\">le <del><b>mardi 27 f\u00e9vrier<\/b><\/del><span style=\"color: #ff6d00;\"><b> le vendredi 1er mars<\/b><\/span>\u00a0<b><span style=\"color: #ff6d00;\">\u00e0 midi<\/span> <\/b>pour le <b>jury du 21 mars<\/b><br \/><\/span><span style=\"color: #4d5156; font-family: arial, sans-serif; font-size: 14px;\">\u25c9\u00a0\u00a0<\/span><span style=\"color: #000000;\">le <\/span><del><b style=\"color: #000000;\">samedi 27 avril<\/b><\/del><span style=\"color: #000000;\"> <span style=\"color: #ff6d00;\"><b>le vendredi 17 mai<\/b><\/span><b><span style=\"color: #ff6d00;\">\u00a0<\/span><\/b>inclus pour le<\/span><b style=\"color: #000000;\"> jury du 26 juin<\/b><span style=\"color: #000000;\">.\u00a0<\/span><\/p><p><span style=\"color: #000000;\"><b>Pour tout besoin<\/b> d&#8217;informations compl\u00e9mentaires, vous pouvez <b>nous contactez par email<\/b> \u00e0 l&#8217;adresse suivante : <b>jeanbaptiste@collectifmdm-idf.fr.<\/b><\/span><\/p>\t\t\t\t\t\t<\/div>\n\t\t\t\t<\/div>\n\t\t\t\t\t<\/div>\n\t\t<\/div>\n\t\t\t\t\t<\/div>\n\t\t<\/section>\n\t\t\t\t<section class=\"elementor-section elementor-top-section elementor-element elementor-element-6a5874e elementor-section-boxed elementor-section-height-default elementor-section-height-default\" data-id=\"6a5874e\" data-element_type=\"section\">\n\t\t\t\t\t\t<div class=\"elementor-container elementor-column-gap-default\">\n\t\t\t\t\t<div class=\"elementor-column elementor-col-100 elementor-top-column elementor-element elementor-element-595a716\" data-id=\"595a716\" data-element_type=\"column\">\n\t\t\t<div class=\"elementor-widget-wrap elementor-element-populated\">\n\t\t\t\t\t\t<div class=\"elementor-element elementor-element-e021afa elementor-widget elementor-widget-wp-widget-recent-posts\" data-id=\"e021afa\" data-element_type=\"widget\" data-widget_type=\"wp-widget-recent-posts.default\">\n\t\t\t\t<div class=\"elementor-widget-container\">\n\t\t\t\n\t\t\n\t\t<h5>POUR EN SAVOIR PLUS SUR LES TEMPS DE RENCONTRES<\/h5>\n\t\t<ul>\n\t\t\t\t\t\t\t\t\t\t\t<li>\n\t\t\t\t\t<a href=\"https:\/\/collectifmdm-idf.org\/annuaire5\/laureats_prix-des-musiques-dici_2024\/\">Les Laur\u00e9at\u00b7e\u00b7s 2024 du Prix des Musiques d&#8217;ICI<\/a>\n\t\t\t\t\t\t\t\t\t<\/li>\n\t\t\t\t\t\t\t\t\t\t\t<li>\n\t\t\t\t\t<a href=\"https:\/\/collectifmdm-idf.org\/annuaire5\/songs-from-home\/\">Songs from Home : Voices of Zazaki, Palestine, and Occitania | Mar. 10 d\u00e9c. \u00e0 la P\u00e9niche Anako<\/a>\n\t\t\t\t\t\t\t\t\t<\/li>\n\t\t\t\t\t\t\t\t\t\t\t<li>\n\t\t\t\t\t<a href=\"https:\/\/collectifmdm-idf.org\/annuaire5\/journees-de-laemdt-21-22-et-23-oct\/\">Journ\u00e9es de l&#8217;AEMDT &#8211; 21, 22 et 23 oct.<\/a>\n\t\t\t\t\t\t\t\t\t<\/li>\n\t\t\t\t\t<\/ul>\n\n\t\t\t\t<\/div>\n\t\t\t\t<\/div>\n\t\t\t\t\t<\/div>\n\t\t<\/div>\n\t\t\t\t\t<\/div>\n\t\t<\/section>\n\t\t\t\t<section class=\"elementor-section elementor-top-section elementor-element elementor-element-025927a elementor-section-boxed elementor-section-height-default elementor-section-height-default\" data-id=\"025927a\" data-element_type=\"section\">\n\t\t\t\t\t\t<div class=\"elementor-container elementor-column-gap-default\">\n\t\t\t\t\t<div class=\"elementor-column elementor-col-100 elementor-top-column elementor-element elementor-element-ba2ddab\" data-id=\"ba2ddab\" data-element_type=\"column\">\n\t\t\t<div class=\"elementor-widget-wrap elementor-element-populated\">\n\t\t\t\t\t\t<div class=\"elementor-element elementor-element-118e8be elementor-widget elementor-widget-toggle\" data-id=\"118e8be\" data-element_type=\"widget\" data-widget_type=\"toggle.default\">\n\t\t\t\t<div class=\"elementor-widget-container\">\n\t\t\t\t\t<div class=\"elementor-toggle\">\n\t\t\t\t\t\t\t<div class=\"elementor-toggle-item\">\n\t\t\t\t\t<div id=\"elementor-tab-title-1841\" class=\"elementor-tab-title\" data-tab=\"1\" role=\"button\" aria-controls=\"elementor-tab-content-1841\" aria-expanded=\"false\">\n\t\t\t\t\t\t\t\t\t\t\t\t<span class=\"elementor-toggle-icon elementor-toggle-icon-left\" aria-hidden=\"true\">\n\t\t\t\t\t\t\t\t\t\t\t\t\t\t\t<span class=\"elementor-toggle-icon-closed\"><i class=\"fas fa-caret-right\"><\/i><\/span>\n\t\t\t\t\t\t\t\t<span class=\"elementor-toggle-icon-opened\"><i class=\"elementor-toggle-icon-opened fas fa-caret-up\"><\/i><\/span>\n\t\t\t\t\t\t\t\t\t\t\t\t\t<\/span>\n\t\t\t\t\t\t\t\t\t\t\t\t<a class=\"elementor-toggle-title\" tabindex=\"0\">Les objectifs\u00a0de cette coop\u00e9ration sont multiples : <\/a>\n\t\t\t\t\t<\/div>\n\n\t\t\t\t\t<div id=\"elementor-tab-content-1841\" class=\"elementor-tab-content elementor-clearfix\" data-tab=\"1\" role=\"region\" aria-labelledby=\"elementor-tab-title-1841\"><ul><li><span style=\"color: #000000;\">Mettre en lumi\u00e8re la cr\u00e9ation jeune public musicale francilienne ;<\/span><\/li><li><span style=\"color: #000000;\">Valoriser la diversit\u00e9 culturelle et celle de tous les r\u00e9pertoires musicaux en IDF ;<\/span><\/li><li><span style=\"color: #000000;\">Mettre en valeur les mutualisations\u00a0existantes afin d&#8217;en stimuler de nouvelles dans un souci de soutien aux projets culturels fragilis\u00e9s\u00a0dans le contexte actuel mais aussi dans un objectif\u00a0d&#8217;\u00e9co- responsabilit\u00e9 ;<\/span><\/li><li><span style=\"color: #000000;\">Faciliter les\u00a0mises en relations et les logiques d\u2019accompagnement entre\u00a0artistes, producteurs\u00b7trices, diffuseurs\u00b7euses et lieux de cr\u00e9ation ;<\/span><\/li><li><span style=\"color: #000000;\">Mutualiser nos moyens pour permettre l\u2019\u00e9mergence de nouvelles cr\u00e9ations musicales jeune public ;<\/span><\/li><li><span style=\"color: #000000;\">Soutenir les jeunes artistes \u00e9mergent\u00b7e\u00b7s de la cr\u00e9ation musicale jeune public.<\/span><\/li><\/ul><\/div>\n\t\t\t\t<\/div>\n\t\t\t\t\t\t\t<div class=\"elementor-toggle-item\">\n\t\t\t\t\t<div id=\"elementor-tab-title-1842\" class=\"elementor-tab-title\" data-tab=\"2\" role=\"button\" aria-controls=\"elementor-tab-content-1842\" aria-expanded=\"false\">\n\t\t\t\t\t\t\t\t\t\t\t\t<span class=\"elementor-toggle-icon elementor-toggle-icon-left\" aria-hidden=\"true\">\n\t\t\t\t\t\t\t\t\t\t\t\t\t\t\t<span class=\"elementor-toggle-icon-closed\"><i class=\"fas fa-caret-right\"><\/i><\/span>\n\t\t\t\t\t\t\t\t<span class=\"elementor-toggle-icon-opened\"><i class=\"elementor-toggle-icon-opened fas fa-caret-up\"><\/i><\/span>\n\t\t\t\t\t\t\t\t\t\t\t\t\t<\/span>\n\t\t\t\t\t\t\t\t\t\t\t\t<a class=\"elementor-toggle-title\" tabindex=\"0\">Finalit\u00e9s\u00a0: deux possibilit\u00e9s de pr\u00e9sentation de votre projet dans un r\u00e9seau de professionnels<\/a>\n\t\t\t\t\t<\/div>\n\n\t\t\t\t\t<div id=\"elementor-tab-content-1842\" class=\"elementor-tab-content elementor-clearfix\" data-tab=\"2\" role=\"region\" aria-labelledby=\"elementor-tab-title-1842\"><ul><li><span style=\"color: #000000;\">le 21 mars pour les projets sp\u00e9cifiquement Musiques du monde\u00a0: 3 ou 4 projets seront retenus pour \u00eatre pr\u00e9sent\u00e9s et auditionn\u00e9s devant un public de professionnels, dans le cadre du festival Babel M\u00f4mes, le jeudi 21 mars 2024 ;<br \/><\/span><span style=\"color: #000000;\"><br \/><\/span><\/li><li><span style=\"color: #000000;\">le 26 juin pour toutes esth\u00e9tiques musicales du projet : 3 ou 4 projets seront retenus pour \u00eatre pr\u00e9sent\u00e9s et auditionn\u00e9s devant un public de professionnels, dans le cadre du festival Pestacles, le mercredi 26 juin 2024.<br \/><br \/><strong>Lors des deux journ\u00e9es (21 mars et 26 juin), un jury compos\u00e9 de professionnels de \u00ab\u00a0Escales\u00a0\u00bb retiendra un projet avec pour objectif de l\u2019aider \u00e0 acc\u00e9l\u00e9rer son processus de recherche de coproduction et de r\u00e9sidence.\u00a0<\/strong><br \/><\/span><\/li><\/ul><\/div>\n\t\t\t\t<\/div>\n\t\t\t\t\t\t\t<div class=\"elementor-toggle-item\">\n\t\t\t\t\t<div id=\"elementor-tab-title-1843\" class=\"elementor-tab-title\" data-tab=\"3\" role=\"button\" aria-controls=\"elementor-tab-content-1843\" aria-expanded=\"false\">\n\t\t\t\t\t\t\t\t\t\t\t\t<span class=\"elementor-toggle-icon elementor-toggle-icon-left\" aria-hidden=\"true\">\n\t\t\t\t\t\t\t\t\t\t\t\t\t\t\t<span class=\"elementor-toggle-icon-closed\"><i class=\"fas fa-caret-right\"><\/i><\/span>\n\t\t\t\t\t\t\t\t<span class=\"elementor-toggle-icon-opened\"><i class=\"elementor-toggle-icon-opened fas fa-caret-up\"><\/i><\/span>\n\t\t\t\t\t\t\t\t\t\t\t\t\t<\/span>\n\t\t\t\t\t\t\t\t\t\t\t\t<a class=\"elementor-toggle-title\" tabindex=\"0\">B\u00e9n\u00e9ficiaires :<\/a>\n\t\t\t\t\t<\/div>\n\n\t\t\t\t\t<div id=\"elementor-tab-content-1843\" class=\"elementor-tab-content elementor-clearfix\" data-tab=\"3\" role=\"region\" aria-labelledby=\"elementor-tab-title-1843\"><ul><li><span style=\"color: #000000;\">\u00c9quipe artistique \u00e9mergente dans le domaine du jeune public ;<\/span><\/li><li><span style=\"color: #000000;\">Artistes et\/ou structures domicili\u00e9.e.s en r\u00e9gion \u00cele-de-France ;<\/span><\/li><li><span style=\"color: #000000;\">Artistes et musiciens ayant d\u00e9j\u00e0 particip\u00e9 \u00e0 un projet professionnel et engag\u00e9s professionnellement dans le secteur culturel.<\/span><\/li><\/ul><\/div>\n\t\t\t\t<\/div>\n\t\t\t\t\t\t\t<div class=\"elementor-toggle-item\">\n\t\t\t\t\t<div id=\"elementor-tab-title-1844\" class=\"elementor-tab-title\" data-tab=\"4\" role=\"button\" aria-controls=\"elementor-tab-content-1844\" aria-expanded=\"false\">\n\t\t\t\t\t\t\t\t\t\t\t\t<span class=\"elementor-toggle-icon elementor-toggle-icon-left\" aria-hidden=\"true\">\n\t\t\t\t\t\t\t\t\t\t\t\t\t\t\t<span class=\"elementor-toggle-icon-closed\"><i class=\"fas fa-caret-right\"><\/i><\/span>\n\t\t\t\t\t\t\t\t<span class=\"elementor-toggle-icon-opened\"><i class=\"elementor-toggle-icon-opened fas fa-caret-up\"><\/i><\/span>\n\t\t\t\t\t\t\t\t\t\t\t\t\t<\/span>\n\t\t\t\t\t\t\t\t\t\t\t\t<a class=\"elementor-toggle-title\" tabindex=\"0\">Conditions de participation :<\/a>\n\t\t\t\t\t<\/div>\n\n\t\t\t\t\t<div id=\"elementor-tab-content-1844\" class=\"elementor-tab-content elementor-clearfix\" data-tab=\"4\" role=\"region\" aria-labelledby=\"elementor-tab-title-1844\"><ul><li><span style=\"color: #000000;\">Projet de spectacle pour enfants 0 -10 ans ;<\/span><\/li><li><span style=\"color: #000000;\">Spectacle \u00e0 dominante musicale (une attention sera apport\u00e9e aux r\u00e9pertoires issus des musiques du monde et m\u00e9tisses, notamment pour la journ\u00e9e du 21 mars \u00e0 Babel M\u00f4mes) ;<\/span><\/li><li><span style=\"color: #000000;\">Spectacle pluridisciplinaire possible ;<\/span><\/li><li><span style=\"color: #000000;\">Le spectacle doit \u00eatre une cr\u00e9ation musicale ;<\/span><\/li><li><span style=\"color: #000000;\">La cr\u00e9ation doit \u00eatre d\u00e9j\u00e0 amorc\u00e9e ;<\/span><\/li><li><span style=\"color: #000000;\">Le projet doit comporter une intention de dur\u00e9e ainsi qu\u2019une mention concernant la jauge spectateurs, d\u00e9tailler les diverses formes possibles (plein air, salles non \u00e9quip\u00e9es\u2026) ;<\/span><span style=\"color: #000000;\"><br \/><\/span><\/li><li><span style=\"color: #000000;\">Une attention particuli\u00e8re sera port\u00e9e aux actions p\u00e9dagogiques ;<\/span><span style=\"color: #000000;\"><br \/><\/span><\/li><li><span style=\"color: #000000;\">D\u00e9cor et technique\u00a0: pas de d\u00e9cor pour la pr\u00e9sentation et formule l\u00e9g\u00e8re techniquement ;<\/span><span style=\"color: #000000;\"><br \/><\/span><\/li><li><span style=\"color: #000000;\">Installation technique : le temps d\u2019installation pour l\u2019audition proprement dite \u00e9tant tr\u00e8s court (10 min.), pr\u00e9voir une technique adapt\u00e9e aux conditions simplifi\u00e9es de la prestation sur sc\u00e8ne. Toutes informations de d\u00e9tail seront donn\u00e9es le cas \u00e9ch\u00e9ant aux candidats s\u00e9lectionn\u00e9s ;<\/span><span style=\"color: #000000;\"><br \/><\/span><\/li><li><span style=\"color: #000000;\">En cas de s\u00e9lection\u00a0: \u00eatre disponible le jeudi 21 mars apr\u00e8s-midi pour pr\u00e9senter sur sc\u00e8ne son projet et\/ou le 26 juin matin.<\/span><\/li><\/ul><\/div>\n\t\t\t\t<\/div>\n\t\t\t\t\t\t\t<div class=\"elementor-toggle-item\">\n\t\t\t\t\t<div id=\"elementor-tab-title-1845\" class=\"elementor-tab-title\" data-tab=\"5\" role=\"button\" aria-controls=\"elementor-tab-content-1845\" aria-expanded=\"false\">\n\t\t\t\t\t\t\t\t\t\t\t\t<span class=\"elementor-toggle-icon elementor-toggle-icon-left\" aria-hidden=\"true\">\n\t\t\t\t\t\t\t\t\t\t\t\t\t\t\t<span class=\"elementor-toggle-icon-closed\"><i class=\"fas fa-caret-right\"><\/i><\/span>\n\t\t\t\t\t\t\t\t<span class=\"elementor-toggle-icon-opened\"><i class=\"elementor-toggle-icon-opened fas fa-caret-up\"><\/i><\/span>\n\t\t\t\t\t\t\t\t\t\t\t\t\t<\/span>\n\t\t\t\t\t\t\t\t\t\t\t\t<a class=\"elementor-toggle-title\" tabindex=\"0\">Supports\/ pi\u00e8ces \u00e0 fournir :<\/a>\n\t\t\t\t\t<\/div>\n\n\t\t\t\t\t<div id=\"elementor-tab-content-1845\" class=\"elementor-tab-content elementor-clearfix\" data-tab=\"5\" role=\"region\" aria-labelledby=\"elementor-tab-title-1845\"><p><span style=\"color: #000000;\">Liens url \u00e0 ins\u00e9rer dans le formulaire :<\/span><\/p><ul><li><span style=\"color: #000000;\">Dossier de pr\u00e9sentation du projet (incluant une biographie)\u00a0;<\/span><\/li><li><span style=\"color: #000000;\">Lien(s) d&#8217;\u00e9coute sonore. Projet(s) pr\u00e9c\u00e9dent(s) ou maquette(s)\u00a0;<\/span><\/li><li><span style=\"color: #000000;\">Support(s) vid\u00e9o si existant(s) ;<\/span><\/li><li><span style=\"color: #000000;\">Son et\/ou vid\u00e9o d&#8217;ancienne(s) cr\u00e9ation(s), si existant et pertinent\u00a0;<\/span><span style=\"color: #000000;\"><br \/><\/span><\/li><li><span style=\"color: #000000;\">Une vid\u00e9o de 5 \u00e0 10 min racontant le projet. La vid\u00e9o reste un support pour partager le pitch du spectacle. La qualit\u00e9 de la vid\u00e9o n\u2019est pas un crit\u00e8re de s\u00e9lection.<\/span><\/li><\/ul><\/div>\n\t\t\t\t<\/div>\n\t\t\t\t\t\t\t<div class=\"elementor-toggle-item\">\n\t\t\t\t\t<div id=\"elementor-tab-title-1846\" class=\"elementor-tab-title\" data-tab=\"6\" role=\"button\" aria-controls=\"elementor-tab-content-1846\" aria-expanded=\"false\">\n\t\t\t\t\t\t\t\t\t\t\t\t<span class=\"elementor-toggle-icon elementor-toggle-icon-left\" aria-hidden=\"true\">\n\t\t\t\t\t\t\t\t\t\t\t\t\t\t\t<span class=\"elementor-toggle-icon-closed\"><i class=\"fas fa-caret-right\"><\/i><\/span>\n\t\t\t\t\t\t\t\t<span class=\"elementor-toggle-icon-opened\"><i class=\"elementor-toggle-icon-opened fas fa-caret-up\"><\/i><\/span>\n\t\t\t\t\t\t\t\t\t\t\t\t\t<\/span>\n\t\t\t\t\t\t\t\t\t\t\t\t<a class=\"elementor-toggle-title\" tabindex=\"0\">Exemples de pistes d'argumentation :<\/a>\n\t\t\t\t\t<\/div>\n\n\t\t\t\t\t<div id=\"elementor-tab-content-1846\" class=\"elementor-tab-content elementor-clearfix\" data-tab=\"6\" role=\"region\" aria-labelledby=\"elementor-tab-title-1846\"><ul><li><span style=\"color: #000000;\">Propos artistique et \u00e9tat d\u2019avancement du projet ;<\/span><\/li><li><span style=\"color: #000000;\">Pour quelle raison le projet est-il adress\u00e9 au jeune public ?<\/span><\/li><li><span style=\"color: #000000;\">Une strat\u00e9gie de diffusion a-t-elle d\u00e9j\u00e0 \u00e9t\u00e9 pens\u00e9e\u00a0?<\/span><\/li><li><span style=\"color: #000000;\">Y a-t-il un projet EAC ? Si oui, d\u00e9tailler le projet d\u2019actions culturelles et p\u00e9dagogiques ;<\/span><\/li><li><span style=\"color: #000000;\">Existe-t-il d\u00e9j\u00e0 des moyens financiers et humains ?<\/span><\/li><\/ul><\/div>\n\t\t\t\t<\/div>\n\t\t\t\t\t\t\t<div class=\"elementor-toggle-item\">\n\t\t\t\t\t<div id=\"elementor-tab-title-1847\" class=\"elementor-tab-title\" data-tab=\"7\" role=\"button\" aria-controls=\"elementor-tab-content-1847\" aria-expanded=\"false\">\n\t\t\t\t\t\t\t\t\t\t\t\t<span class=\"elementor-toggle-icon elementor-toggle-icon-left\" aria-hidden=\"true\">\n\t\t\t\t\t\t\t\t\t\t\t\t\t\t\t<span class=\"elementor-toggle-icon-closed\"><i class=\"fas fa-caret-right\"><\/i><\/span>\n\t\t\t\t\t\t\t\t<span class=\"elementor-toggle-icon-opened\"><i class=\"elementor-toggle-icon-opened fas fa-caret-up\"><\/i><\/span>\n\t\t\t\t\t\t\t\t\t\t\t\t\t<\/span>\n\t\t\t\t\t\t\t\t\t\t\t\t<a class=\"elementor-toggle-title\" tabindex=\"0\">Calendrier de l\u2019Appel \u00e0 projets du 14 f\u00e9vrier au 27 avril<\/a>\n\t\t\t\t\t<\/div>\n\n\t\t\t\t\t<div id=\"elementor-tab-content-1847\" class=\"elementor-tab-content elementor-clearfix\" data-tab=\"7\" role=\"region\" aria-labelledby=\"elementor-tab-title-1847\"><ul><li><span style=\"color: #000000;\">Lancement : 14 f\u00e9vrier ;<\/span><\/li><li><span style=\"color: #000000;\">Cl\u00f4ture du 1er appel \u00e0 projet (sp\u00e9cifique aux musiques du monde) : 27 f\u00e9vrier minuit ;<\/span><\/li><li><span style=\"color: #000000;\">Premi\u00e8re S\u00e9lection pour le Point Fort : 4 mars ;<\/span><span style=\"color: #000000;\"><br \/><\/span><\/li><li><span style=\"color: #000000;\">Premi\u00e8re journ\u00e9e de pr\u00e9sentation des projets : jeudi 21 mars au Point Fort ;<\/span><span style=\"color: #000000;\"><br \/><\/span><\/li><li><span style=\"color: #000000;\">Cl\u00f4ture du 2eme appel \u00e0 projet (toutes esth\u00e9tiques musicales) : 27 avril minuit ;<\/span><span style=\"color: #000000;\"><br \/><\/span><\/li><li><span style=\"color: #000000;\">Deuxi\u00e8me s\u00e9lection pour le Parc Floral : 17 mai ;<\/span><span style=\"color: #000000;\"><br \/><\/span><\/li><li><span style=\"color: #000000;\">Deuxi\u00e8me Journ\u00e9e de pr\u00e9sentation des projets : mercredi 26 juin au Parc Floral de Paris.<\/span><\/li><\/ul><\/div>\n\t\t\t\t<\/div>\n\t\t\t\t\t\t\t<div class=\"elementor-toggle-item\">\n\t\t\t\t\t<div id=\"elementor-tab-title-1848\" class=\"elementor-tab-title\" data-tab=\"8\" role=\"button\" aria-controls=\"elementor-tab-content-1848\" aria-expanded=\"false\">\n\t\t\t\t\t\t\t\t\t\t\t\t<span class=\"elementor-toggle-icon elementor-toggle-icon-left\" aria-hidden=\"true\">\n\t\t\t\t\t\t\t\t\t\t\t\t\t\t\t<span class=\"elementor-toggle-icon-closed\"><i class=\"fas fa-caret-right\"><\/i><\/span>\n\t\t\t\t\t\t\t\t<span class=\"elementor-toggle-icon-opened\"><i class=\"elementor-toggle-icon-opened fas fa-caret-up\"><\/i><\/span>\n\t\t\t\t\t\t\t\t\t\t\t\t\t<\/span>\n\t\t\t\t\t\t\t\t\t\t\t\t<a class=\"elementor-toggle-title\" tabindex=\"0\">D\u00e9roul\u00e9 de la rencontre artistique du 21 mars (Le Point Fort d'Aubervilliers)<\/a>\n\t\t\t\t\t<\/div>\n\n\t\t\t\t\t<div id=\"elementor-tab-content-1848\" class=\"elementor-tab-content elementor-clearfix\" data-tab=\"8\" role=\"region\" aria-labelledby=\"elementor-tab-title-1848\"><ul><li><span style=\"color: #000000;\">Matin : Pr\u00e9sentation de la cr\u00e9ation \u00ab Iris au fil de la Seine \u00bb \/ Traffix Music ;<\/span><span style=\"color: #000000;\"><br \/><\/span><\/li><li><span style=\"color: #000000;\">Apr\u00e8s-midi : audition des projets et \u00e9changes avec la salle ;<\/span><span style=\"color: #000000;\"><br \/><\/span><\/li><li><span style=\"color: #000000;\">Buffet pour un temps d\u2019\u00e9changes informels.<\/span><\/li><\/ul><\/div>\n\t\t\t\t<\/div>\n\t\t\t\t\t\t\t<div class=\"elementor-toggle-item\">\n\t\t\t\t\t<div id=\"elementor-tab-title-1849\" class=\"elementor-tab-title\" data-tab=\"9\" role=\"button\" aria-controls=\"elementor-tab-content-1849\" aria-expanded=\"false\">\n\t\t\t\t\t\t\t\t\t\t\t\t<span class=\"elementor-toggle-icon elementor-toggle-icon-left\" aria-hidden=\"true\">\n\t\t\t\t\t\t\t\t\t\t\t\t\t\t\t<span class=\"elementor-toggle-icon-closed\"><i class=\"fas fa-caret-right\"><\/i><\/span>\n\t\t\t\t\t\t\t\t<span class=\"elementor-toggle-icon-opened\"><i class=\"elementor-toggle-icon-opened fas fa-caret-up\"><\/i><\/span>\n\t\t\t\t\t\t\t\t\t\t\t\t\t<\/span>\n\t\t\t\t\t\t\t\t\t\t\t\t<a class=\"elementor-toggle-title\" tabindex=\"0\">D\u00e9roul\u00e9 de la rencontre artistique du 26 juin (Th\u00e9\u00e2tre du Parc Floral)<\/a>\n\t\t\t\t\t<\/div>\n\n\t\t\t\t\t<div id=\"elementor-tab-content-1849\" class=\"elementor-tab-content elementor-clearfix\" data-tab=\"9\" role=\"region\" aria-labelledby=\"elementor-tab-title-1849\"><p><span style=\"color: #000000;\"><strong>Matin :\u00a0<\/strong><\/span><\/p><ul><li><span style=\"color: #000000;\">10h30 Pr\u00e9sentation des projets s\u00e9lectionn\u00e9s ;<\/span><\/li><li><span style=\"color: #000000;\">12h : D\u00e9jeuner Pic-nic &#8211; temp informel convivial &#8211; rencontres \u00e9quipes et pros<\/span><\/li><\/ul><p><span style=\"color: #000000;\"><strong>Apr\u00e8s-midi<\/strong> : <\/span><\/p><ul><li><span style=\"color: #000000;\">14h : Pr\u00e9sentation Fabrique \u00e0 musique Sacem avec Fanny Charmont et les \u00e9l\u00e8ves de l\u2019\u00e9cole Pyr\u00e9n\u00e9es ;<br \/><\/span><\/li><li><span style=\"color: #000000;\">14H30 : Pestacles &#8211; Cie Cabanes, Ys\u00e9e et la travers\u00e9e du monde point &#8211; Version Plein Air- Sc\u00e8ne Delta du Parc Floral ;<br \/><\/span><\/li><li><span style=\"color: #000000;\">15h30 \u00e0 16h30- Rencontre entre programmateurs de festivals musicaux jeune public suivie d\u2019un temps convivial.<\/span><\/li><\/ul><\/div>\n\t\t\t\t<\/div>\n\t\t\t\t\t\t\t\t<\/div>\n\t\t\t\t<\/div>\n\t\t\t\t<\/div>\n\t\t\t\t\t<\/div>\n\t\t<\/div>\n\t\t\t\t\t<\/div>\n\t\t<\/section>\n\t\t\t\t<section class=\"elementor-section elementor-top-section elementor-element elementor-element-2f48611 elementor-section-boxed elementor-section-height-default elementor-section-height-default\" data-id=\"2f48611\" data-element_type=\"section\">\n\t\t\t\t\t\t<div class=\"elementor-container elementor-column-gap-default\">\n\t\t\t\t\t<div class=\"elementor-column elementor-col-100 elementor-top-column elementor-element elementor-element-353262f\" data-id=\"353262f\" data-element_type=\"column\" data-settings=\"{&quot;background_background&quot;:&quot;classic&quot;}\">\n\t\t\t<div class=\"elementor-widget-wrap elementor-element-populated\">\n\t\t\t\t\t\t<div class=\"elementor-element elementor-element-6b5f5b6 elementor-widget-divider--view-line elementor-widget elementor-widget-divider\" data-id=\"6b5f5b6\" data-element_type=\"widget\" data-widget_type=\"divider.default\">\n\t\t\t\t<div class=\"elementor-widget-container\">\n\t\t\t\t\t<div class=\"elementor-divider\">\n\t\t\t<span class=\"elementor-divider-separator\">\n\t\t\t\t\t\t<\/span>\n\t\t<\/div>\n\t\t\t\t<\/div>\n\t\t\t\t<\/div>\n\t\t\t\t\t<\/div>\n\t\t<\/div>\n\t\t\t\t\t<\/div>\n\t\t<\/section>\n\t\t\t\t<section class=\"elementor-section elementor-top-section elementor-element elementor-element-1e7e84f elementor-section-boxed elementor-section-height-default elementor-section-height-default\" data-id=\"1e7e84f\" data-element_type=\"section\">\n\t\t\t\t\t\t<div class=\"elementor-container elementor-column-gap-default\">\n\t\t\t\t\t<div class=\"elementor-column elementor-col-25 elementor-top-column elementor-element elementor-element-9aa4a15\" data-id=\"9aa4a15\" data-element_type=\"column\">\n\t\t\t<div class=\"elementor-widget-wrap elementor-element-populated\">\n\t\t\t\t\t\t<div class=\"elementor-element elementor-element-15f5093 elementor-widget elementor-widget-image\" data-id=\"15f5093\" data-element_type=\"widget\" data-widget_type=\"image.default\">\n\t\t\t\t<div class=\"elementor-widget-container\">\n\t\t\t\t\t\t\t\t\t\t\t\t\t\t<a href=\"https:\/\/traffixmusic.com\/\" target=\"_blank\">\n\t\t\t\t\t\t\t<img decoding=\"async\" width=\"120\" height=\"89\" src=\"https:\/\/collectifmdm-idf.org\/annuaire5\/wp-content\/uploads\/2024\/02\/Logo-traffix-music-musique-spectacle-jeune-public-producteur-concert-enfants-famille-e1707835976713.png\" class=\"attachment-large size-large wp-image-13301\" alt=\"\" title=\"\" \/>\t\t\t\t\t\t\t\t<\/a>\n\t\t\t\t\t\t\t\t\t\t\t\t\t<\/div>\n\t\t\t\t<\/div>\n\t\t\t\t\t<\/div>\n\t\t<\/div>\n\t\t\t\t<div class=\"elementor-column elementor-col-25 elementor-top-column elementor-element elementor-element-47db566\" data-id=\"47db566\" data-element_type=\"column\">\n\t\t\t<div class=\"elementor-widget-wrap elementor-element-populated\">\n\t\t\t\t\t\t<div class=\"elementor-element elementor-element-eab7b28 elementor-widget elementor-widget-image\" data-id=\"eab7b28\" data-element_type=\"widget\" data-widget_type=\"image.default\">\n\t\t\t\t<div class=\"elementor-widget-container\">\n\t\t\t\t\t\t\t\t\t\t\t\t\t\t<a href=\"https:\/\/www.villesdesmusiquesdumonde.com\/\" target=\"_blank\">\n\t\t\t\t\t\t\t<img decoding=\"async\" width=\"75\" height=\"71\" src=\"https:\/\/collectifmdm-idf.org\/annuaire5\/wp-content\/uploads\/2024\/02\/VDMDM_New_logo-noirHD-e1707836087584.jpg\" class=\"attachment-full size-full wp-image-13300\" alt=\"\" title=\"\" \/>\t\t\t\t\t\t\t\t<\/a>\n\t\t\t\t\t\t\t\t\t\t\t\t\t<\/div>\n\t\t\t\t<\/div>\n\t\t\t\t\t<\/div>\n\t\t<\/div>\n\t\t\t\t<div class=\"elementor-column elementor-col-25 elementor-top-column elementor-element elementor-element-254b9de\" data-id=\"254b9de\" data-element_type=\"column\">\n\t\t\t<div class=\"elementor-widget-wrap elementor-element-populated\">\n\t\t\t\t\t\t<div class=\"elementor-element elementor-element-8f824b3 elementor-widget elementor-widget-image\" data-id=\"8f824b3\" data-element_type=\"widget\" data-widget_type=\"image.default\">\n\t\t\t\t<div class=\"elementor-widget-container\">\n\t\t\t\t\t\t\t\t\t\t\t\t\t\t<a href=\"https:\/\/collectifmdm-idf.org\/\">\n\t\t\t\t\t\t\t<img loading=\"lazy\" decoding=\"async\" width=\"85\" height=\"65\" src=\"https:\/\/collectifmdm-idf.org\/annuaire5\/wp-content\/uploads\/2024\/02\/logo_noir-1-e1719509689176.png\" class=\"attachment-full size-full wp-image-13308\" alt=\"\" title=\"\" \/>\t\t\t\t\t\t\t\t<\/a>\n\t\t\t\t\t\t\t\t\t\t\t\t\t<\/div>\n\t\t\t\t<\/div>\n\t\t\t\t\t<\/div>\n\t\t<\/div>\n\t\t\t\t<div class=\"elementor-column elementor-col-25 elementor-top-column elementor-element elementor-element-6714f5c\" data-id=\"6714f5c\" data-element_type=\"column\">\n\t\t\t<div class=\"elementor-widget-wrap elementor-element-populated\">\n\t\t\t\t\t\t<div class=\"elementor-element elementor-element-447f82e elementor-widget elementor-widget-image\" data-id=\"447f82e\" data-element_type=\"widget\" data-widget_type=\"image.default\">\n\t\t\t\t<div class=\"elementor-widget-container\">\n\t\t\t\t\t\t\t\t\t\t\t\t\t\t<a href=\"https:\/\/www.ramdam.pro\/\" target=\"_blank\">\n\t\t\t\t\t\t\t<img loading=\"lazy\" decoding=\"async\" width=\"80\" height=\"80\" src=\"https:\/\/collectifmdm-idf.org\/annuaire5\/wp-content\/uploads\/2024\/02\/ramdam-1-e1707836331870.png\" class=\"attachment-full size-full wp-image-13303\" alt=\"\" title=\"\" \/>\t\t\t\t\t\t\t\t<\/a>\n\t\t\t\t\t\t\t\t\t\t\t\t\t<\/div>\n\t\t\t\t<\/div>\n\t\t\t\t\t<\/div>\n\t\t<\/div>\n\t\t\t\t\t<\/div>\n\t\t<\/section>\n\t\t\t\t<\/div>\n\t\t","protected":false},"excerpt":{"rendered":"<p>Appel \u00e0 projets en soutien \u00e0 la cr\u00e9ation jeune public en \u00e9criture ou en cours de conception ESCALES inter-festivals musiques et jeune public en \u00cele-de-France Le Festival Pestacles\/Festivals du Parc Floral de Paris (Traffix Music), le Festival Babel M\u00f4mes\/Le Point Fort d\u2019Aubervilliers<\/p>\n<p class=\"link-more\"><a class=\"myButt \" href=\"https:\/\/collectifmdm-idf.org\/annuaire5\/appel-a-projet-en-soutien-a-la-creation-jeune-public\/\">EN SAVOIR +<\/a><\/p>\n","protected":false},"author":1,"featured_media":0,"comment_status":"open","ping_status":"open","sticky":false,"template":"elementor_header_footer","format":"standard","meta":{"_rtcl_gb_attr":"","footnotes":""},"categories":[37,288,7,291,8,6,292,178,1],"tags":[],"class_list":["post-13282","post","type-post","status-publish","format-standard","hentry","category-appel-a-candidatures","category-artistes","category-concert","category-conte-2","category-danse","category-festival","category-ile-de-france","category-jeune-public","category-non-classe"],"_links":{"self":[{"href":"https:\/\/collectifmdm-idf.org\/annuaire5\/wp-json\/wp\/v2\/posts\/13282","targetHints":{"allow":["GET"]}}],"collection":[{"href":"https:\/\/collectifmdm-idf.org\/annuaire5\/wp-json\/wp\/v2\/posts"}],"about":[{"href":"https:\/\/collectifmdm-idf.org\/annuaire5\/wp-json\/wp\/v2\/types\/post"}],"author":[{"embeddable":true,"href":"https:\/\/collectifmdm-idf.org\/annuaire5\/wp-json\/wp\/v2\/users\/1"}],"replies":[{"embeddable":true,"href":"https:\/\/collectifmdm-idf.org\/annuaire5\/wp-json\/wp\/v2\/comments?post=13282"}],"version-history":[{"count":107,"href":"https:\/\/collectifmdm-idf.org\/annuaire5\/wp-json\/wp\/v2\/posts\/13282\/revisions"}],"predecessor-version":[{"id":14891,"href":"https:\/\/collectifmdm-idf.org\/annuaire5\/wp-json\/wp\/v2\/posts\/13282\/revisions\/14891"}],"wp:attachment":[{"href":"https:\/\/collectifmdm-idf.org\/annuaire5\/wp-json\/wp\/v2\/media?parent=13282"}],"wp:term":[{"taxonomy":"category","embeddable":true,"href":"https:\/\/collectifmdm-idf.org\/annuaire5\/wp-json\/wp\/v2\/categories?post=13282"},{"taxonomy":"post_tag","embeddable":true,"href":"https:\/\/collectifmdm-idf.org\/annuaire5\/wp-json\/wp\/v2\/tags?post=13282"}],"curies":[{"name":"wp","href":"https:\/\/api.w.org\/{rel}","templated":true}]}}