{"id":1328,"date":"2020-12-18T15:31:16","date_gmt":"2020-12-18T14:31:16","guid":{"rendered":"http:\/\/collectifmdm-idf.org\/?p=1328"},"modified":"2021-01-03T22:48:00","modified_gmt":"2021-01-03T21:48:00","slug":"playlist-du-collectif-mdm-idf-n3-decembre-2020-mon-ame-bouriate-par-tatiana-lambollez-de-altan-art","status":"publish","type":"post","link":"https:\/\/collectifmdm-idf.org\/annuaire5\/playlist-du-collectif-mdm-idf-n3-decembre-2020-mon-ame-bouriate-par-tatiana-lambollez-de-altan-art\/","title":{"rendered":"Playlist du Collectif MDM IdF n\u00b03 &#8211; D\u00e9cembre 2020 &#8211; &#8220;Mon \u00e2me bouriate&#8221; &#8211; par Tatiana LAMBOLEZ, de Altan-Art"},"content":{"rendered":"\n<h2 class=\"wp-block-heading\"><\/h2>\n\n\n\n<h2 class=\"wp-block-heading\"><\/h2>\n\n\n\n<p class=\"has-medium-font-size\"><em>&#8220;Mon \u00e2me bouriate&#8221;. <\/em><br><br>&#8220;<em>Je suis <strong>Tatiana LAMBOLEZ<\/strong>, directrice de l&#8217;<strong><a href=\"http:\/\/altan-art.com\/\" target=\"_blank\" rel=\"noreferrer noopener\">agence Altan-Art<\/a><\/strong>, j&#8217;essaye de promouvoir l&#8217;unique culture des peuples d&#8217;Eurasie.  <\/em><br><em>M\u00eame si je suis install\u00e9e en France depuis plus de 20 ans maintenant, et je la consid\u00e8re comme ma deuxi\u00e8me patrie, mon \u00e2me reste fid\u00e8le \u00e0 ma petite patrie et \u00e0 mon peuple bouriate. <\/em><br><em>Je suis heureuse de partager avec vous aujourd&#8217;hui les artistes de mon catalogue originaires de  <a href=\"https:\/\/fr.wikipedia.org\/wiki\/Bouriatie\" target=\"_blank\" rel=\"noreferrer noopener\"><strong>Bouriatie <\/strong><\/a>bien s\u00fbr, mais aussi de <strong>Sib\u00e9rie<\/strong>, <strong>Mongolie <\/strong>et <strong>Kazakhstan<\/strong>. Leurs cultures sont souvent menac\u00e9es de disparition mais tentent de survivre.<\/em>&#8220;<\/p>\n\n\n\n<h2 class=\"has-text-align-center has-luminous-vivid-amber-color has-text-color wp-block-heading\">_____<\/h2>\n\n\n\n<h2 class=\"wp-block-heading\"><\/h2>\n\n\n\n<h2 class=\"wp-block-heading\"><strong>La playlist (titres encha\u00een\u00e9s) :<\/strong><\/h2>\n\n\n\n<figure class=\"wp-block-embed is-type-video is-provider-youtube wp-block-embed-youtube wp-embed-aspect-16-9 wp-has-aspect-ratio\"><div class=\"wp-block-embed__wrapper\">\n<div class=\"responsive-container\"><iframe title=\"Playlist du Collectif MDM IdF n\u00b03 -  - par Tatiana LAMBOLLEZ\" width=\"640\" height=\"360\" src=\"https:\/\/www.youtube.com\/embed\/videoseries?list=PLKtoMQHaKf3c500HXpjWq_0kfwJx4tFdT\" frameborder=\"0\" allow=\"accelerometer; autoplay; clipboard-write; encrypted-media; gyroscope; picture-in-picture; web-share\" referrerpolicy=\"strict-origin-when-cross-origin\" allowfullscreen><\/iframe><\/div>\n<\/div><\/figure>\n\n\n\n<p class=\"has-text-align-center has-luminous-vivid-amber-color has-text-color has-large-font-size\"><strong>_____<\/strong><\/p>\n\n\n\n<h2 class=\"wp-block-heading\"><\/h2>\n\n\n\n<h2 class=\"wp-block-heading\"><strong>Les onze titres de la playlist :<\/strong><\/h2>\n\n\n\n<p class=\"has-medium-font-size\">1. <strong>OLENA UUTAI (Sib\u00e9rie-Yakoutie)<\/strong><\/p>\n\n\n\n<p class=\"has-medium-font-size\"><strong>Olena Uutai<\/strong> est une artiste \u00e9tonnante, porteuse des traditions mill\u00e9naires de sa Sib\u00e9rie natale. Ses chants et musiques c\u00e9l\u00e8brent la beaut\u00e9 et la fragilit\u00e9 de la Terre, et sont un hymne \u00e0 tous ceux qui l\u2019habitent et lui donnent Vie : oiseaux, animaux, arbres, fleurs, etc. Sur sc\u00e8ne, Olena chante et joue de la guimbarde traditionnelle \u00ab&nbsp; <strong>homus<\/strong>&#8220;, cette harpe \u00e0 bouche qu\u2019elle pratique depuis son enfance.<\/p>\n\n\n\n<h2 class=\"wp-block-heading\"><\/h2>\n\n\n\n<figure class=\"wp-block-embed is-type-video is-provider-youtube wp-block-embed-youtube wp-embed-aspect-16-9 wp-has-aspect-ratio\"><div class=\"wp-block-embed__wrapper\">\n<div class=\"responsive-container\"><iframe title=\"Olena UUTAi. The Call of Shaman. Jaw harp trance\" width=\"640\" height=\"360\" src=\"https:\/\/www.youtube.com\/embed\/XP3RkDEGiXY?feature=oembed\" frameborder=\"0\" allow=\"accelerometer; autoplay; clipboard-write; encrypted-media; gyroscope; picture-in-picture; web-share\" referrerpolicy=\"strict-origin-when-cross-origin\" allowfullscreen><\/iframe><\/div>\n<\/div><\/figure>\n\n\n\n<h2 class=\"wp-block-heading\"><\/h2>\n\n\n\n<p class=\"has-medium-font-size\">2. <strong>SHONO (Sib\u00e9rie-Bouryatie)<\/strong><\/p>\n\n\n\n<p class=\"has-medium-font-size\">L\u2019\u00e9nergie et les rythmes rock font de <strong>SHONO <\/strong>un des meilleurs groupes ethno-rock du moment en Sib\u00e9rie et Mongolie. Ma\u00eetre incontest\u00e9 du chant diphonique, Alexandre, le leader du groupe, arrange et interpr\u00e8te des r\u00e9citals et contes bouriates, aussi bien qu\u2019il fait vibrer les instruments traditionnels bouriates et mongols.<\/p>\n\n\n\n<h2 class=\"wp-block-heading\"><\/h2>\n\n\n\n<figure class=\"wp-block-embed is-type-video is-provider-youtube wp-block-embed-youtube wp-embed-aspect-16-9 wp-has-aspect-ratio\"><div class=\"wp-block-embed__wrapper\">\n<div class=\"responsive-container\"><iframe title=\"THE SPIRIT OF EURASIA 2019 \u2013 SHONO  LIVE (4K)\" width=\"640\" height=\"360\" src=\"https:\/\/www.youtube.com\/embed\/jCOh3M0F1IU?feature=oembed\" frameborder=\"0\" allow=\"accelerometer; autoplay; clipboard-write; encrypted-media; gyroscope; picture-in-picture; web-share\" referrerpolicy=\"strict-origin-when-cross-origin\" allowfullscreen><\/iframe><\/div>\n<\/div><\/figure>\n\n\n\n<h2 class=\"wp-block-heading\"><\/h2>\n\n\n\n<p class=\"has-medium-font-size\">3. <strong>ARGUSAN (France-Mongolie)<\/strong><\/p>\n\n\n\n<p class=\"has-medium-font-size\">D\u00e9couvrez toute la magie de la <strong>Mongolie <\/strong>avec <strong>Argusan BAND<\/strong> : quand la musique se transforme en galop, quand l\u2019oiseau ou le loup s\u2019incarnent dans la bouche du chanteur. Laissez vous emporter par les m\u00e9lodies des steppes, les odes aux montagnes et au d\u00e9sert de Gobi.<\/p>\n\n\n\n<figure class=\"wp-block-embed is-type-video is-provider-youtube wp-block-embed-youtube wp-embed-aspect-16-9 wp-has-aspect-ratio\"><div class=\"wp-block-embed__wrapper\">\n<div class=\"responsive-container\"><iframe title=\"Argusan | Mon \u00c2me | Loustic Sessions\" width=\"640\" height=\"360\" src=\"https:\/\/www.youtube.com\/embed\/SuRlDgMOrVw?feature=oembed\" frameborder=\"0\" allow=\"accelerometer; autoplay; clipboard-write; encrypted-media; gyroscope; picture-in-picture; web-share\" referrerpolicy=\"strict-origin-when-cross-origin\" allowfullscreen><\/iframe><\/div>\n<\/div><\/figure>\n\n\n\n<h2 class=\"wp-block-heading\"><\/h2>\n\n\n\n<p class=\"has-medium-font-size\">4. <strong>UDU (Lituanie-Bouryatie)<\/strong><\/p>\n\n\n\n<p class=\"has-medium-font-size\"><strong>UDU <\/strong>est l\u2019eau b\u00e9nite de notre terre, qui nous relie tous ensemble. Nos corps sont des vaisseaux d\u2019eau qui portent les codes g\u00e9n\u00e9tiques de nos anc\u00eatres. Les chansons folkloriques sont un moyen d\u2019aller plus loin en vous-m\u00eame, dans vos racines. Dans quelle langue chante ton \u00e2me?  Un groupe musical de deux peuples qui unit le patrimoine musical de la <strong>Bouriatie <\/strong>et de la <strong>Lituanie<\/strong>. Le chant de gorge est associ\u00e9 aux chants baltes des temps pa\u00efens, lorsque l\u2019homme et la nature ne faisaient qu\u2019un.<\/p>\n\n\n\n<figure class=\"wp-block-embed is-type-video is-provider-youtube wp-block-embed-youtube wp-embed-aspect-16-9 wp-has-aspect-ratio\"><div class=\"wp-block-embed__wrapper\">\n<div class=\"responsive-container\"><iframe title=\"UDU band (Buryatia\/Lithuania) Zulayashie - wedding song\" width=\"640\" height=\"360\" src=\"https:\/\/www.youtube.com\/embed\/dLKdnFIsv0A?feature=oembed\" frameborder=\"0\" allow=\"accelerometer; autoplay; clipboard-write; encrypted-media; gyroscope; picture-in-picture; web-share\" referrerpolicy=\"strict-origin-when-cross-origin\" allowfullscreen><\/iframe><\/div>\n<\/div><\/figure>\n\n\n\n<h2 class=\"wp-block-heading\"><\/h2>\n\n\n\n<p class=\"has-medium-font-size\">5. <strong>ANDA UNION (Mongolie Int\u00e9rieure)<\/strong><\/p>\n\n\n\n<p class=\"has-medium-font-size\">Leur musique provient de toutes les tribus nomades que Gengis Khan avait rassembl\u00e9. Ils sont tous issus des ethnies diff\u00e9rentes et ils apportent leurs influences dans leur musique.&nbsp;<\/p>\n\n\n\n<figure class=\"wp-block-embed is-type-video is-provider-youtube wp-block-embed-youtube wp-embed-aspect-16-9 wp-has-aspect-ratio\"><div class=\"wp-block-embed__wrapper\">\n<div class=\"responsive-container\"><iframe title=\"Jangar - Live at Globalquerque in Albuquerque\" width=\"640\" height=\"360\" src=\"https:\/\/www.youtube.com\/embed\/RiP3we6Ut78?feature=oembed\" frameborder=\"0\" allow=\"accelerometer; autoplay; clipboard-write; encrypted-media; gyroscope; picture-in-picture; web-share\" referrerpolicy=\"strict-origin-when-cross-origin\" allowfullscreen><\/iframe><\/div>\n<\/div><\/figure>\n\n\n\n<h2 class=\"wp-block-heading\"><\/h2>\n\n\n\n<p class=\"has-medium-font-size\">6. <strong>NAMGAR (Bouryatie)<\/strong><\/p>\n\n\n\n<p class=\"has-medium-font-size\">La chanteuse <strong>Namgar <\/strong>a une voix unique qui r\u00e9unit les techniques vocales traditionnelles et modernes. Les chansons de Namgar sont une histoire de la culture ancestrale musicale de la Sib\u00e9rie, ce sont les chansons qui c\u00e9l\u00e8brent le Ciel \u00c9ternel, les montagnes et la Grande steppe. L\u2019art de Namgar est une \u00e9l\u00e9gante synth\u00e8se des traditions musicales en world music.<\/p>\n\n\n\n<figure class=\"wp-block-embed is-type-video is-provider-youtube wp-block-embed-youtube wp-embed-aspect-16-9 wp-has-aspect-ratio\"><div class=\"wp-block-embed__wrapper\">\n<div class=\"responsive-container\"><iframe title=\"NAMGAR * &quot;\u0422unka&quot; Namgar &amp; national orchestra of Buryatia.\" width=\"640\" height=\"360\" src=\"https:\/\/www.youtube.com\/embed\/HM0eht7czQ0?feature=oembed\" frameborder=\"0\" allow=\"accelerometer; autoplay; clipboard-write; encrypted-media; gyroscope; picture-in-picture; web-share\" referrerpolicy=\"strict-origin-when-cross-origin\" allowfullscreen><\/iframe><\/div>\n<\/div><\/figure>\n\n\n\n<h2 class=\"wp-block-heading\"><\/h2>\n\n\n\n<p class=\"has-medium-font-size\">7. <strong>ALDASPAN (Kazakhstan)<\/strong><\/p>\n\n\n\n<p class=\"has-medium-font-size\"><strong>ALDASPAN <\/strong>est un groupe ethno-rock du <strong>Kazakhstan<\/strong>. C&#8217;est un projet unique, car ils jouent sur l&#8217;<strong>\u00e9lectro-dombra<\/strong>, un instrument unique et \u00e9tonnant, alliant l&#8217;audace de l&#8217;Occident et l&#8217;amour de la libert\u00e9 de l&#8217;Orient.<\/p>\n\n\n\n<figure class=\"wp-block-embed is-type-video is-provider-youtube wp-block-embed-youtube wp-embed-aspect-16-9 wp-has-aspect-ratio\"><div class=\"wp-block-embed__wrapper\">\n<div class=\"responsive-container\"><iframe title=\"Aldaspan Nala | Official video 2019\" width=\"640\" height=\"360\" src=\"https:\/\/www.youtube.com\/embed\/nkO6a-cQ4xA?feature=oembed\" frameborder=\"0\" allow=\"accelerometer; autoplay; clipboard-write; encrypted-media; gyroscope; picture-in-picture; web-share\" referrerpolicy=\"strict-origin-when-cross-origin\" allowfullscreen><\/iframe><\/div>\n<\/div><\/figure>\n\n\n\n<h2 class=\"wp-block-heading\"><\/h2>\n\n\n\n<p class=\"has-medium-font-size\">8. <strong>VASSVIK (Saami \/ Norv\u00e8ge)<\/strong><\/p>\n\n\n\n<p class=\"has-medium-font-size\">Avec une \u00e9nergie magique, le chanteur, musicien et compositeur nordique <strong>Torgeir Vassvik<\/strong> adopte une approche unique du <strong>Joik <\/strong>archa\u00efque et transe de son peuple, le Coastal Sami. L&#8217;artiste du paysage sonore bas\u00e9 \u00e0 Oslo est originaire de Gamvik, dans la pointe la plus septentrionale du continent europ\u00e9en. Sa voix, comme un miroir du paysage, est un bijou rare et brut aux facettes pleines de beaut\u00e9.&nbsp;<\/p>\n\n\n\n<figure class=\"wp-block-embed is-type-video is-provider-youtube wp-block-embed-youtube wp-embed-aspect-16-9 wp-has-aspect-ratio\"><div class=\"wp-block-embed__wrapper\">\n<div class=\"responsive-container\"><iframe title=\"VASSVIK at F\u00f8rde Festival up on the mountain &quot;The Wolf&quot; Photo: Pamela Hiley\" width=\"640\" height=\"360\" src=\"https:\/\/www.youtube.com\/embed\/KOGE_lm5VI4?feature=oembed\" frameborder=\"0\" allow=\"accelerometer; autoplay; clipboard-write; encrypted-media; gyroscope; picture-in-picture; web-share\" referrerpolicy=\"strict-origin-when-cross-origin\" allowfullscreen><\/iframe><\/div>\n<\/div><\/figure>\n\n\n\n<h2 class=\"wp-block-heading\"><\/h2>\n\n\n\n<p class=\"has-medium-font-size\">9. <strong>MESZECSINKA (Hongrie)<\/strong><\/p>\n\n\n\n<p class=\"has-medium-font-size\"><strong>MESZECSINKA <\/strong>ou <strong>la Petite Lune<\/strong> est un fruit d\u2019amour n\u00e9 sous la pleine lune, magique et fragile. Meszecsinka chante en 7 langues (hongrois, espagnol, russe, bulgare, finnois et arabe et leur propre langue), les membres du groupe sont originaires des 4 pays (Hongrie, Bulgarie, Croatie and Pologne) qui vous font voyager dans un pays des Merveilles o\u00f9 le folk bulgare et hongrois cohabitent ensemble avec le flamenco et le funky, oriental et exp\u00e9rimental. <strong>Meszecsinka <\/strong>est l\u2019un des 12 meilleurs groupes de musique du monde en Hongrie.<\/p>\n\n\n\n<figure class=\"wp-block-embed is-type-video is-provider-youtube wp-block-embed-youtube wp-embed-aspect-16-9 wp-has-aspect-ratio\"><div class=\"wp-block-embed__wrapper\">\n<div class=\"responsive-container\"><iframe title=\"Meszecsinka - Nem hagyom | I don&#039;t let it (official video)\" width=\"640\" height=\"360\" src=\"https:\/\/www.youtube.com\/embed\/iAgl5jFHPbs?feature=oembed\" frameborder=\"0\" allow=\"accelerometer; autoplay; clipboard-write; encrypted-media; gyroscope; picture-in-picture; web-share\" referrerpolicy=\"strict-origin-when-cross-origin\" allowfullscreen><\/iframe><\/div>\n<\/div><\/figure>\n\n\n\n<h2 class=\"wp-block-heading\"><\/h2>\n\n\n\n<p class=\"has-medium-font-size\">10. <strong>URYA (France-Mongolie)<\/strong><\/p>\n\n\n\n<p class=\"has-medium-font-size\"><strong>uRYa <\/strong>est un passeur d\u2019\u00e9motions. Sa musique, venue des hauts plateaux de <strong>Mongolie<\/strong>, nous transporte comme un vol magique au c\u0153ur des steppes, aupr\u00e8s des peuples nomades. Voix de gorge et violon cheval, tambour chamanique et guimbarde se confondent pour nous faire entendre le chant de la rivi\u00e8re, le galop de chevaux et le p\u00e9piement des oiseaux. Ces paysages sonores nous racontent les grands espaces, le feu, le froid, les hommes, les \u00e2mes et les chamanes.&nbsp;<\/p>\n\n\n\n<figure class=\"wp-block-embed is-type-video is-provider-youtube wp-block-embed-youtube wp-embed-aspect-16-9 wp-has-aspect-ratio\"><div class=\"wp-block-embed__wrapper\">\n<div class=\"responsive-container\"><iframe title=\"uRYa - Mini saikhan naizuud [Official Music Video]\" width=\"640\" height=\"360\" src=\"https:\/\/www.youtube.com\/embed\/ES9f3hzjQOA?feature=oembed\" frameborder=\"0\" allow=\"accelerometer; autoplay; clipboard-write; encrypted-media; gyroscope; picture-in-picture; web-share\" referrerpolicy=\"strict-origin-when-cross-origin\" allowfullscreen><\/iframe><\/div>\n<\/div><\/figure>\n\n\n\n<h2 class=\"wp-block-heading\"><\/h2>\n\n\n\n<h2 class=\"has-medium-font-size wp-block-heading\">11. <strong>CHRGILCHIN  (Touva) <\/strong><\/h2>\n\n\n\n<p class=\"has-medium-font-size\">Le mot \u00ab <strong>chirgilchin <\/strong>\u00bb peut \u00eatre traduit en fran\u00e7ais par \u00ab <strong>miracle <\/strong>\u00bb, car il faut bien avouer que les musiques joyeuses et dansantes de cet ensemble tiennent du merveilleux et du magique tant les couleurs sonores qu\u2019elles d\u00e9ploient sont inou\u00efes ! La tradition vocale des <strong>Touvas <\/strong>est unique au monde : elle cultive le chant diphonique, c\u2019est-\u00e0-dire la possibilit\u00e9 de faire entendre un deuxi\u00e8me son, plus aigu, en plus du son habituel \u00e9mis dans le grave par les cordes vocales.<\/p>\n\n\n\n<figure class=\"wp-block-embed is-type-video is-provider-youtube wp-block-embed-youtube wp-embed-aspect-4-3 wp-has-aspect-ratio\"><div class=\"wp-block-embed__wrapper\">\n<div class=\"responsive-container\"><iframe title=\"\u0417\u0430\u0432\u043e\u0440\u0430\u0436\u0438\u0432\u0430\u044e\u0449\u0435! - \u0433\u0440. \u0427\u0438\u0440\u0433\u0438\u043b\u0447\u0438\u043d (The tuvan national orchestra)\" width=\"640\" height=\"480\" src=\"https:\/\/www.youtube.com\/embed\/20k_-f_3KCo?feature=oembed\" frameborder=\"0\" allow=\"accelerometer; autoplay; clipboard-write; encrypted-media; gyroscope; picture-in-picture; web-share\" referrerpolicy=\"strict-origin-when-cross-origin\" allowfullscreen><\/iframe><\/div>\n<\/div><\/figure>\n\n\n\n<h2 class=\"wp-block-heading\"><\/h2>\n\n\n\n<hr class=\"wp-block-separator\"\/>\n\n\n\n<hr class=\"wp-block-separator has-text-color has-background has-luminous-vivid-amber-background-color has-luminous-vivid-amber-color is-style-wide\"\/>\n\n\n\n<p class=\"has-text-align-center has-medium-font-size\"><strong><a href=\"http:\/\/altan-art.com\" target=\"_blank\" rel=\"noreferrer noopener\">Altan-Art<\/a><\/strong><br>289 avenue Mar\u00e9chal FOCH<br>84100 ORANGE<br>TEL. : +33 660 297 573<\/p>\n\n\n\n<p class=\"has-text-align-center has-medium-font-size\"><a href=\"https:\/\/www.youtube.com\/channel\/UCCHNVqxhjNkmL8WkeN5bnyQ?view_as=subscriber\" target=\"_blank\" rel=\"noreferrer noopener\">YouTube  <\/a>&#8211;  <a href=\"https:\/\/www.facebook.com\/AltanArtProd\/\" target=\"_blank\" rel=\"noreferrer noopener\">Facebook  <\/a>&#8211; <a href=\"https:\/\/www.instagram.com\/tatianaltanart\/\" target=\"_blank\" rel=\"noreferrer noopener\">Instagram<\/a><\/p>\n\n\n\n<h2 class=\"wp-block-heading\"><\/h2>\n\n\n\n<h2 class=\"has-text-align-center has-luminous-vivid-amber-color has-text-color wp-block-heading\"><strong>&#8212;o&#8212;<\/strong><\/h2>\n\n\n\n<h2 class=\"wp-block-heading\"><\/h2>\n","protected":false},"excerpt":{"rendered":"<p>&#8220;Mon \u00e2me bouriate&#8221;. &#8220;Je suis Tatiana LAMBOLEZ, directrice de l&#8217;agence Altan-Art, j&#8217;essaye de promouvoir l&#8217;unique culture des peuples d&#8217;Eurasie. M\u00eame si je suis install\u00e9e en France depuis plus de 20 ans maintenant, et je la consid\u00e8re comme ma deuxi\u00e8me patrie, mon \u00e2me<\/p>\n<p class=\"link-more\"><a class=\"myButt \" href=\"https:\/\/collectifmdm-idf.org\/annuaire5\/playlist-du-collectif-mdm-idf-n3-decembre-2020-mon-ame-bouriate-par-tatiana-lambollez-de-altan-art\/\">EN SAVOIR +<\/a><\/p>\n","protected":false},"author":1,"featured_media":1371,"comment_status":"open","ping_status":"open","sticky":false,"template":"","format":"standard","meta":{"_rtcl_gb_attr":"","footnotes":""},"categories":[13,33],"tags":[],"class_list":["post-1328","post","type-post","status-publish","format-standard","has-post-thumbnail","hentry","category-audiovisuel","category-playlists"],"_links":{"self":[{"href":"https:\/\/collectifmdm-idf.org\/annuaire5\/wp-json\/wp\/v2\/posts\/1328","targetHints":{"allow":["GET"]}}],"collection":[{"href":"https:\/\/collectifmdm-idf.org\/annuaire5\/wp-json\/wp\/v2\/posts"}],"about":[{"href":"https:\/\/collectifmdm-idf.org\/annuaire5\/wp-json\/wp\/v2\/types\/post"}],"author":[{"embeddable":true,"href":"https:\/\/collectifmdm-idf.org\/annuaire5\/wp-json\/wp\/v2\/users\/1"}],"replies":[{"embeddable":true,"href":"https:\/\/collectifmdm-idf.org\/annuaire5\/wp-json\/wp\/v2\/comments?post=1328"}],"version-history":[{"count":0,"href":"https:\/\/collectifmdm-idf.org\/annuaire5\/wp-json\/wp\/v2\/posts\/1328\/revisions"}],"wp:featuredmedia":[{"embeddable":true,"href":"https:\/\/collectifmdm-idf.org\/annuaire5\/wp-json\/wp\/v2\/media\/1371"}],"wp:attachment":[{"href":"https:\/\/collectifmdm-idf.org\/annuaire5\/wp-json\/wp\/v2\/media?parent=1328"}],"wp:term":[{"taxonomy":"category","embeddable":true,"href":"https:\/\/collectifmdm-idf.org\/annuaire5\/wp-json\/wp\/v2\/categories?post=1328"},{"taxonomy":"post_tag","embeddable":true,"href":"https:\/\/collectifmdm-idf.org\/annuaire5\/wp-json\/wp\/v2\/tags?post=1328"}],"curies":[{"name":"wp","href":"https:\/\/api.w.org\/{rel}","templated":true}]}}