{"id":1295,"date":"2020-11-22T19:17:16","date_gmt":"2020-11-22T18:17:16","guid":{"rendered":"http:\/\/collectifmdm-idf.org\/?p=1295"},"modified":"2021-02-25T17:37:23","modified_gmt":"2021-02-25T16:37:23","slug":"concert-des-finalistes-du-prix-des-musiques-dici-2020-dans-ocora-musiques-du-monde-sur-france-musique","status":"publish","type":"post","link":"https:\/\/collectifmdm-idf.org\/annuaire5\/concert-des-finalistes-du-prix-des-musiques-dici-2020-dans-ocora-musiques-du-monde-sur-france-musique\/","title":{"rendered":"A \u00e9couter : Concert des finalistes du Prix des Musiques d&#8217;ICI 2020 dans OCORA Musiques du monde sur France Musique"},"content":{"rendered":"\n<p class=\"has-medium-font-size\">Concert enregistr\u00e9 le <strong>lundi 9 novembre 2020<\/strong> au Carreau du Temple \u00e0 Paris, avec les finalistes du <strong>Prix des Musiques d&#8217;ICI 2020<\/strong> initi\u00e9 par le Festival Villes des Musiques du Monde. <\/p>\n\n\n\n<p class=\"has-medium-font-size\">Le concert a \u00e9t\u00e9 diffus\u00e9 en 2 parties les samedi 14 et  21 novembre 2021, dans le cadre de l&#8217;\u00e9mission <strong><a href=\"https:\/\/www.francemusique.fr\/emissions\/ocora-couleurs-du-monde\" target=\"_blank\" rel=\"noreferrer noopener\">OCORA Musiques du monde <\/a><\/strong>de <strong>Fran\u00e7oise Degeorges <\/strong>sur <strong>France Musique<\/strong><\/p>\n\n\n\n<p class=\"has-medium-font-size\">Au programme  de la premi\u00e8re partie : <strong>Kandy GUIRA<\/strong>, <strong>Sissy ZHOU<\/strong> et<strong> Al Akhareen<\/strong> <\/p>\n\n\n\n<h2 class=\"wp-block-heading\"><\/h2>\n\n\n\n<p class=\"has-medium-font-size\"><a href=\"https:\/\/www.francemusique.fr\/emissions\/ocora-couleurs-du-monde\/concert-des-finalistes-du-prix-des-musiques-d-ici-2020-1-2-88767\" target=\"_blank\" rel=\"noreferrer noopener\">https:\/\/www.francemusique.fr\/emissions\/ocora-couleurs-du-monde\/concert-des-finalistes-du-prix-des-musiques-d-ici-2020-1-2-88767<\/a><\/p>\n\n\n\n<h2 class=\"wp-block-heading\"><\/h2>\n\n\n\n<p class=\"has-medium-font-size\">Au programme de la deuxi\u00e8me partie : <strong>Chekidjy<\/strong>, <strong>Parranda La Cruz<\/strong> et <strong>Dafne Kritharas<\/strong>.<\/p>\n\n\n\n<p class=\"has-medium-font-size\"><a href=\"https:\/\/www.francemusique.fr\/emissions\/ocora-couleurs-du-monde\/concert-des-finalistes-du-prix-des-musiques-d-ici-2020-2-2-88989\" target=\"_blank\" rel=\"noreferrer noopener\">https:\/\/www.francemusique.fr\/emissions\/ocora-couleurs-du-monde\/concert-des-finalistes-du-prix-des-musiques-d-ici-2020-2-2-88989<\/a><\/p>\n\n\n\n<h2 class=\"wp-block-heading\"><\/h2>\n\n\n\n<p class=\"has-medium-font-size\">Bonne \u00e9coute.<\/p>\n\n\n\n<h2 class=\"wp-block-heading\"><\/h2>\n\n\n\n<h2 class=\"has-text-align-center has-luminous-vivid-amber-color has-text-color has-medium-font-size wp-block-heading\"><strong>&#8212;o&#8212;<\/strong><\/h2>\n\n\n\n<h2 class=\"wp-block-heading\"><\/h2>\n","protected":false},"excerpt":{"rendered":"<p>Concert enregistr\u00e9 le lundi 9 novembre 2020 au Carreau du Temple \u00e0 Paris, avec les finalistes du Prix des Musiques d&#8217;ICI 2020 initi\u00e9 par le Festival Villes des Musiques du Monde. Le concert a \u00e9t\u00e9 diffus\u00e9 en 2 parties les samedi 14<\/p>\n<p class=\"link-more\"><a class=\"myButt \" href=\"https:\/\/collectifmdm-idf.org\/annuaire5\/concert-des-finalistes-du-prix-des-musiques-dici-2020-dans-ocora-musiques-du-monde-sur-france-musique\/\">EN SAVOIR +<\/a><\/p>\n","protected":false},"author":1,"featured_media":1596,"comment_status":"open","ping_status":"open","sticky":false,"template":"","format":"standard","meta":{"_rtcl_gb_attr":"","footnotes":""},"categories":[7,12],"tags":[],"class_list":["post-1295","post","type-post","status-publish","format-standard","has-post-thumbnail","hentry","category-concert","category-concours"],"_links":{"self":[{"href":"https:\/\/collectifmdm-idf.org\/annuaire5\/wp-json\/wp\/v2\/posts\/1295","targetHints":{"allow":["GET"]}}],"collection":[{"href":"https:\/\/collectifmdm-idf.org\/annuaire5\/wp-json\/wp\/v2\/posts"}],"about":[{"href":"https:\/\/collectifmdm-idf.org\/annuaire5\/wp-json\/wp\/v2\/types\/post"}],"author":[{"embeddable":true,"href":"https:\/\/collectifmdm-idf.org\/annuaire5\/wp-json\/wp\/v2\/users\/1"}],"replies":[{"embeddable":true,"href":"https:\/\/collectifmdm-idf.org\/annuaire5\/wp-json\/wp\/v2\/comments?post=1295"}],"version-history":[{"count":0,"href":"https:\/\/collectifmdm-idf.org\/annuaire5\/wp-json\/wp\/v2\/posts\/1295\/revisions"}],"wp:featuredmedia":[{"embeddable":true,"href":"https:\/\/collectifmdm-idf.org\/annuaire5\/wp-json\/wp\/v2\/media\/1596"}],"wp:attachment":[{"href":"https:\/\/collectifmdm-idf.org\/annuaire5\/wp-json\/wp\/v2\/media?parent=1295"}],"wp:term":[{"taxonomy":"category","embeddable":true,"href":"https:\/\/collectifmdm-idf.org\/annuaire5\/wp-json\/wp\/v2\/categories?post=1295"},{"taxonomy":"post_tag","embeddable":true,"href":"https:\/\/collectifmdm-idf.org\/annuaire5\/wp-json\/wp\/v2\/tags?post=1295"}],"curies":[{"name":"wp","href":"https:\/\/api.w.org\/{rel}","templated":true}]}}