{"id":12845,"date":"2024-01-15T18:47:31","date_gmt":"2024-01-15T17:47:31","guid":{"rendered":"https:\/\/collectifmdm-idf.org\/?p=12845"},"modified":"2024-07-31T13:55:33","modified_gmt":"2024-07-31T11:55:33","slug":"annuaire-collectif-disponible","status":"publish","type":"post","link":"https:\/\/collectifmdm-idf.org\/annuaire5\/annuaire-collectif-disponible\/","title":{"rendered":"L&#8217;Annuaire du Collectif #5 est disponible !"},"content":{"rendered":"\t\t<div data-elementor-type=\"wp-post\" data-elementor-id=\"12845\" class=\"elementor elementor-12845\">\n\t\t\t\t\t\t<section class=\"elementor-section elementor-top-section elementor-element elementor-element-af875d7 elementor-section-stretched elementor-section-boxed elementor-section-height-default elementor-section-height-default\" data-id=\"af875d7\" data-element_type=\"section\" data-settings=\"{&quot;stretch_section&quot;:&quot;section-stretched&quot;,&quot;background_background&quot;:&quot;classic&quot;}\">\n\t\t\t\t\t\t<div class=\"elementor-container elementor-column-gap-default\">\n\t\t\t\t\t<div class=\"elementor-column elementor-col-100 elementor-top-column elementor-element elementor-element-9bbbbeb\" data-id=\"9bbbbeb\" data-element_type=\"column\">\n\t\t\t<div class=\"elementor-widget-wrap elementor-element-populated\">\n\t\t\t\t\t\t<div class=\"elementor-element elementor-element-5d2a7ed elementor-widget__width-initial elementor-widget elementor-widget-text-editor\" data-id=\"5d2a7ed\" data-element_type=\"widget\" data-widget_type=\"text-editor.default\">\n\t\t\t\t<div class=\"elementor-widget-container\">\n\t\t\t\t\t\t\t<h1 class=\"elementor-heading-title elementor-size-default elementor-inline-editing pen\" style=\"color: #000000;\" data-elementor-setting-key=\"title\" data-pen-placeholder=\"\u00c9crivez ici...\"><span style=\"color: #ffffff;\">L&#8217;Annuaire du Collectif<\/span><br \/><span style=\"color: #000000;\">Musiques, danses et contes du monde en \u00cele-de-France\u200b<\/span><\/h1>\t\t\t\t\t\t<\/div>\n\t\t\t\t<\/div>\n\t\t\t\t\t<\/div>\n\t\t<\/div>\n\t\t\t\t\t<\/div>\n\t\t<\/section>\n\t\t\t\t<section class=\"elementor-section elementor-top-section elementor-element elementor-element-0b49458 elementor-section-boxed elementor-section-height-default elementor-section-height-default\" data-id=\"0b49458\" data-element_type=\"section\">\n\t\t\t\t\t\t<div class=\"elementor-container elementor-column-gap-default\">\n\t\t\t\t\t<div class=\"elementor-column elementor-col-100 elementor-top-column elementor-element elementor-element-e5c5c89\" data-id=\"e5c5c89\" data-element_type=\"column\">\n\t\t\t<div class=\"elementor-widget-wrap elementor-element-populated\">\n\t\t\t\t\t\t<div class=\"elementor-element elementor-element-a8f9188 elementor-widget elementor-widget-heading\" data-id=\"a8f9188\" data-element_type=\"widget\" data-widget_type=\"heading.default\">\n\t\t\t\t<div class=\"elementor-widget-container\">\n\t\t\t<h2 class=\"elementor-heading-title elementor-size-default\">Artistes, r\u00e9f\u00e9rencez votre projet !<\/h2>\t\t<\/div>\n\t\t\t\t<\/div>\n\t\t\t\t\t<\/div>\n\t\t<\/div>\n\t\t\t\t\t<\/div>\n\t\t<\/section>\n\t\t\t\t<section class=\"elementor-section elementor-top-section elementor-element elementor-element-344702c elementor-section-boxed elementor-section-height-default elementor-section-height-default\" data-id=\"344702c\" data-element_type=\"section\">\n\t\t\t\t\t\t<div class=\"elementor-container elementor-column-gap-default\">\n\t\t\t\t\t<div class=\"elementor-column elementor-col-100 elementor-top-column elementor-element elementor-element-a6eb1ea\" data-id=\"a6eb1ea\" data-element_type=\"column\">\n\t\t\t<div class=\"elementor-widget-wrap elementor-element-populated\">\n\t\t\t\t\t\t<div class=\"elementor-element elementor-element-068455b elementor-widget elementor-widget-image\" data-id=\"068455b\" data-element_type=\"widget\" data-widget_type=\"image.default\">\n\t\t\t\t<div class=\"elementor-widget-container\">\n\t\t\t\t\t\t\t\t\t\t\t\t\t<img fetchpriority=\"high\" decoding=\"async\" width=\"640\" height=\"259\" src=\"https:\/\/collectifmdm-idf.org\/annuaire5\/wp-content\/uploads\/2024\/01\/ANNUAIRE-DU-COLLECTIF_V2-1024x414.jpg\" class=\"attachment-large size-large wp-image-13079\" alt=\"\" srcset=\"https:\/\/collectifmdm-idf.org\/annuaire5\/wp-content\/uploads\/2024\/01\/ANNUAIRE-DU-COLLECTIF_V2-1024x414.jpg 1024w, https:\/\/collectifmdm-idf.org\/annuaire5\/wp-content\/uploads\/2024\/01\/ANNUAIRE-DU-COLLECTIF_V2-300x121.jpg 300w, https:\/\/collectifmdm-idf.org\/annuaire5\/wp-content\/uploads\/2024\/01\/ANNUAIRE-DU-COLLECTIF_V2-768x310.jpg 768w, https:\/\/collectifmdm-idf.org\/annuaire5\/wp-content\/uploads\/2024\/01\/ANNUAIRE-DU-COLLECTIF_V2-1536x621.jpg 1536w, https:\/\/collectifmdm-idf.org\/annuaire5\/wp-content\/uploads\/2024\/01\/ANNUAIRE-DU-COLLECTIF_V2-2048x828.jpg 2048w\" sizes=\"(max-width: 640px) 100vw, 640px\" title=\"\" \/>\t\t\t\t\t\t\t\t\t\t\t\t\t<\/div>\n\t\t\t\t<\/div>\n\t\t\t\t\t<\/div>\n\t\t<\/div>\n\t\t\t\t\t<\/div>\n\t\t<\/section>\n\t\t\t\t<section class=\"elementor-section elementor-top-section elementor-element elementor-element-2beb79b elementor-section-boxed elementor-section-height-default elementor-section-height-default\" data-id=\"2beb79b\" data-element_type=\"section\">\n\t\t\t\t\t\t<div class=\"elementor-container elementor-column-gap-default\">\n\t\t\t\t\t<div class=\"elementor-column elementor-col-100 elementor-top-column elementor-element elementor-element-31b4739\" data-id=\"31b4739\" data-element_type=\"column\">\n\t\t\t<div class=\"elementor-widget-wrap elementor-element-populated\">\n\t\t\t\t\t\t<div class=\"elementor-element elementor-element-43c7897 elementor-widget__width-initial elementor-widget elementor-widget-text-editor\" data-id=\"43c7897\" data-element_type=\"widget\" data-widget_type=\"text-editor.default\">\n\t\t\t\t<div class=\"elementor-widget-container\">\n\t\t\t\t\t\t\t<p class=\"elementor-heading-title elementor-size-default elementor-inline-editing pen\" style=\"color: #000000;\" data-elementor-setting-key=\"title\" data-pen-placeholder=\"\u00c9crivez ici...\"><b>POUR INSCRIRE VOTRE PROJET : SUIVEZ LE PAS \u00c0 PAS &#8220;COMMENT PARTICIPER&#8221;<\/b><\/p>\t\t\t\t\t\t<\/div>\n\t\t\t\t<\/div>\n\t\t\t\t\t<\/div>\n\t\t<\/div>\n\t\t\t\t\t<\/div>\n\t\t<\/section>\n\t\t\t\t<section class=\"elementor-section elementor-top-section elementor-element elementor-element-2133126 elementor-section-boxed elementor-section-height-default elementor-section-height-default\" data-id=\"2133126\" data-element_type=\"section\">\n\t\t\t\t\t\t<div class=\"elementor-container elementor-column-gap-default\">\n\t\t\t\t\t<div class=\"elementor-column elementor-col-100 elementor-top-column elementor-element elementor-element-49e4861\" data-id=\"49e4861\" data-element_type=\"column\">\n\t\t\t<div class=\"elementor-widget-wrap elementor-element-populated\">\n\t\t\t\t\t\t<div class=\"elementor-element elementor-element-116a9a5 elementor-widget__width-initial elementor-widget elementor-widget-toggle\" data-id=\"116a9a5\" data-element_type=\"widget\" data-widget_type=\"toggle.default\">\n\t\t\t\t<div class=\"elementor-widget-container\">\n\t\t\t\t\t<div class=\"elementor-toggle\">\n\t\t\t\t\t\t\t<div class=\"elementor-toggle-item\">\n\t\t\t\t\t<div id=\"elementor-tab-title-1821\" class=\"elementor-tab-title\" data-tab=\"1\" role=\"button\" aria-controls=\"elementor-tab-content-1821\" aria-expanded=\"false\">\n\t\t\t\t\t\t\t\t\t\t\t\t<span class=\"elementor-toggle-icon elementor-toggle-icon-left\" aria-hidden=\"true\">\n\t\t\t\t\t\t\t\t\t\t\t\t\t\t\t<span class=\"elementor-toggle-icon-closed\"><i class=\"fas fa-caret-right\"><\/i><\/span>\n\t\t\t\t\t\t\t\t<span class=\"elementor-toggle-icon-opened\"><i class=\"elementor-toggle-icon-opened fas fa-caret-up\"><\/i><\/span>\n\t\t\t\t\t\t\t\t\t\t\t\t\t<\/span>\n\t\t\t\t\t\t\t\t\t\t\t\t<a class=\"elementor-toggle-title\" tabindex=\"0\">OBJECTIFS ET PROCESSUS DE L'ANNUAIRE<\/a>\n\t\t\t\t\t<\/div>\n\n\t\t\t\t\t<div id=\"elementor-tab-content-1821\" class=\"elementor-tab-content elementor-clearfix\" data-tab=\"1\" role=\"region\" aria-labelledby=\"elementor-tab-title-1821\"><p><b>L&#8217;Annuaire du Collectif<\/b> est <b>un outil en ligne de r\u00e9f\u00e9rencement d&#8217;artistes francilien\u00b7ne\u00b7s musiques, danses et contes du monde au service des programmateur\u00b7trices de la r\u00e9gion<\/b>, notamment celles et ceux qui sont <b>hors des lieux classiques de spectacles<\/b>. L&#8217;Annuaire r\u00e9pond \u00e0 <b>un besoin r\u00e9el et contribue \u00e0<\/b> :<\/p><p><b>-&gt; <\/b><span style=\"color: #e95a22;\"><b>REP\u00c9RER\u00a0 <\/b><\/span><b>-&gt; <\/b><span style=\"color: #e95a22;\"><b><span style=\"font-size: 1.125rem;\">RECENSER\u00a0 <\/span><\/b><\/span><b><span style=\"font-size: 1.125rem;\">-&gt; <\/span><\/b><span style=\"color: #e95a22;\"><b><span style=\"font-size: 1.125rem;\">ACCOMPAGNER<\/span><\/b><\/span><\/p><p><b>Avant la mise en ligne<\/b> de votre fiche artistique, <b>trois \u00e9tapes<\/b> sont d\u00e9finies pour que l&#8217;Annuaire soit aussi <b>clair<\/b> qu&#8217;<b>intuitif<\/b> pour les utilisateurs\u00b7trices :<\/p><p>1. <b>collecte<\/b> des informations artistiques ;<br \/>2. <b>traitement<\/b> des donn\u00e9es ;<br \/>3. <b>r\u00e9alisation<\/b> et <b>classification<\/b>.<\/p><p>Il est donc <b>important<\/b> pour les participant\u00b7e\u00b7s de <b>respecter chaque \u00e9tape<\/b>, de bien <b>compl\u00e9ter les renseignements <\/b>\u00e0 transmettre et d&#8217;<b>envoyer les contenus<\/b> demand\u00e9s.<\/p><p>Le Collectif contribue \u00e0 <b>faire conna\u00eetre la vitalit\u00e9 des projets<\/b> en musiques et danses du monde <b>sur le territoire aupr\u00e8s des institutions<\/b>. <b>Recenser votre projet<\/b> dans l&#8217;Annuaire est un <b>acte de soutien \u00e0 la fili\u00e8re<\/b>. Le Collectif \u0153uvre dans <b>un but d&#8217;int\u00e9r\u00eat g\u00e9n\u00e9ral, de d\u00e9fense des droits culturels et de d\u00e9veloppement des projets<\/b>. Mieux <b>vous conna\u00eetre<\/b> nous permet de mieux <b>parler de vous<\/b> et de mieux <b>vous accompagner<\/b>.<\/p><p>Le Collectif diffuse l&#8217;Annuaire \u00e0 un <b>r\u00e9seau de non lieux de spectacles<\/b> qui sont en <b>demande d&#8217;artistes locaux<\/b> et qui cherchent \u00e0 mettre en place de fa\u00e7on <b>simple<\/b> et <b>rapide<\/b> des <b>concerts ou spectacles de qualit\u00e9<\/b> (r\u00e9seau de m\u00e9diath\u00e8ques, si\u00e8ges des institutions comme la R\u00e9gion I.D.F, la Mairie de Paris, les centres sociaux, les offices de tourisme, les mus\u00e9es, etc). Des lieux de spectacles rep\u00e8rent aussi parfois des projets dans l&#8217;Annuaire, comme la <b>Sc\u00e8ne du Canal<\/b> au Quai de Jemmapes, <b>Villes des Musiques du Monde<\/b> &#8230; Enfin de grands \u00e9v\u00e9nements comme <b>Jardins Ouverts en<\/b> <b>\u00cele-de-France<\/b>. sollicite chaque ann\u00e9e le Collectif pour <b>identifier quelques propositions<\/b> pour l&#8217;\u00e9t\u00e9.<\/p><\/div>\n\t\t\t\t<\/div>\n\t\t\t\t\t\t\t<div class=\"elementor-toggle-item\">\n\t\t\t\t\t<div id=\"elementor-tab-title-1822\" class=\"elementor-tab-title\" data-tab=\"2\" role=\"button\" aria-controls=\"elementor-tab-content-1822\" aria-expanded=\"false\">\n\t\t\t\t\t\t\t\t\t\t\t\t<span class=\"elementor-toggle-icon elementor-toggle-icon-left\" aria-hidden=\"true\">\n\t\t\t\t\t\t\t\t\t\t\t\t\t\t\t<span class=\"elementor-toggle-icon-closed\"><i class=\"fas fa-caret-right\"><\/i><\/span>\n\t\t\t\t\t\t\t\t<span class=\"elementor-toggle-icon-opened\"><i class=\"elementor-toggle-icon-opened fas fa-caret-up\"><\/i><\/span>\n\t\t\t\t\t\t\t\t\t\t\t\t\t<\/span>\n\t\t\t\t\t\t\t\t\t\t\t\t<a class=\"elementor-toggle-title\" tabindex=\"0\">COMMENT PARTICIPER ?<\/a>\n\t\t\t\t\t<\/div>\n\n\t\t\t\t\t<div id=\"elementor-tab-content-1822\" class=\"elementor-tab-content elementor-clearfix\" data-tab=\"2\" role=\"region\" aria-labelledby=\"elementor-tab-title-1822\"><p>L&#8217;Annuaire du Collectif est <b><a href=\"https:\/\/www.helloasso.com\/associations\/collectif-musiques-et-danses-du-monde-en-ile-de-france\/adhesions\/adhesion-2024-au-collectif-mdm-idf\">r\u00e9serv\u00e9 aux adh\u00e9rent\u00b7e\u00b7s<\/a><\/b>.<\/p><p>Suivez le <b>pas \u00e0 pas ci-dessous<\/b> :<\/p><p><a href=\"https:\/\/www.helloasso.com\/associations\/collectif-musiques-et-danses-du-monde-en-ile-de-france\/adhesions\/adhesion-2024-au-collectif-mdm-idf\"><strong>(RE)DEVENIR ADH\u00c9RENT\u00b7E<\/strong><\/a> (adh\u00e9sion 2024)<br \/><a style=\"font-weight: bold;\" href=\"https:\/\/forms.gle\/AksPR6VEE5oZGDecA\" target=\"_blank\" rel=\"noopener\">COMPL\u00c9TER LE FORMULAIRE<\/a><br \/><a href=\"mailto:jeanbaptiste@collectifmdm-idf.fr\" target=\"_blank\" rel=\"noopener\"><strong>TRANSMETTRE LES PI\u00c8CES JOINTES<\/strong><\/a> (cf formulaire)<\/p><\/div>\n\t\t\t\t<\/div>\n\t\t\t\t\t\t\t<div class=\"elementor-toggle-item\">\n\t\t\t\t\t<div id=\"elementor-tab-title-1823\" class=\"elementor-tab-title\" data-tab=\"3\" role=\"button\" aria-controls=\"elementor-tab-content-1823\" aria-expanded=\"false\">\n\t\t\t\t\t\t\t\t\t\t\t\t<span class=\"elementor-toggle-icon elementor-toggle-icon-left\" aria-hidden=\"true\">\n\t\t\t\t\t\t\t\t\t\t\t\t\t\t\t<span class=\"elementor-toggle-icon-closed\"><i class=\"fas fa-caret-right\"><\/i><\/span>\n\t\t\t\t\t\t\t\t<span class=\"elementor-toggle-icon-opened\"><i class=\"elementor-toggle-icon-opened fas fa-caret-up\"><\/i><\/span>\n\t\t\t\t\t\t\t\t\t\t\t\t\t<\/span>\n\t\t\t\t\t\t\t\t\t\t\t\t<a class=\"elementor-toggle-title\" tabindex=\"0\">CONTACT<\/a>\n\t\t\t\t\t<\/div>\n\n\t\t\t\t\t<div id=\"elementor-tab-content-1823\" class=\"elementor-tab-content elementor-clearfix\" data-tab=\"3\" role=\"region\" aria-labelledby=\"elementor-tab-title-1823\"><p>Vous avez <b>des questions <\/b>concernant <b>le Collectif MDM IdF<\/b>, notre <b>Annuaire d&#8217;artistes francilien\u00b7ne\u00b7s<\/b> ou encore l&#8217;<b>adh\u00e9sion<\/b> ? Vous pouvez <b>nous contacter<\/b> :<br \/>\u00b7 <b>par mail <\/b>\u00e0 l&#8217;adresse <span style=\"color: #e95a22;\"><a style=\"color: #e95a22;\" href=\"mailto:jeanbaptiste@collectifmdm-idf.fr\"><b>jeanbaptiste@collectifmdm-idf.fr <\/b><\/a><\/span>;<br \/>\u00b7 <b>par t\u00e9l\u00e9phone<\/b> au 01.48.36.34.02 ;<br \/>\u00b7 <b>sur nos r\u00e9seaux sociaux<\/b> <span style=\"color: #e95a22;\"><a style=\"color: #e95a22;\" href=\"https:\/\/www.facebook.com\/MDMIdF\/\"><b>Facebook<\/b><\/a><\/span> et <span style=\"color: #e95a22;\"><a style=\"color: #e95a22;\" href=\"https:\/\/www.instagram.com\/collectif_mdm_idf\/\"><b>Instagram<\/b><\/a><\/span><\/p><\/div>\n\t\t\t\t<\/div>\n\t\t\t\t\t\t\t<div class=\"elementor-toggle-item\">\n\t\t\t\t\t<div id=\"elementor-tab-title-1824\" class=\"elementor-tab-title\" data-tab=\"4\" role=\"button\" aria-controls=\"elementor-tab-content-1824\" aria-expanded=\"false\">\n\t\t\t\t\t\t\t\t\t\t\t\t<span class=\"elementor-toggle-icon elementor-toggle-icon-left\" aria-hidden=\"true\">\n\t\t\t\t\t\t\t\t\t\t\t\t\t\t\t<span class=\"elementor-toggle-icon-closed\"><i class=\"fas fa-caret-right\"><\/i><\/span>\n\t\t\t\t\t\t\t\t<span class=\"elementor-toggle-icon-opened\"><i class=\"elementor-toggle-icon-opened fas fa-caret-up\"><\/i><\/span>\n\t\t\t\t\t\t\t\t\t\t\t\t\t<\/span>\n\t\t\t\t\t\t\t\t\t\t\t\t<a class=\"elementor-toggle-title\" tabindex=\"0\">LES TARIFS 2024<\/a>\n\t\t\t\t\t<\/div>\n\n\t\t\t\t\t<div id=\"elementor-tab-content-1824\" class=\"elementor-tab-content elementor-clearfix\" data-tab=\"4\" role=\"region\" aria-labelledby=\"elementor-tab-title-1824\"><p>Dans un souci d\u2019<b>\u00e9quit\u00e9<\/b> et de <b>fluidit\u00e9<\/b>, <b>toutes les propositions qui figurent dans l&#8217;Annuaire du Collectif #5<\/b>, et dans <b>le cadre exclusif de cet \u00e9v\u00e9nement<\/b>, seront factur\u00e9es <b>selon la grille tarifaire suivante<\/b> :<br><b>\u00b7<\/b> <b>co\u00fbt artistique : <\/b>385\u20ac TCC par artiste<br><b>\u00b7 frais de production :<\/b><br>&#8211; 20 % de frais de production seront ajout\u00e9s au co\u00fbt artistique TCC.<br>Le total sera factur\u00e9 par la structure qui engagera les artistes aux tarifs mentionn\u00e9s ci-dessus.<br>&#8211; Les frais de d\u00e9placement ne sont pas compris dans le cachet. La prise en charge \u00e9ventuelle d\u00e9pend de chaque organisateur\u00b7trice.<br><b>\u00b7 engagement des artistes :<\/b> les artistes seront engag\u00e9\u00b7e\u00b7s par leur propre structure. En cas de besoin, le Collectif MDM IdF peut assurer leur engagement.<\/p><\/div>\n\t\t\t\t<\/div>\n\t\t\t\t\t\t\t\t<\/div>\n\t\t\t\t<\/div>\n\t\t\t\t<\/div>\n\t\t\t\t\t<\/div>\n\t\t<\/div>\n\t\t\t\t\t<\/div>\n\t\t<\/section>\n\t\t\t\t<section class=\"elementor-section elementor-top-section elementor-element elementor-element-33ca998 elementor-section-boxed elementor-section-height-default elementor-section-height-default\" data-id=\"33ca998\" data-element_type=\"section\">\n\t\t\t\t\t\t<div class=\"elementor-container elementor-column-gap-default\">\n\t\t\t\t\t<div class=\"elementor-column elementor-col-100 elementor-top-column elementor-element elementor-element-fc110a8\" data-id=\"fc110a8\" data-element_type=\"column\">\n\t\t\t<div class=\"elementor-widget-wrap elementor-element-populated\">\n\t\t\t\t\t\t<div class=\"elementor-element elementor-element-7175b0a elementor-widget elementor-widget-text-editor\" data-id=\"7175b0a\" data-element_type=\"widget\" data-widget_type=\"text-editor.default\">\n\t\t\t\t<div class=\"elementor-widget-container\">\n\t\t\t\t\t\t\t<p><span style=\"color: #000000;\">Nous vous remercions de votre participation et nous vous tiendrons inform\u00e9\u00b7e\u00b7s prochainement des \u00e9tapes de mise en ligne. \u00c0 bient\u00f4t !<\/span><\/p>\t\t\t\t\t\t<\/div>\n\t\t\t\t<\/div>\n\t\t\t\t\t<\/div>\n\t\t<\/div>\n\t\t\t\t\t<\/div>\n\t\t<\/section>\n\t\t\t\t<\/div>\n\t\t","protected":false},"excerpt":{"rendered":"<p>L&#8217;Annuaire du CollectifMusiques, danses et contes du monde en \u00cele-de-France\u200b Artistes, r\u00e9f\u00e9rencez votre projet ! POUR INSCRIRE VOTRE PROJET : SUIVEZ LE PAS \u00c0 PAS &#8220;COMMENT PARTICIPER&#8221; OBJECTIFS ET PROCESSUS DE L&#8217;ANNUAIRE L&#8217;Annuaire du Collectif est un outil en ligne de r\u00e9f\u00e9rencement<\/p>\n<p class=\"link-more\"><a class=\"myButt \" href=\"https:\/\/collectifmdm-idf.org\/annuaire5\/annuaire-collectif-disponible\/\">EN SAVOIR +<\/a><\/p>\n","protected":false},"author":1,"featured_media":0,"comment_status":"open","ping_status":"open","sticky":false,"template":"elementor_header_footer","format":"standard","meta":{"_rtcl_gb_attr":"","footnotes":""},"categories":[288,7,291,8,292,290,289],"tags":[280,283,282,285,281,284,518],"class_list":["post-12845","post","type-post","status-publish","format-standard","hentry","category-artistes","category-concert","category-conte-2","category-danse","category-ile-de-france","category-musique","category-spectacles-2","tag-annuaire-du-collectif","tag-contes-du-monde","tag-danses-du-monde","tag-ile-de-france","tag-musiques-du-monde","tag-spectacles","tag-spectacles-franciliens"],"_links":{"self":[{"href":"https:\/\/collectifmdm-idf.org\/annuaire5\/wp-json\/wp\/v2\/posts\/12845","targetHints":{"allow":["GET"]}}],"collection":[{"href":"https:\/\/collectifmdm-idf.org\/annuaire5\/wp-json\/wp\/v2\/posts"}],"about":[{"href":"https:\/\/collectifmdm-idf.org\/annuaire5\/wp-json\/wp\/v2\/types\/post"}],"author":[{"embeddable":true,"href":"https:\/\/collectifmdm-idf.org\/annuaire5\/wp-json\/wp\/v2\/users\/1"}],"replies":[{"embeddable":true,"href":"https:\/\/collectifmdm-idf.org\/annuaire5\/wp-json\/wp\/v2\/comments?post=12845"}],"version-history":[{"count":13,"href":"https:\/\/collectifmdm-idf.org\/annuaire5\/wp-json\/wp\/v2\/posts\/12845\/revisions"}],"predecessor-version":[{"id":15475,"href":"https:\/\/collectifmdm-idf.org\/annuaire5\/wp-json\/wp\/v2\/posts\/12845\/revisions\/15475"}],"wp:attachment":[{"href":"https:\/\/collectifmdm-idf.org\/annuaire5\/wp-json\/wp\/v2\/media?parent=12845"}],"wp:term":[{"taxonomy":"category","embeddable":true,"href":"https:\/\/collectifmdm-idf.org\/annuaire5\/wp-json\/wp\/v2\/categories?post=12845"},{"taxonomy":"post_tag","embeddable":true,"href":"https:\/\/collectifmdm-idf.org\/annuaire5\/wp-json\/wp\/v2\/tags?post=12845"}],"curies":[{"name":"wp","href":"https:\/\/api.w.org\/{rel}","templated":true}]}}