{"id":1282,"date":"2020-11-07T10:24:11","date_gmt":"2020-11-07T09:24:11","guid":{"rendered":"http:\/\/collectifmdm-idf.org\/?p=1282"},"modified":"2020-11-22T16:34:04","modified_gmt":"2020-11-22T15:34:04","slug":"propositions-pour-un-plan-de-revitalisation-culturelle","status":"publish","type":"post","link":"https:\/\/collectifmdm-idf.org\/annuaire5\/propositions-pour-un-plan-de-revitalisation-culturelle\/","title":{"rendered":"PROPOSITIONS POUR UN PLAN DE REVITALISATION CULTURELLE"},"content":{"rendered":"\n<h2 class=\"wp-block-heading\"><\/h2>\n\n\n\n<p><strong>&gt;&gt;&nbsp;Acc\u00e9der au site d\u00e9di\u00e9 au Plan de revitalisation :&nbsp;<a href=\"https:\/\/www.mobilisationculturelle.org\/\">www.mobilisationculturelle.org<\/a><\/strong><\/p>\n\n\n\n<p><strong>&gt;&gt;&nbsp;<a href=\"http:\/\/www.ufisc.org\/images\/2020\/PLAN_DE_REVITALISATION\/201105_PLAN_REVITALISATION_compressed.pdf\">T\u00e9l\u00e9chargez le plan de revitalisation culturelle<\/a><\/strong><\/p>\n\n\n\n<hr class=\"wp-block-separator has-text-color has-background has-luminous-vivid-amber-background-color has-luminous-vivid-amber-color is-style-wide\"\/>\n\n\n\n<h2 class=\"wp-block-heading\"><\/h2>\n\n\n\n<p class=\"has-medium-font-size\"><strong>Les structures que nous r\u00e9unissons sont repr\u00e9sentatives des plus de 40 000 acteur\u00b7trice\u00b7s qui agissent au quotidien pour la participation de tou\u00b7te\u00b7s \u00e0 la vie artistique et culturelle.<\/strong><\/p>\n\n\n\n<p class=\"has-medium-font-size\">Dans les arts de la rue, le th\u00e9\u00e2tre, les arts plastiques, les arts visuels, la musique sous toutes ses formes, la marionnette, le cirque, le conte, le num\u00e9rique, le livre, l\u2019audiovisuel\u2026<\/p>\n\n\n\n<p class=\"has-medium-font-size\">Ces initiatives singuli\u00e8res et transversales, solidaires et d\u2019int\u00e9r\u00eat g\u00e9n\u00e9ral, ce sont des \u00e9quipes artistiques, des compagnies, des groupes, des labels ind\u00e9pendants, des collectifs d\u2019artistes, des lieux alternatifs, lieux interm\u00e9diaires, lieux de fabrique, salles de diffusion et d\u2019exposition, centres associatifs, radios, m\u00e9dias citoyens, mais aussi, des \u00e9coles, des festivals, des ateliers et des studios de pratiques, \u2026 des espaces de vie sociale et culturelle, indispensables \u00e0 nos libert\u00e9s et \u00e0 notre vivre-ensemble.<\/p>\n\n\n\n<p class=\"has-medium-font-size\">Or, dans ce contexte de gestion d\u2019une crise sanitaire sans pr\u00e9c\u00e9dent,&nbsp;<strong>la moiti\u00e9 de ce tissu culturel et citoyen est en danger de disparition.<\/strong>&nbsp;Les mesures de relance annonc\u00e9es par le gouvernement ignorent largement, par la dichotomie affich\u00e9e entre secteur priv\u00e9 lucratif et secteur labellis\u00e9 par l&#8217;Etat, la diversit\u00e9 de l&#8217;\u00e9cosyst\u00e8me culturel fourmillant de milliers de structures d&#8217;initiative priv\u00e9e et citoyenne, aux buts autres que lucratifs.<\/p>\n\n\n\n<p class=\"has-medium-font-size\">Alors qu&#8217;elles sont les plus fragiles, elles ne b\u00e9n\u00e9ficieront que trop \u00e0 la marge des dispositifs sectoriels pr\u00e9vus sur cette fin d&#8217;ann\u00e9e 2020 et sur les ann\u00e9es 2021 et 2022. Les dispositifs annonc\u00e9s manquent en effet de transversalit\u00e9, oublient des pans entiers du tissu culturel, ancr\u00e9 dans les territoires, \u00e0 l&#8217;\u00e9conomie plus hybride et aux activit\u00e9s plurielles.<\/p>\n\n\n\n<p class=\"has-medium-font-size\"><strong>Nous avons besoin de politiques qui prennent en compte la r\u00e9alit\u00e9 de fonctionnement de milliers de structures.<br>Nous avons besoin de fa\u00e7on urgente de politiques plus transversales et disposant de crit\u00e8res plus souples qui font confiance aux acteur.rice.s dans leur fa\u00e7on d\u2019inventer des solutions.<br>Nous avons besoin d\u2019aides \u00e0 l\u2019emploi directes qui permettent le fonctionnement des structures et la mise en \u0153uvre des activit\u00e9s et de nouveaux projets.<br>Nous avons besoin de politiques qui viennent soutenir directement les plus fragiles.<\/strong><\/p>\n\n\n\n<p class=\"has-medium-font-size\"><strong>Les acteurs.rice.s culturel.le.s portent des solutions. Nous proposons un plan de revitalisation culturelle d\u00e9clin\u00e9 en quatre axes.<\/strong><\/p>\n\n\n\n<ul class=\"wp-block-list\"><li>&#8211;&nbsp; Un&nbsp;<a href=\"https:\/\/www.mobilisationculturelle.org\/le-fric---fonds-de-revitalisation-pour-les-initiatives-culturelles.html\"><strong>Fonds de revitalisation pour les initiatives artistiques et culturelles citoyennes<\/strong><\/a>, dispositif large et transversal aux disciplines de soutien aux acteur\u00b7rice\u00b7s dans leur diversit\u00e9 et la singularit\u00e9 de leurs projets.<\/li><li>&#8211;&nbsp; Un&nbsp;<a href=\"https:\/\/www.mobilisationculturelle.org\/le-pacte---pacte-pour-lrsquoemploi-artistique-et-culturel.html\"><strong>Pacte pour l\u2019emploi artistique et culturel<\/strong>&nbsp;<\/a>qui tient compte des conditions sp\u00e9cifiques du secteur et qui garantit les droits sociaux.<\/li><li>&#8211;&nbsp; Un&nbsp;<a href=\"https:\/\/www.mobilisationculturelle.org\/le-futur---fonds-pour-une-transition-urbaine-et-rurale.html\"><strong>Programme d\u2019avenir et d\u2019appui pour une transition solidaire et \u00e9cologique<\/strong><\/a>&nbsp;aux d\u00e9marches et exp\u00e9rimentations coop\u00e9ratives.<\/li><li>&#8211;&nbsp; Le<a href=\"https:\/\/www.mobilisationculturelle.org\/deacutevelopper-des-maisons-communes-art-et-culture-en-reacutegion.html\">&nbsp;d\u00e9veloppement de<strong>&nbsp;Maisons Communes Art et Culture<\/strong><\/a>, rassemblant dans les r\u00e9gions l\u2019ensemble des parties prenantes de l&#8217;\u00e9cosyst\u00e8me culturel et citoyen.<\/li><\/ul>\n\n\n\n<p class=\"has-medium-font-size\">&nbsp;Pour une solidarit\u00e9 active, une nouvelle dynamique culturelle, une ambition artistique et d\u00e9mocratique, nous en avons besoin maintenant !<\/p>\n\n\n\n<p class=\"has-text-align-right has-medium-font-size\"><em><strong>L&#8217;UFISC dans le cadre de la MCAC<\/strong><\/em><\/p>\n\n\n\n<hr class=\"wp-block-separator has-text-color has-background has-luminous-vivid-amber-background-color has-luminous-vivid-amber-color is-style-wide\"\/>\n\n\n\n<p class=\"has-medium-font-size\"><strong>&gt;&gt;&nbsp;Un&nbsp;<a href=\"https:\/\/www.mobilisationculturelle.org\/kit-de-communication.html\">kit de mobilisation est disponible sur le site d\u00e9di\u00e9<\/a>, pour diffuser le plus largement possible le Plan de revitalisation culturelle&#8230;&nbsp;<a href=\"http:\/\/www.ufisc.org\/images\/2020\/PLAN_DE_REVITALISATION\/201105_PLAN_REVITALISATION_compressed.pdf\"><\/a><\/strong><\/p>\n\n\n\n<p class=\"has-medium-font-size\"><strong>&#8230; sur nos sites internet, dans nos newsletters ou listes de diffusion !<\/strong><\/p>\n\n\n\n<p class=\"has-medium-font-size\">&#8230; sur&nbsp;<strong>Twitter, avec le hashtag #RevitalisationCulturelle<\/strong>&nbsp;et les visuels d\u00e9di\u00e9s !<\/p>\n\n\n\n<p class=\"has-medium-font-size\">&#8230;&nbsp;<strong>aupr\u00e8s des parlementaires<\/strong>, qui d\u00e9battent en ce moment des mesures de soutien et de relance dans le cadre du PLF2021, par mail, en MP, via les formulaires de contact !<br>\u200b<\/p>\n\n\n\n<h2 class=\"wp-block-heading\"><\/h2>\n\n\n\n<h2 class=\"wp-block-heading\"><\/h2>\n\n\n\n<h2 class=\"has-medium-font-size wp-block-heading\">Rappel : le&nbsp;<strong><a href=\"https:\/\/collectifmdm-idf.org\/a-propos-de\/\">Collectif MDM IDF<\/a>&nbsp;<\/strong>est membre de la&nbsp;<strong><a rel=\"noreferrer noopener\" href=\"http:\/\/www.famdt.com\/\" target=\"_blank\">FAMDT<\/a><\/strong>, elle-m\u00eame membre de l\u2019<strong><a rel=\"noreferrer noopener\" href=\"http:\/\/ufisc.org\/\" target=\"_blank\">UFISC<\/a><\/strong>.<\/h2>\n\n\n\n<h2 class=\"has-text-align-center has-luminous-vivid-amber-color has-text-color has-medium-font-size wp-block-heading\"><strong>&#8212;o&#8212;<\/strong><\/h2>\n\n\n\n<h2 class=\"wp-block-heading\"><\/h2>\n","protected":false},"excerpt":{"rendered":"<p>&gt;&gt;&nbsp;Acc\u00e9der au site d\u00e9di\u00e9 au Plan de revitalisation :&nbsp;www.mobilisationculturelle.org &gt;&gt;&nbsp;T\u00e9l\u00e9chargez le plan de revitalisation culturelle Les structures que nous r\u00e9unissons sont repr\u00e9sentatives des plus de 40 000 acteur\u00b7trice\u00b7s qui agissent au quotidien pour la participation de tou\u00b7te\u00b7s \u00e0 la vie artistique et<\/p>\n<p class=\"link-more\"><a class=\"myButt \" href=\"https:\/\/collectifmdm-idf.org\/annuaire5\/propositions-pour-un-plan-de-revitalisation-culturelle\/\">EN SAVOIR +<\/a><\/p>\n","protected":false},"author":1,"featured_media":1284,"comment_status":"open","ping_status":"open","sticky":false,"template":"","format":"standard","meta":{"_rtcl_gb_attr":"","footnotes":""},"categories":[36],"tags":[],"class_list":["post-1282","post","type-post","status-publish","format-standard","has-post-thumbnail","hentry","category-communiques"],"_links":{"self":[{"href":"https:\/\/collectifmdm-idf.org\/annuaire5\/wp-json\/wp\/v2\/posts\/1282","targetHints":{"allow":["GET"]}}],"collection":[{"href":"https:\/\/collectifmdm-idf.org\/annuaire5\/wp-json\/wp\/v2\/posts"}],"about":[{"href":"https:\/\/collectifmdm-idf.org\/annuaire5\/wp-json\/wp\/v2\/types\/post"}],"author":[{"embeddable":true,"href":"https:\/\/collectifmdm-idf.org\/annuaire5\/wp-json\/wp\/v2\/users\/1"}],"replies":[{"embeddable":true,"href":"https:\/\/collectifmdm-idf.org\/annuaire5\/wp-json\/wp\/v2\/comments?post=1282"}],"version-history":[{"count":0,"href":"https:\/\/collectifmdm-idf.org\/annuaire5\/wp-json\/wp\/v2\/posts\/1282\/revisions"}],"wp:featuredmedia":[{"embeddable":true,"href":"https:\/\/collectifmdm-idf.org\/annuaire5\/wp-json\/wp\/v2\/media\/1284"}],"wp:attachment":[{"href":"https:\/\/collectifmdm-idf.org\/annuaire5\/wp-json\/wp\/v2\/media?parent=1282"}],"wp:term":[{"taxonomy":"category","embeddable":true,"href":"https:\/\/collectifmdm-idf.org\/annuaire5\/wp-json\/wp\/v2\/categories?post=1282"},{"taxonomy":"post_tag","embeddable":true,"href":"https:\/\/collectifmdm-idf.org\/annuaire5\/wp-json\/wp\/v2\/tags?post=1282"}],"curies":[{"name":"wp","href":"https:\/\/api.w.org\/{rel}","templated":true}]}}