{"id":1276,"date":"2020-11-15T15:00:00","date_gmt":"2020-11-15T14:00:00","guid":{"rendered":"http:\/\/collectifmdm-idf.org\/?p=1276"},"modified":"2020-11-23T02:11:01","modified_gmt":"2020-11-23T01:11:01","slug":"artistes-labbaye-de-royaumont-vous-est-ouverte-en-novembre-decembre-jusqyeau-18-2020-et-janvier-2021","status":"publish","type":"post","link":"https:\/\/collectifmdm-idf.org\/annuaire5\/artistes-labbaye-de-royaumont-vous-est-ouverte-en-novembre-decembre-jusqyeau-18-2020-et-janvier-2021\/","title":{"rendered":"Artistes, l&#8217;abbaye de Royaumont vous est ouverte ! (en novembre, d\u00e9cembre (jusqu&#8217;au 18) 2020 et janvier 2021)"},"content":{"rendered":"\n<h1 class=\"wp-block-heading\"><\/h1>\n\n\n\n<p><em>Royaumont, le 10 novembre 2020<\/em><\/p>\n\n\n\n<p class=\"has-medium-font-size\"><strong>Cher(e)s ami(e)s,<\/strong><\/p>\n\n\n\n<p class=\"has-medium-font-size\">Le reconfinement nous a tous remis \u00e0 l\u2019arr\u00eat, nous privant \u00e0 nouveau de toute possibilit\u00e9 de rencontre avec le public.<\/p>\n\n\n\n<p class=\"has-medium-font-size\"><strong>L\u2019abbaye de Royaumont<\/strong>&nbsp;est \u00e9galement vide, priv\u00e9e de ses spectacles, des visiteurs du monument, des enfants et des jeunes qu\u2019elle accueillait en grand nombre \u00e0 cette p\u00e9riode de l\u2019ann\u00e9e.<\/p>\n\n\n\n<div class=\"wp-block-image\"><figure class=\"aligncenter\"><a href=\"mailto:direction@royaumont.com\" target=\"_blank\" rel=\"noreferrer noopener\"><img decoding=\"async\" src=\"https:\/\/ci5.googleusercontent.com\/proxy\/vy2BXYHg4cU6PLO27QN1lpda26ZSEyvF5O655Dmqbd_hne8Bm33Yw86hNGTkFSsNGDb2mpBCrG4skCstpj3eDbxIBmehIVf-9s10ZT2RI7ihdhlypnh4dNANqcpyS6I=s0-d-e1-ft#https:\/\/www.royaumont.com\/medias\/2020_divers\/bandeau-abbaye-web700-200-3.jpg\" alt=\"\"\/><\/a><\/figure><\/div>\n\n\n\n<p class=\"has-medium-font-size\"><strong>Ses grands espaces historiques, ses salles de r\u00e9p\u00e9tition, son \u00e9quipement r\u00e9sidentiel<\/strong>, nous nous proposons de&nbsp;<strong>les rendre accessibles aux ensembles musicaux et collectifs d\u2019artistes<\/strong>&nbsp;qui seraient \u00e0 la recherche d\u2019un lieu de&nbsp;<strong>r\u00e9p\u00e9tition<\/strong>&nbsp;ou d\u2019un cadre acoustique ou architectural propice \u00e0 un&nbsp;<strong>enregistrement audio<\/strong>&nbsp;ou \u00e0 une&nbsp;<strong>captation vid\u00e9o<\/strong>.<\/p>\n\n\n\n<p class=\"has-medium-font-size\">La Fondation Royaumont, Centre international pour les artistes de la musique et de la danse, est en effet un ERP de cat\u00e9gorie L, qui peut accueillir en s\u00e9jour r\u00e9sidentiel des artistes travaillant \u00e0 huis clos. Les repas sont d\u00e9livr\u00e9s suivant les directives relatives aux restaurants d\u2019entreprises.<\/p>\n\n\n\n<div class=\"wp-block-image\"><figure class=\"aligncenter\"><a href=\"mailto:direction@royaumont.com\" target=\"_blank\" rel=\"noreferrer noopener\"><img decoding=\"async\" src=\"https:\/\/ci6.googleusercontent.com\/proxy\/48KHmgCbfiLFE7TBQmTHAUA7D8MDWF6ckGi9nQovCN0pDujkbvzjRDggsoUzGnL1zyWDNEtiVH2sqi471oy5nxdUqqu36Vx7LA0K9IQ7d3EvDQkmHag=s0-d-e1-ft#https:\/\/www.royaumont.com\/medias\/2020_divers\/refectoires-web420.jpg\" alt=\"\"\/><\/a><\/figure><\/div>\n\n\n\n<p class=\"has-medium-font-size\">Notre proposition concerne, jusqu\u2019\u00e0 nouvel ordre et sous r\u00e9serve d\u2019\u00e9ventuels changements dans les r\u00e8gles en vigueur, les mois de&nbsp;<strong>novembre et d\u00e9cembre (jusqu\u2019au 18 ) 2020 et janvier 2021<\/strong>.<\/p>\n\n\n\n<p class=\"has-medium-font-size\">Ce que nous vous proposons,&nbsp;c\u2019est une&nbsp;<strong>mise \u00e0 disposition gratuite des salles de r\u00e9p\u00e9titions ou d\u2019enregistrements<\/strong>&nbsp;(sauf frais techniques d\u2019am\u00e9nagements sp\u00e9cifiques) et des conditions d\u2019accueil en&nbsp;<strong>s\u00e9jour r\u00e9sidentiel&nbsp;<\/strong>aux co\u00fbts les plus bas, c\u2019est-\u00e0-dire ceux qui sont factur\u00e9s \u00e0 nos propres activit\u00e9s.<\/p>\n\n\n\n<div class=\"wp-block-image\"><figure class=\"aligncenter\"><a href=\"mailto:direction@royaumont.com\" target=\"_blank\" rel=\"noreferrer noopener\"><img decoding=\"async\" src=\"https:\/\/ci4.googleusercontent.com\/proxy\/2CVGYvk91AN2RP3L2UIz1DsD8jX75liaYkBAeY4tgQCJGUFyy-ZNXT9o6lYYmBvBlyMFSGghkM3aWqDeXW2tyVi_p2zunqGXQmeV5zLuHH8cR9E4ZFtwqpt2KW39Ud6hU-ByBp1UB1FeSlOIP_wfhlB2kdhKahyf_vLnHw=s0-d-e1-ft#https:\/\/www.royaumont.com\/medias\/2020_divers\/edoardo-torbianelli-enregistrement-chopinp1130874-web420.jpg\" alt=\"\"\/><\/a><\/figure><\/div>\n\n\n\n<p class=\"has-medium-font-size\"><a href=\"mailto:huet.c@royaumont.com\" target=\"_blank\" rel=\"noreferrer noopener\"><strong>C<\/strong><strong>atherine Huet<\/strong><\/a>&nbsp;et&nbsp;<a href=\"mailto:f.naulot@royaumont.com\" target=\"_blank\" rel=\"noreferrer noopener\"><strong>Fran\u00e7ois Naulot<\/strong><\/a>&nbsp;(P\u00f4le&nbsp;<em>Voix et r\u00e9pertoire<\/em>),&nbsp;<a href=\"mailto:s.agard@royaumont.com\" target=\"_blank\" rel=\"noreferrer noopener\"><strong>Samuel Agard<\/strong><\/a>&nbsp;et&nbsp;<a href=\"mailto:jp.wurtz@royaumont.com\" target=\"_blank\" rel=\"noreferrer noopener\"><strong>Jean-Philippe W\u00fcrtz<\/strong><\/a>&nbsp;(P\u00f4le&nbsp;<em>Cr\u00e9ation musicale<\/em>),&nbsp;<a href=\"mailto:t.vernet@royaumont.com\" target=\"_blank\" rel=\"noreferrer noopener\"><strong>Thomas Vernet<\/strong><\/a>&nbsp;(P\u00f4le&nbsp;<em>Biblioth\u00e8ques et ressources<\/em>),&nbsp;<a href=\"mailto:direction@royaumont.com\" target=\"_blank\" rel=\"noreferrer noopener\"><strong>Juliette Lobry<\/strong><\/a>&nbsp;et moi-m\u00eame sommes \u00e0 votre disposition, dans la limite du temps partiel qui s\u2019impose \u00e0 nouveau \u00e0 l\u2019\u00e9quipe de la Fondation\u2026 Nous serons heureux de discuter de vos projets que nous pourrions accueillir \u00e0 l\u2019abbaye de Royaumont d\u00e8s lors que cela vous aidera \u00e0&nbsp;<strong>pr\u00e9parer le retour \u00e0 l\u2019activit\u00e9 publique que nous attendons avec tant d\u2019impatience<\/strong>.<\/p>\n\n\n\n<div class=\"wp-block-image\"><figure class=\"aligncenter\"><a href=\"mailto:direction@royaumont.com\" target=\"_blank\" rel=\"noreferrer noopener\"><img decoding=\"async\" src=\"https:\/\/ci3.googleusercontent.com\/proxy\/SGuzBkT0wRt_83Wx2EPPmHQFja8G6djyvXzd5Dj3uVKIP6ZDKbWezlfXFcDrJg8uzRAX39jO2y5qWVKQ1GA0QMZX9YZ1sGijhvU1nhaZxsSKxw=s0-d-e1-ft#https:\/\/www.royaumont.com\/medias\/2020_divers\/chambre-comble.jpg\" alt=\"\"\/><\/a><\/figure><\/div>\n\n\n\n<p class=\"has-medium-font-size\">Au nom de toute l\u2019\u00e9quipe de la Fondation, je vous souhaite beaucoup de courage dans ce moment \u00e0 nouveau tr\u00e8s d\u00e9licat que nous traversons et vous adresse&nbsp;<strong>mes salutations les plus solidaires<\/strong>.<\/p>\n\n\n\n<p class=\"has-medium-font-size\"><strong>Francis Mar\u00e9chal<\/strong>,<br>Directeur g\u00e9n\u00e9ral de la Fondation Royaumont<\/p>\n\n\n\n<p class=\"has-medium-font-size\"><strong>Informations et r\u00e9servation :<\/strong> <a href=\"mailto:direction@royaumont.com\" target=\"_blank\" rel=\"noreferrer noopener\"><strong>direction@royaumont.com<\/strong><\/a>&nbsp;\/&nbsp;01 30 35 59 00<\/p>\n\n\n\n<h2 class=\"wp-block-heading\"><\/h2>\n\n\n\n<p class=\"has-medium-font-size\">La Fondation Royaumont est adh\u00e9rente du Collectif MDM IDF.<\/p>\n\n\n\n<h2 class=\"has-text-align-center has-luminous-vivid-amber-color has-text-color has-medium-font-size wp-block-heading\"><strong>&#8212;o&#8212;<\/strong><\/h2>\n\n\n\n<h2 class=\"wp-block-heading\"><\/h2>\n","protected":false},"excerpt":{"rendered":"<p>Royaumont, le 10 novembre 2020 Cher(e)s ami(e)s, Le reconfinement nous a tous remis \u00e0 l\u2019arr\u00eat, nous privant \u00e0 nouveau de toute possibilit\u00e9 de rencontre avec le public. L\u2019abbaye de Royaumont&nbsp;est \u00e9galement vide, priv\u00e9e de ses spectacles, des visiteurs du monument, des enfants<\/p>\n<p class=\"link-more\"><a class=\"myButt \" href=\"https:\/\/collectifmdm-idf.org\/annuaire5\/artistes-labbaye-de-royaumont-vous-est-ouverte-en-novembre-decembre-jusqyeau-18-2020-et-janvier-2021\/\">EN SAVOIR +<\/a><\/p>\n","protected":false},"author":1,"featured_media":1278,"comment_status":"open","ping_status":"open","sticky":false,"template":"","format":"standard","meta":{"_rtcl_gb_attr":"","footnotes":""},"categories":[36],"tags":[],"class_list":["post-1276","post","type-post","status-publish","format-standard","has-post-thumbnail","hentry","category-communiques"],"_links":{"self":[{"href":"https:\/\/collectifmdm-idf.org\/annuaire5\/wp-json\/wp\/v2\/posts\/1276","targetHints":{"allow":["GET"]}}],"collection":[{"href":"https:\/\/collectifmdm-idf.org\/annuaire5\/wp-json\/wp\/v2\/posts"}],"about":[{"href":"https:\/\/collectifmdm-idf.org\/annuaire5\/wp-json\/wp\/v2\/types\/post"}],"author":[{"embeddable":true,"href":"https:\/\/collectifmdm-idf.org\/annuaire5\/wp-json\/wp\/v2\/users\/1"}],"replies":[{"embeddable":true,"href":"https:\/\/collectifmdm-idf.org\/annuaire5\/wp-json\/wp\/v2\/comments?post=1276"}],"version-history":[{"count":0,"href":"https:\/\/collectifmdm-idf.org\/annuaire5\/wp-json\/wp\/v2\/posts\/1276\/revisions"}],"wp:featuredmedia":[{"embeddable":true,"href":"https:\/\/collectifmdm-idf.org\/annuaire5\/wp-json\/wp\/v2\/media\/1278"}],"wp:attachment":[{"href":"https:\/\/collectifmdm-idf.org\/annuaire5\/wp-json\/wp\/v2\/media?parent=1276"}],"wp:term":[{"taxonomy":"category","embeddable":true,"href":"https:\/\/collectifmdm-idf.org\/annuaire5\/wp-json\/wp\/v2\/categories?post=1276"},{"taxonomy":"post_tag","embeddable":true,"href":"https:\/\/collectifmdm-idf.org\/annuaire5\/wp-json\/wp\/v2\/tags?post=1276"}],"curies":[{"name":"wp","href":"https:\/\/api.w.org\/{rel}","templated":true}]}}