{"id":12544,"date":"2023-11-16T16:51:32","date_gmt":"2023-11-16T15:51:32","guid":{"rendered":"https:\/\/collectifmdm-idf.org\/?p=12544"},"modified":"2024-05-28T12:26:26","modified_gmt":"2024-05-28T10:26:26","slug":"appel-a-candidatures-scenes-du-monde-au-canal-2","status":"publish","type":"post","link":"https:\/\/collectifmdm-idf.org\/annuaire5\/appel-a-candidatures-scenes-du-monde-au-canal-2\/","title":{"rendered":"Appel \u00e0 candidatures Sc\u00e8nes du Monde au Canal #2"},"content":{"rendered":"\t\t<div data-elementor-type=\"wp-post\" data-elementor-id=\"12544\" class=\"elementor elementor-12544\">\n\t\t\t\t\t\t<section class=\"elementor-section elementor-top-section elementor-element elementor-element-2110d97 elementor-section-boxed elementor-section-height-default elementor-section-height-default\" data-id=\"2110d97\" data-element_type=\"section\">\n\t\t\t\t\t\t<div class=\"elementor-container elementor-column-gap-default\">\n\t\t\t\t\t<div class=\"elementor-column elementor-col-100 elementor-top-column elementor-element elementor-element-ff80787\" data-id=\"ff80787\" data-element_type=\"column\">\n\t\t\t<div class=\"elementor-widget-wrap elementor-element-populated\">\n\t\t\t\t\t\t<div class=\"elementor-element elementor-element-136f893 elementor-widget elementor-widget-image\" data-id=\"136f893\" data-element_type=\"widget\" data-widget_type=\"image.default\">\n\t\t\t\t<div class=\"elementor-widget-container\">\n\t\t\t\t\t\t\t\t\t\t\t\t\t<img fetchpriority=\"high\" decoding=\"async\" width=\"980\" height=\"360\" src=\"https:\/\/collectifmdm-idf.org\/annuaire5\/wp-content\/uploads\/2023\/11\/banniere_saison2_v3.png\" class=\"attachment-full size-full wp-image-12691\" alt=\"\" srcset=\"https:\/\/collectifmdm-idf.org\/annuaire5\/wp-content\/uploads\/2023\/11\/banniere_saison2_v3.png 980w, https:\/\/collectifmdm-idf.org\/annuaire5\/wp-content\/uploads\/2023\/11\/banniere_saison2_v3-300x110.png 300w, https:\/\/collectifmdm-idf.org\/annuaire5\/wp-content\/uploads\/2023\/11\/banniere_saison2_v3-768x282.png 768w\" sizes=\"(max-width: 980px) 100vw, 980px\" title=\"\" \/>\t\t\t\t\t\t\t\t\t\t\t\t\t<\/div>\n\t\t\t\t<\/div>\n\t\t\t\t<div class=\"elementor-element elementor-element-bcf6f78 elementor-widget__width-initial elementor-widget elementor-widget-text-editor\" data-id=\"bcf6f78\" data-element_type=\"widget\" data-widget_type=\"text-editor.default\">\n\t\t\t\t<div class=\"elementor-widget-container\">\n\t\t\t\t\t\t\t<h4 style=\"text-align: left;\"><span style=\"color: #e44404;\">APPEL \u00c0 CANDIDATURE <span style=\"text-decoration: underline;\">CL\u00d4TUR\u00c9<\/span> !<br \/><\/span><br \/><span style=\"color: #000000;\">Du mardi 21 novembre au\u00a0<\/span><span style=\"color: #e44404; font-weight: bold;\">lundi 11 d\u00e9cembre<\/span><\/h4>\t\t\t\t\t\t<\/div>\n\t\t\t\t<\/div>\n\t\t\t\t\t<\/div>\n\t\t<\/div>\n\t\t\t\t\t<\/div>\n\t\t<\/section>\n\t\t\t\t<section class=\"elementor-section elementor-top-section elementor-element elementor-element-12cdcaf elementor-section-boxed elementor-section-height-default elementor-section-height-default\" data-id=\"12cdcaf\" data-element_type=\"section\">\n\t\t\t\t\t\t<div class=\"elementor-container elementor-column-gap-default\">\n\t\t\t\t\t<div class=\"elementor-column elementor-col-100 elementor-top-column elementor-element elementor-element-5644e13\" data-id=\"5644e13\" data-element_type=\"column\">\n\t\t\t<div class=\"elementor-widget-wrap elementor-element-populated\">\n\t\t\t\t\t\t<div class=\"elementor-element elementor-element-53f5883 elementor-widget elementor-widget-text-editor\" data-id=\"53f5883\" data-element_type=\"widget\" data-widget_type=\"text-editor.default\">\n\t\t\t\t<div class=\"elementor-widget-container\">\n\t\t\t\t\t\t\t<p style=\"text-align: left;\"><span style=\"color: #000000;\"><b>Artistes, musicien\u00b7ne\u00b7s, chanteurs\u00b7euses, danseurs\u00b7euses<\/b>&nbsp;:<br><\/span><span style=\"color: #000000; font-size: 1.25rem;\"><b>3 dates<\/b> entre <b>mars et mai 2024<\/b>&nbsp;<\/span><span style=\"color: #000000; font-size: 1.25rem;\">pour pr\u00e9senter <b>votre projet au c\u0153ur de Paris<\/b> !<br>(<\/span><span style=\"color: #000000;\">Modalit\u00e9s d&#8217;<b>inscription<\/b> dans la section &#8220;<b>pour candidater<\/b>&#8220;)<\/span><\/p>\t\t\t\t\t\t<\/div>\n\t\t\t\t<\/div>\n\t\t\t\t<div class=\"elementor-element elementor-element-f676b92 elementor-widget elementor-widget-toggle\" data-id=\"f676b92\" data-element_type=\"widget\" data-widget_type=\"toggle.default\">\n\t\t\t\t<div class=\"elementor-widget-container\">\n\t\t\t\t\t<div class=\"elementor-toggle\">\n\t\t\t\t\t\t\t<div class=\"elementor-toggle-item\">\n\t\t\t\t\t<div id=\"elementor-tab-title-2581\" class=\"elementor-tab-title\" data-tab=\"1\" role=\"button\" aria-controls=\"elementor-tab-content-2581\" aria-expanded=\"false\">\n\t\t\t\t\t\t\t\t\t\t\t\t<span class=\"elementor-toggle-icon elementor-toggle-icon-left\" aria-hidden=\"true\">\n\t\t\t\t\t\t\t\t\t\t\t\t\t\t\t<span class=\"elementor-toggle-icon-closed\"><i class=\"fas fa-caret-right\"><\/i><\/span>\n\t\t\t\t\t\t\t\t<span class=\"elementor-toggle-icon-opened\"><i class=\"elementor-toggle-icon-opened fas fa-caret-up\"><\/i><\/span>\n\t\t\t\t\t\t\t\t\t\t\t\t\t<\/span>\n\t\t\t\t\t\t\t\t\t\t\t\t<a class=\"elementor-toggle-title\" tabindex=\"0\">OBJECTIFS<\/a>\n\t\t\t\t\t<\/div>\n\n\t\t\t\t\t<div id=\"elementor-tab-content-2581\" class=\"elementor-tab-content elementor-clearfix\" data-tab=\"1\" role=\"region\" aria-labelledby=\"elementor-tab-title-2581\"><p>\u27a4 Le <span style=\"color: #e44404;\"><strong><a style=\"color: #e44404;\" href=\"https:\/\/www.crl10.net\/\" target=\"_blank\" rel=\"noopener\">CRL10<\/a><\/strong><\/span>, adh\u00e9rent du <strong>Collectif des Musiques et Danses du monde en \u00cele-de-France<\/strong>, souhaite proposer un <b>rendez-vous r\u00e9gulier et rep\u00e9r\u00e9<\/b> pour les <b>musiques<\/b> et les <b>danses du Monde<\/b>. L\u2019objectif principal est de cr\u00e9er <b>une vitrine<\/b> pour ces esth\u00e9tiques, de <b>favoriser la circulation<\/b> des projets et la <b>mise en r\u00e9seau<\/b>. Ce dispositif constitue <b>un outil au service des artistes, des producteurs\u00b7trices, et de l\u2019ensemble de la fili\u00e8re <\/b>;<\/p><p>\u27a4 <b>Accompagnement<\/b> : afin de permettre <b>une pleine r\u00e9ussite<\/b> de cette date parisienne, le Collectif MDM IdF <b>propose<\/b> aux groupes retenus, <b>un temps de travail d\u00e9di\u00e9, <\/b>afin de pr\u00e9parer au mieux cette &#8220;date parisienne&#8221;.<span style=\"color: #ff0000; font-size: 1.125rem;\"><br \/><\/span>(Quels sont <b>les objectifs<\/b> de cette date dans le <b>d\u00e9veloppement de votre projet<\/b> musical : date de diffusion, recherche d&#8217;entourage professionnel, sortie d&#8217;album, captation de concert, date au sein de l&#8217;organisation d&#8217;une tourn\u00e9e,\u00a0recherche<br \/>de financement, campagne de crowfunding, etc&#8230;)<\/p><p>\u27a4 Il s\u2019agit par ailleurs de <b>sensibiliser de nouveaux publics<\/b> aux musiques et danses du monde ;<\/p><p>\u27a4 <b>Une premi\u00e8re partie<\/b> avec un <b>groupe amateur<\/b>\u00a0pourra avoir lieu <b>avant chacune des dates<\/b> de concerts.<\/p><\/div>\n\t\t\t\t<\/div>\n\t\t\t\t\t\t\t<div class=\"elementor-toggle-item\">\n\t\t\t\t\t<div id=\"elementor-tab-title-2582\" class=\"elementor-tab-title\" data-tab=\"2\" role=\"button\" aria-controls=\"elementor-tab-content-2582\" aria-expanded=\"false\">\n\t\t\t\t\t\t\t\t\t\t\t\t<span class=\"elementor-toggle-icon elementor-toggle-icon-left\" aria-hidden=\"true\">\n\t\t\t\t\t\t\t\t\t\t\t\t\t\t\t<span class=\"elementor-toggle-icon-closed\"><i class=\"fas fa-caret-right\"><\/i><\/span>\n\t\t\t\t\t\t\t\t<span class=\"elementor-toggle-icon-opened\"><i class=\"elementor-toggle-icon-opened fas fa-caret-up\"><\/i><\/span>\n\t\t\t\t\t\t\t\t\t\t\t\t\t<\/span>\n\t\t\t\t\t\t\t\t\t\t\t\t<a class=\"elementor-toggle-title\" tabindex=\"0\">LIEU ET DATES<\/a>\n\t\t\t\t\t<\/div>\n\n\t\t\t\t\t<div id=\"elementor-tab-content-2582\" class=\"elementor-tab-content elementor-clearfix\" data-tab=\"2\" role=\"region\" aria-labelledby=\"elementor-tab-title-2582\"><p>\u27a4 <b>La Sc\u00e8ne du Canal<\/b> : salle <b>r\u00e9nov\u00e9e<\/b> en 2021 avec <b>110 places assises<\/b> ou <b>220 debout<\/b> (116 Quai de Jemmapes 75010 Paris) ;<\/p>\n<p>\u27a4 Une <b>belle salle flambant neuve au c\u0153ur de Paris<\/b> dans un arrondissement tr\u00e8s vivant et riche d\u2019<b>associations culturelles<\/b> tr\u00e8s diverses ! Ne ratez pas cette occasion !<br>\ud83d\udcc5 <span style=\"color: #e44404;\"><b>Mercredi 20 mars 2024<\/b><\/span><br>\ud83d\udcc5 <span style=\"color: #e44404;\"><b>Jeudi 25 avril 2024<\/b><\/span><br>\ud83d\udcc5 <span style=\"color: #e44404;\"><b>Mercredi 22 mai 2024<\/b><\/span><\/p><\/div>\n\t\t\t\t<\/div>\n\t\t\t\t\t\t\t<div class=\"elementor-toggle-item\">\n\t\t\t\t\t<div id=\"elementor-tab-title-2583\" class=\"elementor-tab-title\" data-tab=\"3\" role=\"button\" aria-controls=\"elementor-tab-content-2583\" aria-expanded=\"false\">\n\t\t\t\t\t\t\t\t\t\t\t\t<span class=\"elementor-toggle-icon elementor-toggle-icon-left\" aria-hidden=\"true\">\n\t\t\t\t\t\t\t\t\t\t\t\t\t\t\t<span class=\"elementor-toggle-icon-closed\"><i class=\"fas fa-caret-right\"><\/i><\/span>\n\t\t\t\t\t\t\t\t<span class=\"elementor-toggle-icon-opened\"><i class=\"elementor-toggle-icon-opened fas fa-caret-up\"><\/i><\/span>\n\t\t\t\t\t\t\t\t\t\t\t\t\t<\/span>\n\t\t\t\t\t\t\t\t\t\t\t\t<a class=\"elementor-toggle-title\" tabindex=\"0\">CRIT\u00c8RES<\/a>\n\t\t\t\t\t<\/div>\n\n\t\t\t\t\t<div id=\"elementor-tab-content-2583\" class=\"elementor-tab-content elementor-clearfix\" data-tab=\"3\" role=\"region\" aria-labelledby=\"elementor-tab-title-2583\"><p>\u27a4 Le projet doit \u00eatre <b>port\u00e9 par une structure adh\u00e9rente<\/b> au Collectif des musiques du Monde en \u00cele-de-France (pour adh\u00e9rer, cliquez <span style=\"color: #e64402;\"><a style=\"color: #e64402;\" href=\"https:\/\/collectifmdm-idf.org\/adherer\/\"><b>ICI<\/b><\/a><\/span>) ;<\/p>\n<p>\u27a4 <b>Le spectacle<\/b> doit avoir \u00e9t\u00e9 <b>cr\u00e9\u00e9 dans les trois derni\u00e8res ann\u00e9es <\/b>;<\/p>\n<p>\u27a4 Il doit \u00eatre <b>accompagn\u00e9<\/b> par une <b>structure professionnelle <\/b>qui s&#8217;engage \u00e0 <b>s&#8217;impliquer<\/b> dans la <b>pr\u00e9paration<\/b> et la <b>communication<\/b> de la date ;&nbsp;<\/p>\n<p>\u27a4 <b>Les plateaux<\/b> propos\u00e9s ne pourront <b>pas exc\u00e9der quatre artistes<\/b> sur sc\u00e8ne ;<\/p>\n<p>\u27a4 Si vous disposez d\u2019une <b>note d\u2019intention artistique<\/b>, merci de la <b>joindre \u00e0 votre candidature ;<\/b><\/p>\n<p>\u27a4 Vous devrez <b>pr\u00e9ciser les coordonn\u00e9es<\/b> de la <b>structure porteuse<\/b> ;<\/p>\n<p>\u27a4 Pour \u00eatre <b>prise en compte<\/b>, la candidature devra \u00eatre <b>accompagn\u00e9e des documents de promotion<\/b> suivants :<br>o Liens vers des <b>fichiers audio<\/b> ;<br>o Liens vers des <b>fichiers vid\u00e9o<\/b> (site de l\u2019artiste, YouTube, Dailymotion ou autre&#8230;) ;<br>o Une<b> photo de qualit\u00e9 professionnelle<\/b> (300 DPI) ;<br>o Une <b>fiche technique<\/b> du projet.<\/p><\/div>\n\t\t\t\t<\/div>\n\t\t\t\t\t\t\t<div class=\"elementor-toggle-item\">\n\t\t\t\t\t<div id=\"elementor-tab-title-2584\" class=\"elementor-tab-title\" data-tab=\"4\" role=\"button\" aria-controls=\"elementor-tab-content-2584\" aria-expanded=\"false\">\n\t\t\t\t\t\t\t\t\t\t\t\t<span class=\"elementor-toggle-icon elementor-toggle-icon-left\" aria-hidden=\"true\">\n\t\t\t\t\t\t\t\t\t\t\t\t\t\t\t<span class=\"elementor-toggle-icon-closed\"><i class=\"fas fa-caret-right\"><\/i><\/span>\n\t\t\t\t\t\t\t\t<span class=\"elementor-toggle-icon-opened\"><i class=\"elementor-toggle-icon-opened fas fa-caret-up\"><\/i><\/span>\n\t\t\t\t\t\t\t\t\t\t\t\t\t<\/span>\n\t\t\t\t\t\t\t\t\t\t\t\t<a class=\"elementor-toggle-title\" tabindex=\"0\">CONDITIONS<\/a>\n\t\t\t\t\t<\/div>\n\n\t\t\t\t\t<div id=\"elementor-tab-content-2584\" class=\"elementor-tab-content elementor-clearfix\" data-tab=\"4\" role=\"region\" aria-labelledby=\"elementor-tab-title-2584\"><p>\u27a4 <b>L&#8217;organisateur<\/b> (le CRL10) prend en charge <b>un cachet par artiste<\/b> aux <b>minimas de la branche<\/b> et une <b>part de cor\u00e9alisation<\/b> c\u2019est-\u00e0-dire un <b>int\u00e9ressement sur la billetterie<\/b> ;<\/p><p>\u27a4 <b>L\u2019organisateur<\/b> (Le CRL10) prend en charge <b>le catering, les repas, les droits d\u2019auteurs et les co\u00fbts techniques<\/b> des projets concern\u00e9s ainsi que <b>l\u2019ensemble des salaires et charges<\/b> de ses personnels. L\u2019organisateur applique <b>la convention collective de l\u2019animation<\/b> ;<\/p><p>\u27a4 <b>La salle<\/b> est mise \u00e0 disposition <b>en \u00e9tat de marche<\/b> avec un <b>r\u00e9gisseur son et lumi\u00e8re\u00a0<\/b>;<\/p><p>\u27a4 <b>Le concert<\/b> ne devra <b>pas exc\u00e9der 1h10<\/b> ;<\/p><p>\u27a4 La salle : <b>110 places assises<\/b> ou <b>220 debout<\/b> ;<\/p><p>\u27a4 \u00c0 noter : la salle est tenue de <b>respecter un niveau sonore raisonnable<\/b> dans le <b>choix des projets artistiques<\/b> programm\u00e9s ;<\/p><p>\u27a4 <b>Communication<\/b> : chaque groupe a <b>la responsabilit\u00e9 de la communication<\/b> de la soir\u00e9e afin de <b>mobiliser son public<\/b>. Les <b>organisateurs<\/b> prennent en charge <b>une communication globale<\/b> du dispositif regroupant <b>les trois dates<\/b>. La <b>communication<\/b> des <b>organisateurs<\/b> intervient <b>en renfort<\/b>, mais <b>ne se substitue en aucun cas<\/b> \u00e0 la <b>communication<\/b> <b>cibl\u00e9e<\/b> qui doit \u00eatre <b>men\u00e9e par le groupe<\/b> programm\u00e9 ;<\/p><p>\u27a4 <b>Date limite<\/b> de d\u00e9p\u00f4t des candidatures : <span style=\"color: #e64402;\"><b>mardi 5 d\u00e9cembre \u00e0 midi<\/b><\/span> ;<\/p><p>\u27a4 Les <b>groupes retenus<\/b> acceptent de <b>consacrer un temps de travail d\u00e9di\u00e9<\/b>, avec le Collectif, sur <b>la strat\u00e9gie de communication<\/b> de la date, sur le th\u00e8me &#8220;<b>Quels objectifs<\/b> je donne \u00e0 cette <b>date parisienne<\/b> ? &#8221; ;<\/p><p>\u27a4 <b>La s\u00e9lection est assur\u00e9e par le CRL10<\/b>.<\/p><\/div>\n\t\t\t\t<\/div>\n\t\t\t\t\t\t\t<div class=\"elementor-toggle-item\">\n\t\t\t\t\t<div id=\"elementor-tab-title-2585\" class=\"elementor-tab-title\" data-tab=\"5\" role=\"button\" aria-controls=\"elementor-tab-content-2585\" aria-expanded=\"false\">\n\t\t\t\t\t\t\t\t\t\t\t\t<span class=\"elementor-toggle-icon elementor-toggle-icon-left\" aria-hidden=\"true\">\n\t\t\t\t\t\t\t\t\t\t\t\t\t\t\t<span class=\"elementor-toggle-icon-closed\"><i class=\"fas fa-caret-right\"><\/i><\/span>\n\t\t\t\t\t\t\t\t<span class=\"elementor-toggle-icon-opened\"><i class=\"elementor-toggle-icon-opened fas fa-caret-up\"><\/i><\/span>\n\t\t\t\t\t\t\t\t\t\t\t\t\t<\/span>\n\t\t\t\t\t\t\t\t\t\t\t\t<a class=\"elementor-toggle-title\" tabindex=\"0\">POUR CANDIDATER<\/a>\n\t\t\t\t\t<\/div>\n\n\t\t\t\t\t<div id=\"elementor-tab-content-2585\" class=\"elementor-tab-content elementor-clearfix\" data-tab=\"5\" role=\"region\" aria-labelledby=\"elementor-tab-title-2585\"><p>\u27a4<u> <b>L&#8217;appel \u00e0 candidature est cl\u00f4tur\u00e9<\/b><\/u>&nbsp;;<\/p>\n<p>\u27a4 Les <b>pi\u00e8ces jointes \u00e9ventuellement manquantes<\/b>&nbsp;sont \u00e0 envoyer \u00e0 <span style=\"color: #e64402;\"><b>collectifmdm@gmail.com<\/b><\/span>.<\/p><\/div>\n\t\t\t\t<\/div>\n\t\t\t\t\t\t\t\t<\/div>\n\t\t\t\t<\/div>\n\t\t\t\t<\/div>\n\t\t\t\t<div class=\"elementor-element elementor-element-2ecb9b6 elementor-widget elementor-widget-text-editor\" data-id=\"2ecb9b6\" data-element_type=\"widget\" data-widget_type=\"text-editor.default\">\n\t\t\t\t<div class=\"elementor-widget-container\">\n\t\t\t\t\t\t\t<p style=\"text-align: left;\"><span style=\"color: #000000;\">Nous vous remercions de votre participation ! <br \/>N&#8217;h\u00e9sitez pas \u00e0 <b>nous contacter<\/b> pour des compl\u00e9ments d&#8217;informations sur<br \/><span style=\"color: #e44404;\"><b><a style=\"color: #e44404;\" href=\"mailto:collectifmdm@gmail.com\">collectifmdm@gmail.com<\/a><\/b><\/span>.\u00a0<\/span><span style=\"color: #000000;\">\u00c0 bient\u00f4t !<\/span><\/p>\t\t\t\t\t\t<\/div>\n\t\t\t\t<\/div>\n\t\t\t\t\t<\/div>\n\t\t<\/div>\n\t\t\t\t\t<\/div>\n\t\t<\/section>\n\t\t\t\t<section class=\"elementor-section elementor-top-section elementor-element elementor-element-d802676 elementor-section-boxed elementor-section-height-default elementor-section-height-default\" data-id=\"d802676\" data-element_type=\"section\">\n\t\t\t\t\t\t<div class=\"elementor-container elementor-column-gap-default\">\n\t\t\t\t\t<div class=\"elementor-column elementor-col-100 elementor-top-column elementor-element elementor-element-160c693\" data-id=\"160c693\" data-element_type=\"column\">\n\t\t\t<div class=\"elementor-widget-wrap elementor-element-populated\">\n\t\t\t\t\t\t<div class=\"elementor-element elementor-element-875c896 elementor-widget elementor-widget-html\" data-id=\"875c896\" data-element_type=\"widget\" data-widget_type=\"html.default\">\n\t\t\t\t<div class=\"elementor-widget-container\">\n\t\t\t<iframe width=\"560\" height=\"315\" src=\"https:\/\/www.youtube.com\/embed\/VvhxQvUn8l0?si=Ri0TOcSWb73ZQU-f\" title=\"YouTube video player\" frameborder=\"0\" allow=\"accelerometer; autoplay; clipboard-write; encrypted-media; gyroscope; picture-in-picture; web-share\" allowfullscreen><\/iframe>\t\t<\/div>\n\t\t\t\t<\/div>\n\t\t\t\t\t<\/div>\n\t\t<\/div>\n\t\t\t\t\t<\/div>\n\t\t<\/section>\n\t\t\t\t<section class=\"elementor-section elementor-top-section elementor-element elementor-element-a6bb629 elementor-section-boxed elementor-section-height-default elementor-section-height-default\" data-id=\"a6bb629\" data-element_type=\"section\">\n\t\t\t\t\t\t<div class=\"elementor-container elementor-column-gap-default\">\n\t\t\t\t\t<div class=\"elementor-column elementor-col-100 elementor-top-column elementor-element elementor-element-68b5f31\" data-id=\"68b5f31\" data-element_type=\"column\">\n\t\t\t<div class=\"elementor-widget-wrap elementor-element-populated\">\n\t\t\t\t\t\t<div class=\"elementor-element elementor-element-178efc3 elementor-widget-divider--view-line elementor-widget elementor-widget-divider\" data-id=\"178efc3\" data-element_type=\"widget\" data-widget_type=\"divider.default\">\n\t\t\t\t<div class=\"elementor-widget-container\">\n\t\t\t\t\t<div class=\"elementor-divider\">\n\t\t\t<span class=\"elementor-divider-separator\">\n\t\t\t\t\t\t<\/span>\n\t\t<\/div>\n\t\t\t\t<\/div>\n\t\t\t\t<\/div>\n\t\t\t\t\t<\/div>\n\t\t<\/div>\n\t\t\t\t\t<\/div>\n\t\t<\/section>\n\t\t\t\t<section class=\"elementor-section elementor-top-section elementor-element elementor-element-6a1e068 elementor-section-boxed elementor-section-height-default elementor-section-height-default\" data-id=\"6a1e068\" data-element_type=\"section\">\n\t\t\t\t\t\t<div class=\"elementor-container elementor-column-gap-default\">\n\t\t\t\t\t<div class=\"elementor-column elementor-col-50 elementor-top-column elementor-element elementor-element-c6e81b5\" data-id=\"c6e81b5\" data-element_type=\"column\">\n\t\t\t<div class=\"elementor-widget-wrap elementor-element-populated\">\n\t\t\t\t\t\t<div class=\"elementor-element elementor-element-3689d93 elementor-widget elementor-widget-text-editor\" data-id=\"3689d93\" data-element_type=\"widget\" data-widget_type=\"text-editor.default\">\n\t\t\t\t<div class=\"elementor-widget-container\">\n\t\t\t\t\t\t\t<p style=\"text-align: center;\"><span style=\"color: #000000;\"><b>PROGRAMMATION DE <br \/>L&#8217;\u00c9DITION PR\u00c9C\u00c9DENTE<\/b><\/span><\/p>\t\t\t\t\t\t<\/div>\n\t\t\t\t<\/div>\n\t\t\t\t<div class=\"elementor-element elementor-element-4958a57 elementor-align-center elementor-widget elementor-widget-button\" data-id=\"4958a57\" data-element_type=\"widget\" data-widget_type=\"button.default\">\n\t\t\t\t<div class=\"elementor-widget-container\">\n\t\t\t\t\t\t\t<div class=\"elementor-button-wrapper\">\n\t\t\t\t\t<a class=\"elementor-button elementor-button-link elementor-size-sm\" href=\"https:\/\/collectifmdm-idf.org\/la-programmation-des-scenes-du-monde-au-canal\/\">\n\t\t\t\t\t\t<span class=\"elementor-button-content-wrapper\">\n\t\t\t\t\t\t\t\t\t<span class=\"elementor-button-text\">SAISON #1<\/span>\n\t\t\t\t\t<\/span>\n\t\t\t\t\t<\/a>\n\t\t\t\t<\/div>\n\t\t\t\t\t\t<\/div>\n\t\t\t\t<\/div>\n\t\t\t\t\t<\/div>\n\t\t<\/div>\n\t\t\t\t<div class=\"elementor-column elementor-col-50 elementor-top-column elementor-element elementor-element-bcc9f58\" data-id=\"bcc9f58\" data-element_type=\"column\">\n\t\t\t<div class=\"elementor-widget-wrap elementor-element-populated\">\n\t\t\t\t\t\t<div class=\"elementor-element elementor-element-5249394 elementor-widget elementor-widget-text-editor\" data-id=\"5249394\" data-element_type=\"widget\" data-widget_type=\"text-editor.default\">\n\t\t\t\t<div class=\"elementor-widget-container\">\n\t\t\t\t\t\t\t<p style=\"text-align: center;\"><span style=\"color: #000000;\"><b>RETOUR EN IMAGE<br>SAISON #1<\/b><\/span><\/p>\t\t\t\t\t\t<\/div>\n\t\t\t\t<\/div>\n\t\t\t\t<div class=\"elementor-element elementor-element-ae0a5e8 elementor-align-center elementor-widget elementor-widget-button\" data-id=\"ae0a5e8\" data-element_type=\"widget\" data-widget_type=\"button.default\">\n\t\t\t\t<div class=\"elementor-widget-container\">\n\t\t\t\t\t\t\t<div class=\"elementor-button-wrapper\">\n\t\t\t\t\t<a class=\"elementor-button elementor-button-link elementor-size-sm\" href=\"https:\/\/collectifmdm-idf.org\/galerie\/\">\n\t\t\t\t\t\t<span class=\"elementor-button-content-wrapper\">\n\t\t\t\t\t\t\t\t\t<span class=\"elementor-button-text\">GALERIE<\/span>\n\t\t\t\t\t<\/span>\n\t\t\t\t\t<\/a>\n\t\t\t\t<\/div>\n\t\t\t\t\t\t<\/div>\n\t\t\t\t<\/div>\n\t\t\t\t\t<\/div>\n\t\t<\/div>\n\t\t\t\t\t<\/div>\n\t\t<\/section>\n\t\t\t\t<section class=\"elementor-section elementor-top-section elementor-element elementor-element-4845787 elementor-section-boxed elementor-section-height-default elementor-section-height-default\" data-id=\"4845787\" data-element_type=\"section\">\n\t\t\t\t\t\t<div class=\"elementor-container elementor-column-gap-default\">\n\t\t\t\t\t<div class=\"elementor-column elementor-col-100 elementor-top-column elementor-element elementor-element-ee9eea5\" data-id=\"ee9eea5\" data-element_type=\"column\">\n\t\t\t<div class=\"elementor-widget-wrap elementor-element-populated\">\n\t\t\t\t\t\t<div class=\"elementor-element elementor-element-305edae elementor-widget elementor-widget-image\" data-id=\"305edae\" data-element_type=\"widget\" data-widget_type=\"image.default\">\n\t\t\t\t<div class=\"elementor-widget-container\">\n\t\t\t\t\t\t\t\t\t\t\t\t\t\t<a href=\"https:\/\/collectifmdm-idf.org\/la-programmation-des-scenes-du-monde-au-canal\/\">\n\t\t\t\t\t\t\t<img decoding=\"async\" width=\"640\" height=\"235\" src=\"https:\/\/collectifmdm-idf.org\/annuaire5\/wp-content\/uploads\/2023\/11\/banniere_saison1.jpg\" class=\"attachment-large size-large wp-image-12553\" alt=\"Retour sur la 1\u00e8re \u00e9dition des Sc\u00e8nes du Monde au Canal, une programmation musiques et danses du monde \u00e0 la Sc\u00e8ne du Canal - Espace Jemmapes.\" srcset=\"https:\/\/collectifmdm-idf.org\/annuaire5\/wp-content\/uploads\/2023\/11\/banniere_saison1.jpg 980w, https:\/\/collectifmdm-idf.org\/annuaire5\/wp-content\/uploads\/2023\/11\/banniere_saison1-300x110.jpg 300w, https:\/\/collectifmdm-idf.org\/annuaire5\/wp-content\/uploads\/2023\/11\/banniere_saison1-768x282.jpg 768w\" sizes=\"(max-width: 640px) 100vw, 640px\" title=\"\" \/>\t\t\t\t\t\t\t\t<\/a>\n\t\t\t\t\t\t\t\t\t\t\t\t\t<\/div>\n\t\t\t\t<\/div>\n\t\t\t\t\t<\/div>\n\t\t<\/div>\n\t\t\t\t\t<\/div>\n\t\t<\/section>\n\t\t\t\t<\/div>\n\t\t","protected":false},"excerpt":{"rendered":"<p>APPEL \u00c0 CANDIDATURE CL\u00d4TUR\u00c9 ! Du mardi 21 novembre au\u00a0lundi 11 d\u00e9cembre Artistes, musicien\u00b7ne\u00b7s, chanteurs\u00b7euses, danseurs\u00b7euses&nbsp;:3 dates entre mars et mai 2024&nbsp;pour pr\u00e9senter votre projet au c\u0153ur de Paris !(Modalit\u00e9s d&#8217;inscription dans la section &#8220;pour candidater&#8220;) OBJECTIFS \u27a4 Le CRL10, adh\u00e9rent du<\/p>\n<p class=\"link-more\"><a class=\"myButt \" href=\"https:\/\/collectifmdm-idf.org\/annuaire5\/appel-a-candidatures-scenes-du-monde-au-canal-2\/\">EN SAVOIR +<\/a><\/p>\n","protected":false},"author":1,"featured_media":0,"comment_status":"open","ping_status":"open","sticky":false,"template":"elementor_header_footer","format":"standard","meta":{"_rtcl_gb_attr":"","footnotes":""},"categories":[37,7,104,1,129,88,89],"tags":[],"class_list":["post-12544","post","type-post","status-publish","format-standard","hentry","category-appel-a-candidatures","category-concert","category-musiques-du-monde-au-canal","category-non-classe","category-scenes-du-monde-au-canal","category-spectacle-acoustique-collectif-en-tournee-3","category-spectacle-sonorise-collectif-en-tournee-3"],"_links":{"self":[{"href":"https:\/\/collectifmdm-idf.org\/annuaire5\/wp-json\/wp\/v2\/posts\/12544","targetHints":{"allow":["GET"]}}],"collection":[{"href":"https:\/\/collectifmdm-idf.org\/annuaire5\/wp-json\/wp\/v2\/posts"}],"about":[{"href":"https:\/\/collectifmdm-idf.org\/annuaire5\/wp-json\/wp\/v2\/types\/post"}],"author":[{"embeddable":true,"href":"https:\/\/collectifmdm-idf.org\/annuaire5\/wp-json\/wp\/v2\/users\/1"}],"replies":[{"embeddable":true,"href":"https:\/\/collectifmdm-idf.org\/annuaire5\/wp-json\/wp\/v2\/comments?post=12544"}],"version-history":[{"count":4,"href":"https:\/\/collectifmdm-idf.org\/annuaire5\/wp-json\/wp\/v2\/posts\/12544\/revisions"}],"predecessor-version":[{"id":14975,"href":"https:\/\/collectifmdm-idf.org\/annuaire5\/wp-json\/wp\/v2\/posts\/12544\/revisions\/14975"}],"wp:attachment":[{"href":"https:\/\/collectifmdm-idf.org\/annuaire5\/wp-json\/wp\/v2\/media?parent=12544"}],"wp:term":[{"taxonomy":"category","embeddable":true,"href":"https:\/\/collectifmdm-idf.org\/annuaire5\/wp-json\/wp\/v2\/categories?post=12544"},{"taxonomy":"post_tag","embeddable":true,"href":"https:\/\/collectifmdm-idf.org\/annuaire5\/wp-json\/wp\/v2\/tags?post=12544"}],"curies":[{"name":"wp","href":"https:\/\/api.w.org\/{rel}","templated":true}]}}