{"id":12485,"date":"2023-11-10T13:10:20","date_gmt":"2023-11-10T12:10:20","guid":{"rendered":"https:\/\/collectifmdm-idf.org\/?p=12485"},"modified":"2024-07-31T13:52:15","modified_gmt":"2024-07-31T11:52:15","slug":"venez-nous-rencontrer-a-la-jimi","status":"publish","type":"post","link":"https:\/\/collectifmdm-idf.org\/annuaire5\/venez-nous-rencontrer-a-la-jimi\/","title":{"rendered":"Venez nous rencontrer \u00e0 La JIMI"},"content":{"rendered":"\t\t<div data-elementor-type=\"wp-post\" data-elementor-id=\"12485\" class=\"elementor elementor-12485\">\n\t\t\t\t\t\t<section class=\"elementor-section elementor-top-section elementor-element elementor-element-d339a55 elementor-section-boxed elementor-section-height-default elementor-section-height-default\" data-id=\"d339a55\" data-element_type=\"section\">\n\t\t\t\t\t\t<div class=\"elementor-container elementor-column-gap-default\">\n\t\t\t\t\t<div class=\"elementor-column elementor-col-100 elementor-top-column elementor-element elementor-element-65cdcb5\" data-id=\"65cdcb5\" data-element_type=\"column\">\n\t\t\t<div class=\"elementor-widget-wrap elementor-element-populated\">\n\t\t\t\t\t\t<div class=\"elementor-element elementor-element-937471c elementor-widget elementor-widget-image\" data-id=\"937471c\" data-element_type=\"widget\" data-widget_type=\"image.default\">\n\t\t\t\t<div class=\"elementor-widget-container\">\n\t\t\t\t\t\t\t\t\t\t\t\t\t<img fetchpriority=\"high\" decoding=\"async\" width=\"640\" height=\"124\" src=\"https:\/\/collectifmdm-idf.org\/annuaire5\/wp-content\/uploads\/2023\/11\/bandeau-salon-1024x199.jpg\" class=\"attachment-large size-large wp-image-12483\" alt=\"\" srcset=\"https:\/\/collectifmdm-idf.org\/annuaire5\/wp-content\/uploads\/2023\/11\/bandeau-salon-1024x199.jpg 1024w, https:\/\/collectifmdm-idf.org\/annuaire5\/wp-content\/uploads\/2023\/11\/bandeau-salon-300x58.jpg 300w, https:\/\/collectifmdm-idf.org\/annuaire5\/wp-content\/uploads\/2023\/11\/bandeau-salon-768x149.jpg 768w, https:\/\/collectifmdm-idf.org\/annuaire5\/wp-content\/uploads\/2023\/11\/bandeau-salon-1536x299.jpg 1536w, https:\/\/collectifmdm-idf.org\/annuaire5\/wp-content\/uploads\/2023\/11\/bandeau-salon.jpg 1800w\" sizes=\"(max-width: 640px) 100vw, 640px\" title=\"\" \/>\t\t\t\t\t\t\t\t\t\t\t\t\t<\/div>\n\t\t\t\t<\/div>\n\t\t\t\t\t<\/div>\n\t\t<\/div>\n\t\t\t\t\t<\/div>\n\t\t<\/section>\n\t\t\t\t<section class=\"elementor-section elementor-top-section elementor-element elementor-element-c723f58 elementor-section-boxed elementor-section-height-default elementor-section-height-default\" data-id=\"c723f58\" data-element_type=\"section\">\n\t\t\t\t\t\t<div class=\"elementor-container elementor-column-gap-default\">\n\t\t\t\t\t<div class=\"elementor-column elementor-col-50 elementor-top-column elementor-element elementor-element-22ddffa\" data-id=\"22ddffa\" data-element_type=\"column\">\n\t\t\t<div class=\"elementor-widget-wrap elementor-element-populated\">\n\t\t\t\t\t\t<div class=\"elementor-element elementor-element-4035821 elementor-widget elementor-widget-text-editor\" data-id=\"4035821\" data-element_type=\"widget\" data-widget_type=\"text-editor.default\">\n\t\t\t\t<div class=\"elementor-widget-container\">\n\t\t\t\t\t\t\t<p><strong><span style=\"color: #000000;\">Le Collectif MDM IdF sera pr\u00e9sent la <span style=\"color: #de502a;\"><a style=\"color: #de502a;\" href=\"https:\/\/jimifestivaldemarne.org\/salon\/\" target=\"_blank\" rel=\"noopener\">Journ\u00e9e des Initiatives Musicales Ind\u00e9pendantes<\/a><\/span> (JIMI), dans le cadre du Festival de Marne, le samedi 18 novembre.<\/span><\/strong><\/p>\t\t\t\t\t\t<\/div>\n\t\t\t\t<\/div>\n\t\t\t\t<div class=\"elementor-element elementor-element-71ab80c elementor-widget elementor-widget-text-editor\" data-id=\"71ab80c\" data-element_type=\"widget\" data-widget_type=\"text-editor.default\">\n\t\t\t\t<div class=\"elementor-widget-container\">\n\t\t\t\t\t\t\t<p class=\"text-build-content\" data-testid=\"6S86CAMcDxv4YY2FNE1hc\"><span style=\"color: #000000;\">Venez nous rencontrer le <b>samedi 18 novembre<\/b> au rendez-vous des ind\u00e9pendants et de l&#8217;autoproduction La JIMI !<\/span><\/p>\n<p class=\"text-build-content\" data-testid=\"6S86CAMcDxv4YY2FNE1hc\"><span style=\"color: #000000;\">Retrouvez nous \u00e0 l&#8217;<b>H\u00f4tel de ville<\/b> d&#8217;Ivry-sur-Seine (94) &#8211; Esp. Georges Marrane<\/span><\/p>\n<p class=\"text-build-content\" data-testid=\"6S86CAMcDxv4YY2FNE1hc\"><span style=\"color: #000000;\">N&#8217;h\u00e9sitez pas \u00e0 nous contacter par mail \u00e0 <b>collectifmdm@gmail.com<\/b> ou par <b>message sur les r\u00e9seaux<\/b> pour programmer nos <b>futurs moments d&#8217;\u00e9changes et de partage<\/b>.<\/span><\/p>\t\t\t\t\t\t<\/div>\n\t\t\t\t<\/div>\n\t\t\t\t<div class=\"elementor-element elementor-element-a92bc5c elementor-shape-circle elementor-grid-0 e-grid-align-center elementor-widget elementor-widget-social-icons\" data-id=\"a92bc5c\" data-element_type=\"widget\" data-widget_type=\"social-icons.default\">\n\t\t\t\t<div class=\"elementor-widget-container\">\n\t\t\t\t\t<div class=\"elementor-social-icons-wrapper elementor-grid\">\n\t\t\t\t\t\t\t<span class=\"elementor-grid-item\">\n\t\t\t\t\t<a class=\"elementor-icon elementor-social-icon elementor-social-icon-facebook elementor-repeater-item-49f8260\" href=\"https:\/\/www.facebook.com\/MDMIdF\/\" target=\"_blank\">\n\t\t\t\t\t\t<span class=\"elementor-screen-only\">Facebook<\/span>\n\t\t\t\t\t\t<i class=\"fab fa-facebook\"><\/i>\t\t\t\t\t<\/a>\n\t\t\t\t<\/span>\n\t\t\t\t\t\t\t<span class=\"elementor-grid-item\">\n\t\t\t\t\t<a class=\"elementor-icon elementor-social-icon elementor-social-icon-instagram elementor-repeater-item-1f66999\" href=\"https:\/\/www.instagram.com\/collectif_mdm_idf\/\" target=\"_blank\">\n\t\t\t\t\t\t<span class=\"elementor-screen-only\">Instagram<\/span>\n\t\t\t\t\t\t<i class=\"fab fa-instagram\"><\/i>\t\t\t\t\t<\/a>\n\t\t\t\t<\/span>\n\t\t\t\t\t\t\t<span class=\"elementor-grid-item\">\n\t\t\t\t\t<a class=\"elementor-icon elementor-social-icon elementor-social-icon-envelope elementor-repeater-item-bc510a0\" href=\"mailto:collectifmdm@gmail.com\" target=\"_blank\">\n\t\t\t\t\t\t<span class=\"elementor-screen-only\">Envelope<\/span>\n\t\t\t\t\t\t<i class=\"fas fa-envelope\"><\/i>\t\t\t\t\t<\/a>\n\t\t\t\t<\/span>\n\t\t\t\t\t<\/div>\n\t\t\t\t<\/div>\n\t\t\t\t<\/div>\n\t\t\t\t\t<\/div>\n\t\t<\/div>\n\t\t\t\t<div class=\"elementor-column elementor-col-50 elementor-top-column elementor-element elementor-element-a4e7cef\" data-id=\"a4e7cef\" data-element_type=\"column\">\n\t\t\t<div class=\"elementor-widget-wrap elementor-element-populated\">\n\t\t\t\t\t\t<div class=\"elementor-element elementor-element-fb0468b elementor-widget elementor-widget-video\" data-id=\"fb0468b\" data-element_type=\"widget\" data-settings=\"{&quot;video_type&quot;:&quot;hosted&quot;,&quot;autoplay&quot;:&quot;yes&quot;,&quot;mute&quot;:&quot;yes&quot;,&quot;controls&quot;:&quot;yes&quot;}\" data-widget_type=\"video.default\">\n\t\t\t\t<div class=\"elementor-widget-container\">\n\t\t\t\t\t<div class=\"e-hosted-video elementor-wrapper elementor-open-inline\">\n\t\t\t\t\t<video class=\"elementor-video\" src=\"https:\/\/collectifmdm-idf.org\/wp-content\/uploads\/2023\/11\/04-jimi-teaser-vertical_pGqCkxis.mp4\" autoplay=\"\" controls=\"\" muted=\"muted\" controlsList=\"nodownload\"><\/video>\n\t\t\t\t<\/div>\n\t\t\t\t<\/div>\n\t\t\t\t<\/div>\n\t\t\t\t\t<\/div>\n\t\t<\/div>\n\t\t\t\t\t<\/div>\n\t\t<\/section>\n\t\t\t\t<\/div>\n\t\t","protected":false},"excerpt":{"rendered":"<p>Le Collectif MDM IdF sera pr\u00e9sent la Journ\u00e9e des Initiatives Musicales Ind\u00e9pendantes (JIMI), dans le cadre du Festival de Marne, le samedi 18 novembre. Venez nous rencontrer le samedi 18 novembre au rendez-vous des ind\u00e9pendants et de l&#8217;autoproduction La JIMI ! Retrouvez<\/p>\n<p class=\"link-more\"><a class=\"myButt \" href=\"https:\/\/collectifmdm-idf.org\/annuaire5\/venez-nous-rencontrer-a-la-jimi\/\">EN SAVOIR +<\/a><\/p>\n","protected":false},"author":1,"featured_media":0,"comment_status":"open","ping_status":"open","sticky":false,"template":"elementor_header_footer","format":"standard","meta":{"_rtcl_gb_attr":"","footnotes":""},"categories":[14,16,6,1,9],"tags":[],"class_list":["post-12485","post","type-post","status-publish","format-standard","hentry","category-entretien","category-exposition","category-festival","category-non-classe","category-rencontres"],"_links":{"self":[{"href":"https:\/\/collectifmdm-idf.org\/annuaire5\/wp-json\/wp\/v2\/posts\/12485","targetHints":{"allow":["GET"]}}],"collection":[{"href":"https:\/\/collectifmdm-idf.org\/annuaire5\/wp-json\/wp\/v2\/posts"}],"about":[{"href":"https:\/\/collectifmdm-idf.org\/annuaire5\/wp-json\/wp\/v2\/types\/post"}],"author":[{"embeddable":true,"href":"https:\/\/collectifmdm-idf.org\/annuaire5\/wp-json\/wp\/v2\/users\/1"}],"replies":[{"embeddable":true,"href":"https:\/\/collectifmdm-idf.org\/annuaire5\/wp-json\/wp\/v2\/comments?post=12485"}],"version-history":[{"count":3,"href":"https:\/\/collectifmdm-idf.org\/annuaire5\/wp-json\/wp\/v2\/posts\/12485\/revisions"}],"predecessor-version":[{"id":15471,"href":"https:\/\/collectifmdm-idf.org\/annuaire5\/wp-json\/wp\/v2\/posts\/12485\/revisions\/15471"}],"wp:attachment":[{"href":"https:\/\/collectifmdm-idf.org\/annuaire5\/wp-json\/wp\/v2\/media?parent=12485"}],"wp:term":[{"taxonomy":"category","embeddable":true,"href":"https:\/\/collectifmdm-idf.org\/annuaire5\/wp-json\/wp\/v2\/categories?post=12485"},{"taxonomy":"post_tag","embeddable":true,"href":"https:\/\/collectifmdm-idf.org\/annuaire5\/wp-json\/wp\/v2\/tags?post=12485"}],"curies":[{"name":"wp","href":"https:\/\/api.w.org\/{rel}","templated":true}]}}