{"id":1242,"date":"2020-11-22T15:32:15","date_gmt":"2020-11-22T14:32:15","guid":{"rendered":"http:\/\/collectifmdm-idf.org\/?p=1242"},"modified":"2021-01-29T23:57:41","modified_gmt":"2021-01-29T22:57:41","slug":"playlist-du-collectif-mdm-idf-n2-novembre-2020-autour-du-monde-a-travers-la-musique-et-la-danse-par-isabelle-anna-du-centre-mandapa","status":"publish","type":"post","link":"https:\/\/collectifmdm-idf.org\/annuaire5\/playlist-du-collectif-mdm-idf-n2-novembre-2020-autour-du-monde-a-travers-la-musique-et-la-danse-par-isabelle-anna-du-centre-mandapa\/","title":{"rendered":"Playlist du Collectif MDM IdF n\u00b02 \u2013 Novembre 2020 \u2013 Autour du monde \u00e0 travers la musique et la danse &#8211; par Isabelle ANNA, du Centre MANDAPA"},"content":{"rendered":"\n<h2 class=\"wp-block-heading\"><\/h2>\n\n\n\n<h2 class=\"wp-block-heading\"><\/h2>\n\n\n\n<p class=\"has-medium-font-size\">Deuxi\u00e8me Playlist du Collectif MDM IdF, avec, ce mois-ci,  les choix <strong>d&#8217;Isabelle Anna<\/strong>, du <strong><a href=\"https:\/\/www.centre-mandapa.fr\/\" target=\"_blank\" rel=\"noreferrer noopener\">Centre MANDAPA<\/a><\/strong> \u00e0 Paris.<\/p>\n\n\n\n<h2 class=\"has-text-align-center has-luminous-vivid-amber-color has-text-color wp-block-heading\">&#8212;&#8211;<\/h2>\n\n\n\n<p class=\"has-medium-font-size\"><em>&#8220;Le MANDAPA vous invite \u00e0 un voyage autour du monde \u00e0 travers la musique et la danse.<\/em>&#8220;<\/p>\n\n\n\n<p class=\"has-text-align-right has-medium-font-size\">Isabelle ANNA<\/p>\n\n\n\n<p class=\"has-text-align-center has-luminous-vivid-amber-color has-text-color has-medium-font-size\"><strong>&#8212;&#8212;<\/strong><\/p>\n\n\n\n<h2 class=\"wp-block-heading\">La playlist (titres encha\u00een\u00e9s) :<\/h2>\n\n\n\n<p><\/p><center><p><\/p>\n<p><iframe src=\"https:\/\/www.youtube.com\/embed\/videoseries?list=PLKtoMQHaKf3emQ1E2MMLDWRp68RbMSq4C\" width=\"560\" height=\"315\" frameborder=\"0\" allowfullscreen=\"allowfullscreen\"><\/iframe><\/p>\n<p><\/p><\/center><p><\/p><\/p>\n\n\n\n<h2 class=\"wp-block-heading\"><\/h2>\n\n\n\n<p class=\"has-text-align-center has-luminous-vivid-amber-color has-text-color has-medium-font-size\"><strong>&#8212;&#8211;<\/strong><\/p>\n\n\n\n<h2 class=\"wp-block-heading\">Les douze titres de la playlist :<\/h2>\n\n\n\n<h2 class=\"wp-block-heading\"><\/h2>\n\n\n\n<p class=\"has-medium-font-size\">&#8220;<em>Ces  trois premiers extraits rendent hommage \u00e0 quelques grands artistes que nous avons eu le privil\u00e8ge d&#8217;accueillir au <strong>Mandapa <\/strong>et qui nous ont quitt\u00e9s.&#8221;<\/em>  <\/p>\n\n\n\n<p class=\"has-text-align-right has-medium-font-size\">Isabelle ANNA<\/p>\n\n\n\n<h6 class=\"wp-block-heading\"><strong>1. Les Fr\u00e8res Dagar<\/strong><\/h6>\n\n\n\n<p class=\"has-medium-font-size\"><em>Descendants d\u2019une longue dynastie de chanteurs l\u00e9gendaires, les Fr\u00e8res Dagar ont contribu\u00e9 \u00e0 immortaliser le chant Dhrupad et \u00e0 l\u2019introduire dans l\u2019univers musical de l\u2019occident.<\/em><\/p>\n\n\n\n<figure class=\"wp-block-embed is-type-video is-provider-youtube wp-block-embed-youtube wp-embed-aspect-4-3 wp-has-aspect-ratio\"><div class=\"wp-block-embed__wrapper\">\n<div class=\"responsive-container\"><iframe title=\"Dagar Brothers - Raga Malkauns (Pseudo Video)\" width=\"640\" height=\"480\" src=\"https:\/\/www.youtube.com\/embed\/OMJcP7oUCrY?feature=oembed\" frameborder=\"0\" allow=\"accelerometer; autoplay; clipboard-write; encrypted-media; gyroscope; picture-in-picture; web-share\" referrerpolicy=\"strict-origin-when-cross-origin\" allowfullscreen><\/iframe><\/div>\n<\/div><\/figure>\n\n\n\n<h2 class=\"wp-block-heading\"><\/h2>\n\n\n\n<h6 class=\"wp-block-heading\"><strong>2. Kelucharan Mohapatra <\/strong><\/h6>\n\n\n\n<p class=\"has-medium-font-size\"><em>L\u2019un des plus grands ma\u00eetres de ce style de danse de la province de l\u2019Orissa, dans l\u2019est de l\u2019Inde, dans un po\u00e8me lyrique d\u00e9votionnel o\u00f9 Krishna exprime son amour pour Radha.<\/em><\/p>\n\n\n\n<figure class=\"wp-block-embed is-type-video is-provider-youtube wp-block-embed-youtube wp-embed-aspect-16-9 wp-has-aspect-ratio\"><div class=\"wp-block-embed__wrapper\">\n<div class=\"responsive-container\"><iframe title=\"Guru Kelucharan Mohapatra - Priye Charusheele Ashtapadi Geet Govinda by Jayadeva\" width=\"640\" height=\"360\" src=\"https:\/\/www.youtube.com\/embed\/adqVH5qvGOo?feature=oembed\" frameborder=\"0\" allow=\"accelerometer; autoplay; clipboard-write; encrypted-media; gyroscope; picture-in-picture; web-share\" referrerpolicy=\"strict-origin-when-cross-origin\" allowfullscreen><\/iframe><\/div>\n<\/div><\/figure>\n\n\n\n<h2 class=\"wp-block-heading\"><\/h2>\n\n\n\n<h6 class=\"wp-block-heading\"><strong>3. Documentaire sur Rohini Bhate (trailer)<\/strong><\/h6>\n\n\n\n<p class=\"has-text-align-left has-medium-font-size\"><em>&#8220;Cet extrait me permet de mentionner la danse Kathak, et aussi ma rencontre avec cette grande dame du Kathak, qui n&#8217;a pas \u00e9t\u00e9 mon ma\u00eetre mais aupr\u00e8s de qui j&#8217;ai pu travailler plus particuli\u00e8rement sur les sentiments et les expressions du visage. Ce documentaire r\u00e9alis\u00e9 par une autre danseuse qui \u00e9tait son \u00e9l\u00e8ve directe montre aussi la force d&#8217;une femme, danseuse et divorc\u00e9e, qui a consacr\u00e9 sa vie \u00e0 la danse, dans la soci\u00e9t\u00e9 indienne du 20\u00e8 si\u00e8cle.&#8221; <\/em>       Isabelle Anna.<\/p>\n\n\n\n<figure class=\"wp-block-embed is-type-video is-provider-youtube wp-block-embed-youtube wp-embed-aspect-4-3 wp-has-aspect-ratio\"><div class=\"wp-block-embed__wrapper\">\n<div class=\"responsive-container\"><iframe title=\"Kathak Dance Trailer.mpg\" width=\"640\" height=\"480\" src=\"https:\/\/www.youtube.com\/embed\/YRekXhaZyTs?feature=oembed\" frameborder=\"0\" allow=\"accelerometer; autoplay; clipboard-write; encrypted-media; gyroscope; picture-in-picture; web-share\" referrerpolicy=\"strict-origin-when-cross-origin\" allowfullscreen><\/iframe><\/div>\n<\/div><\/figure>\n\n\n\n<hr class=\"wp-block-separator has-text-color has-background has-luminous-vivid-amber-background-color has-luminous-vivid-amber-color is-style-wide\"\/>\n\n\n\n<p class=\"has-medium-font-size\"><br>&#8220;<em>Les extraits suivant ont \u00e9t\u00e9 choisis parmi des spectacles pr\u00e9sent\u00e9s au cours de ces vingt derni\u00e8res ann\u00e9es, et sont un aper\u00e7u de la diversit\u00e9 de la programmation du <strong>Mandapa<\/strong>. Regards et \u00e9coutes \u00e9clectiques sont propos\u00e9s &nbsp;sur l\u2019Inde et ses traditions r\u00e9gionales, le Vietnam, la Gr\u00e8ce, l\u2019Afrique de l\u2019Ouest, l\u2019Indon\u00e9sie, la Mongolie, la Chine, les Andes, \u2026 avec quelques incursions dans le monde contemporain.<\/em>&#8220;<\/p>\n\n\n\n<p class=\"has-text-align-right has-medium-font-size\">Isabelle ANNA<\/p>\n\n\n\n<h2 class=\"wp-block-heading\"><\/h2>\n\n\n\n<h6 class=\"has-medium-font-size wp-block-heading\"><strong>4. Inauguration Passeport pour le Vietnam 2018 (septembre 2018, Mandapa)<\/strong><\/h6>\n\n\n\n<figure class=\"wp-block-embed is-type-video is-provider-youtube wp-block-embed-youtube wp-embed-aspect-16-9 wp-has-aspect-ratio\"><div class=\"wp-block-embed__wrapper\">\n<div class=\"responsive-container\"><iframe title=\"Inauguration du &quot;Passeport pour le Vietnam&quot;\" width=\"640\" height=\"360\" src=\"https:\/\/www.youtube.com\/embed\/NRubIepefes?feature=oembed\" frameborder=\"0\" allow=\"accelerometer; autoplay; clipboard-write; encrypted-media; gyroscope; picture-in-picture; web-share\" referrerpolicy=\"strict-origin-when-cross-origin\" allowfullscreen><\/iframe><\/div>\n<\/div><\/figure>\n\n\n\n<h2 class=\"wp-block-heading\"><\/h2>\n\n\n\n<h2 class=\"wp-block-heading\"><\/h2>\n\n\n\n<h6 class=\"wp-block-heading\"><strong>5. Chant diphonique duo Alexandre Arkhincheev &amp; Mandaakhjargaal (Juin 2016, Mandapa)<\/strong><\/h6>\n\n\n\n<p class=\"has-medium-font-size\"><em>Le chant diphonique, ou chant de gorge, est un tr\u00e9sor vocal propre \u00e0 la Mongolie.<\/em><\/p>\n\n\n\n<figure class=\"wp-block-embed is-type-video is-provider-youtube wp-block-embed-youtube wp-embed-aspect-16-9 wp-has-aspect-ratio\"><div class=\"wp-block-embed__wrapper\">\n<div class=\"responsive-container\"><iframe title=\"Chant diphonique duo Alexandre Arkhincheev &amp; Mandaakhjargaal\" width=\"640\" height=\"360\" src=\"https:\/\/www.youtube.com\/embed\/V2LfeVbrsgU?feature=oembed\" frameborder=\"0\" allow=\"accelerometer; autoplay; clipboard-write; encrypted-media; gyroscope; picture-in-picture; web-share\" referrerpolicy=\"strict-origin-when-cross-origin\" allowfullscreen><\/iframe><\/div>\n<\/div><\/figure>\n\n\n\n<h2 class=\"wp-block-heading\"><\/h2>\n\n\n\n<h6 class=\"wp-block-heading\"><strong>6. Kadek Puspasari, teaser &#8220;M\u00e9tro B.&#8221; (Journ\u00e9e Internationale de la Danse, Mandapa 2012)<\/strong><\/h6>\n\n\n\n<p><em>La danseuse Kadek Puspasari donne \u00e0 ses interpr\u00e9tations des danses traditionnelles cette touche de modernit\u00e9 qui fait oublier leur anciennet\u00e9.<\/em><\/p>\n\n\n\n<figure class=\"wp-block-embed is-type-video is-provider-youtube wp-block-embed-youtube wp-embed-aspect-4-3 wp-has-aspect-ratio\"><div class=\"wp-block-embed__wrapper\">\n<div class=\"responsive-container\"><iframe title=\"Metro B. (teaser)\" width=\"640\" height=\"480\" src=\"https:\/\/www.youtube.com\/embed\/1K8KIMv5SWQ?feature=oembed\" frameborder=\"0\" allow=\"accelerometer; autoplay; clipboard-write; encrypted-media; gyroscope; picture-in-picture; web-share\" referrerpolicy=\"strict-origin-when-cross-origin\" allowfullscreen><\/iframe><\/div>\n<\/div><\/figure>\n\n\n\n<h2 class=\"wp-block-heading\"><\/h2>\n\n\n\n<h2 class=\"wp-block-heading\"><\/h2>\n\n\n\n<h6 class=\"wp-block-heading\"><strong>7. Les Fr\u00e8res Shankar au Shehnai, Festival Oboe (F\u00e9vrier 2012, Mandapa)<\/strong><\/h6>\n\n\n\n<p><em>Devenus de c\u00e9l\u00e8bres duettistes, les Fr\u00e8res Shankar&nbsp;ont donn\u00e9 au Shehnai, hautbois indien souvent accompagnateur, le statut d\u2019un instrument de soliste. Le Festival Oboe fait la promotion des instruments \u00e0 anche.<\/em><\/p>\n\n\n\n<figure class=\"wp-block-embed is-type-video is-provider-youtube wp-block-embed-youtube wp-embed-aspect-16-9 wp-has-aspect-ratio\"><div class=\"wp-block-embed__wrapper\">\n<div class=\"responsive-container\"><iframe title=\"The Shankar brothers live at Centre Mandapa\" width=\"640\" height=\"360\" src=\"https:\/\/www.youtube.com\/embed\/ZHh3kmgC_-o?feature=oembed\" frameborder=\"0\" allow=\"accelerometer; autoplay; clipboard-write; encrypted-media; gyroscope; picture-in-picture; web-share\" referrerpolicy=\"strict-origin-when-cross-origin\" allowfullscreen><\/iframe><\/div>\n<\/div><\/figure>\n\n\n\n<h2 class=\"wp-block-heading\"><\/h2>\n\n\n\n<h6 class=\"wp-block-heading\"><strong>8. Marie-Th\u00e9r\u00e8se Latuner Dess(e)ins transport\u00e9s avec Sajeev Purushothama, performance dessin\/danse (Festival Chor&#8217;Ex Echos, Novembre 2009, Mandapa)<\/strong><\/h6>\n\n\n\n<p class=\"has-medium-font-size\"><em>Une \u00e9trange chor\u00e9graphie o\u00f9 un danseur indien et une graphiste, associent leurs mouvements dessin\u00e9s dans l\u2019espace et au sol.<\/em><\/p>\n\n\n\n<figure class=\"wp-block-embed is-type-video is-provider-youtube wp-block-embed-youtube wp-embed-aspect-4-3 wp-has-aspect-ratio\"><div class=\"wp-block-embed__wrapper\">\n<div class=\"responsive-container\"><iframe title=\"Marie-Th\u00e9r\u00e8se Latuner Dess(e)ins transport\u00e9s avec Sajeev Purushothama, performance dessin\/danse\" width=\"640\" height=\"480\" src=\"https:\/\/www.youtube.com\/embed\/c0MGrabl3ow?feature=oembed\" frameborder=\"0\" allow=\"accelerometer; autoplay; clipboard-write; encrypted-media; gyroscope; picture-in-picture; web-share\" referrerpolicy=\"strict-origin-when-cross-origin\" allowfullscreen><\/iframe><\/div>\n<\/div><\/figure>\n\n\n\n<h2 class=\"wp-block-heading\"><\/h2>\n\n\n\n<h6 class=\"wp-block-heading\"><strong>9. Subhan Ahmed Nizami Qawwali (d\u00e9c 2012, Mandapa)<\/strong><\/h6>\n\n\n\n<p class=\"has-medium-font-size\"><em>Cet art du chant indo-pakistanais a conquis tous les auditoires par ses m\u00e9lop\u00e9es et vocalises proches de l\u2019extase.<\/em><\/p>\n\n\n\n<figure class=\"wp-block-embed is-type-video is-provider-youtube wp-block-embed-youtube wp-embed-aspect-16-9 wp-has-aspect-ratio\"><div class=\"wp-block-embed__wrapper\">\n<div class=\"responsive-container\"><iframe title=\"Subhan Ahmed Nizami Qawwali\" width=\"640\" height=\"360\" src=\"https:\/\/www.youtube.com\/embed\/tLggg3OvjIA?feature=oembed\" frameborder=\"0\" allow=\"accelerometer; autoplay; clipboard-write; encrypted-media; gyroscope; picture-in-picture; web-share\" referrerpolicy=\"strict-origin-when-cross-origin\" allowfullscreen><\/iframe><\/div>\n<\/div><\/figure>\n\n\n\n<h2 class=\"wp-block-heading\"><\/h2>\n\n\n\n<h6 class=\"wp-block-heading\"><strong>10. Concert Lama Samten Yeshe Rinpoche (Octobre 2014 au Mandapa)<\/strong><\/h6>\n\n\n\n<p class=\"has-medium-font-size\"><em>Concert-m\u00e9ditatif de mantras du c\u0153ur de la tradition B\u00f6n du bouddhisme tib\u00e9tain.<\/em><\/p>\n\n\n\n<figure class=\"wp-block-embed is-type-video is-provider-youtube wp-block-embed-youtube wp-embed-aspect-16-9 wp-has-aspect-ratio\"><div class=\"wp-block-embed__wrapper\">\n<div class=\"responsive-container\"><iframe title=\"Concert Lama Samten Yeshe Rinpoche\" width=\"640\" height=\"360\" src=\"https:\/\/www.youtube.com\/embed\/OLnlr-xQR-M?feature=oembed\" frameborder=\"0\" allow=\"accelerometer; autoplay; clipboard-write; encrypted-media; gyroscope; picture-in-picture; web-share\" referrerpolicy=\"strict-origin-when-cross-origin\" allowfullscreen><\/iframe><\/div>\n<\/div><\/figure>\n\n\n\n<h2 class=\"wp-block-heading\"><\/h2>\n\n\n\n<h6 class=\"wp-block-heading\"><strong>11. Katerina Vlahou, musique grecque (Mandapa)<\/strong><\/h6>\n\n\n\n<p class=\"has-medium-font-size\"><em>Chanteuse et danseuse grecque, accompagn\u00e9e par ses musiciens, Katerina Vlahou propose un spectacle au r\u00e9pertoire vari\u00e9.<\/em><\/p>\n\n\n\n<figure class=\"wp-block-embed aligncenter is-type-video is-provider-youtube wp-block-embed-youtube wp-embed-aspect-16-9 wp-has-aspect-ratio\"><div class=\"wp-block-embed__wrapper\">\n<div class=\"responsive-container\"><iframe title=\"Katerina Vlahou Chansons et danses traditionnelles grecques \u00e0 Paris - Musique grecque\" width=\"640\" height=\"360\" src=\"https:\/\/www.youtube.com\/embed\/bTBbB33k0oI?feature=oembed\" frameborder=\"0\" allow=\"accelerometer; autoplay; clipboard-write; encrypted-media; gyroscope; picture-in-picture; web-share\" referrerpolicy=\"strict-origin-when-cross-origin\" allowfullscreen><\/iframe><\/div>\n<\/div><\/figure>\n\n\n\n<h2 class=\"wp-block-heading\"><\/h2>\n\n\n\n<h6 class=\"wp-block-heading\"><strong>12. Ali Boulo Santo Cissoko, kora (Mandapa)<\/strong><\/h6>\n\n\n\n<p class=\"has-medium-font-size\"><em>Fils de griot, Ali Boulo Santo Cissoko est aujourd\u2019hui un ma\u00eetre dans l\u2019art du chant et un virtuose de la kora.<\/em><\/p>\n\n\n\n<figure class=\"wp-block-embed is-type-video is-provider-youtube wp-block-embed-youtube wp-embed-aspect-16-9 wp-has-aspect-ratio\"><div class=\"wp-block-embed__wrapper\">\n<div class=\"responsive-container\"><iframe title=\"Kora mandingue - Ali Boulo Santo Cissoko\" width=\"640\" height=\"360\" src=\"https:\/\/www.youtube.com\/embed\/wy9wi-H-2pM?feature=oembed\" frameborder=\"0\" allow=\"accelerometer; autoplay; clipboard-write; encrypted-media; gyroscope; picture-in-picture; web-share\" referrerpolicy=\"strict-origin-when-cross-origin\" allowfullscreen><\/iframe><\/div>\n<\/div><\/figure>\n\n\n\n<h2 class=\"wp-block-heading\"><\/h2>\n\n\n\n<h6 class=\"wp-block-heading\"><strong>13. Trio Sol Andino, Cumbre (Mars 2014, Mandapa)<\/strong><\/h6>\n\n\n\n<p class=\"has-medium-font-size\"><em>M\u00e9lodies et instruments divers des Andes recr\u00e9ent la couleur \u00e9motionnelle de cet univers.<\/em><\/p>\n\n\n\n<figure class=\"wp-block-embed is-type-video is-provider-youtube wp-block-embed-youtube wp-embed-aspect-16-9 wp-has-aspect-ratio\"><div class=\"wp-block-embed__wrapper\">\n<div class=\"responsive-container\"><iframe title=\"Trio Sol Andino, Cumbre\" width=\"640\" height=\"360\" src=\"https:\/\/www.youtube.com\/embed\/o15Th1RfSm8?feature=oembed\" frameborder=\"0\" allow=\"accelerometer; autoplay; clipboard-write; encrypted-media; gyroscope; picture-in-picture; web-share\" referrerpolicy=\"strict-origin-when-cross-origin\" allowfullscreen><\/iframe><\/div>\n<\/div><\/figure>\n\n\n\n<h2 class=\"wp-block-heading\"><\/h2>\n\n\n\n<hr class=\"wp-block-separator has-text-color has-background has-luminous-vivid-amber-background-color has-luminous-vivid-amber-color is-style-wide\"\/>\n\n\n\n<p class=\"has-text-align-center has-medium-font-size\"><strong>Le Mandapa &#8211; Une petite sc\u00e8ne sur la Bi\u00e8vre<\/strong> <br>6, rue Wurtz &#8211; 75013 Paris<br>01 45 89 99 00<br><strong><a href=\"https:\/\/www.centre-mandapa.fr\" target=\"_blank\" rel=\"noreferrer noopener\">www.centre-mandapa.fr<\/a><\/strong><br><br><a href=\"https:\/\/www.youtube.com\/channel\/UCHVgx8sILjJRBuzfW-yD2CA\" target=\"_blank\" rel=\"noreferrer noopener\"><strong>Youtube <\/strong><\/a>&#8211; <strong><a href=\"https:\/\/www.facebook.com\/LeMandapa\" target=\"_blank\" rel=\"noreferrer noopener\">Facebook<\/a><\/strong> &#8211;  <a href=\"https:\/\/www.instagram.com\/centre.mandapa\/\" target=\"_blank\" rel=\"noreferrer noopener\"><strong>Instagram<\/strong><\/a><br><\/p>\n\n\n\n<hr class=\"wp-block-separator has-text-color has-background has-luminous-vivid-amber-background-color has-luminous-vivid-amber-color is-style-wide\"\/>\n\n\n\n<h2 class=\"has-text-align-center has-luminous-vivid-amber-color has-text-color has-medium-font-size wp-block-heading\"><strong>&#8212;o&#8212;<\/strong><\/h2>\n\n\n\n<h2 class=\"wp-block-heading\"><\/h2>\n\n\n\n<p><\/p>\n","protected":false},"excerpt":{"rendered":"<p>Deuxi\u00e8me Playlist du Collectif MDM IdF, avec, ce mois-ci, les choix d&#8217;Isabelle Anna, du Centre MANDAPA \u00e0 Paris. &#8212;&#8211; &#8220;Le MANDAPA vous invite \u00e0 un voyage autour du monde \u00e0 travers la musique et la danse.&#8220; Isabelle ANNA &#8212;&#8212; La playlist (titres<\/p>\n<p class=\"link-more\"><a class=\"myButt \" href=\"https:\/\/collectifmdm-idf.org\/annuaire5\/playlist-du-collectif-mdm-idf-n2-novembre-2020-autour-du-monde-a-travers-la-musique-et-la-danse-par-isabelle-anna-du-centre-mandapa\/\">EN SAVOIR +<\/a><\/p>\n","protected":false},"author":1,"featured_media":1489,"comment_status":"open","ping_status":"open","sticky":false,"template":"","format":"standard","meta":{"_rtcl_gb_attr":"","footnotes":""},"categories":[33],"tags":[],"class_list":["post-1242","post","type-post","status-publish","format-standard","has-post-thumbnail","hentry","category-playlists"],"_links":{"self":[{"href":"https:\/\/collectifmdm-idf.org\/annuaire5\/wp-json\/wp\/v2\/posts\/1242","targetHints":{"allow":["GET"]}}],"collection":[{"href":"https:\/\/collectifmdm-idf.org\/annuaire5\/wp-json\/wp\/v2\/posts"}],"about":[{"href":"https:\/\/collectifmdm-idf.org\/annuaire5\/wp-json\/wp\/v2\/types\/post"}],"author":[{"embeddable":true,"href":"https:\/\/collectifmdm-idf.org\/annuaire5\/wp-json\/wp\/v2\/users\/1"}],"replies":[{"embeddable":true,"href":"https:\/\/collectifmdm-idf.org\/annuaire5\/wp-json\/wp\/v2\/comments?post=1242"}],"version-history":[{"count":0,"href":"https:\/\/collectifmdm-idf.org\/annuaire5\/wp-json\/wp\/v2\/posts\/1242\/revisions"}],"wp:featuredmedia":[{"embeddable":true,"href":"https:\/\/collectifmdm-idf.org\/annuaire5\/wp-json\/wp\/v2\/media\/1489"}],"wp:attachment":[{"href":"https:\/\/collectifmdm-idf.org\/annuaire5\/wp-json\/wp\/v2\/media?parent=1242"}],"wp:term":[{"taxonomy":"category","embeddable":true,"href":"https:\/\/collectifmdm-idf.org\/annuaire5\/wp-json\/wp\/v2\/categories?post=1242"},{"taxonomy":"post_tag","embeddable":true,"href":"https:\/\/collectifmdm-idf.org\/annuaire5\/wp-json\/wp\/v2\/tags?post=1242"}],"curies":[{"name":"wp","href":"https:\/\/api.w.org\/{rel}","templated":true}]}}