{"id":12380,"date":"2023-10-19T14:54:52","date_gmt":"2023-10-19T12:54:52","guid":{"rendered":"https:\/\/collectifmdm-idf.org\/?p=12380"},"modified":"2024-07-31T13:49:20","modified_gmt":"2024-07-31T11:49:20","slug":"battantes_17_novembre_2023","status":"publish","type":"post","link":"https:\/\/collectifmdm-idf.org\/annuaire5\/battantes_17_novembre_2023\/","title":{"rendered":"Battantes !"},"content":{"rendered":"\t\t<div data-elementor-type=\"wp-post\" data-elementor-id=\"12380\" class=\"elementor elementor-12380\">\n\t\t\t\t\t\t<section class=\"elementor-section elementor-top-section elementor-element elementor-element-9be309f elementor-section-boxed elementor-section-height-default elementor-section-height-default\" data-id=\"9be309f\" data-element_type=\"section\">\n\t\t\t\t\t\t<div class=\"elementor-container elementor-column-gap-default\">\n\t\t\t\t\t<div class=\"elementor-column elementor-col-100 elementor-top-column elementor-element elementor-element-a45cba4\" data-id=\"a45cba4\" data-element_type=\"column\">\n\t\t\t<div class=\"elementor-widget-wrap elementor-element-populated\">\n\t\t\t\t\t\t<div class=\"elementor-element elementor-element-5d496e6 elementor-widget elementor-widget-heading\" data-id=\"5d496e6\" data-element_type=\"widget\" data-widget_type=\"heading.default\">\n\t\t\t\t<div class=\"elementor-widget-container\">\n\t\t\t<h5 class=\"elementor-heading-title elementor-size-default\">La place des femmes dans les musiques trad' d'ici et d'ailleurs<\/h5>\t\t<\/div>\n\t\t\t\t<\/div>\n\t\t\t\t\t<\/div>\n\t\t<\/div>\n\t\t\t\t\t<\/div>\n\t\t<\/section>\n\t\t\t\t<section class=\"elementor-section elementor-top-section elementor-element elementor-element-4bd9423 elementor-section-boxed elementor-section-height-default elementor-section-height-default\" data-id=\"4bd9423\" data-element_type=\"section\">\n\t\t\t\t\t\t<div class=\"elementor-container elementor-column-gap-default\">\n\t\t\t\t\t<div class=\"elementor-column elementor-col-100 elementor-top-column elementor-element elementor-element-07182a2\" data-id=\"07182a2\" data-element_type=\"column\">\n\t\t\t<div class=\"elementor-widget-wrap elementor-element-populated\">\n\t\t\t\t\t\t<div class=\"elementor-element elementor-element-afcb838 elementor-widget elementor-widget-image\" data-id=\"afcb838\" data-element_type=\"widget\" data-widget_type=\"image.default\">\n\t\t\t\t<div class=\"elementor-widget-container\">\n\t\t\t\t\t\t\t\t\t\t\t\t\t<img fetchpriority=\"high\" decoding=\"async\" width=\"640\" height=\"237\" src=\"https:\/\/collectifmdm-idf.org\/annuaire5\/wp-content\/uploads\/2023\/10\/couv-facebook-1024x379.jpg\" class=\"attachment-large size-large wp-image-12382\" alt=\"\" srcset=\"https:\/\/collectifmdm-idf.org\/annuaire5\/wp-content\/uploads\/2023\/10\/couv-facebook-1024x379.jpg 1024w, https:\/\/collectifmdm-idf.org\/annuaire5\/wp-content\/uploads\/2023\/10\/couv-facebook-300x111.jpg 300w, https:\/\/collectifmdm-idf.org\/annuaire5\/wp-content\/uploads\/2023\/10\/couv-facebook-768x284.jpg 768w, https:\/\/collectifmdm-idf.org\/annuaire5\/wp-content\/uploads\/2023\/10\/couv-facebook-1536x569.jpg 1536w, https:\/\/collectifmdm-idf.org\/annuaire5\/wp-content\/uploads\/2023\/10\/couv-facebook-2048x758.jpg 2048w\" sizes=\"(max-width: 640px) 100vw, 640px\" title=\"\" \/>\t\t\t\t\t\t\t\t\t\t\t\t\t<\/div>\n\t\t\t\t<\/div>\n\t\t\t\t\t<\/div>\n\t\t<\/div>\n\t\t\t\t\t<\/div>\n\t\t<\/section>\n\t\t\t\t<section class=\"elementor-section elementor-top-section elementor-element elementor-element-6b365e6 elementor-section-boxed elementor-section-height-default elementor-section-height-default\" data-id=\"6b365e6\" data-element_type=\"section\">\n\t\t\t\t\t\t<div class=\"elementor-container elementor-column-gap-default\">\n\t\t\t\t\t<div class=\"elementor-column elementor-col-50 elementor-top-column elementor-element elementor-element-611465a\" data-id=\"611465a\" data-element_type=\"column\">\n\t\t\t<div class=\"elementor-widget-wrap elementor-element-populated\">\n\t\t\t\t\t\t<div class=\"elementor-element elementor-element-00de940 elementor-align-center elementor-widget elementor-widget-button\" data-id=\"00de940\" data-element_type=\"widget\" data-widget_type=\"button.default\">\n\t\t\t\t<div class=\"elementor-widget-container\">\n\t\t\t\t\t\t\t<div class=\"elementor-button-wrapper\">\n\t\t\t\t\t<a class=\"elementor-button elementor-button-link elementor-size-sm\" href=\"https:\/\/www.famdt.com\/wp-content\/uploads\/2023\/10\/PROGRAMME-BATTANTES3.pdf\" target=\"_blank\">\n\t\t\t\t\t\t<span class=\"elementor-button-content-wrapper\">\n\t\t\t\t\t\t\t\t\t<span class=\"elementor-button-text\">EN SAVOIR +<\/span>\n\t\t\t\t\t<\/span>\n\t\t\t\t\t<\/a>\n\t\t\t\t<\/div>\n\t\t\t\t\t\t<\/div>\n\t\t\t\t<\/div>\n\t\t\t\t\t<\/div>\n\t\t<\/div>\n\t\t\t\t<div class=\"elementor-column elementor-col-50 elementor-top-column elementor-element elementor-element-f713fd2\" data-id=\"f713fd2\" data-element_type=\"column\">\n\t\t\t<div class=\"elementor-widget-wrap elementor-element-populated\">\n\t\t\t\t\t\t<div class=\"elementor-element elementor-element-57bd965 elementor-align-center elementor-widget elementor-widget-button\" data-id=\"57bd965\" data-element_type=\"widget\" data-widget_type=\"button.default\">\n\t\t\t\t<div class=\"elementor-widget-container\">\n\t\t\t\t\t\t\t<div class=\"elementor-button-wrapper\">\n\t\t\t\t\t<a class=\"elementor-button elementor-button-link elementor-size-sm\" href=\"https:\/\/bit.ly\/3Q2pagr\" target=\"_blank\">\n\t\t\t\t\t\t<span class=\"elementor-button-content-wrapper\">\n\t\t\t\t\t\t\t\t\t<span class=\"elementor-button-text\">INSCRIPTION<\/span>\n\t\t\t\t\t<\/span>\n\t\t\t\t\t<\/a>\n\t\t\t\t<\/div>\n\t\t\t\t\t\t<\/div>\n\t\t\t\t<\/div>\n\t\t\t\t\t<\/div>\n\t\t<\/div>\n\t\t\t\t\t<\/div>\n\t\t<\/section>\n\t\t\t\t<section class=\"elementor-section elementor-top-section elementor-element elementor-element-277f712 elementor-section-boxed elementor-section-height-default elementor-section-height-default\" data-id=\"277f712\" data-element_type=\"section\">\n\t\t\t\t\t\t<div class=\"elementor-container elementor-column-gap-default\">\n\t\t\t\t\t<div class=\"elementor-column elementor-col-100 elementor-top-column elementor-element elementor-element-91dfcc8\" data-id=\"91dfcc8\" data-element_type=\"column\">\n\t\t\t<div class=\"elementor-widget-wrap elementor-element-populated\">\n\t\t\t\t\t\t<div class=\"elementor-element elementor-element-b3d2c6c elementor-widget elementor-widget-text-editor\" data-id=\"b3d2c6c\" data-element_type=\"widget\" data-widget_type=\"text-editor.default\">\n\t\t\t\t<div class=\"elementor-widget-container\">\n\t\t\t\t\t\t\t<p><span style=\"color: #000000;\">Dans le cadre de <b>&#8220;Tambours battantes&#8221;<\/b> , la <strong><a href=\"https:\/\/www.famdt.com\/\" target=\"_blank\" rel=\"noopener\">FAMDT<\/a><\/strong> organise une journ\u00e9e de rencontres, gratuite sur inscription. Ce rendez-vous s\u2019imagine et se construit <b>en coop\u00e9ration<\/b> avec l\u2019association <a href=\"https:\/\/www.villesdesmusiquesdumonde.com\/\" target=\"_blank\" rel=\"noopener\"><b>Villes des Musiques du Monde<\/b><\/a> et le Collectif des Musiques et danses du Monde en \u00cele-de-France (relai territorial) au <strong><a href=\"https:\/\/www.lepointfort.com\/\" target=\"_blank\" rel=\"noopener\">Point fort d\u2019Aubervilliers<\/a><\/strong>.<\/span><\/p>\t\t\t\t\t\t<\/div>\n\t\t\t\t<\/div>\n\t\t\t\t\t<\/div>\n\t\t<\/div>\n\t\t\t\t\t<\/div>\n\t\t<\/section>\n\t\t\t\t<section class=\"elementor-section elementor-top-section elementor-element elementor-element-6ab4901 elementor-section-boxed elementor-section-height-default elementor-section-height-default\" data-id=\"6ab4901\" data-element_type=\"section\">\n\t\t\t\t\t\t<div class=\"elementor-container elementor-column-gap-default\">\n\t\t\t\t\t<div class=\"elementor-column elementor-col-100 elementor-top-column elementor-element elementor-element-47438ef\" data-id=\"47438ef\" data-element_type=\"column\">\n\t\t\t<div class=\"elementor-widget-wrap elementor-element-populated\">\n\t\t\t\t\t\t<div class=\"elementor-element elementor-element-7bba60a elementor-widget elementor-widget-text-editor\" data-id=\"7bba60a\" data-element_type=\"widget\" data-widget_type=\"text-editor.default\">\n\t\t\t\t<div class=\"elementor-widget-container\">\n\t\t\t\t\t\t\t<p><span style=\"color: #000000;\"><em><strong>\u00ab Battantes ! \u00bb \u2013 La place des femmes dans les musiques trad d\u2019ici et d\u2019ailleurs \u00bb<\/strong> <\/em>&#8211; Vendredi 17 novembre au Point fort d\u2019Aubervilliers \u00e0 partir de 13h. Le projet \u00abTambours Battantes! \u00bb port\u00e9 par la FAMDT sur les questions d\u2019\u00e9galit\u00e9 et de diversit\u00e9 dans \u00ab les mondes\u00bb des musiques et danses traditionnelles qu\u2019elles soient d\u2019ici o\u00f9 d\u2019ailleurs a donn\u00e9 la parole \u00e0 plus de <b>70 femmes musiciennes, ethnologues, chercheuses, luthi\u00e8res, chanteuses, collecteuses, directrices de structure, techniciennes<\/b> et ce \u00e0 travers le regard de femmes cin\u00e9astes, photographe et cr\u00e9atrice de podcast. Ce projet s\u2019est r\u00e9v\u00e9l\u00e9 moteur et enthousiasmant, bousculant pour certaines des certitudes, des peurs, ouvrant des champs d\u2019interrogations profondes et des actions concr\u00e8tes afin de r\u00e9pondre structurellement aux enjeux pour plus de diversit\u00e9 et d\u2019\u00e9galit\u00e9. Fort de ce constat, nous avons eu envie de prolonger ce dispositif, et de rassembler plus de participantes en cr\u00e9ant un \u00e9v\u00e8nement intitul\u00e9 \u00abBattantes! \u00bb dans le but d\u2019initier un dialogue collectif, une parole chorale de rencontres et de t\u00e9moignages pour se questionner ensemble : <b>comment aller encore plus loin ?<\/b> Ce temps fort \u00abBattantes! \u00bb a pour ambition de continuer \u00e0 irriguer et travailler le sujet au sein de la f\u00e9d\u00e9ration et dans l\u2019\u00e9cosyst\u00e8me des musiques.\u00a0<\/span><\/p>\t\t\t\t\t\t<\/div>\n\t\t\t\t<\/div>\n\t\t\t\t\t<\/div>\n\t\t<\/div>\n\t\t\t\t\t<\/div>\n\t\t<\/section>\n\t\t\t\t<section class=\"elementor-section elementor-top-section elementor-element elementor-element-a4f55b8 elementor-section-boxed elementor-section-height-default elementor-section-height-default\" data-id=\"a4f55b8\" data-element_type=\"section\">\n\t\t\t\t\t\t<div class=\"elementor-container elementor-column-gap-default\">\n\t\t\t\t\t<div class=\"elementor-column elementor-col-100 elementor-top-column elementor-element elementor-element-04bb969\" data-id=\"04bb969\" data-element_type=\"column\">\n\t\t\t<div class=\"elementor-widget-wrap elementor-element-populated\">\n\t\t\t\t\t\t<div class=\"elementor-element elementor-element-2184983 elementor-widget elementor-widget-text-editor\" data-id=\"2184983\" data-element_type=\"widget\" data-widget_type=\"text-editor.default\">\n\t\t\t\t<div class=\"elementor-widget-container\">\n\t\t\t\t\t\t\t<p class=\"text-build-content\" data-testid=\"eQM29H5o3uE0r74MGqJH8\"><span style=\"color: #000000;\">\u2022 13h &#8211; 15h30 <strong>-&gt;<\/strong> <strong>Ouverture<\/strong>, <strong>accueil,<\/strong> <strong>pl\u00e9ni\u00e8re<\/strong> : L\u2019\u00e9galit\u00e9 dans l\u2019espace public en 2023<\/span><\/p>\t\t\t\t\t\t<\/div>\n\t\t\t\t<\/div>\n\t\t\t\t\t<\/div>\n\t\t<\/div>\n\t\t\t\t\t<\/div>\n\t\t<\/section>\n\t\t\t\t<section class=\"elementor-section elementor-top-section elementor-element elementor-element-560d5d9 elementor-section-boxed elementor-section-height-default elementor-section-height-default\" data-id=\"560d5d9\" data-element_type=\"section\">\n\t\t\t\t\t\t<div class=\"elementor-container elementor-column-gap-default\">\n\t\t\t\t\t<div class=\"elementor-column elementor-col-100 elementor-top-column elementor-element elementor-element-55d3adc\" data-id=\"55d3adc\" data-element_type=\"column\">\n\t\t\t<div class=\"elementor-widget-wrap elementor-element-populated\">\n\t\t\t\t\t\t<div class=\"elementor-element elementor-element-57e3ed3 elementor-widget elementor-widget-accordion\" data-id=\"57e3ed3\" data-element_type=\"widget\" data-widget_type=\"accordion.default\">\n\t\t\t\t<div class=\"elementor-widget-container\">\n\t\t\t\t\t<div class=\"elementor-accordion\">\n\t\t\t\t\t\t\t<div class=\"elementor-accordion-item\">\n\t\t\t\t\t<div id=\"elementor-tab-title-9211\" class=\"elementor-tab-title\" data-tab=\"1\" role=\"button\" aria-controls=\"elementor-tab-content-9211\" aria-expanded=\"false\">\n\t\t\t\t\t\t\t\t\t\t\t\t\t<span class=\"elementor-accordion-icon elementor-accordion-icon-left\" aria-hidden=\"true\">\n\t\t\t\t\t\t\t\t\t\t\t\t\t\t\t<span class=\"elementor-accordion-icon-closed\"><i class=\"fas fa-plus\"><\/i><\/span>\n\t\t\t\t\t\t\t\t<span class=\"elementor-accordion-icon-opened\"><i class=\"fas fa-minus\"><\/i><\/span>\n\t\t\t\t\t\t\t\t\t\t\t\t\t\t<\/span>\n\t\t\t\t\t\t\t\t\t\t\t\t<a class=\"elementor-accordion-title\" tabindex=\"0\">Pl\u00e9ni\u00e8re<\/a>\n\t\t\t\t\t<\/div>\n\t\t\t\t\t<div id=\"elementor-tab-content-9211\" class=\"elementor-tab-content elementor-clearfix\" data-tab=\"1\" role=\"region\" aria-labelledby=\"elementor-tab-title-9211\"><p><b>L\u2019\u00e9galit\u00e9 dans l\u2019espace public en 2023 un v\u0153u pieu ?<\/b><b><\/b><\/p><p><b><\/b>\u00catre visibles. Marcher dans la rue sans peur. Exprimer haut et fort ses opinions dans l\u2019espace public, c\u2019est ce que chacun\u00b7e\u00b7s est en droit de pr\u00e9tendre, or en 2023 cela reste tr\u00e8s compliqu\u00e9 pour les femmes.<\/p><p>Comment rendre ces espaces plus \u00e9galitaires ? <strong>Agir de sorte que les all\u00e9es et venues des femmes, leurs paroles, ne soient plus entrav\u00e9es, ne soient plus invisibilis\u00e9es<\/strong>. On assiste \u00e0 une prise de conscience depuis une vingtaine d\u2019ann\u00e9es, illustr\u00e9e notamment par des actions sur le terrain, des publications sur le sujet.<\/p><p>Cette pl\u00e9ni\u00e8re cherchera \u00e0 questionner la place des femmes dans un espace public encore souvent construit sans elles.<\/p><p><strong>Comment les femmes peuvent-elles s\u2019approprier et occuper pleinement l\u2019espace public<\/strong> ? Quelle responsabilit\u00e9 collective avonsnous? Quelles exp\u00e9rimentations quels moyens ont \u00e9t\u00e9 mis en \u0153uvre pour une appropriation plus<br \/>\u00e9quilibr\u00e9e et \u00e9galitaire de l\u2019espace public ?<\/p><p>Les solutions s\u2019incarnent-elles seulement dans le r\u00e9am\u00e9nagement urbain, ou une \u00e9volution plus globale, avec un sch\u00e9ma repens\u00e9 de la soci\u00e9t\u00e9 patriarcale est-il in\u00e9luctable ?<\/p><p>\u00abM\u00eame si nous occupons moins de surface spectaculaire, nous sommes en position de force. Car <b>nous faisons d\u00e9j\u00e0 l\u2019exp\u00e9rience de vie diff\u00e9rente dans des corps diff\u00e9rents qui ne nous font plus honte<\/b>. Nous modifions nos vies,<br \/>nous modifions les discours, nous modifions l\u2019espace de notre seule pr\u00e9sence et c\u2019est la joie que nous en tirons qui fait de nous, des corps collectifs r\u00e9volutionnaires, &#8230; Ils voudraient pouvoir p\u00e9daler en arri\u00e8re de toutes leurs forces pour revenir au temps o\u00f9 ils pouvaient dire \u00ab <b>toi tu te caches et tu te tais, ta parole n\u2019est pas politique, toi tu te caches et tu te tais<\/b> \u00bb mais ils savent, une fois sorties, nos libert\u00e9s contaminent et nous avons d\u00e9j\u00e0 commenc\u00e9 de changer le monde. \u00bb<br \/>&#8211; (16 octobre 2020, Virginie Despentes)<br \/><br \/><span style=\"color: #e95a22;\"><b>Mod\u00e9rateur\u00b7rice :<\/b><\/span><br \/><b> \u00c0 venir<br \/><br \/><span style=\"color: #e95a22;\">Intervenant\u00b7e\u00b7s :<\/span><br \/>Yves Raibaud<\/b>, chercheur, g\u00e9ographe<b><br \/>Eugenie Le Bigot<\/b>, docteure en G\u00e9ographie, chercheuse associ\u00e9e<br \/>au laboratoire Eso, Universit\u00e9 de Caen<b><br \/>Jeanne LY<\/b>, designer et coordinatrice de projets participatifs urbains et culturels,<br \/>Approche.s !<b><br \/>Marie Ponthieux<\/b>, Accompagnement des pratiques responsables, \u00e9thiques et<br \/>innovantes au RIF<b><br \/>Autres intervenant\u00b7e\u00b7s \u00e0 venir<br \/><br \/><\/b><\/p><\/div>\n\t\t\t\t<\/div>\n\t\t\t\t\t\t\t\t<\/div>\n\t\t\t\t<\/div>\n\t\t\t\t<\/div>\n\t\t\t\t\t<\/div>\n\t\t<\/div>\n\t\t\t\t\t<\/div>\n\t\t<\/section>\n\t\t\t\t<section class=\"elementor-section elementor-top-section elementor-element elementor-element-ef329f6 elementor-section-boxed elementor-section-height-default elementor-section-height-default\" data-id=\"ef329f6\" data-element_type=\"section\">\n\t\t\t\t\t\t<div class=\"elementor-container elementor-column-gap-default\">\n\t\t\t\t\t<div class=\"elementor-column elementor-col-100 elementor-top-column elementor-element elementor-element-94b2302\" data-id=\"94b2302\" data-element_type=\"column\">\n\t\t\t<div class=\"elementor-widget-wrap elementor-element-populated\">\n\t\t\t\t\t\t<div class=\"elementor-element elementor-element-dd1f334 elementor-widget elementor-widget-text-editor\" data-id=\"dd1f334\" data-element_type=\"widget\" data-widget_type=\"text-editor.default\">\n\t\t\t\t<div class=\"elementor-widget-container\">\n\t\t\t\t\t\t\t<p class=\"text-build-content\" data-testid=\"eQM29H5o3uE0r74MGqJH8\"><span style=\"color: #000000;\">\u2022 13h &#8211; 15h30 <strong>-&gt;<\/strong> <strong>Ouverture<\/strong>, <strong>accueil,<\/strong> <strong>pl\u00e9ni\u00e8re<\/strong> : L\u2019\u00e9galit\u00e9 dans l\u2019espace public en 2023<br \/><\/span><span style=\"color: #000000; font-size: 1.25rem;\">\u2022 16h &#8211; 17h30 <\/span><strong style=\"color: #000000; font-size: 1.25rem;\">-&gt;<\/strong> <strong style=\"color: #000000; font-size: 1.25rem;\">ateliers th\u00e9matiques<\/strong><span style=\"color: #000000; font-size: 1.25rem;\"> de discussions et de travail<\/span><\/p>\t\t\t\t\t\t<\/div>\n\t\t\t\t<\/div>\n\t\t\t\t\t<\/div>\n\t\t<\/div>\n\t\t\t\t\t<\/div>\n\t\t<\/section>\n\t\t\t\t<section class=\"elementor-section elementor-top-section elementor-element elementor-element-44969dd elementor-section-boxed elementor-section-height-default elementor-section-height-default\" data-id=\"44969dd\" data-element_type=\"section\">\n\t\t\t\t\t\t<div class=\"elementor-container elementor-column-gap-default\">\n\t\t\t\t\t<div class=\"elementor-column elementor-col-100 elementor-top-column elementor-element elementor-element-8df2be4\" data-id=\"8df2be4\" data-element_type=\"column\">\n\t\t\t<div class=\"elementor-widget-wrap elementor-element-populated\">\n\t\t\t\t\t\t<div class=\"elementor-element elementor-element-69d276f elementor-widget elementor-widget-accordion\" data-id=\"69d276f\" data-element_type=\"widget\" data-widget_type=\"accordion.default\">\n\t\t\t\t<div class=\"elementor-widget-container\">\n\t\t\t\t\t<div class=\"elementor-accordion\">\n\t\t\t\t\t\t\t<div class=\"elementor-accordion-item\">\n\t\t\t\t\t<div id=\"elementor-tab-title-1101\" class=\"elementor-tab-title\" data-tab=\"1\" role=\"button\" aria-controls=\"elementor-tab-content-1101\" aria-expanded=\"false\">\n\t\t\t\t\t\t\t\t\t\t\t\t\t<span class=\"elementor-accordion-icon elementor-accordion-icon-left\" aria-hidden=\"true\">\n\t\t\t\t\t\t\t\t\t\t\t\t\t\t\t<span class=\"elementor-accordion-icon-closed\"><i class=\"fas fa-plus\"><\/i><\/span>\n\t\t\t\t\t\t\t\t<span class=\"elementor-accordion-icon-opened\"><i class=\"fas fa-minus\"><\/i><\/span>\n\t\t\t\t\t\t\t\t\t\t\t\t\t\t<\/span>\n\t\t\t\t\t\t\t\t\t\t\t\t<a class=\"elementor-accordion-title\" tabindex=\"0\">Atelier n\u00b01<\/a>\n\t\t\t\t\t<\/div>\n\t\t\t\t\t<div id=\"elementor-tab-content-1101\" class=\"elementor-tab-content elementor-clearfix\" data-tab=\"1\" role=\"region\" aria-labelledby=\"elementor-tab-title-1101\"><p><strong>Les femmes sur les \u00ab\u2009sc\u00e8nes\u2009\u00bb des musiques trad\u2019 d&#8217;ici et d&#8217;ailleurs\u2009: on en parle\u2009?<\/strong><\/p><p><strong>Seulement 14% des artistes programm\u00e9es sur des festivals de musiques sont des femmes<\/strong>. <br \/>Pourtant les femmes sont autant, voire, davantage pr\u00e9sentes que les hommes dans les conservatoires et les \u00e9coles de musiques. Les femmes auraient elles moins besoin ou envie de monter sur sc\u00e8ne ? <br \/><br \/>Elles sont surtout moins programm\u00e9es, moins encourag\u00e9es, voire clairement d\u00e9courag\u00e9es. La question de la l\u00e9gitimit\u00e9 est un point central, ce n\u2019est pas juste un sentiment mais une construction sociale qu\u2019on peut transformer, par exemple en programmant plus de femmes. <br \/><strong><br \/>\u00c0 l\u2019initiative du collectif anti-sexiste dans les musiques trad\u2019 en coop\u00e9ration avec le groupe \u00e9galit\u00e9 de la FAMDT un annuaire<\/strong> construit collectivement a \u00e9t\u00e9 mis en ligne notamment \u00e0 l\u2019usage des programmateur\u00b7rice\u00b7s afin de ne plus entendre \u00abJe veux bien programmer plus de femmes mais comment faire? Il n\u2019y en pas ?\u00bb.<br \/><br \/><b>Cet atelier pr\u00e9sentera la gen\u00e8se de l\u2019annuaire, son fonctionnement et sa prise en main<\/b> et ouvrira un d\u00e9bat collectif pour \u00aballer plus loin\u00bb et ouvrir des coop\u00e9rations, rhizomes avec toutes les initiatives qui se relient et doivent parler d\u2019une voie commune.<\/p><p><span style=\"color: #e95a22;\"><b>Mod\u00e9rateur\u00b7rice :<\/b> <br \/><\/span><strong>Sarah Karlikov<\/strong>, membre fondatrice et militante de HF Bretagne<\/p><p><span style=\"color: #e95a22;\"><b>Intervenant\u00b7e\u00b7s :<\/b><\/span> <br \/><b>Une personne<\/b>, de Majeur\u00b7e<br \/><b>Guirec Milot<\/b>, programmateur du festival Fisel <br \/><b>Marie Joly<\/b>, charg\u00e9e de communication \u00e0 la FAMDT <br \/><b>Nathalie Dechandon<\/b>, administratrice g\u00e9n\u00e9rale de la FAMDT <br \/><b>Autres intervenant\u00b7e\u00b7s \u00e0 venir<\/b><strong><br \/><\/strong><\/p><\/div>\n\t\t\t\t<\/div>\n\t\t\t\t\t\t\t<div class=\"elementor-accordion-item\">\n\t\t\t\t\t<div id=\"elementor-tab-title-1102\" class=\"elementor-tab-title\" data-tab=\"2\" role=\"button\" aria-controls=\"elementor-tab-content-1102\" aria-expanded=\"false\">\n\t\t\t\t\t\t\t\t\t\t\t\t\t<span class=\"elementor-accordion-icon elementor-accordion-icon-left\" aria-hidden=\"true\">\n\t\t\t\t\t\t\t\t\t\t\t\t\t\t\t<span class=\"elementor-accordion-icon-closed\"><i class=\"fas fa-plus\"><\/i><\/span>\n\t\t\t\t\t\t\t\t<span class=\"elementor-accordion-icon-opened\"><i class=\"fas fa-minus\"><\/i><\/span>\n\t\t\t\t\t\t\t\t\t\t\t\t\t\t<\/span>\n\t\t\t\t\t\t\t\t\t\t\t\t<a class=\"elementor-accordion-title\" tabindex=\"0\">Atelier n\u00b02<\/a>\n\t\t\t\t\t<\/div>\n\t\t\t\t\t<div id=\"elementor-tab-content-1102\" class=\"elementor-tab-content elementor-clearfix\" data-tab=\"2\" role=\"region\" aria-labelledby=\"elementor-tab-title-1102\"><p><strong>Le consentement et le genre dans le bal trad&#8217;\/du monde\u2009: comment on d\u00e9genre un bal\u2009?<\/strong><\/p><p>\u00abDanser au bal, c\u2019est faire soci\u00e9t\u00e9\u00bb, affirme le sociologue et danseur Christophe Apprill. <strong>L\u2019\u00e9rotisation h\u00e9t\u00e9rosexuelle est omnipr\u00e9sente<\/strong> : la danse occidentale expose et renforce les diff\u00e9renciations entre les sexes qui sont conformes aux st\u00e9r\u00e9otypes. <strong>Le bal est une \u00ab fabrique du genre \u00bb<\/strong>. Les professeur\u00b7e\u00b7s de bal ont coutume de dire que, dans la danse, \u00ab l\u2019homme guide et la femme suit \u00bb. Les hommes sont ainsi en position de ma\u00eetrise, et la domination masculine est int\u00e9rioris\u00e9e par les femmes. <br \/><br \/>Or on assiste \u00e0 des transformations soci\u00e9tables qui, de fait, se r\u00e9percutent dans les pratiques du bal et remettent en question ces rites et pratiques notamment celle du consentement \u00abqui va de soi \u00bb. <br \/><strong><br \/>On croit tout savoir sur le consentement : un non c\u2019est un non<\/strong>. Mais savons-nous vraiment ce qui nous pousse \u00e0 dire oui ou \u00e0 dire non? <strong>Dans cet atelier nous allons d\u00e9tricoter les croyances d\u00e9sapprendre et de d\u00e9construire des comportements<\/strong> souvent bien ancr\u00e9s par l\u2019\u00e9ducation. Un atelier ludique pour sortir du th\u00e9orique et aller dans le concret.<br \/><strong><br \/><span style=\"color: #e95a22;\">Mod\u00e9rateur\u00b7rice :<\/span><br \/>Anne Loyale<\/strong>, formatrice \u00e0 Mati\u00e8res Vivantes<\/p><p><span style=\"color: #e95a22;\"><strong>Intervenant\u00b7e\u00b7s :<\/strong><\/span><br \/><strong>Elsa Alphon-Layre<\/strong>, charg\u00e9e de production chez Coriandre, Festival Les Trad\u2019Hivernales<br \/><strong>Val\u00e9rie Imbert<\/strong>, artiste, musicienne et administratrice de Kikol\u00e9 le collectif<br \/><strong>Autres intervenant\u00b7e\u00b7s \u00e0 venir<br \/><\/strong><\/p><\/div>\n\t\t\t\t<\/div>\n\t\t\t\t\t\t\t<div class=\"elementor-accordion-item\">\n\t\t\t\t\t<div id=\"elementor-tab-title-1103\" class=\"elementor-tab-title\" data-tab=\"3\" role=\"button\" aria-controls=\"elementor-tab-content-1103\" aria-expanded=\"false\">\n\t\t\t\t\t\t\t\t\t\t\t\t\t<span class=\"elementor-accordion-icon elementor-accordion-icon-left\" aria-hidden=\"true\">\n\t\t\t\t\t\t\t\t\t\t\t\t\t\t\t<span class=\"elementor-accordion-icon-closed\"><i class=\"fas fa-plus\"><\/i><\/span>\n\t\t\t\t\t\t\t\t<span class=\"elementor-accordion-icon-opened\"><i class=\"fas fa-minus\"><\/i><\/span>\n\t\t\t\t\t\t\t\t\t\t\t\t\t\t<\/span>\n\t\t\t\t\t\t\t\t\t\t\t\t<a class=\"elementor-accordion-title\" tabindex=\"0\">Atelier n\u00b03<\/a>\n\t\t\t\t\t<\/div>\n\t\t\t\t\t<div id=\"elementor-tab-content-1103\" class=\"elementor-tab-content elementor-clearfix\" data-tab=\"3\" role=\"region\" aria-labelledby=\"elementor-tab-title-1103\"><p><strong>Intersectionnalit\u00e9 femme et racis\u00e9e dans les \u00a0musiques d\u2019ici et d\u2019ailleurs\u2009: double peine\u2009?<\/strong><\/p><p>Les femmes racis\u00e9es sont \u00e0 l\u2019intersection de plusieurs syst\u00e8mes d\u2019oppression et de plusieurs types de discriminations. En plus de subir des violences du simple fait qu\u2019elles sont des femmes (violences \u00e9conomiques, objectification, invisibilisation\u2026), elles sont amen\u00e9 \u00e0 subir des discriminations li\u00e9es \u00e0 leur statut racialis\u00e9\/ethnicis\u00e9.<\/p><p>Peut on parler de double peine ? <br \/><strong><br \/>Parce que oui, parlons de la rencontre entre misogynie et racisme<\/strong>. Les femmes racis\u00e9es, ayant une double identit\u00e9, sont \u00e0 l\u2019intersection \u2013 au minimum \u2013 de ces deux discriminations. <b>Elles subissent donc largement les injonctions et repr\u00e9sentations fantasm\u00e9es de la f\u00e9minit\u00e9 coupl\u00e9e aux fantasmes de repr\u00e9sentation ethniques<\/b>. N\u2019y a-t-il pas \u00e9galement un double enfermement qui vient percuter, parasiter le processus de cr\u00e9ation ? Doit-t-on cr\u00e9er, composer, \u00e9crire en choisissant d\u2019\u00eatre de quelque part, choisir un camp, un combat ? Souffre t-on d\u2019\u00eatre \u00abassign\u00e9\u00bb, voir enferm\u00e9 par l\u2019autre dans une origine ? <br \/><b><br \/>Est-ce possible d\u2019\u00eatre \u00ab simplement \u00bb une artiste sans double assignation d\u2019\u00eatre femme et racis\u00e9e<\/b> ? A contrario n\u2019est ce pas une v\u00e9ritable richesse, terreau riche de diversit\u00e9 qui lib\u00e8re au lieu d\u2019enfermer ?<br \/><strong><br \/><\/strong><span style=\"color: #e95a22;\"><b>Mod\u00e9rateur\u00b7rice <\/b>:<\/span> <br \/><strong>Patricia Coler<\/strong>, d\u00e9l\u00e9gu\u00e9e g\u00e9n\u00e9rale de l\u2019UFISC\u00a0<\/p><p><span style=\"color: #e95a22;\"><strong>Intervenant\u00b7e\u00b7s :<\/strong><\/span><br \/><strong>Na\u00efma Huber Yahi<\/strong>, historienne et chercheuse<br \/><strong>Christine Zayed<\/strong>, artiste musicienne palestinienne<br \/><strong>Souad Asla<\/strong>, artiste musicienne alg\u00e9rienne<br \/><strong>Autres intervenant\u00b7e\u00b7s \u00e0 venir<br \/><\/strong><\/p><\/div>\n\t\t\t\t<\/div>\n\t\t\t\t\t\t\t<div class=\"elementor-accordion-item\">\n\t\t\t\t\t<div id=\"elementor-tab-title-1104\" class=\"elementor-tab-title\" data-tab=\"4\" role=\"button\" aria-controls=\"elementor-tab-content-1104\" aria-expanded=\"false\">\n\t\t\t\t\t\t\t\t\t\t\t\t\t<span class=\"elementor-accordion-icon elementor-accordion-icon-left\" aria-hidden=\"true\">\n\t\t\t\t\t\t\t\t\t\t\t\t\t\t\t<span class=\"elementor-accordion-icon-closed\"><i class=\"fas fa-plus\"><\/i><\/span>\n\t\t\t\t\t\t\t\t<span class=\"elementor-accordion-icon-opened\"><i class=\"fas fa-minus\"><\/i><\/span>\n\t\t\t\t\t\t\t\t\t\t\t\t\t\t<\/span>\n\t\t\t\t\t\t\t\t\t\t\t\t<a class=\"elementor-accordion-title\" tabindex=\"0\">Atelier n\u00b04<\/a>\n\t\t\t\t\t<\/div>\n\t\t\t\t\t<div id=\"elementor-tab-content-1104\" class=\"elementor-tab-content elementor-clearfix\" data-tab=\"4\" role=\"region\" aria-labelledby=\"elementor-tab-title-1104\"><p><strong>Musique mainstream et st\u00e9r\u00e9otype de genre : quelle place pour les musiques et danses traditionnelles d&#8217;ici et d&#8217;ailleurs\u2009?<\/strong><\/p><p><b>Les st\u00e9r\u00e9otypes de genre dans le travail comme dans la vie priv\u00e9e, sur les territoires s\u2019infusent dans les pratiques sociales<\/b>. Comment s\u2019incarnent-ils plus pr\u00e9cis\u00e9ment dans les pratiques culturelles ? On peut interroger la place dominante des musiciens qui souligne une forme d\u2019h\u00e9g\u00e9monie masculine dans le milieu de l\u2019industrie de la musique. Elle s\u2019incarne notamment dans l\u2019utilisation du \u00abgros son\u00bb, musique amplifi\u00e9 qui impose le charisme et le leadership au d\u00e9triment de la coop\u00e9ration et du faire ensemble.<\/p><p><b>Quelles influences ont ces st\u00e9r\u00e9otypes de genre dans les pratiques des musiques, danses traditionnelles d\u2019ici et d\u2019ailleurs <\/b>? De quelles mani\u00e8res les pratiques sociales et culturelles que nous repr\u00e9sentons concourent \u00e0 l\u2019expression de celle-ci ? Notamment autours de la danse, en particulier concernant les danses collectives et mixtes, dans cette occupation citoyenne de l\u2019espace public.<\/p><p>Cet atelier proposera une r\u00e9flexion sur l\u2019espace public \u00e0 travers le rapport aux genres selon les styles\u00a0<span style=\"font-size: 1.25rem;\">musicaux, selon les territoires.\u00a0<\/span><b><span style=\"font-size: 1.25rem;\">Existe-t-il des territoires et des\u00a0<\/span><span style=\"font-size: 1.25rem;\">pratiques culturelles, mixtes ou\u00a0<\/span><\/b><span style=\"font-size: 1.25rem;\"><b>f\u00e9minines non soumis \u00e0 cette domination des cultures masculines<\/b> ?\u00a0<\/span><span style=\"font-size: 1.25rem;\">Des lieux utopiques qui \u00e9chapperaient aux cultures mainstream ?\u00a0<br \/><\/span><span style=\"font-size: 1.25rem;\"><br \/>Autant de probl\u00e9matiques \u00e0 questionner ensemble !<\/span><\/p><p><span style=\"color: #e95a22;\"><strong>Mod\u00e9rateur\u00b7rice :<\/strong><\/span><br \/><strong>Alban Cogrel<\/strong>, directeur de la FAMDT<\/p><p><span style=\"color: #e95a22;\"><strong>Intervenant\u00b7e\u00b7s :<\/strong><\/span><br \/><strong>Yves Raibaud<\/strong>, chercheur, g\u00e9ographe<br \/><strong>Autres intervenant\u00b7e\u00b7s \u00e0 venir<\/strong><\/p><\/div>\n\t\t\t\t<\/div>\n\t\t\t\t\t\t\t\t<\/div>\n\t\t\t\t<\/div>\n\t\t\t\t<\/div>\n\t\t\t\t\t<\/div>\n\t\t<\/div>\n\t\t\t\t\t<\/div>\n\t\t<\/section>\n\t\t\t\t<section class=\"elementor-section elementor-top-section elementor-element elementor-element-c882781 elementor-section-boxed elementor-section-height-default elementor-section-height-default\" data-id=\"c882781\" data-element_type=\"section\">\n\t\t\t\t\t\t<div class=\"elementor-container elementor-column-gap-default\">\n\t\t\t\t\t<div class=\"elementor-column elementor-col-100 elementor-top-column elementor-element elementor-element-5bff589\" data-id=\"5bff589\" data-element_type=\"column\">\n\t\t\t<div class=\"elementor-widget-wrap elementor-element-populated\">\n\t\t\t\t\t\t<div class=\"elementor-element elementor-element-5459bd8 elementor-widget elementor-widget-text-editor\" data-id=\"5459bd8\" data-element_type=\"widget\" data-widget_type=\"text-editor.default\">\n\t\t\t\t<div class=\"elementor-widget-container\">\n\t\t\t\t\t\t\t<p class=\"text-build-content\" data-testid=\"ByUWwwvtX7dgKmFhT6u-A\"><span style=\"color: #000000;\">\u2022 17h30 &#8211; 19h30 <strong>-&gt;<\/strong> <strong>Ap\u00e9ritif d\u00eenatoire<\/strong> convivial et <strong>pr\u00e9sentation<\/strong> du projet <strong>Cie Maggese<\/strong><br><\/span><\/p>\t\t\t\t\t\t<\/div>\n\t\t\t\t<\/div>\n\t\t\t\t\t<\/div>\n\t\t<\/div>\n\t\t\t\t\t<\/div>\n\t\t<\/section>\n\t\t\t\t<section class=\"elementor-section elementor-top-section elementor-element elementor-element-d5fd2ce elementor-section-boxed elementor-section-height-default elementor-section-height-default\" data-id=\"d5fd2ce\" data-element_type=\"section\">\n\t\t\t\t\t\t<div class=\"elementor-container elementor-column-gap-default\">\n\t\t\t\t\t<div class=\"elementor-column elementor-col-100 elementor-top-column elementor-element elementor-element-ad1ec81\" data-id=\"ad1ec81\" data-element_type=\"column\">\n\t\t\t<div class=\"elementor-widget-wrap elementor-element-populated\">\n\t\t\t\t\t\t<div class=\"elementor-element elementor-element-fe9c250 elementor-widget elementor-widget-text-editor\" data-id=\"fe9c250\" data-element_type=\"widget\" data-widget_type=\"text-editor.default\">\n\t\t\t\t<div class=\"elementor-widget-container\">\n\t\t\t\t\t\t\t<p data-testid=\"ByUWwwvtX7dgKmFhT6u-A\"><span style=\"color: #000000;\">\u2022 20h &#8211; 00h <strong>-&gt;<\/strong> <strong>Soir\u00e9e concerts<\/strong> : 3 propositions <strong>au f\u00e9minin <\/strong>(Programmation en cours). Soir\u00e9e au <strong>tarif de 5\u20ac en pr\u00e9vente \/ 7\u20ac sur place<\/strong><br \/><\/span><\/p>\t\t\t\t\t\t<\/div>\n\t\t\t\t<\/div>\n\t\t\t\t\t<\/div>\n\t\t<\/div>\n\t\t\t\t\t<\/div>\n\t\t<\/section>\n\t\t\t\t<section class=\"elementor-section elementor-top-section elementor-element elementor-element-42b4364 elementor-section-boxed elementor-section-height-default elementor-section-height-default\" data-id=\"42b4364\" data-element_type=\"section\">\n\t\t\t\t\t\t<div class=\"elementor-container elementor-column-gap-default\">\n\t\t\t\t\t<div class=\"elementor-column elementor-col-50 elementor-top-column elementor-element elementor-element-581eb1a\" data-id=\"581eb1a\" data-element_type=\"column\">\n\t\t\t<div class=\"elementor-widget-wrap elementor-element-populated\">\n\t\t\t\t\t\t<div class=\"elementor-element elementor-element-21323e7 elementor-align-center elementor-widget elementor-widget-button\" data-id=\"21323e7\" data-element_type=\"widget\" data-widget_type=\"button.default\">\n\t\t\t\t<div class=\"elementor-widget-container\">\n\t\t\t\t\t\t\t<div class=\"elementor-button-wrapper\">\n\t\t\t\t\t<a class=\"elementor-button elementor-button-link elementor-size-sm\" href=\"https:\/\/shotgun.live\/fr\/events\/battantes-tracy-de-sa-anais-rosso-ensemble-chakam\" target=\"_blank\">\n\t\t\t\t\t\t<span class=\"elementor-button-content-wrapper\">\n\t\t\t\t\t\t\t\t\t<span class=\"elementor-button-text\">BILLETTERIE<\/span>\n\t\t\t\t\t<\/span>\n\t\t\t\t\t<\/a>\n\t\t\t\t<\/div>\n\t\t\t\t\t\t<\/div>\n\t\t\t\t<\/div>\n\t\t\t\t\t<\/div>\n\t\t<\/div>\n\t\t\t\t<div class=\"elementor-column elementor-col-50 elementor-top-column elementor-element elementor-element-c127397\" data-id=\"c127397\" data-element_type=\"column\">\n\t\t\t<div class=\"elementor-widget-wrap elementor-element-populated\">\n\t\t\t\t\t\t<div class=\"elementor-element elementor-element-21e3e18 elementor-align-center elementor-widget elementor-widget-button\" data-id=\"21e3e18\" data-element_type=\"widget\" data-widget_type=\"button.default\">\n\t\t\t\t<div class=\"elementor-widget-container\">\n\t\t\t\t\t\t\t<div class=\"elementor-button-wrapper\">\n\t\t\t\t\t<a class=\"elementor-button elementor-button-link elementor-size-sm\" href=\"https:\/\/www.lepointfort.com\/events\/battantes-tracy-de-sa-anais-rosso-ensemble-chakam\/\" target=\"_blank\">\n\t\t\t\t\t\t<span class=\"elementor-button-content-wrapper\">\n\t\t\t\t\t\t\t\t\t<span class=\"elementor-button-text\">LE POINT FORT<\/span>\n\t\t\t\t\t<\/span>\n\t\t\t\t\t<\/a>\n\t\t\t\t<\/div>\n\t\t\t\t\t\t<\/div>\n\t\t\t\t<\/div>\n\t\t\t\t\t<\/div>\n\t\t<\/div>\n\t\t\t\t\t<\/div>\n\t\t<\/section>\n\t\t\t\t<section class=\"elementor-section elementor-top-section elementor-element elementor-element-0d82b36 elementor-section-boxed elementor-section-height-default elementor-section-height-default\" data-id=\"0d82b36\" data-element_type=\"section\">\n\t\t\t\t\t\t<div class=\"elementor-container elementor-column-gap-default\">\n\t\t\t\t\t<div class=\"elementor-column elementor-col-100 elementor-top-column elementor-element elementor-element-1dd9cec\" data-id=\"1dd9cec\" data-element_type=\"column\">\n\t\t\t<div class=\"elementor-widget-wrap elementor-element-populated\">\n\t\t\t\t\t\t<div class=\"elementor-element elementor-element-60a3ec0 elementor-widget elementor-widget-spacer\" data-id=\"60a3ec0\" data-element_type=\"widget\" data-widget_type=\"spacer.default\">\n\t\t\t\t<div class=\"elementor-widget-container\">\n\t\t\t\t\t<div class=\"elementor-spacer\">\n\t\t\t<div class=\"elementor-spacer-inner\"><\/div>\n\t\t<\/div>\n\t\t\t\t<\/div>\n\t\t\t\t<\/div>\n\t\t\t\t\t<\/div>\n\t\t<\/div>\n\t\t\t\t\t<\/div>\n\t\t<\/section>\n\t\t\t\t<section class=\"elementor-section elementor-top-section elementor-element elementor-element-1d3d09a elementor-section-boxed elementor-section-height-default elementor-section-height-default\" data-id=\"1d3d09a\" data-element_type=\"section\">\n\t\t\t\t\t\t<div class=\"elementor-container elementor-column-gap-default\">\n\t\t\t\t\t<div class=\"elementor-column elementor-col-50 elementor-top-column elementor-element elementor-element-9990965\" data-id=\"9990965\" data-element_type=\"column\">\n\t\t\t<div class=\"elementor-widget-wrap elementor-element-populated\">\n\t\t\t\t\t\t<div class=\"elementor-element elementor-element-9f5ce0f elementor-widget elementor-widget-heading\" data-id=\"9f5ce0f\" data-element_type=\"widget\" data-widget_type=\"heading.default\">\n\t\t\t\t<div class=\"elementor-widget-container\">\n\t\t\t<h5 class=\"elementor-heading-title elementor-size-default\"><a href=\"https:\/\/www.facebook.com\/profile.php?id=100065081178506\" target=\"_blank\">ENSEMBLE CHAK\u00c2M<\/a><\/h5>\t\t<\/div>\n\t\t\t\t<\/div>\n\t\t\t\t<div class=\"elementor-element elementor-element-3e2e0c8 elementor-widget elementor-widget-image\" data-id=\"3e2e0c8\" data-element_type=\"widget\" data-widget_type=\"image.default\">\n\t\t\t\t<div class=\"elementor-widget-container\">\n\t\t\t\t\t\t\t\t\t\t\t\t\t\t<a href=\"https:\/\/www.facebook.com\/profile.php?id=100065081178506\" target=\"_blank\">\n\t\t\t\t\t\t\t<img decoding=\"async\" width=\"150\" height=\"150\" src=\"https:\/\/collectifmdm-idf.org\/annuaire5\/wp-content\/uploads\/2023\/10\/2023.04-CHAKAM1357-bd-150x150.jpg\" class=\"attachment-thumbnail size-thumbnail wp-image-12416\" alt=\"\" srcset=\"https:\/\/collectifmdm-idf.org\/annuaire5\/wp-content\/uploads\/2023\/10\/2023.04-CHAKAM1357-bd-150x150.jpg 150w, https:\/\/collectifmdm-idf.org\/annuaire5\/wp-content\/uploads\/2023\/10\/2023.04-CHAKAM1357-bd-640x640.jpg 640w, https:\/\/collectifmdm-idf.org\/annuaire5\/wp-content\/uploads\/2023\/10\/2023.04-CHAKAM1357-bd-600x600.jpg 600w, https:\/\/collectifmdm-idf.org\/annuaire5\/wp-content\/uploads\/2023\/10\/2023.04-CHAKAM1357-bd-666x666.jpg 666w, https:\/\/collectifmdm-idf.org\/annuaire5\/wp-content\/uploads\/2023\/10\/2023.04-CHAKAM1357-bd-96x96.jpg 96w, https:\/\/collectifmdm-idf.org\/annuaire5\/wp-content\/uploads\/2023\/10\/2023.04-CHAKAM1357-bd-50x50.jpg 50w\" sizes=\"(max-width: 150px) 100vw, 150px\" title=\"\" \/>\t\t\t\t\t\t\t\t<\/a>\n\t\t\t\t\t\t\t\t\t\t\t\t\t<\/div>\n\t\t\t\t<\/div>\n\t\t\t\t\t<\/div>\n\t\t<\/div>\n\t\t\t\t<div class=\"elementor-column elementor-col-50 elementor-top-column elementor-element elementor-element-44b957c\" data-id=\"44b957c\" data-element_type=\"column\">\n\t\t\t<div class=\"elementor-widget-wrap elementor-element-populated\">\n\t\t\t\t\t\t<div class=\"elementor-element elementor-element-81788d6 elementor-widget elementor-widget-text-editor\" data-id=\"81788d6\" data-element_type=\"widget\" data-widget_type=\"text-editor.default\">\n\t\t\t\t<div class=\"elementor-widget-container\">\n\t\t\t\t\t\t\t<p><span style=\"color: #000000;\"><strong>Laur\u00e9ates du Prix des Musiques d\u2019ICI<\/strong><\/span><br \/><span style=\"color: #000000;\">Ensemble Ch\u00e2kam r\u00e9v\u00e8le la richesse du<\/span><br \/><span style=\"color: #000000;\">dialogue de musiques savantes d\u2019Iran (Sogol Mizraei au t\u00e2r), de Palestine (Christine Zayed au qanun) et du baroque fran\u00e7ais\u00a0<span style=\"font-size: 1.25rem;\">(MarieSuzanne de Loye \u00e0 la viole de gambe).<\/span><\/span><\/p>\t\t\t\t\t\t<\/div>\n\t\t\t\t<\/div>\n\t\t\t\t\t<\/div>\n\t\t<\/div>\n\t\t\t\t\t<\/div>\n\t\t<\/section>\n\t\t\t\t<section class=\"elementor-section elementor-top-section elementor-element elementor-element-5677464 elementor-section-boxed elementor-section-height-default elementor-section-height-default\" data-id=\"5677464\" data-element_type=\"section\">\n\t\t\t\t\t\t<div class=\"elementor-container elementor-column-gap-default\">\n\t\t\t\t\t<div class=\"elementor-column elementor-col-100 elementor-top-column elementor-element elementor-element-11883d1\" data-id=\"11883d1\" data-element_type=\"column\">\n\t\t\t<div class=\"elementor-widget-wrap elementor-element-populated\">\n\t\t\t\t\t\t<div class=\"elementor-element elementor-element-d84dc2e elementor-widget-divider--view-line elementor-widget elementor-widget-divider\" data-id=\"d84dc2e\" data-element_type=\"widget\" data-widget_type=\"divider.default\">\n\t\t\t\t<div class=\"elementor-widget-container\">\n\t\t\t\t\t<div class=\"elementor-divider\">\n\t\t\t<span class=\"elementor-divider-separator\">\n\t\t\t\t\t\t<\/span>\n\t\t<\/div>\n\t\t\t\t<\/div>\n\t\t\t\t<\/div>\n\t\t\t\t\t<\/div>\n\t\t<\/div>\n\t\t\t\t\t<\/div>\n\t\t<\/section>\n\t\t\t\t<section class=\"elementor-section elementor-top-section elementor-element elementor-element-70b370d elementor-section-boxed elementor-section-height-default elementor-section-height-default\" data-id=\"70b370d\" data-element_type=\"section\">\n\t\t\t\t\t\t<div class=\"elementor-container elementor-column-gap-default\">\n\t\t\t\t\t<div class=\"elementor-column elementor-col-50 elementor-top-column elementor-element elementor-element-2ca04fc\" data-id=\"2ca04fc\" data-element_type=\"column\">\n\t\t\t<div class=\"elementor-widget-wrap elementor-element-populated\">\n\t\t\t\t\t\t<div class=\"elementor-element elementor-element-e2a515b elementor-widget elementor-widget-text-editor\" data-id=\"e2a515b\" data-element_type=\"widget\" data-widget_type=\"text-editor.default\">\n\t\t\t\t<div class=\"elementor-widget-container\">\n\t\t\t\t\t\t\t<p><span style=\"color: #000000;\">Ana\u00efs aime m\u00e9langer les genres et s\u2019amuse de ses inspirations, convoquant aussi bien Henri Salvador que Les Cures, ou encore les Beatles. Elle nous livre une histoire personnelle \u00e9mouvante, que l\u2019on d\u00e9couvre au fil de ses compositions teint\u00e9es de blues et de sonorit\u00e9s myst\u00e9rieuses.<\/span><\/p>\t\t\t\t\t\t<\/div>\n\t\t\t\t<\/div>\n\t\t\t\t\t<\/div>\n\t\t<\/div>\n\t\t\t\t<div class=\"elementor-column elementor-col-50 elementor-top-column elementor-element elementor-element-9f67280\" data-id=\"9f67280\" data-element_type=\"column\">\n\t\t\t<div class=\"elementor-widget-wrap elementor-element-populated\">\n\t\t\t\t\t\t<div class=\"elementor-element elementor-element-8ece35a elementor-widget elementor-widget-heading\" data-id=\"8ece35a\" data-element_type=\"widget\" data-widget_type=\"heading.default\">\n\t\t\t\t<div class=\"elementor-widget-container\">\n\t\t\t<h5 class=\"elementor-heading-title elementor-size-default\"><a href=\"https:\/\/www.facebook.com\/Anaisrossodirosso\" target=\"_blank\">ANA\u00cfS ROSSO<\/a><\/h5>\t\t<\/div>\n\t\t\t\t<\/div>\n\t\t\t\t<div class=\"elementor-element elementor-element-2a523e1 elementor-widget elementor-widget-image\" data-id=\"2a523e1\" data-element_type=\"widget\" data-widget_type=\"image.default\">\n\t\t\t\t<div class=\"elementor-widget-container\">\n\t\t\t\t\t\t\t\t\t\t\t\t\t\t<a href=\"https:\/\/www.facebook.com\/Anaisrossodirosso\" target=\"_blank\">\n\t\t\t\t\t\t\t<img decoding=\"async\" width=\"150\" height=\"150\" src=\"https:\/\/collectifmdm-idf.org\/annuaire5\/wp-content\/uploads\/2023\/10\/anais_rosso-150x150.jpg\" class=\"attachment-thumbnail size-thumbnail wp-image-12415\" alt=\"\" srcset=\"https:\/\/collectifmdm-idf.org\/annuaire5\/wp-content\/uploads\/2023\/10\/anais_rosso-150x150.jpg 150w, https:\/\/collectifmdm-idf.org\/annuaire5\/wp-content\/uploads\/2023\/10\/anais_rosso-640x640.jpg 640w, https:\/\/collectifmdm-idf.org\/annuaire5\/wp-content\/uploads\/2023\/10\/anais_rosso-600x600.jpg 600w, https:\/\/collectifmdm-idf.org\/annuaire5\/wp-content\/uploads\/2023\/10\/anais_rosso-666x666.jpg 666w, https:\/\/collectifmdm-idf.org\/annuaire5\/wp-content\/uploads\/2023\/10\/anais_rosso-96x96.jpg 96w, https:\/\/collectifmdm-idf.org\/annuaire5\/wp-content\/uploads\/2023\/10\/anais_rosso-50x50.jpg 50w\" sizes=\"(max-width: 150px) 100vw, 150px\" title=\"\" \/>\t\t\t\t\t\t\t\t<\/a>\n\t\t\t\t\t\t\t\t\t\t\t\t\t<\/div>\n\t\t\t\t<\/div>\n\t\t\t\t\t<\/div>\n\t\t<\/div>\n\t\t\t\t\t<\/div>\n\t\t<\/section>\n\t\t\t\t<section class=\"elementor-section elementor-top-section elementor-element elementor-element-6cb08d0 elementor-section-boxed elementor-section-height-default elementor-section-height-default\" data-id=\"6cb08d0\" data-element_type=\"section\">\n\t\t\t\t\t\t<div class=\"elementor-container elementor-column-gap-default\">\n\t\t\t\t\t<div class=\"elementor-column elementor-col-100 elementor-top-column elementor-element elementor-element-66fb024\" data-id=\"66fb024\" data-element_type=\"column\">\n\t\t\t<div class=\"elementor-widget-wrap elementor-element-populated\">\n\t\t\t\t\t\t<div class=\"elementor-element elementor-element-2748ee5 elementor-widget-divider--view-line elementor-widget elementor-widget-divider\" data-id=\"2748ee5\" data-element_type=\"widget\" data-widget_type=\"divider.default\">\n\t\t\t\t<div class=\"elementor-widget-container\">\n\t\t\t\t\t<div class=\"elementor-divider\">\n\t\t\t<span class=\"elementor-divider-separator\">\n\t\t\t\t\t\t<\/span>\n\t\t<\/div>\n\t\t\t\t<\/div>\n\t\t\t\t<\/div>\n\t\t\t\t\t<\/div>\n\t\t<\/div>\n\t\t\t\t\t<\/div>\n\t\t<\/section>\n\t\t\t\t<section class=\"elementor-section elementor-top-section elementor-element elementor-element-28feda0 elementor-section-boxed elementor-section-height-default elementor-section-height-default\" data-id=\"28feda0\" data-element_type=\"section\">\n\t\t\t\t\t\t<div class=\"elementor-container elementor-column-gap-default\">\n\t\t\t\t\t<div class=\"elementor-column elementor-col-50 elementor-top-column elementor-element elementor-element-476082c\" data-id=\"476082c\" data-element_type=\"column\">\n\t\t\t<div class=\"elementor-widget-wrap elementor-element-populated\">\n\t\t\t\t\t\t<div class=\"elementor-element elementor-element-7d73702 elementor-widget elementor-widget-heading\" data-id=\"7d73702\" data-element_type=\"widget\" data-widget_type=\"heading.default\">\n\t\t\t\t<div class=\"elementor-widget-container\">\n\t\t\t<h5 class=\"elementor-heading-title elementor-size-default\"><a href=\"https:\/\/shotgun.live\/fr\/events\/battantes-tracy-de-sa-anais-rosso-ensemble-chakam\" target=\"_blank\">TRACY DE S\u00c0<\/a><\/h5>\t\t<\/div>\n\t\t\t\t<\/div>\n\t\t\t\t<div class=\"elementor-element elementor-element-9e2d954 elementor-widget elementor-widget-image\" data-id=\"9e2d954\" data-element_type=\"widget\" data-widget_type=\"image.default\">\n\t\t\t\t<div class=\"elementor-widget-container\">\n\t\t\t\t\t\t\t\t\t\t\t\t\t\t<a href=\"https:\/\/tracydesa.com\/\" target=\"_blank\">\n\t\t\t\t\t\t\t<img loading=\"lazy\" decoding=\"async\" width=\"150\" height=\"150\" src=\"https:\/\/collectifmdm-idf.org\/annuaire5\/wp-content\/uploads\/2023\/10\/Tracy-De-Sa-\u00a9-Jon-Verleysen-1-scaled-1-150x150.jpg\" class=\"attachment-thumbnail size-thumbnail wp-image-12467\" alt=\"\" srcset=\"https:\/\/collectifmdm-idf.org\/annuaire5\/wp-content\/uploads\/2023\/10\/Tracy-De-Sa-\u00a9-Jon-Verleysen-1-scaled-1-150x150.jpg 150w, https:\/\/collectifmdm-idf.org\/annuaire5\/wp-content\/uploads\/2023\/10\/Tracy-De-Sa-\u00a9-Jon-Verleysen-1-scaled-1-640x640.jpg 640w, https:\/\/collectifmdm-idf.org\/annuaire5\/wp-content\/uploads\/2023\/10\/Tracy-De-Sa-\u00a9-Jon-Verleysen-1-scaled-1-600x600.jpg 600w, https:\/\/collectifmdm-idf.org\/annuaire5\/wp-content\/uploads\/2023\/10\/Tracy-De-Sa-\u00a9-Jon-Verleysen-1-scaled-1-666x666.jpg 666w, https:\/\/collectifmdm-idf.org\/annuaire5\/wp-content\/uploads\/2023\/10\/Tracy-De-Sa-\u00a9-Jon-Verleysen-1-scaled-1-96x96.jpg 96w, https:\/\/collectifmdm-idf.org\/annuaire5\/wp-content\/uploads\/2023\/10\/Tracy-De-Sa-\u00a9-Jon-Verleysen-1-scaled-1-50x50.jpg 50w\" sizes=\"(max-width: 150px) 100vw, 150px\" title=\"\u00a9 Jon Verleysen\" \/>\t\t\t\t\t\t\t\t<\/a>\n\t\t\t\t\t\t\t\t\t\t\t\t\t<\/div>\n\t\t\t\t<\/div>\n\t\t\t\t\t<\/div>\n\t\t<\/div>\n\t\t\t\t<div class=\"elementor-column elementor-col-50 elementor-top-column elementor-element elementor-element-ab23fa9\" data-id=\"ab23fa9\" data-element_type=\"column\">\n\t\t\t<div class=\"elementor-widget-wrap elementor-element-populated\">\n\t\t\t\t\t\t<div class=\"elementor-element elementor-element-ebbb03b elementor-widget__width-initial elementor-widget elementor-widget-text-editor\" data-id=\"ebbb03b\" data-element_type=\"widget\" data-widget_type=\"text-editor.default\">\n\t\t\t\t<div class=\"elementor-widget-container\">\n\t\t\t\t\t\t\t<p><span style=\"color: #000000;\">F\u00e9ministe \u00e9vidente, fi\u00e8re dans un milieu\u00a0<\/span><span style=\"color: #000000; font-size: 1.25rem;\">hip hop r\u00e9gi par les hommes, Tracy pose\u00a0<\/span><span style=\"color: #000000; font-size: 1.25rem;\">son flow et sa technique taill\u00e9s \u00e0 l\u2019\u00e9coute\u00a0<\/span><span style=\"color: #000000; font-size: 1.25rem;\">intensive du rap des 90\u2019s, pour mettre les\u00a0<\/span><span style=\"color: #000000; font-size: 1.25rem;\">hommes \u00e0 ses pieds. Tracy veut aller encore\u00a0<\/span><span style=\"color: #000000; font-size: 1.25rem;\">plus loin pour redonner aux femmes la\u00a0<\/span><span style=\"color: #000000; font-size: 1.25rem;\">place qu\u2019elles m\u00e9ritent dans notre\u00a0<\/span><span style=\"color: #000000; font-size: 1.25rem;\">soci\u00e9t\u00e9.<\/span><\/p>\t\t\t\t\t\t<\/div>\n\t\t\t\t<\/div>\n\t\t\t\t\t<\/div>\n\t\t<\/div>\n\t\t\t\t\t<\/div>\n\t\t<\/section>\n\t\t\t\t<section class=\"elementor-section elementor-top-section elementor-element elementor-element-53835ee elementor-section-boxed elementor-section-height-default elementor-section-height-default\" data-id=\"53835ee\" data-element_type=\"section\">\n\t\t\t\t\t\t<div class=\"elementor-container elementor-column-gap-default\">\n\t\t\t\t\t<div class=\"elementor-column elementor-col-100 elementor-top-column elementor-element elementor-element-3866239\" data-id=\"3866239\" data-element_type=\"column\">\n\t\t\t<div class=\"elementor-widget-wrap elementor-element-populated\">\n\t\t\t\t\t\t<div class=\"elementor-element elementor-element-1953a8e elementor-widget-divider--view-line elementor-widget elementor-widget-divider\" data-id=\"1953a8e\" data-element_type=\"widget\" data-widget_type=\"divider.default\">\n\t\t\t\t<div class=\"elementor-widget-container\">\n\t\t\t\t\t<div class=\"elementor-divider\">\n\t\t\t<span class=\"elementor-divider-separator\">\n\t\t\t\t\t\t<\/span>\n\t\t<\/div>\n\t\t\t\t<\/div>\n\t\t\t\t<\/div>\n\t\t\t\t\t<\/div>\n\t\t<\/div>\n\t\t\t\t\t<\/div>\n\t\t<\/section>\n\t\t\t\t<section class=\"elementor-section elementor-top-section elementor-element elementor-element-7a5fdfb elementor-section-boxed elementor-section-height-default elementor-section-height-default\" data-id=\"7a5fdfb\" data-element_type=\"section\">\n\t\t\t\t\t\t<div class=\"elementor-container elementor-column-gap-default\">\n\t\t\t\t\t<div class=\"elementor-column elementor-col-100 elementor-top-column elementor-element elementor-element-d4b7234\" data-id=\"d4b7234\" data-element_type=\"column\">\n\t\t\t<div class=\"elementor-widget-wrap elementor-element-populated\">\n\t\t\t\t\t\t<div class=\"elementor-element elementor-element-f58ffcb elementor-widget elementor-widget-heading\" data-id=\"f58ffcb\" data-element_type=\"widget\" data-widget_type=\"heading.default\">\n\t\t\t\t<div class=\"elementor-widget-container\">\n\t\t\t<h5 class=\"elementor-heading-title elementor-size-default\">INFOS PRATIQUES<\/h5>\t\t<\/div>\n\t\t\t\t<\/div>\n\t\t\t\t\t<\/div>\n\t\t<\/div>\n\t\t\t\t\t<\/div>\n\t\t<\/section>\n\t\t\t\t<section class=\"elementor-section elementor-top-section elementor-element elementor-element-dfe5792 elementor-section-boxed elementor-section-height-default elementor-section-height-default\" data-id=\"dfe5792\" data-element_type=\"section\">\n\t\t\t\t\t\t<div class=\"elementor-container elementor-column-gap-default\">\n\t\t\t\t\t<div class=\"elementor-column elementor-col-100 elementor-top-column elementor-element elementor-element-ed6dd14\" data-id=\"ed6dd14\" data-element_type=\"column\">\n\t\t\t<div class=\"elementor-widget-wrap elementor-element-populated\">\n\t\t\t\t\t\t<div class=\"elementor-element elementor-element-f9e12bc elementor-widget elementor-widget-text-editor\" data-id=\"f9e12bc\" data-element_type=\"widget\" data-widget_type=\"text-editor.default\">\n\t\t\t\t<div class=\"elementor-widget-container\">\n\t\t\t\t\t\t\t<p><span style=\"color: #000000;\">Le <b>vendredi 17 novembre<\/b> 2023 \u00e0 partir de <b>13h<\/b> au <b>Point Fort d\u2019Aubervilliers<\/b><br \/><u>174 Av. Jean Jaur\u00e8s, 93300 Aubervilliers &#8211; M\u00b07 Fort d\u2019Aubervilliers<br \/><\/u><i>Vous pourrez retrouver l\u2019exposition, ainsi que la diffusion des pastilles vid\u00e9o du<br \/>projet \u00abTambours Battantes! \u00bb sur place.<\/i><br \/><\/span><\/p><p><span style=\"color: #000000;\"><b>Contacts<\/b><\/span><br \/><strong><span style=\"color: #e95a22;\"><a style=\"color: #e95a22;\" href=\"https:\/\/www.famdt.com\/\">FAMDT<\/a><\/span><\/strong><br \/><span style=\"color: #4d5156; font-family: arial, sans-serif; font-size: 14px;\">\u2022\u00a0<\/span><span style=\"color: #000000;\"><b>Nathalie Dechandon<\/b>, administratrice g\u00e9n\u00e9rale<br \/>nathalie.dechandon@famdt.com<br \/><\/span><span style=\"color: #4d5156; font-family: arial, sans-serif; font-size: 14px;\">\u2022\u00a0<\/span><span style=\"color: #000000;\"><b>Louise Villain<\/b>, r\u00e9gisseuse g\u00e9n\u00e9rale<br \/>production@famdt.com<\/span><\/p><p><a href=\"https:\/\/www.famdt.com\/\">www.famdt.com<br \/><\/a><a href=\"https:\/\/www.villesdesmusiquesdumonde.com\/\">www.villesdesmusiquesdumonde.com<br \/><\/a><a href=\"https:\/\/www.lepointfort.com\/\">www.lepointfort.com<\/a><\/p>\t\t\t\t\t\t<\/div>\n\t\t\t\t<\/div>\n\t\t\t\t\t<\/div>\n\t\t<\/div>\n\t\t\t\t\t<\/div>\n\t\t<\/section>\n\t\t\t\t<\/div>\n\t\t","protected":false},"excerpt":{"rendered":"<p>La place des femmes dans les musiques trad&#8217; d&#8217;ici et d&#8217;ailleurs EN SAVOIR + INSCRIPTION Dans le cadre de &#8220;Tambours battantes&#8221; , la FAMDT organise une journ\u00e9e de rencontres, gratuite sur inscription. Ce rendez-vous s\u2019imagine et se construit en coop\u00e9ration avec l\u2019association<\/p>\n<p class=\"link-more\"><a class=\"myButt \" href=\"https:\/\/collectifmdm-idf.org\/annuaire5\/battantes_17_novembre_2023\/\">EN SAVOIR +<\/a><\/p>\n","protected":false},"author":1,"featured_media":0,"comment_status":"open","ping_status":"open","sticky":false,"template":"elementor_header_footer","format":"standard","meta":{"_rtcl_gb_attr":"","footnotes":""},"categories":[7,14,15,16,1,9],"tags":[201,100,202,200,164,199],"class_list":["post-12380","post","type-post","status-publish","format-standard","hentry","category-concert","category-entretien","category-evenement","category-exposition","category-non-classe","category-rencontres","tag-ateliers","tag-concert","tag-debats","tag-exposition","tag-projection","tag-rencontres-professionnelles"],"_links":{"self":[{"href":"https:\/\/collectifmdm-idf.org\/annuaire5\/wp-json\/wp\/v2\/posts\/12380","targetHints":{"allow":["GET"]}}],"collection":[{"href":"https:\/\/collectifmdm-idf.org\/annuaire5\/wp-json\/wp\/v2\/posts"}],"about":[{"href":"https:\/\/collectifmdm-idf.org\/annuaire5\/wp-json\/wp\/v2\/types\/post"}],"author":[{"embeddable":true,"href":"https:\/\/collectifmdm-idf.org\/annuaire5\/wp-json\/wp\/v2\/users\/1"}],"replies":[{"embeddable":true,"href":"https:\/\/collectifmdm-idf.org\/annuaire5\/wp-json\/wp\/v2\/comments?post=12380"}],"version-history":[{"count":3,"href":"https:\/\/collectifmdm-idf.org\/annuaire5\/wp-json\/wp\/v2\/posts\/12380\/revisions"}],"predecessor-version":[{"id":15467,"href":"https:\/\/collectifmdm-idf.org\/annuaire5\/wp-json\/wp\/v2\/posts\/12380\/revisions\/15467"}],"wp:attachment":[{"href":"https:\/\/collectifmdm-idf.org\/annuaire5\/wp-json\/wp\/v2\/media?parent=12380"}],"wp:term":[{"taxonomy":"category","embeddable":true,"href":"https:\/\/collectifmdm-idf.org\/annuaire5\/wp-json\/wp\/v2\/categories?post=12380"},{"taxonomy":"post_tag","embeddable":true,"href":"https:\/\/collectifmdm-idf.org\/annuaire5\/wp-json\/wp\/v2\/tags?post=12380"}],"curies":[{"name":"wp","href":"https:\/\/api.w.org\/{rel}","templated":true}]}}