{"id":12252,"date":"2023-09-28T17:35:27","date_gmt":"2023-09-28T15:35:27","guid":{"rendered":"https:\/\/collectifmdm-idf.org\/?p=12252"},"modified":"2024-02-20T14:16:56","modified_gmt":"2024-02-20T13:16:56","slug":"etude_sono-mundo","status":"publish","type":"post","link":"https:\/\/collectifmdm-idf.org\/annuaire5\/etude_sono-mundo\/","title":{"rendered":"\u00c9tude Sono Mundo en Seine-Saint-Denis"},"content":{"rendered":"\t\t<div data-elementor-type=\"wp-post\" data-elementor-id=\"12252\" class=\"elementor elementor-12252\">\n\t\t\t\t\t\t<section class=\"elementor-section elementor-top-section elementor-element elementor-element-bccf04f elementor-section-boxed elementor-section-height-default elementor-section-height-default\" data-id=\"bccf04f\" data-element_type=\"section\">\n\t\t\t\t\t\t<div class=\"elementor-container elementor-column-gap-default\">\n\t\t\t\t\t<div class=\"elementor-column elementor-col-100 elementor-top-column elementor-element elementor-element-a1bd4d4\" data-id=\"a1bd4d4\" data-element_type=\"column\">\n\t\t\t<div class=\"elementor-widget-wrap elementor-element-populated\">\n\t\t\t\t\t\t<div class=\"elementor-element elementor-element-52415e9 elementor-widget elementor-widget-spacer\" data-id=\"52415e9\" data-element_type=\"widget\" data-widget_type=\"spacer.default\">\n\t\t\t\t<div class=\"elementor-widget-container\">\n\t\t\t\t\t<div class=\"elementor-spacer\">\n\t\t\t<div class=\"elementor-spacer-inner\"><\/div>\n\t\t<\/div>\n\t\t\t\t<\/div>\n\t\t\t\t<\/div>\n\t\t\t\t\t<\/div>\n\t\t<\/div>\n\t\t\t\t\t<\/div>\n\t\t<\/section>\n\t\t\t\t<section class=\"elementor-section elementor-top-section elementor-element elementor-element-adc13f7 elementor-section-boxed elementor-section-height-default elementor-section-height-default\" data-id=\"adc13f7\" data-element_type=\"section\" id=\"Sono Mundo\">\n\t\t\t\t\t\t<div class=\"elementor-container elementor-column-gap-default\">\n\t\t\t\t\t<div class=\"elementor-column elementor-col-100 elementor-top-column elementor-element elementor-element-96db693\" data-id=\"96db693\" data-element_type=\"column\">\n\t\t\t<div class=\"elementor-widget-wrap elementor-element-populated\">\n\t\t\t\t\t\t<div class=\"elementor-element elementor-element-d7caa98 elementor-widget elementor-widget-heading\" data-id=\"d7caa98\" data-element_type=\"widget\" data-widget_type=\"heading.default\">\n\t\t\t\t<div class=\"elementor-widget-container\">\n\t\t\t<h2 class=\"elementor-heading-title elementor-size-default\">\u00c9TUDE SONO MUNDO<\/h2>\t\t<\/div>\n\t\t\t\t<\/div>\n\t\t\t\t\t<\/div>\n\t\t<\/div>\n\t\t\t\t\t<\/div>\n\t\t<\/section>\n\t\t\t\t<section class=\"elementor-section elementor-top-section elementor-element elementor-element-a31dd47 elementor-section-boxed elementor-section-height-default elementor-section-height-default\" data-id=\"a31dd47\" data-element_type=\"section\">\n\t\t\t\t\t\t<div class=\"elementor-container elementor-column-gap-default\">\n\t\t\t\t\t<div class=\"elementor-column elementor-col-100 elementor-top-column elementor-element elementor-element-4653473\" data-id=\"4653473\" data-element_type=\"column\">\n\t\t\t<div class=\"elementor-widget-wrap elementor-element-populated\">\n\t\t\t\t\t\t<div class=\"elementor-element elementor-element-366479b elementor-widget elementor-widget-heading\" data-id=\"366479b\" data-element_type=\"widget\" data-widget_type=\"heading.default\">\n\t\t\t\t<div class=\"elementor-widget-container\">\n\t\t\t<h2 class=\"elementor-heading-title elementor-size-default\">Reconna\u00eetre, accompagner et valoriser les pratiques amateures en musiques et danses du monde en Seine-Saint-Denis 2020-2022<\/h2>\t\t<\/div>\n\t\t\t\t<\/div>\n\t\t\t\t\t<\/div>\n\t\t<\/div>\n\t\t\t\t\t<\/div>\n\t\t<\/section>\n\t\t\t\t<section class=\"elementor-section elementor-top-section elementor-element elementor-element-6221169 elementor-section-boxed elementor-section-height-default elementor-section-height-default\" data-id=\"6221169\" data-element_type=\"section\">\n\t\t\t\t\t\t<div class=\"elementor-container elementor-column-gap-default\">\n\t\t\t\t\t<div class=\"elementor-column elementor-col-100 elementor-top-column elementor-element elementor-element-c8b6fe5\" data-id=\"c8b6fe5\" data-element_type=\"column\">\n\t\t\t<div class=\"elementor-widget-wrap elementor-element-populated\">\n\t\t\t\t\t\t<div class=\"elementor-element elementor-element-af617a6 elementor-widget elementor-widget-text-editor\" data-id=\"af617a6\" data-element_type=\"widget\" data-widget_type=\"text-editor.default\">\n\t\t\t\t<div class=\"elementor-widget-container\">\n\t\t\t\t\t\t\t<p style=\"text-align: left;\"><em><span style=\"color: #000000;\">\u00c9tude sur les pratiques amateurs des musiques et danses du monde dans le d\u00e9partement de la Seine-Saint-Denis<br \/><\/span><\/em><br \/><span style=\"color: #000000;\">R\u00e9alis\u00e9e par le <a href=\"https:\/\/collectifmdm-idf.org\/\"><b>Collectif Musiques et Danses du Monde en \u00cele-de-France<\/b><\/a> en lien avec l\u2019association <strong><a href=\"https:\/\/www.villesdesmusiquesdumonde.com\/\" target=\"_blank\" rel=\"noopener\">Villes des Musiques du Monde<\/a> <\/strong>et avec le soutien du D\u00e9partement de la<a href=\"https:\/\/seinesaintdenis.fr\/\" target=\"_blank\" rel=\"noopener\"><strong> Seine-Saint-Denis<\/strong><\/a><\/span><\/p>\t\t\t\t\t\t<\/div>\n\t\t\t\t<\/div>\n\t\t\t\t\t<\/div>\n\t\t<\/div>\n\t\t\t\t\t<\/div>\n\t\t<\/section>\n\t\t\t\t<section class=\"elementor-section elementor-top-section elementor-element elementor-element-464889d elementor-section-boxed elementor-section-height-default elementor-section-height-default\" data-id=\"464889d\" data-element_type=\"section\">\n\t\t\t\t\t\t<div class=\"elementor-container elementor-column-gap-default\">\n\t\t\t\t\t<div class=\"elementor-column elementor-col-100 elementor-top-column elementor-element elementor-element-bbb7d6c\" data-id=\"bbb7d6c\" data-element_type=\"column\">\n\t\t\t<div class=\"elementor-widget-wrap elementor-element-populated\">\n\t\t\t\t\t\t<div class=\"elementor-element elementor-element-dc12e6f elementor-widget elementor-widget-shortcode\" data-id=\"dc12e6f\" data-element_type=\"widget\" data-widget_type=\"shortcode.default\">\n\t\t\t\t<div class=\"elementor-widget-container\">\n\t\t\t\t\t<div class=\"elementor-shortcode\"><div style=\"text-align:center;\"><iframe src=\"\/\/v.calameo.com\/?bkcode=007425013f07ec02aae52&mode=mini&page=2&showsharemenu=false&clickto=embed\" width=\"560\" height=\"350\" frameborder=\"0\" scrolling=\"no\" allowtransparency allowfullscreen style=\"margin:0 auto;\"><\/iframe><div style=\"margin:4px 0px 8px;\"><\/div><\/div><\/div>\n\t\t\t\t<\/div>\n\t\t\t\t<\/div>\n\t\t\t\t\t<\/div>\n\t\t<\/div>\n\t\t\t\t\t<\/div>\n\t\t<\/section>\n\t\t\t\t<section class=\"elementor-section elementor-top-section elementor-element elementor-element-30d8a70 elementor-section-boxed elementor-section-height-default elementor-section-height-default\" data-id=\"30d8a70\" data-element_type=\"section\">\n\t\t\t\t\t\t<div class=\"elementor-container elementor-column-gap-default\">\n\t\t\t\t\t<div class=\"elementor-column elementor-col-100 elementor-top-column elementor-element elementor-element-618d6b7\" data-id=\"618d6b7\" data-element_type=\"column\">\n\t\t\t<div class=\"elementor-widget-wrap elementor-element-populated\">\n\t\t\t\t\t\t<div class=\"elementor-element elementor-element-d3d534e elementor-align-center elementor-widget elementor-widget-button\" data-id=\"d3d534e\" data-element_type=\"widget\" data-widget_type=\"button.default\">\n\t\t\t\t<div class=\"elementor-widget-container\">\n\t\t\t\t\t\t\t<div class=\"elementor-button-wrapper\">\n\t\t\t\t\t<a class=\"elementor-button elementor-button-link elementor-size-sm\" href=\"https:\/\/drive.google.com\/open?id=1J6CiJIw5ep7oaIMxraLfR3Ruz9ZlMNhZ&#038;usp=drive_fs\" target=\"_blank\">\n\t\t\t\t\t\t<span class=\"elementor-button-content-wrapper\">\n\t\t\t\t\t\t\t\t\t<span class=\"elementor-button-text\">T\u00c9L\u00c9CHARGER<\/span>\n\t\t\t\t\t<\/span>\n\t\t\t\t\t<\/a>\n\t\t\t\t<\/div>\n\t\t\t\t\t\t<\/div>\n\t\t\t\t<\/div>\n\t\t\t\t\t<\/div>\n\t\t<\/div>\n\t\t\t\t\t<\/div>\n\t\t<\/section>\n\t\t\t\t<section class=\"elementor-section elementor-top-section elementor-element elementor-element-da21a69 elementor-section-boxed elementor-section-height-default elementor-section-height-default\" data-id=\"da21a69\" data-element_type=\"section\">\n\t\t\t\t\t\t<div class=\"elementor-container elementor-column-gap-default\">\n\t\t\t\t\t<div class=\"elementor-column elementor-col-100 elementor-top-column elementor-element elementor-element-2371b0d\" data-id=\"2371b0d\" data-element_type=\"column\">\n\t\t\t<div class=\"elementor-widget-wrap elementor-element-populated\">\n\t\t\t\t\t\t<div class=\"elementor-element elementor-element-af2baea elementor-widget elementor-widget-text-editor\" data-id=\"af2baea\" data-element_type=\"widget\" data-widget_type=\"text-editor.default\">\n\t\t\t\t<div class=\"elementor-widget-container\">\n\t\t\t\t\t\t\t<p style=\"text-align: left;\"><span style=\"color: #000000;\">En 2020, alors que le monde est frapp\u00e9 par la pand\u00e9mie de COVID-19, le Collectif Danses et Musiques du monde en \u00cele-de-France, en lien avec l&#8217;association Villes des musiques du monde, et avec le soutien du D\u00e9partement de la Seine-Saint-Denis, a initi\u00e9 un chantier de r\u00e9flexion sur la question des pratiques amateures et professionnelles en danses et musiques du monde en Seine-Saint-Denis. V\u00e9ritable \u00ab d\u00e9partement-monde \u00bb, avec plus de 177 langues qui y sont parl\u00e9es, la Seine-Saint-Denis compte un contingent particuli\u00e8rement diversifi\u00e9 d\u2019acteurs et d\u2019actrices agissant dans ce secteur. Cette \u00e9tude exploratoire cherche \u00e0 mieux les identifier, conna\u00eetre leurs profils (associations, artistes intermittent\u00b7es, pratiques informelles), leurs lieux de r\u00e9union et de production, leurs r\u00e9seaux et certains des enjeux qui les touchent. Sans \u00eatre une enqu\u00eate exhaustive, cette \u00e9tude dresse un premier constat des particularit\u00e9s et des besoins autour des musiques et danses du monde en Seine-Saint-Denis, en commen\u00e7ant par interroger la d\u00e9finition m\u00eame du caract\u00e8re amateur ou professionnel de ces pratiques. Qu&#8217;est ce qui distingue une pratique amateure d&#8217;une pratique professionnelle en danses et musiques du monde ? Quelles sont les particularit\u00e9s de ces esth\u00e9tiques et comment les reconna\u00eetre pour mieux les accompagner ? En lien avec la notion de droits culturels, l&#8217;\u00e9tude propose certaines pistes d\u2019actions visant \u00e0 renforcer, mieux accompagner et valoriser ces esth\u00e9tiques ainsi que celles et ceux qui les repr\u00e9sentent.\u00a0<\/span><\/p>\t\t\t\t\t\t<\/div>\n\t\t\t\t<\/div>\n\t\t\t\t\t<\/div>\n\t\t<\/div>\n\t\t\t\t\t<\/div>\n\t\t<\/section>\n\t\t\t\t<section class=\"elementor-section elementor-top-section elementor-element elementor-element-020fd33 elementor-section-boxed elementor-section-height-default elementor-section-height-default\" data-id=\"020fd33\" data-element_type=\"section\">\n\t\t\t\t\t\t<div class=\"elementor-container elementor-column-gap-default\">\n\t\t\t\t\t<div class=\"elementor-column elementor-col-100 elementor-top-column elementor-element elementor-element-e34394b\" data-id=\"e34394b\" data-element_type=\"column\">\n\t\t\t<div class=\"elementor-widget-wrap elementor-element-populated\">\n\t\t\t\t\t\t<div class=\"elementor-element elementor-element-753b848 elementor-widget-divider--view-line elementor-widget elementor-widget-divider\" data-id=\"753b848\" data-element_type=\"widget\" data-widget_type=\"divider.default\">\n\t\t\t\t<div class=\"elementor-widget-container\">\n\t\t\t\t\t<div class=\"elementor-divider\">\n\t\t\t<span class=\"elementor-divider-separator\">\n\t\t\t\t\t\t<\/span>\n\t\t<\/div>\n\t\t\t\t<\/div>\n\t\t\t\t<\/div>\n\t\t\t\t\t<\/div>\n\t\t<\/div>\n\t\t\t\t\t<\/div>\n\t\t<\/section>\n\t\t\t\t<section class=\"elementor-section elementor-top-section elementor-element elementor-element-f852dd7 elementor-section-boxed elementor-section-height-default elementor-section-height-default\" data-id=\"f852dd7\" data-element_type=\"section\">\n\t\t\t\t\t\t<div class=\"elementor-container elementor-column-gap-default\">\n\t\t\t\t\t<div class=\"elementor-column elementor-col-100 elementor-top-column elementor-element elementor-element-dff4329\" data-id=\"dff4329\" data-element_type=\"column\">\n\t\t\t<div class=\"elementor-widget-wrap elementor-element-populated\">\n\t\t\t\t\t\t<div class=\"elementor-element elementor-element-0304e22 elementor-widget elementor-widget-heading\" data-id=\"0304e22\" data-element_type=\"widget\" data-widget_type=\"heading.default\">\n\t\t\t\t<div class=\"elementor-widget-container\">\n\t\t\t<h2 class=\"elementor-heading-title elementor-size-default\">RESTITUTION DE L'\u00c9TUDE SONO MUNDO<\/h2>\t\t<\/div>\n\t\t\t\t<\/div>\n\t\t\t\t<div class=\"elementor-element elementor-element-05dfd57 elementor-widget elementor-widget-text-editor\" data-id=\"05dfd57\" data-element_type=\"widget\" data-widget_type=\"text-editor.default\">\n\t\t\t\t<div class=\"elementor-widget-container\">\n\t\t\t\t\t\t\t<p><span style=\"color: #000000;\"><strong> Le sam. 7 octobre, de 9h30 \u00e0 16h<\/strong><br \/><i><span style=\"color: #de4f24;\"><b>Journ\u00e9e d\u00e9di\u00e9e aux musiques et danses du monde en Seine-Saint-Denis<\/b><\/span><br \/>Au Conservatoire de musique et de danse de Saint-Denis<\/i><\/span><span style=\"color: #000000; font-size: 1.25rem;\"><br \/><\/span><\/p><p><span style=\"color: #000000;\">Dans le cadre de la d\u00e9clinaison de son sch\u00e9ma\u00a0<strong>CAP\u2019Amateurs<\/strong>, le D\u00e9partement de la Seine-Saint-Denis a pour objectif de renforcer l\u2019accompagnement d\u2019esth\u00e9tiques encore peu repr\u00e9sent\u00e9es. Cette rencontre restituera les \u00e9l\u00e9ments cl\u00e9s de l\u2019\u00e9tude\u00a0<strong>\u00ab Sono Mundo en\u00a0Seine-Saint-Denis. Reconna\u00eetre, accompagner et valoriser les pratiques amateures en musiques et danses du monde en Seine-Saint-Denis 2020-2022 \u00bb<\/strong>\u00a0r\u00e9alis\u00e9e par le\u00a0Collectif Musiques et Danses du Monde en Ile-de-France\u00a0en lien avec l\u2019association\u00a0Villes des Musiques du Monde.<br \/><br \/>Sur la base de cette restitution, qui prendra la forme d\u2019une <b>pr\u00e9sentation des r\u00e9sultats<\/b>\u00a0et d\u2019une\u00a0<b>table ronde<\/b>\u00a0avec certains des\u00a0<b>acteurs<\/b>\u00a0et des\u00a0<b>actrices<\/b>\u00a0agissant dans ce domaine, nous vous proposons d\u2019<b>initier et de d\u00e9battre ensemble des actions concr\u00e8tes \u00e0 d\u00e9velopper prioritairement sur ce secteur au sein de notre territoire<\/b>.<\/span><\/p>\t\t\t\t\t\t<\/div>\n\t\t\t\t<\/div>\n\t\t\t\t<div class=\"elementor-element elementor-element-414dfa7 elementor-widget__width-initial elementor-widget elementor-widget-text-editor\" data-id=\"414dfa7\" data-element_type=\"widget\" data-widget_type=\"text-editor.default\">\n\t\t\t\t<div class=\"elementor-widget-container\">\n\t\t\t\t\t\t\t<p data-testid=\"QTPcFZLePjWgTRIPWjzC8\">Cette \u00e9tape permettra de poser avec vous les jalons d&#8217;une <strong>meilleure reconnaissance<\/strong> et d\u2019un <strong>d\u00e9veloppement des musiques et danses du monde<\/strong> en termes de <strong>transmission, cr\u00e9ation et diffusion<\/strong> sur le territoire.<\/p><p data-testid=\"QTPcFZLePjWgTRIPWjzC8\"><span style=\"color: #000000;\"><b>Merci par avance de bien vouloir relayer cette information aupr\u00e8s de vos \u00e9quipes, partenaires et publics<\/b> (lieux d\u2019enseignement et de pratiques artistiques ; Services municipaux \u2013Culture, Jeunesse, Vie associative, Relations internationales ; lieux de diffusion\/cr\u00e9ation, festivals, associations, partenaires institutionnel\u00b7les, artistes professionnel\u00b7les et amateur\u00b7es\u2026)<\/span><\/p>\t\t\t\t\t\t<\/div>\n\t\t\t\t<\/div>\n\t\t\t\t\t<\/div>\n\t\t<\/div>\n\t\t\t\t\t<\/div>\n\t\t<\/section>\n\t\t\t\t<section class=\"elementor-section elementor-top-section elementor-element elementor-element-cff9a87 elementor-section-boxed elementor-section-height-default elementor-section-height-default\" data-id=\"cff9a87\" data-element_type=\"section\">\n\t\t\t\t\t\t<div class=\"elementor-container elementor-column-gap-default\">\n\t\t\t\t\t<div class=\"elementor-column elementor-col-50 elementor-top-column elementor-element elementor-element-bb4f3f6\" data-id=\"bb4f3f6\" data-element_type=\"column\">\n\t\t\t<div class=\"elementor-widget-wrap elementor-element-populated\">\n\t\t\t\t\t\t<div class=\"elementor-element elementor-element-d888b7f elementor-align-center elementor-widget elementor-widget-button\" data-id=\"d888b7f\" data-element_type=\"widget\" data-widget_type=\"button.default\">\n\t\t\t\t<div class=\"elementor-widget-container\">\n\t\t\t\t\t\t\t<div class=\"elementor-button-wrapper\">\n\t\t\t\t\t<a class=\"elementor-button elementor-button-link elementor-size-sm\" href=\"https:\/\/collectifmdm-idf.org\/etude_pratiques_amateurs_musiques_danses_93\/\">\n\t\t\t\t\t\t<span class=\"elementor-button-content-wrapper\">\n\t\t\t\t\t\t\t\t\t<span class=\"elementor-button-text\">LE PROGRAMME<\/span>\n\t\t\t\t\t<\/span>\n\t\t\t\t\t<\/a>\n\t\t\t\t<\/div>\n\t\t\t\t\t\t<\/div>\n\t\t\t\t<\/div>\n\t\t\t\t\t<\/div>\n\t\t<\/div>\n\t\t\t\t<div class=\"elementor-column elementor-col-50 elementor-top-column elementor-element elementor-element-156d24a\" data-id=\"156d24a\" data-element_type=\"column\">\n\t\t\t<div class=\"elementor-widget-wrap elementor-element-populated\">\n\t\t\t\t\t\t<div class=\"elementor-element elementor-element-e43e4c3 elementor-align-center elementor-widget elementor-widget-button\" data-id=\"e43e4c3\" data-element_type=\"widget\" data-widget_type=\"button.default\">\n\t\t\t\t<div class=\"elementor-widget-container\">\n\t\t\t\t\t\t\t<div class=\"elementor-button-wrapper\">\n\t\t\t\t\t<a class=\"elementor-button elementor-button-link elementor-size-sm\" href=\"https:\/\/forms.gle\/Xy2zGcyW7hzaifaA8\" target=\"_blank\">\n\t\t\t\t\t\t<span class=\"elementor-button-content-wrapper\">\n\t\t\t\t\t\t\t\t\t<span class=\"elementor-button-text\">INSCRIPTION<\/span>\n\t\t\t\t\t<\/span>\n\t\t\t\t\t<\/a>\n\t\t\t\t<\/div>\n\t\t\t\t\t\t<\/div>\n\t\t\t\t<\/div>\n\t\t\t\t\t<\/div>\n\t\t<\/div>\n\t\t\t\t\t<\/div>\n\t\t<\/section>\n\t\t\t\t<section class=\"elementor-section elementor-top-section elementor-element elementor-element-383d2ee elementor-section-boxed elementor-section-height-default elementor-section-height-default\" data-id=\"383d2ee\" data-element_type=\"section\">\n\t\t\t\t\t\t<div class=\"elementor-container elementor-column-gap-default\">\n\t\t\t\t\t<div class=\"elementor-column elementor-col-100 elementor-top-column elementor-element elementor-element-52af5c7\" data-id=\"52af5c7\" data-element_type=\"column\">\n\t\t\t<div class=\"elementor-widget-wrap elementor-element-populated\">\n\t\t\t\t\t\t<div class=\"elementor-element elementor-element-0b7656c elementor-widget-divider--view-line elementor-widget elementor-widget-divider\" data-id=\"0b7656c\" data-element_type=\"widget\" data-widget_type=\"divider.default\">\n\t\t\t\t<div class=\"elementor-widget-container\">\n\t\t\t\t\t<div class=\"elementor-divider\">\n\t\t\t<span class=\"elementor-divider-separator\">\n\t\t\t\t\t\t<\/span>\n\t\t<\/div>\n\t\t\t\t<\/div>\n\t\t\t\t<\/div>\n\t\t\t\t\t<\/div>\n\t\t<\/div>\n\t\t\t\t\t<\/div>\n\t\t<\/section>\n\t\t\t\t<section class=\"elementor-section elementor-top-section elementor-element elementor-element-a707a6c elementor-section-boxed elementor-section-height-default elementor-section-height-default\" data-id=\"a707a6c\" data-element_type=\"section\">\n\t\t\t\t\t\t<div class=\"elementor-container elementor-column-gap-default\">\n\t\t\t\t\t<div class=\"elementor-column elementor-col-100 elementor-top-column elementor-element elementor-element-969c295\" data-id=\"969c295\" data-element_type=\"column\">\n\t\t\t<div class=\"elementor-widget-wrap elementor-element-populated\">\n\t\t\t\t\t\t<div class=\"elementor-element elementor-element-81ecf3a elementor-widget elementor-widget-wp-widget-recent-posts\" data-id=\"81ecf3a\" data-element_type=\"widget\" data-widget_type=\"wp-widget-recent-posts.default\">\n\t\t\t\t<div class=\"elementor-widget-container\">\n\t\t\t\n\t\t\n\t\t<h5>Articles r\u00e9cents<\/h5>\n\t\t<ul>\n\t\t\t\t\t\t\t\t\t\t\t<li>\n\t\t\t\t\t<a href=\"https:\/\/collectifmdm-idf.org\/annuaire5\/laureats_prix-des-musiques-dici_2024\/\">Les Laur\u00e9at\u00b7e\u00b7s 2024 du Prix des Musiques d&#8217;ICI<\/a>\n\t\t\t\t\t\t\t\t\t<\/li>\n\t\t\t\t\t\t\t\t\t\t\t<li>\n\t\t\t\t\t<a href=\"https:\/\/collectifmdm-idf.org\/annuaire5\/songs-from-home\/\">Songs from Home : Voices of Zazaki, Palestine, and Occitania | Mar. 10 d\u00e9c. \u00e0 la P\u00e9niche Anako<\/a>\n\t\t\t\t\t\t\t\t\t<\/li>\n\t\t\t\t\t\t\t\t\t\t\t<li>\n\t\t\t\t\t<a href=\"https:\/\/collectifmdm-idf.org\/annuaire5\/journees-de-laemdt-21-22-et-23-oct\/\">Journ\u00e9es de l&#8217;AEMDT &#8211; 21, 22 et 23 oct.<\/a>\n\t\t\t\t\t\t\t\t\t<\/li>\n\t\t\t\t\t<\/ul>\n\n\t\t\t\t<\/div>\n\t\t\t\t<\/div>\n\t\t\t\t\t<\/div>\n\t\t<\/div>\n\t\t\t\t\t<\/div>\n\t\t<\/section>\n\t\t\t\t<\/div>\n\t\t","protected":false},"excerpt":{"rendered":"<p>\u00c9TUDE SONO MUNDO Reconna\u00eetre, accompagner et valoriser les pratiques amateures en musiques et danses du monde en Seine-Saint-Denis 2020-2022 \u00c9tude sur les pratiques amateurs des musiques et danses du monde dans le d\u00e9partement de la Seine-Saint-DenisR\u00e9alis\u00e9e par le Collectif Musiques et Danses<\/p>\n<p class=\"link-more\"><a class=\"myButt \" href=\"https:\/\/collectifmdm-idf.org\/annuaire5\/etude_sono-mundo\/\">EN SAVOIR +<\/a><\/p>\n","protected":false},"author":1,"featured_media":0,"comment_status":"open","ping_status":"open","sticky":false,"template":"elementor_header_footer","format":"standard","meta":{"_rtcl_gb_attr":"","footnotes":""},"categories":[8,14,18,1],"tags":[194,196,191,193,192,195,190],"class_list":["post-12252","post","type-post","status-publish","format-standard","hentry","category-danse","category-entretien","category-livre","category-non-classe","tag-danses","tag-departement-93","tag-etude","tag-musiques","tag-pratiques-amateurs","tag-seine-saint-denis","tag-sono-mundo"],"_links":{"self":[{"href":"https:\/\/collectifmdm-idf.org\/annuaire5\/wp-json\/wp\/v2\/posts\/12252","targetHints":{"allow":["GET"]}}],"collection":[{"href":"https:\/\/collectifmdm-idf.org\/annuaire5\/wp-json\/wp\/v2\/posts"}],"about":[{"href":"https:\/\/collectifmdm-idf.org\/annuaire5\/wp-json\/wp\/v2\/types\/post"}],"author":[{"embeddable":true,"href":"https:\/\/collectifmdm-idf.org\/annuaire5\/wp-json\/wp\/v2\/users\/1"}],"replies":[{"embeddable":true,"href":"https:\/\/collectifmdm-idf.org\/annuaire5\/wp-json\/wp\/v2\/comments?post=12252"}],"version-history":[{"count":10,"href":"https:\/\/collectifmdm-idf.org\/annuaire5\/wp-json\/wp\/v2\/posts\/12252\/revisions"}],"predecessor-version":[{"id":13879,"href":"https:\/\/collectifmdm-idf.org\/annuaire5\/wp-json\/wp\/v2\/posts\/12252\/revisions\/13879"}],"wp:attachment":[{"href":"https:\/\/collectifmdm-idf.org\/annuaire5\/wp-json\/wp\/v2\/media?parent=12252"}],"wp:term":[{"taxonomy":"category","embeddable":true,"href":"https:\/\/collectifmdm-idf.org\/annuaire5\/wp-json\/wp\/v2\/categories?post=12252"},{"taxonomy":"post_tag","embeddable":true,"href":"https:\/\/collectifmdm-idf.org\/annuaire5\/wp-json\/wp\/v2\/tags?post=12252"}],"curies":[{"name":"wp","href":"https:\/\/api.w.org\/{rel}","templated":true}]}}