{"id":1158,"date":"2020-10-08T22:52:43","date_gmt":"2020-10-08T20:52:43","guid":{"rendered":"http:\/\/collectifmdm-idf.org\/?p=1158"},"modified":"2020-10-08T22:52:45","modified_gmt":"2020-10-08T20:52:45","slug":"4e-prix-des-musiques-dici-les-finalistes","status":"publish","type":"post","link":"https:\/\/collectifmdm-idf.org\/annuaire5\/4e-prix-des-musiques-dici-les-finalistes\/","title":{"rendered":"4e PRIX DES MUSIQUES d&#8217;ICI &#8211; les finalistes"},"content":{"rendered":"\n<h2 class=\"wp-block-heading\"><\/h2>\n\n\n\n<h3 class=\"wp-block-heading\"><strong>Les finalistes 2020 du 4e Prix des Musiques d&#8217;ICI sont :<\/strong><\/h3>\n\n\n\n<h2 class=\"wp-block-heading\"><\/h2>\n\n\n\n<p class=\"has-medium-font-size\"><a href=\"http:\/\/prixdesmusiquesdici.com\/site\/?page_id=1259\" target=\"_blank\" rel=\"noreferrer noopener\"><strong>CHEKIDJY<\/strong> <\/a>Fusion \u00e9lectro turque [ Montpellier, Occitanie ]<\/p>\n\n\n\n<p class=\"has-medium-font-size\"><a href=\"http:\/\/prixdesmusiquesdici.com\/site\/?page_id=1265\" target=\"_blank\" rel=\"noreferrer noopener\"><strong>DAFNE KRITHARAS<\/strong><\/a> Chants m\u00e9diterran\u00e9ens [ Montreuil, \u00cele-de-France ]<\/p>\n\n\n\n<p class=\"has-medium-font-size\"><strong><a href=\"http:\/\/prixdesmusiquesdici.com\/site\/?page_id=1271\" target=\"_blank\" rel=\"noreferrer noopener\">KANDY GUIRA<\/a> <\/strong>Pop-folk burkinab\u00e9 [ Fontenay-aux-roses, \u00cele-de-France ]<\/p>\n\n\n\n<p class=\"has-medium-font-size\"><strong><a href=\"http:\/\/prixdesmusiquesdici.com\/site\/?page_id=1276\" target=\"_blank\" rel=\"noreferrer noopener\">PARRANDA LA CRUZ<\/a> <\/strong>Tambours et vents v\u00e9n\u00e9zu\u00e9liens [ Lyon, Rh\u00f4ne-Alpes ]<\/p>\n\n\n\n<p class=\"has-medium-font-size\"><strong><a href=\"http:\/\/prixdesmusiquesdici.com\/site\/?page_id=1281\" target=\"_blank\" rel=\"noreferrer noopener sponsored nofollow\">SISSY ZHOU<\/a> <\/strong>Musique traditionnelle chinoise [ La Roque d\u2019Anth\u00e9ron, r\u00e9gion sud ]<\/p>\n\n\n\n<h2 class=\"wp-block-heading\"><\/h2>\n\n\n\n<h2 class=\"wp-block-heading\"><\/h2>\n\n\n\n<p class=\"has-medium-font-size\"><strong>Pr\u00e9sentation des finalistes du Prix des Musiques d\u2019ICI 4e \u00e9dition\u00a0 pendant le<strong> MaMA <\/strong><\/strong><\/p>\n\n\n\n<p class=\"has-text-align-center has-medium-font-size\">15 oct 2020, <em>Th\u00e9\u00e2tre de l\u2019Atalante<\/em> \u2013 Paris [\u00a0<em>R\u00e9serv\u00e9 aux accr\u00e9dit\u00e9s du MaMA ]<\/em><\/p>\n\n\n\n<p class=\"has-text-align-center has-medium-font-size\">avec <strong>Sissy Zhou<\/strong>\u00a0\u2013\u00a0<strong>Kandy Guira<\/strong>\u00a0\u2013 <strong>Dafne Kritharas<\/strong> \u2013\u00a0<strong>Parranda la Cruz<\/strong>\u00a0\u2013\u00a0<strong>Chekidjy<\/strong><\/p>\n\n\n\n<h2 class=\"wp-block-heading\"><\/h2>\n\n\n\n<h4 class=\"wp-block-heading\"><strong>Autres  concerts  :<\/strong><\/h4>\n\n\n\n<p class=\"has-text-align-center has-medium-font-size\"><strong>\u2022 <a href=\"http:\/\/www.villesdesmusiquesdumonde.com\/festival\/la-programmation\/sissy-zhou-540\" target=\"_blank\" rel=\"noreferrer noopener\">Sissy Zhou<\/a><\/strong> \u2013 16 oct 2020, <em>Les Temps du Corps<\/em> \u2013 Paris<\/p>\n\n\n\n<p class=\"has-text-align-center has-medium-font-size\"><strong>\u2022 <a href=\"http:\/\/www.villesdesmusiquesdumonde.com\/festival\/la-programmation\/sissy-zhou-542\" target=\"_blank\" rel=\"noreferrer noopener\">Sissy Zhou<\/a><\/strong> \u2013 17 oct 2020, <em>Le Fort d\u2019Aubervilliers<\/em> \u2013 Aubervilliers<\/p>\n\n\n\n<h2 class=\"wp-block-heading\"><\/h2>\n\n\n\n<h4 class=\"wp-block-heading\"><strong>Laur\u00e9ats 2019 en concert : <\/strong><\/h4>\n\n\n\n<p class=\"has-text-align-center has-medium-font-size\"><strong>\u2022 Rusan Filiztek<\/strong> \u2013 20 oct 2020, <em>360 Music Factory<\/em> \u2013 Paris<\/p>\n\n\n\n<p class=\"has-text-align-center has-medium-font-size\"><strong>\u2022 <a href=\"http:\/\/www.villesdesmusiquesdumonde.com\/festival\/la-programmation\/la-chica-525\" target=\"_blank\" rel=\"noreferrer noopener\">Perrine Fifadji<\/a><\/strong> \u2013 21&nbsp;oct 2020, <em>Petit Bain<\/em> \u2013 Paris<\/p>\n\n\n\n<h2 class=\"wp-block-heading\"><\/h2>\n\n\n\n<div class=\"wp-block-image\"><figure class=\"aligncenter size-large\"><img decoding=\"async\" width=\"100\" height=\"81\" src=\"https:\/\/collectifmdm-idf.org\/wp-content\/uploads\/2020\/10\/logo_prix_desmusiques_dici100.png\" alt=\"\" class=\"wp-image-1140\"\/><\/figure><\/div>\n\n\n\n<h2 class=\"wp-block-heading\"><\/h2>\n\n\n\n<h2 class=\"has-text-align-center has-luminous-vivid-amber-color has-text-color wp-block-heading\"><strong>&#8212;o&#8212;<\/strong><\/h2>\n\n\n\n<h2 class=\"wp-block-heading\"><\/h2>\n\n\n\n<p><\/p>\n","protected":false},"excerpt":{"rendered":"<p>Les finalistes 2020 du 4e Prix des Musiques d&#8217;ICI sont : CHEKIDJY Fusion \u00e9lectro turque [ Montpellier, Occitanie ] DAFNE KRITHARAS Chants m\u00e9diterran\u00e9ens [ Montreuil, \u00cele-de-France ] KANDY GUIRA Pop-folk burkinab\u00e9 [ Fontenay-aux-roses, \u00cele-de-France ] PARRANDA LA CRUZ Tambours et vents v\u00e9n\u00e9zu\u00e9liens<\/p>\n<p class=\"link-more\"><a class=\"myButt \" href=\"https:\/\/collectifmdm-idf.org\/annuaire5\/4e-prix-des-musiques-dici-les-finalistes\/\">EN SAVOIR +<\/a><\/p>\n","protected":false},"author":1,"featured_media":887,"comment_status":"open","ping_status":"open","sticky":false,"template":"","format":"standard","meta":{"_rtcl_gb_attr":"","footnotes":""},"categories":[12],"tags":[],"class_list":["post-1158","post","type-post","status-publish","format-standard","has-post-thumbnail","hentry","category-concours"],"_links":{"self":[{"href":"https:\/\/collectifmdm-idf.org\/annuaire5\/wp-json\/wp\/v2\/posts\/1158","targetHints":{"allow":["GET"]}}],"collection":[{"href":"https:\/\/collectifmdm-idf.org\/annuaire5\/wp-json\/wp\/v2\/posts"}],"about":[{"href":"https:\/\/collectifmdm-idf.org\/annuaire5\/wp-json\/wp\/v2\/types\/post"}],"author":[{"embeddable":true,"href":"https:\/\/collectifmdm-idf.org\/annuaire5\/wp-json\/wp\/v2\/users\/1"}],"replies":[{"embeddable":true,"href":"https:\/\/collectifmdm-idf.org\/annuaire5\/wp-json\/wp\/v2\/comments?post=1158"}],"version-history":[{"count":0,"href":"https:\/\/collectifmdm-idf.org\/annuaire5\/wp-json\/wp\/v2\/posts\/1158\/revisions"}],"wp:featuredmedia":[{"embeddable":true,"href":"https:\/\/collectifmdm-idf.org\/annuaire5\/wp-json\/wp\/v2\/media\/887"}],"wp:attachment":[{"href":"https:\/\/collectifmdm-idf.org\/annuaire5\/wp-json\/wp\/v2\/media?parent=1158"}],"wp:term":[{"taxonomy":"category","embeddable":true,"href":"https:\/\/collectifmdm-idf.org\/annuaire5\/wp-json\/wp\/v2\/categories?post=1158"},{"taxonomy":"post_tag","embeddable":true,"href":"https:\/\/collectifmdm-idf.org\/annuaire5\/wp-json\/wp\/v2\/tags?post=1158"}],"curies":[{"name":"wp","href":"https:\/\/api.w.org\/{rel}","templated":true}]}}