{"id":1152,"date":"2020-10-07T19:12:00","date_gmt":"2020-10-07T17:12:00","guid":{"rendered":"http:\/\/collectifmdm-idf.org\/?p=1152"},"modified":"2020-10-08T19:13:24","modified_gmt":"2020-10-08T17:13:24","slug":"lettre-ouverte-aux-ministres-concerne%c2%b7e%c2%b7s-stop-a-la-stigmatisation","status":"publish","type":"post","link":"https:\/\/collectifmdm-idf.org\/annuaire5\/lettre-ouverte-aux-ministres-concerne%c2%b7e%c2%b7s-stop-a-la-stigmatisation\/","title":{"rendered":"Lettre ouverte aux Ministres concern\u00e9\u00b7e\u00b7s ! Stop \u00e0 la stigmatisation !"},"content":{"rendered":"\n<h2 class=\"wp-block-heading\"><\/h2>\n\n\n\n<p class=\"has-text-align-right has-medium-font-size\"><strong>\u00c0 l\u2019attention de\u00a0<br>Monsieur Jean CASTEX, Premier Ministre,<br>Madame Roselyne BACHELOT, Ministre de la Culture,<br>Monsieur G\u00e9rald DARMANIN, Ministre de l\u2019Int\u00e9rieur,<\/strong><\/p>\n\n\n\n<p class=\"has-medium-font-size\"><strong><u>Objet\u00a0<\/u>: Stop \u00e0 la stigmatisation Madame et Messieurs les Ministres,<\/strong><\/p>\n\n\n\n<p class=\"has-medium-font-size\"><br>\u00a0Le contexte actuel, marqu\u00e9 par la crise sanitaire, am\u00e8ne les pouvoirs publics \u00e0 prendre des mesures strictes afin de lutter contre l\u2019\u00e9pid\u00e9mie de Covid-19, ce que nous pouvons comprendre. Cependant, nous observons ces derni\u00e8res semaines des d\u00e9cisions nous interpellant, voire nous choquant, ciblant express\u00e9ment le champ des pratiques musicales, sans que ceci ne soit justifi\u00e9 par la moindre consid\u00e9ration sanitaire sp\u00e9cifique.\u00a0Ainsi et \u00e0 titre d\u2019exemple, le 29 septembre, dans un arr\u00eat\u00e9, la pr\u00e9fecture du Morbihan a choisi d\u2019interdire \u00ab\u00a0la tenue de rassemblements festifs \u00e0 caract\u00e8re musical et la circulation des v\u00e9hicules transportant du mat\u00e9riel susceptible d\u2019\u00eatre utilis\u00e9 pour une manifestation festive \u00e0 caract\u00e8re musical (\u2026)\u00a0\u00bb (\u00e9tant entendu qu\u2019il s\u2019agit d\u2019une cat\u00e9gorie sp\u00e9cifique de rassemblements), ainsi que \u00ab\u00a0la diffusion de musique amplifi\u00e9e sur l\u2019espace public quelle qu\u2019en soit l\u2019origine\u00a0\u00bb.<\/p>\n\n\n\n<p class=\"has-medium-font-size\">Comment peut-on justifier cette stigmatisation assum\u00e9e des pratiques musicales&nbsp;? En quoi le \u00ab&nbsp;transport de mat\u00e9riel&nbsp;\u00bb peut-il \u00eatre interdit, alors que dans le m\u00eame temps, de nombreux professionnels tentent de faire survivre leur activit\u00e9 dans des th\u00e9\u00e2tres, salles de concert, caf\u00e9s culturels, ceci dans le plus strict respect des consignes et normes sanitaires&nbsp;? En quoi la diffusion de musique amplifi\u00e9e, \u00ab&nbsp;quelle qu\u2019en soit l\u2019origine&nbsp;\u00bb, repr\u00e9senterait un risque&nbsp;?<br><br>Nous voyons dans ces d\u00e9cisions une bien triste m\u00e9connaissance de ce que repr\u00e9sentent les pratiques musicales, une association implicite \u00e0 des \u00ab&nbsp;d\u00e9rives&nbsp;\u00bb, loin de leur r\u00e9alit\u00e9 artistique. De plus, ces d\u00e9cisions locales viennent nier l\u2019expertise des professionnels du spectacle vivant musical, tout \u00e0 fait comp\u00e9tents pour proposer des rendez-vous culturels adapt\u00e9s \u00e0 la situation sanitaire.&nbsp;<br><br>Nous souhaitons vous rappeler que depuis de nombreux mois et comme nous l&#8217;a sugg\u00e9r\u00e9 Monsieur le Pr\u00e9sident le 6 mai dernier, les artistes, technicien\u00b7ne\u00b7s et structures organisatrices tentent de r\u00e9inventer leur activit\u00e9, de proposer aux personnes de leurs territoires des temps artistiques qui puissent s\u2019adapter au contexte, malgr\u00e9 une grande incertitude et des consignes bien trop souvent contradictoires.&nbsp;&nbsp;Par l\u00e0-m\u00eame, ils continuent \u00e0 r\u00e9pondre \u00e0 des objectifs forts&nbsp;de politiques publiques, en permettant, en des moments o\u00f9&nbsp;le lien social est moins \u00e9vident, de mettre les personnes en relation et en dialogue, en rompant l\u2019isolement, en assurant les conditions du vivre ensemble. Le tout sans mise en danger des personnes, et en leur assurant un cadre sanitaire optimum, selon les obligations auxquelles ils souscrivent en tant que professionnels. Cibler explicitement et dans des textes officiels les rassemblements musicaux, ainsi que la diffusion musicale, revient \u00e0 nier cela.<br><br>Nous vous invitons \u00e0 reconsid\u00e9rer ce positionnement, que ce soit \u00e0 l\u2019\u00e9chelon national ou local, via les Pr\u00e9fectures. Il est possible de travailler avec les acteurs et actrices du champ musical, d\u2019inventer des propositions \u2013 y compris dans l\u2019espace public \u2013 qui soient coh\u00e9rentes avec les imp\u00e9ratifs sanitaires, de se nourrir de nos expertises plut\u00f4t que de les ignorer. Lorsque des mesures globales sont n\u00e9cessaires, il est primordial de ne pas cibler de mani\u00e8re diff\u00e9renci\u00e9e la musique, alors que celle-ci ne repr\u00e9sente objectivement pas de danger particulier par rapport \u00e0 toute autre pratique collective. Il convient enfin de toujours privil\u00e9gier le dialogue et la co-construction, plut\u00f4t que des d\u00e9cisions unilat\u00e9rales venant aggraver une situation d\u00e9j\u00e0 fort pr\u00e9occupante.<br><br>Nous sommes, comme de nombreux autres actrices et acteurs du champ musical, r\u00e9solu\u00b7e\u00b7s \u00e0 \u00eatre associ\u00e9\u00b7e\u00b7s \u00e0 une r\u00e9flexion collective, pour imaginer ensemble des solutions cr\u00e9dibles, respectueuses des personnes et rationnelles.&nbsp;<\/p>\n\n\n\n<p class=\"has-medium-font-size\">Dans cette attente, nous vous assurons, Madame et Messieurs les Ministres, de nos sentiments les meilleurs.Les premi\u00e8res organisations signataires :\u00a0<\/p>\n\n\n\n<p class=\"has-text-align-right\"><br><strong>La\u00a0<a href=\"https:\/\/famdt.us16.list-manage.com\/track\/click?u=d5c9cf78262e265d64c1b6cb8&amp;id=8e1b36726e&amp;e=006e5ab23a\" target=\"_blank\" rel=\"noreferrer noopener\">FAMDT<\/a>\u00a0&#8211;\u00a0F\u00e9d\u00e9ration des Actrices et acteurs de Musiques et Danses Traditionnelles<br>La\u00a0<a href=\"https:\/\/famdt.us16.list-manage.com\/track\/click?u=d5c9cf78262e265d64c1b6cb8&amp;id=3f9af9ead5&amp;e=006e5ab23a\" target=\"_blank\" rel=\"noreferrer noopener\">FEDELIMA<\/a>\u00a0&#8211;\u00a0F\u00e9d\u00e9ration des lieux de musiques actuelles\u00a0<br>La\u00a0<a href=\"https:\/\/famdt.us16.list-manage.com\/track\/click?u=d5c9cf78262e265d64c1b6cb8&amp;id=75af2af3cc&amp;e=006e5ab23a\" target=\"_blank\" rel=\"noreferrer noopener\">FERAROCK<\/a>\u00a0&#8211;\u00a0F\u00e9d\u00e9ration des Radios Associatives Musiques Actuelles<br>Le\u00a0<a href=\"https:\/\/famdt.us16.list-manage.com\/track\/click?u=d5c9cf78262e265d64c1b6cb8&amp;id=ed1a3d0f02&amp;e=006e5ab23a\" target=\"_blank\" rel=\"noreferrer noopener\">PAM<\/a>\u00a0&#8211;\u00a0P\u00f4le de coop\u00e9ration des Acteurs de la fili\u00e8re Musicale en R\u00e9gion Sud &amp; Corse<br>La\u00a0<a href=\"https:\/\/famdt.us16.list-manage.com\/track\/click?u=d5c9cf78262e265d64c1b6cb8&amp;id=9ce44c3c57&amp;e=006e5ab23a\" target=\"_blank\" rel=\"noreferrer noopener\">FNAR<\/a>\u00a0&#8211; F\u00e9d\u00e9ration Nationale des Arts de la rue<br>Le\u00a0<a href=\"https:\/\/famdt.us16.list-manage.com\/track\/click?u=d5c9cf78262e265d64c1b6cb8&amp;id=8d52d0b888&amp;e=006e5ab23a\" target=\"_blank\" rel=\"noreferrer noopener\">GRAND BUREAU<\/a>\u00a0&#8211; R\u00e9seau musiques actuelles Auvergne-Rh\u00f4ne-Alpes<br>Le\u00a0<a href=\"https:\/\/famdt.us16.list-manage.com\/track\/click?u=d5c9cf78262e265d64c1b6cb8&amp;id=ada674357c&amp;e=006e5ab23a\" target=\"_blank\" rel=\"noreferrer noopener\">RIM<\/a>\u00a0&#8211; R\u00e9seau des Ind\u00e9pendants de la Musique en Nouvelle-Aquitaine<\/strong><br><strong>&#8230;..<\/strong><\/p>\n\n\n\n<h2 class=\"wp-block-heading\"><\/h2>\n\n\n\n<h2 class=\"has-text-align-center has-luminous-vivid-amber-color has-text-color wp-block-heading\"><strong>&#8212;o&#8212;<\/strong><\/h2>\n\n\n\n<h2 class=\"wp-block-heading\"><\/h2>\n\n\n\n<p><\/p>\n","protected":false},"excerpt":{"rendered":"<p>\u00c0 l\u2019attention de\u00a0Monsieur Jean CASTEX, Premier Ministre,Madame Roselyne BACHELOT, Ministre de la Culture,Monsieur G\u00e9rald DARMANIN, Ministre de l\u2019Int\u00e9rieur, Objet\u00a0: Stop \u00e0 la stigmatisation Madame et Messieurs les Ministres, \u00a0Le contexte actuel, marqu\u00e9 par la crise sanitaire, am\u00e8ne les pouvoirs publics \u00e0 prendre<\/p>\n<p class=\"link-more\"><a class=\"myButt \" href=\"https:\/\/collectifmdm-idf.org\/annuaire5\/lettre-ouverte-aux-ministres-concerne%c2%b7e%c2%b7s-stop-a-la-stigmatisation\/\">EN SAVOIR +<\/a><\/p>\n","protected":false},"author":1,"featured_media":1154,"comment_status":"open","ping_status":"open","sticky":false,"template":"","format":"standard","meta":{"_rtcl_gb_attr":"","footnotes":""},"categories":[36],"tags":[],"class_list":["post-1152","post","type-post","status-publish","format-standard","has-post-thumbnail","hentry","category-communiques"],"_links":{"self":[{"href":"https:\/\/collectifmdm-idf.org\/annuaire5\/wp-json\/wp\/v2\/posts\/1152","targetHints":{"allow":["GET"]}}],"collection":[{"href":"https:\/\/collectifmdm-idf.org\/annuaire5\/wp-json\/wp\/v2\/posts"}],"about":[{"href":"https:\/\/collectifmdm-idf.org\/annuaire5\/wp-json\/wp\/v2\/types\/post"}],"author":[{"embeddable":true,"href":"https:\/\/collectifmdm-idf.org\/annuaire5\/wp-json\/wp\/v2\/users\/1"}],"replies":[{"embeddable":true,"href":"https:\/\/collectifmdm-idf.org\/annuaire5\/wp-json\/wp\/v2\/comments?post=1152"}],"version-history":[{"count":0,"href":"https:\/\/collectifmdm-idf.org\/annuaire5\/wp-json\/wp\/v2\/posts\/1152\/revisions"}],"wp:featuredmedia":[{"embeddable":true,"href":"https:\/\/collectifmdm-idf.org\/annuaire5\/wp-json\/wp\/v2\/media\/1154"}],"wp:attachment":[{"href":"https:\/\/collectifmdm-idf.org\/annuaire5\/wp-json\/wp\/v2\/media?parent=1152"}],"wp:term":[{"taxonomy":"category","embeddable":true,"href":"https:\/\/collectifmdm-idf.org\/annuaire5\/wp-json\/wp\/v2\/categories?post=1152"},{"taxonomy":"post_tag","embeddable":true,"href":"https:\/\/collectifmdm-idf.org\/annuaire5\/wp-json\/wp\/v2\/tags?post=1152"}],"curies":[{"name":"wp","href":"https:\/\/api.w.org\/{rel}","templated":true}]}}