{"id":1070,"date":"2020-07-23T14:54:21","date_gmt":"2020-07-23T12:54:21","guid":{"rendered":"http:\/\/collectifmdm-idf.org\/?p=1070"},"modified":"2020-10-08T20:32:28","modified_gmt":"2020-10-08T18:32:28","slug":"concerts-debout-touches-en-plein-coeur","status":"publish","type":"post","link":"https:\/\/collectifmdm-idf.org\/annuaire5\/concerts-debout-touches-en-plein-coeur\/","title":{"rendered":"CONCERTS DEBOUT TOUCH\u00c9S EN PLEIN C\u0152UR"},"content":{"rendered":"\n<p><strong><em>Lettre ouverte au gouvernement<\/em><\/strong><br><em>23 juillet 2020<\/em><\/p>\n\n\n\n<h2 class=\"wp-block-heading\"><strong>TOUS DEBOUT CONTRE LA MISE \u00c0 GENOUX DE LA MUSIQUE<\/strong><\/h2>\n\n\n\n<p>Monsieur le Pr\u00e9sident de la R\u00e9publique,<br>Monsieur le Premier Ministre,<br>Madame la Ministre de la Culture,<\/p>\n\n\n\n<p>Apr\u00e8s plus de 4 mois d\u2019arr\u00eat complet et \u00e0 moins de 40 jours de la reprise habituelle de nos saisons de spectacles, de nos tourn\u00e9es et de nos concerts, nous, artistes, techniciens, producteurs, organisateurs de concerts, prestataires et travailleurs ind\u00e9pendants, professionnels de la musique r\u00e9clamons depuis plusieurs semaines un positionnement de votre part quant \u00e0 une possible \u00e9ch\u00e9ance de reprise des concerts \u00ab&nbsp;en configuration debout&nbsp;\u00bb.<\/p>\n\n\n\n<p>Depuis le 31 mai dernier, il nous est en effet interdit par les d\u00e9crets n\u00b02020-663 puis n\u00b02020-860 \u00ab prescrivant les mesures n\u00e9cessaires pour faire face \u00e0 l\u2019\u00e9pid\u00e9mie \u00bb de produire, interpr\u00e9ter, organiser des spectacles en station debout pour le public dans les \u00e9tablissements recevant du public.<\/p>\n\n\n\n<p>Nous avons pleinement conscience de la situation sanitaire et de ses incertitudes.<\/p>\n\n\n\n<p>Cependant, plus le temps passe, plus il y a urgence pour nos professions \u00e0 relancer l\u2019activit\u00e9 malgr\u00e9 les dispositifs d\u2019accompagnement \u00e9conomique et financier mis en place que nous saluons, mais qui ne sauraient garantir la p\u00e9rennit\u00e9 de notre secteur.<\/p>\n\n\n\n<p>Notre volont\u00e9, vous le savez, est une reprise \u00e0 100 % des capacit\u00e9s publiques des lieux \u00e0 compter du 1er septembre 2020. Cependant, cette date est de plus en plus difficilement envisageable pour des questions inh\u00e9rentes \u00e0 la programmation et \u00e0 l\u2019organisation de tourn\u00e9es notamment.<\/p>\n\n\n\n<p>Nous sommes aujourd\u2019hui dans une situation \u00e9conomique, sociale et morale plus que d\u00e9licate.<\/p>\n\n\n\n<p>Nous avons depuis toujours d\u00e9montr\u00e9 notre sens des responsabilit\u00e9s et notre capacit\u00e9 \u00e0 appliquer avec rigueur les d\u00e9cisions de l\u2019\u00c9tat et le cadre r\u00e9glementaire s\u2019appliquant \u00e0 nos m\u00e9tiers. C\u2019est ainsi qu\u2019avec d\u2019autres professionnels, nous vous avons remis des propositions concr\u00e8tes dans le cadre de l\u2019\u00e9laboration d\u2019un protocole relatif \u00e0 de possibles am\u00e9nagements quant \u00e0 l\u2019accueil du public, en vue d\u2019aboutir avec vous \u00e0 des scenarii de reprises de nos activit\u00e9s.<\/p>\n\n\n\n<p>D\u2019autres secteurs professionnels (restaurants, caf\u00e9s, cin\u00e9mas, clubs sportifs\u2026) ont proc\u00e9d\u00e9 de la sorte et c\u2019est ce qui leur a permis d\u2019obtenir une r\u00e9ponse pr\u00e9cise de votre part quant \u00e0 un calendrier de reprise.<br>Aussi personne ne comprend le mutisme nous concernant, \u00e0 commencer par le public qui nous interroge de mani\u00e8re insistante et qui nous dit son envie de reprendre le chemin des concerts.<br>Nous nous sentons abandonn\u00e9s et m\u00e9pris\u00e9s par nos partenaires publics.<\/p>\n\n\n\n<p>A l\u2019occasion de votre nomination, Madame la Ministre de la culture, vous avez dit vouloir faire red\u00e9marrer tr\u00e8s rapidement les th\u00e9\u00e2tres et les salles de concerts dans des conditions sanitaires compatibles avec des conditions \u00e9conomiques viables. Messieurs les Pr\u00e9sident de la R\u00e9publique et Premier Ministre, vous avez dit vouloir placer la culture comme secteur prioritaire de la relance.<\/p>\n\n\n\n<p>Ne pouvant plus vivre dans l\u2019expectative, nous vous demandons des perspectives claires et coh\u00e9rentes de scenarii et d\u2019\u00e9ch\u00e9ances d\u00e8s le prochain conseil de d\u00e9fense afin de pouvoir travailler au red\u00e9marrage de nos activit\u00e9s. Nos organisations professionnelles restent \u00e0 votre disposition pour finaliser avec vous ce protocole en concertation avec l\u2019ensemble des acteurs concern\u00e9s.<\/p>\n\n\n\n<p>S\u00fbrs de votre attention et de votre soutien aux concerts, veuillez agr\u00e9er, Monsieur le Pr\u00e9sident de la R\u00e9publique, Monsieur le Premier Ministre, Madame la Ministre de la Culture, l\u2019expression de notre parfaite consid\u00e9ration.<\/p>\n\n\n\n<p><strong>Contacts<\/strong>&nbsp;:<\/p>\n\n\n\n<p>David Fourrier, La Sir\u00e8ne, david@la-sirene.fr, 06.34.40.26.35<br>Didier Veillault, La Coop\u00e9rative de Mai, didier@lacoope.org, 06.07.53.03.42<br>Aur\u00e9lie Hannedouche, SMA, dg@sma-syndicat.org, 06.99.10.75.75<\/p>\n\n\n\n<h2 class=\"wp-block-heading\"><a href=\"http:\/\/chng.it\/GtmMVz6GJ6\" target=\"_blank\" rel=\"noreferrer noopener\">&gt;&gt; POUR SIGNER LA LETTRE&nbsp;&lt;&lt;<\/a><\/h2>\n\n\n\n<p><strong><em>Premiers signataires<\/em><\/strong><em>&nbsp;:&nbsp;<\/em><\/p>\n\n\n\n<p><strong>SALLES &amp; LIEUX<\/strong><\/p>\n\n\n\n<p>La Sir\u00e8ne \u2013 La Rochelle \/ La Coop\u00e9rative de mai \u2013 Clermont-Ferrand \/ Bataclan \u2013 Paris \/ L\u2019A\u00e9ronef \u2013 Lille \/ Le Rocher de Palmer \u2013 Cenon \/ La Laiterie \u2013 Strasbourg \/ Le Krakatoa \u2013 M\u00e9rignac \/ La Rodia \u2013 Besan\u00e7on \/ L\u2019\u00c9picerie Moderne \u2013 Feyzin \/ Casino de Paris \u2013 Paris \/&nbsp; L\u2019Olympia \u2013 Paris \/ Le Libert\u00e9 \u2013 Rennes \/ La Cave \u00e0 Musique \u2013 M\u00e2con \/ L\u2019Atabal \u2013 Biarritz \/ La Vapeur \u2013 Dijon \/ Le 106 \u2013 Rouen \/ La Halle Tropisme \u2013 Montpellier \/ Jazz \u00e0 Poitiers \u2013 Poitiers \/ Petit Bain \u2013 Paris \/ Stereolux \u2013 Nantes \/ Le Z\u00e9nith de Paris \/ La Cartonnerie \u2013 Reims \/ Fuzz\u2019Yon \u2013 La Roche sur Yon \/ La Cave aux Po\u00e8tes \u2013 Roubaix \/ La Lune des Pirates \u2013 Amiens&nbsp; \/ Hydrophone \/ Festival Les Indisciplin\u00e9es \u2013 Lorient \/ Le Bikini \u2013 Toulouse \/ Le Trabendo \u2013 Paris \/ Elys\u00e9e Montmartre \u2013 Paris \/ La Maroquinerie \u2013 Paris \/Le Trianon \u2013 Paris \/ Paloma \u2013 N\u00eemes \/ L\u2019Ubu Club \u2013 Rennes \/ La Cigale \u2013 Paris \/ La Boule Noire \u2013 Paris \/&nbsp;Ark\u00e9a Arena \u2013 Bordeaux \/ Le Z\u00e9nith de Strasbourg \/ File7 \u2013 Magny le Hongre \/ Le Moulin \u2013 Brainans \/ Warehouse \u2013 Nantes \/ L\u2019Etage \u2013 Rennes \/ Le SEW \u2013 Morlaix \u2026<\/p>\n\n\n\n<p><strong>PRODUCTEURS : TOURNEURS<\/strong><\/p>\n\n\n\n<p>Uni-T Production \u2013 Paris \/ A Gauche de la Lune \u2013 Lille \/ Les Tontons Tourneurs \u2013 Mondeville \/ Olympia Production \u2013 Paris \/ La Station Service \u2013 Rennes \/ WART \u2013 Morlaix \/ Paris \/ Jostone Traffic \u2013 Orl\u00e9ans \/Allo Floride \u2013 Paris \/ Radical Production \u2013 Angers \/ JUNZI Arts \u2013 Paris \/ M\u00e9lodyn \u2013 Brive \/ Caramba Culture Live \/ U Turn Touring \u2013 Bordeaux&nbsp; \/ Ulysse Maison d\u2019Artistes \u2013 Onet-le-Ch\u00e2teau \/ Voulez vous danser \u2013 Paris&nbsp; \/ OCTOPUS \u2013 F\u00e9d\u00e9ration des Musiques Actuelles en Occitanie \/ The Link Productions \u2013 Poitiers \/ Soyouz [folklore moderne ] \u2013 Annecy \/ Bi:Pole, Festival Le Bon Air \u2013 Marseille \/ Corida \u2013 Paris \/ Booking Believe-Live \/ Speakeasy \u2013 Paris \/ PBOX&nbsp; Producteur \u2013 Lyon \/ Dessous de Sc\u00e8ne \u2013 Paris \/ AFX Agency \u2013 Lyon&nbsp; \/ W Spectacle \u2013 Paris \/ Auguri Productions \u2013 Paris \/ D\u00e9cibels Productions \u2013 Paris \/ Limitrophe Production \u2013 Marseille \/ Arachn\u00e9e Productions \u2013 Paris \/ Asterios spectacles \u2013 Paris \/ Sakifo Production \u2013 Saint-Pierre, La R\u00e9union \/ Bleu Citron \u2013 Toulouse \/ Base Productions \u2013 Bordeaux \/ Bl Music \u2013 Paris&nbsp; \/ Gommette Production \u2013 La Rochelle \/ Murailles Music \u2013 Nantes\/Paris \/ Jerkov Musiques \u2013 Toulouse \/ Run Productions \u2013 Lavausseau \/ Savoir Faire \u2013 Paris \/ Yuma Productions \u2013 Paris \/ My Favorite, Kongfuzi Booking \u2013 Paris \/ DuNose Productions \u2013 Ermont \/ Furax \u2013 Paris \/ Anteprima Productions \u2013 Paris \/ The Talent Boutique \u2013 Paris&nbsp; \/ Cartel Concerts \u2013 Paris \/Jarring Effects Label \u2013 Lyon \/ Garmonbozia \u2013 Rennes \/ Zamora Productions \u2013 Paris \/ Micha\u00ebl Carsenti, MC*5 \u2013 Nice \/ Les Visiteurs du Soir \u2013 Paris \/ Le Rat des Villes, Simone \u2013 Paris \/ Zouave productions \u2013 Paris \/ Veryshow Productions \u2013 Paris \/ Super! Mon Amour \u2013 Paris \/ Azimuth Productions \u2013 Paris \/ Julie Tippex \u2013 Vincennes \/ Loud Booking \u2013 Lyon \/ DuNose Productions \u2013 Ermont \/ Play Two Live \u2013 Paris \u2026<\/p>\n\n\n\n<p><strong>ARTISTES : GROUPES<\/strong><\/p>\n\n\n\n<p>Dominique A \u2013 Matthieu Chedid \u2013 Arnaud Rebotini \u2013 Thomas de Pourquery \u2013 Ibrahim Maalouf \u2013Malik Djoudi \u2013 French 79 \u2013 Jane Birkin \u2013 Pomme \u2013 Gauvain Sers \u2013 Yael Naim \u2013 Feu! Chatterton \u2013 Jeanne Added \u2013 Ga\u00ebtan Roussel \u2013 Barry Moore \u2013 FIXI- Cali \u2013 Dionysos -Hollysiz \u2013 La Phaze \u2013 Naive New Beaters \u2013 Winston&amp; Fixi- JAVA- ZAZ \u2013 Kad Merad \u2013 CharlElie Couture \u2013 Chevalrex \u2013&nbsp; Vitalic \u2013 Pauline Croze \u2013 Christophe Chassol \u2013 Lyre Le Temps \u2013 IAM \u2013 Danakil \u2013 Edgar Sekloka \u2013 Ren\u00e9 Lacaille \u2013 Disiz \u2013 Romain Humeau \u2013 J\u00e9r\u00f4me Dru, J\u00ee \u2013 Tim Dup \u2013 Les Fatals Picards \u2013 Last Train \u2013 Chapelier Fou \u2013 Rodolphe Burger \u2013 The Psychotic Monks -La Maison Tellier \u2013 R.Wan, Soviet Suprem Java \u2013 Blick Bassy \u2013 Sandra Nkak\u00e9 \u2013 Yves Jamait \u2013 Olivia Ruiz \u2013 Jean Felzine \u2013 The Liminanas \u2013 Wampas \u2013 Miossec \u2013 Erik Truffaz \u2013 Fred Nevch\u00e9 \u2013 Celtic Social Club \u2013 Dombrance \u2013 Rubin Steiner \u2013 Olivier Mellano \u2013 Kid Francescoli \u2013 Imhotep \u2013 LAAKE \u2013 Guillaume Aldebert \u2013 Morgane imbeaud \u2013 Emilie Marsh \u2013 Cyril Atef \u2013 Joachim Garraud \u2013 Les Ogres de Barback \u2013 Sanseverino \u2013 JESSICA93 \u2013 Wax Tailor \u2013 RONE \u2013 Cl\u00e9a Vincent \u2013 Serge Teyssot-Gay \u2013 Laurent Bardainne \u2013 Macha Gharibian \u2013 Les Hurlements d\u2019L\u00e9o \u2013 Robert Piazza, Little Bob Blues Bastards\u2026<\/p>\n\n\n\n<p><strong>FEDERATIONS : SYNDICATS\u2026<\/strong><\/p>\n\n\n\n<p>SMA \u2013 Syndicat des Musiques Actuelles \/ PRODISS \u2013 Syndicat national du spectacle musical et de vari\u00e9t\u00e9 \/ SNAM-CGT \/FELIN \u2013 F\u00e9d\u00e9ration nationale des labels et distributeurs ind\u00e9pendants \/ RIM \u2013 R\u00e9seau des ind\u00e9pendants de la musique en Nouvelle-Aquitaine \/ RMAN \u2013 R\u00e9seau des Musiques Actuelles en Normandie \/&nbsp;F\u00e9d\u00e9chanson \/ FFCF \u2013 Saint Germain en Laye \/ La F\u00e9ma \u2013 F\u00e9d\u00e9ration des musiques actuelles en Bourgogne-Franche-Comt\u00e9 \/ FEDELIMA- F\u00e9d\u00e9ration nationale des projets et lieux musiques actuelles \u2013 Nantes&nbsp; \/ COMBO 95 \u2013 R\u00e9seau des musiques actuelles en Val d\u2019Oise \u2013 Cergy \/ R\u00e9seau Chanson Occitanie \u2013 Toulouse \/ F\u00e9d\u00e9lab \u2013 F\u00e9d\u00e9ration des labels ind\u00e9pendants du Grand Est&nbsp; \/ AJC \u2013 R\u00e9seau des diffuseurs de jazz en France \/ UFISC- Union F\u00e9d\u00e9rale d\u2019Intervention des Structures Culturelles- Paris \/ Zone Franche \u2013 Le r\u00e9seau des musiques du monde \u2013 Paris \/ FAMDT \u2013 F\u00e9d\u00e9ration nationale des acteurs et Actrices des Musiques et Danses Traditionnelles \/ JAZZ(s)RA \u2013 Plateforme des acteurs du jazz en Rh\u00f4ne Alpes-Auvergne \/ Le PAM \u2013 P\u00f4le de coop\u00e9ration des Acteurs de la fili\u00e8re Musicale en r\u00e9gion Sud &amp; Corse \/ Grand Bureau, r\u00e9seau Auvergne-Rh\u00f4ne-Alpes des musiques actuelles \/ MAAD 93 \u2013 R\u00e9seau des musiques actuelles en Seine Saint Denis \/ RIF \u2013 R\u00e9seau des musiques actuelles en Ile-de-France \/ DE CONCERT ! F\u00e9d\u00e9ration internationale de festivals \/ SNDLL \u2013 Syndicat National des Discoth\u00e8ques et Lieux de Loisirs \/ SNDTP \u2013 Syndicat National du Th\u00e9\u00e2tre priv\u00e9 \/ FNEIJMA \u2013 F\u00e9d\u00e9ration Nationale des Ecoles d\u2019Influence Jazz et Musiques Actuelles \/ CAMULC \u2013 Syndicat des Cabarets Music-Halls et Lieux de Cr\u00e9ation \/ Haute Fid\u00e9lit\u00e9 \u2013 P\u00f4le r\u00e9gional des musiques actuelles Hauts-de-France \/ SMAE \u2013 Syndicat M\u00e9tropolitain des Acteurs de l\u2019\u00c9v\u00e9nement \u2026<\/p>\n\n\n\n<p><strong>LABELS<\/strong><\/p>\n\n\n\n<p>Vicious Circle Records \u2013 Bordeaux&nbsp; \/ Baco Records- Bordeaux \/ Talitres \u2013 Bordeaux&nbsp; \/ Yotanka Records \u2013 Nantes \/ Only Lovers Records \u2013 Poitiers&nbsp; \/ Citizen Records \u2013 Dijon\/ FRACA!!! \u2013 Paris \/ Irfan, le label \u2013 Alba la Romaine \/ CMR \u2013 Chinese Man Records \u2013 Marseille \/ Soulbeats Records \u2013 Cissac M\u00e9doc \/ Banza\u00ef Lab \u2013 Bordeaux \u2026<\/p>\n\n\n\n<p><strong>MEDIAS<\/strong><\/p>\n\n\n\n<p>FERAROCK \u2013 F\u00e9d\u00e9ration des Radios Associatives Musiques Actuelles \/ Abus Dangereux mag \u2013 Bordeaux&nbsp; \/ Gonzai \u2013 Paris \/ BeaubFM \u2013 Limoges \/ Radio Campus France \/ Prun\u2019 \u2013 Nantes \/ Radio666 \u2013 Caen \u2026<\/p>\n\n\n\n<p><strong>FESTIVALS<\/strong><\/p>\n\n\n\n<p>Orane \/ Marsatac \u2013 Marseille \/ Chauffer Dans La Noirceur \u2013 Montmartin sur mer \/ Les SUDS, \u00e0 ARLES \u2013 Arles \/ Dub Camp Festival \/ Association Get Up \u2013 Nantes \/ Association Printival \u2013 P\u00e9zenas \/ Sakifo \u2013 Saint-Pierre \u2013 La R\u00e9union \/ Festival Crossroads \/ La BIC \u2013 Roubaix \/ Le Chainon Manquant \u2013 Laval \/ Festival Fiest\u2019A S\u00e8te \u2013 S\u00e8te \/ Festival Musiques M\u00e9tisses \u2013 Angoul\u00eame \/ Charabia Festival \u2013 Reims \/ Usopop \u2013 Sare\/ Les Rencontres Trans Musicales de Rennes \/ Festival Astropolis \u2013 Brest \/ Les Transes C\u00e9venoles \u2013 Uz\u00e8s&nbsp;\/ EUROPAVOX \u2013 Clermont-Ferrand\/ BE BOP \u2013 Le Mans \/ Festival La 7\u00e8me Vague \u2013 Br\u00e9tignolles sur Mer \/ Association Arts Attack! \u2013 Le Carg\u00f6 x N\u00f6rdik Impakt \u2013 Caen&nbsp;\/ Ecaussyst\u00e8me \u2013 Gignac \/ La Messe de Minuit \u2013 Lyon \/ Festival Papillons de Nuit \u2013 Saint-Laurent-de-Cuves \/ Festival Les Escales \u2013 Saint-Nazaire \/ Festival Chant\u2019Appart \u2013 La Roche sur Yon \/ Festival Panoramas \u2013 Morlaix \/ Festival Sonic Protest \u2013 Paris \/ Les Nuits Secr\u00e8tes \u2013 Aulnoye Aymeries \/IOMMA \u2013 Saint Pierre \u2013 La R\u00e9union \/ Les Francofolies de La R\u00e9union \u2013 Saint Pierre \/ Motocultor Festival \u2013 Saint-Nolff \/ Le Bruit Qui Pense \u2013 Besan\u00e7on \/ Les Vieilles Charrues \u2013 Carhaix \/ Pause guitare \u2013 Albi \/ Festival Beauregard \u2013 H\u00e9rouville&nbsp; \/ Association FLaP \/ Festival le Cabaret Vert \u2013 Charleville-M\u00e9zi\u00e8res&nbsp;\/Reggae Sun Ska Festival \u2013 Cissac M\u00e9doc \/ Levitation France \u2013 Angers \/ Touquet Music Beach Festival \u2013 Le Touquet \/ FestiVal de Marne \u2013 Val de Marne \/ Au Fil du Son \u2013 Civray \/ Festival f\u00eate du bruit- Landerneau \/ Rockomotives Festival \u2013 Vend\u00f4me \/ Festival G\u00e9N\u00e9RiQ \u2013 Belfort, Mulhouse, Pays de Montb\u00e9liard, Besan\u00e7on, Dijon&nbsp; \/ Festival Wazemmes l\u2019Accord\u00e9on, Association Flonflons \u2013 Lille \/ Festival La Nuit de l\u2019Erdre \u2013 Nort-sur-Erdre \/ Bars en Trans \u2013 Festival\/ Au Foin de la Rue \u2013 Saint Denis de Gastines\/ Festi\u2019Val de Marne \u2013 Ivry sur Seine \/ Techno Parade \u2013 Paris&nbsp; \/ Paris Electronic Week \u2013 Paris&nbsp; \/ Xtreme Fest \u2013 Carmaux \u2026<\/p>\n\n\n\n<p><strong>INDEPENDANTS \/ PRESTATAIRES<\/strong><\/p>\n\n\n\n<p>Eric Espaze \u2013 La boutique du spectacle \u2013 Paris \/ Regie-Scene \u2013 Landerneau \/ Alan Gac -Management Philippe Katerine \/ C\u00e9cile Legros \u2013 Attach\u00e9e de presse \/ Brigitte Batcave- Attach\u00e9e de presse ind\u00e9pendante \/ Marie Monteiro \u2013 Photographe ind\u00e9pendante \/ Sophie Louvet \u2013 Attach\u00e9e de presse ind\u00e9pendante&nbsp; \/ Nadine Simoni \u2013 Attach\u00e9e de presse ind\u00e9pendante.&nbsp; \/ Marie Britsch \u2013 Attach\u00e9e de presse ind\u00e9pendante \/ Rodrigue Mercier-Louthioux \u2013 Manager ind\u00e9pendant\/ Sorya Lum \u2013 Attach\u00e9e de presse ind\u00e9pendante et manageuse \/ TIMON SAMPLAR \u2013 Christian Allex \u2013 Dijon \u2013 Direction artistique Programmation \/ Patricia Teglia \u2013 Attach\u00e9e de presse \/ Marion Richeux \u2013 manageuse, paris&nbsp; \/ Robin Genetier \u2013 Tour Manager, Macon \/ Laure Michelon \u2013 manageuse- Paris&nbsp;\/ Florian Leroy, manager&nbsp; \/ Titouan Mass\u00e9 \u2013 Photographe \u2026<\/p>\n\n\n\n<h5 class=\"wp-block-heading\">T\u00c9L\u00c9CHARGER :<\/h5>\n\n\n\n<ul class=\"wp-block-list\"><li><a href=\"http:\/\/www.sma-syndicat.org\/wp-content\/uploads\/2020\/07\/Concerts-debout-Liste-compl%C3%A8te-des-premiers-signataires.pdf\"><strong>LISTE COMPLETE DES PREMIERS SIGNATAIRES.PDF<\/strong><\/a><br>(pdf |196 KB)<\/li><li><a href=\"http:\/\/www.sma-syndicat.org\/wp-content\/uploads\/2020\/07\/Lettre-ouverte-Tous-debout-contre-la-mise-%C3%A0-genoux-de-la-musique.docx-3.pdf\"><strong>LETTRE OUVERTE &#8211; CONCERTS DEBOUT TOUCH\u00c9S EN PLEIN COEUR.PDF<\/strong><\/a><br>(pdf |127 KB)<\/li><\/ul>\n\n\n\n<h2 class=\"wp-block-heading\"><\/h2>\n\n\n\n<hr class=\"wp-block-separator has-text-color has-background has-luminous-vivid-amber-background-color has-luminous-vivid-amber-color is-style-wide\"\/>\n\n\n\n<p class=\"has-medium-font-size\">Rappel : le <strong><a href=\"https:\/\/collectifmdm-idf.org\/a-propos-de\/\">Collectif MDM IDF<\/a> <\/strong>est membre de la <strong><a rel=\"noreferrer noopener\" href=\"http:\/\/www.famdt.com\/\" target=\"_blank\">FAMDT<\/a><\/strong>, elle-m\u00eame membre de l\u2019<strong><a rel=\"noreferrer noopener\" href=\"http:\/\/ufisc.org\/\" target=\"_blank\">UFISC<\/a><\/strong>.<\/p>\n\n\n\n<h2 class=\"wp-block-heading\"><\/h2>\n\n\n\n<h2 class=\"has-luminous-vivid-orange-color has-text-color has-text-align-center wp-block-heading\"><strong>&#8212;o&#8212;<\/strong><\/h2>\n\n\n\n<h2 class=\"wp-block-heading\"><\/h2>\n","protected":false},"excerpt":{"rendered":"<p>Lettre ouverte au gouvernement23 juillet 2020 TOUS DEBOUT CONTRE LA MISE \u00c0 GENOUX DE LA MUSIQUE Monsieur le Pr\u00e9sident de la R\u00e9publique,Monsieur le Premier Ministre,Madame la Ministre de la Culture, Apr\u00e8s plus de 4 mois d\u2019arr\u00eat complet et \u00e0 moins de 40<\/p>\n<p class=\"link-more\"><a class=\"myButt \" href=\"https:\/\/collectifmdm-idf.org\/annuaire5\/concerts-debout-touches-en-plein-coeur\/\">EN SAVOIR +<\/a><\/p>\n","protected":false},"author":1,"featured_media":1072,"comment_status":"open","ping_status":"open","sticky":false,"template":"","format":"standard","meta":{"_rtcl_gb_attr":"","footnotes":""},"categories":[36],"tags":[],"class_list":["post-1070","post","type-post","status-publish","format-standard","has-post-thumbnail","hentry","category-communiques"],"_links":{"self":[{"href":"https:\/\/collectifmdm-idf.org\/annuaire5\/wp-json\/wp\/v2\/posts\/1070","targetHints":{"allow":["GET"]}}],"collection":[{"href":"https:\/\/collectifmdm-idf.org\/annuaire5\/wp-json\/wp\/v2\/posts"}],"about":[{"href":"https:\/\/collectifmdm-idf.org\/annuaire5\/wp-json\/wp\/v2\/types\/post"}],"author":[{"embeddable":true,"href":"https:\/\/collectifmdm-idf.org\/annuaire5\/wp-json\/wp\/v2\/users\/1"}],"replies":[{"embeddable":true,"href":"https:\/\/collectifmdm-idf.org\/annuaire5\/wp-json\/wp\/v2\/comments?post=1070"}],"version-history":[{"count":0,"href":"https:\/\/collectifmdm-idf.org\/annuaire5\/wp-json\/wp\/v2\/posts\/1070\/revisions"}],"wp:featuredmedia":[{"embeddable":true,"href":"https:\/\/collectifmdm-idf.org\/annuaire5\/wp-json\/wp\/v2\/media\/1072"}],"wp:attachment":[{"href":"https:\/\/collectifmdm-idf.org\/annuaire5\/wp-json\/wp\/v2\/media?parent=1070"}],"wp:term":[{"taxonomy":"category","embeddable":true,"href":"https:\/\/collectifmdm-idf.org\/annuaire5\/wp-json\/wp\/v2\/categories?post=1070"},{"taxonomy":"post_tag","embeddable":true,"href":"https:\/\/collectifmdm-idf.org\/annuaire5\/wp-json\/wp\/v2\/tags?post=1070"}],"curies":[{"name":"wp","href":"https:\/\/api.w.org\/{rel}","templated":true}]}}